{"id":74611,"date":"2022-07-04T19:52:33","date_gmt":"2022-07-04T19:52:33","guid":{"rendered":"http:\/\/www.noticiasradioreflejos.com.ar\/2021\/?p=74611"},"modified":"2022-07-04T19:54:38","modified_gmt":"2022-07-04T19:54:38","slug":"no-habia-ningun-responsable-al-momento-que-hicieron-la-tala","status":"publish","type":"post","link":"https:\/\/www.noticiasradioreflejos.com.ar\/2021\/no-habia-ningun-responsable-al-momento-que-hicieron-la-tala\/","title":{"rendered":"\u201cNo hab\u00eda ning\u00fan responsable al momento que hicieron la tala\u201d"},"content":{"rendered":"<p>La docente jubilada y comerciante<strong> Marcela G\u00f3mez<\/strong> coment\u00f3 detalles de la reuni\u00f3n llevada adelante entre vecinos este domingo, en donde abordaron el problema de la tala de \u00e1rboles.<!--more--><\/p>\n<p><a title=\"tala en San Bernardo (1)\" href=\"https:\/\/www.flickr.com\/photos\/182279889@N02\/52192779952\/in\/dateposted-public\/\" data-flickr-embed=\"true\"><img loading=\"lazy\" decoding=\"async\" src=\"https:\/\/live.staticflickr.com\/65535\/52192779952_815cbcfa92_c.jpg\" alt=\"tala en San Bernardo (1)\" width=\"800\" height=\"451\" \/><\/a><script async src=\"\/\/embedr.flickr.com\/assets\/client-code.js\" charset=\"utf-8\"><\/script><\/p>\n<p>Lo ocurrido en El Diquecito sigue dejando debate. El domingo, tras cruzar varios mensajes de texto, un grupo de vecinos se decidi\u00f3 reunir y abordar la problem\u00e1tica, exigiendo soluciones y un planeamiento acorde de aqu\u00ed al futuro.<\/p>\n<p>Al respecto la docente jubilada y comerciante Marcela G\u00f3mez, expres\u00f3 que \u201cesto es muy complicado, porque el municipio no escucha las demandas del pueblo. Todos queremos conservar nuestros espacios verdes lo m\u00e1s cuidados posibles. Es lo que la gente viene a buscar cuando se acerca a la comarca\u201d.<\/p>\n<p>Yendo directo a lo ocurrido el domingo, acot\u00f3 que \u201cayer se hizo un boca en boca a trav\u00e9s de WhatsApp. Todos preocupados por la situaci\u00f3n. Fue as\u00ed c\u00f3mo decidimos hacer una reuni\u00f3n en el lugar para ver lo que hab\u00edan hecho. Es muy impactante. Da mucha tristeza e impotencia. La vida o la muerte de un \u00e1rbol dependen del intendente. Y \u00e9l no escucha las propuestas, ni siquiera de los profesionales o especialistas\u201d.<\/p>\n<p>De igual manera reconoci\u00f3 que \u201cesto no empez\u00f3 ahora. Se retiraron de forma irregular ejemplares en el Camino de las Carretas, la Plaza Eva Per\u00f3n, con la Plaza de Tornquist, con la avenida San Mart\u00edn\u2026 tiene que ver con la calidad de vida del pueblo\u201d.<\/p>\n<p style=\"margin: 12px auto 6px auto; font-family: Helvetica,Arial,Sans-serif; font-style: normal; font-variant: normal; font-weight: normal; font-size: 14px; line-height: normal; font-size-adjust: none; font-stretch: normal; -x-system-font: none; display: block;\"><a style=\"text-decoration: underline;\" title=\"View 2287-10 (Creaci\u00f3n Del Consejo Del Arbolado Publico en El Distrito de Tornquist) on Scribd\" href=\"https:\/\/www.scribd.com\/document\/581076981\/2287-10-Creacion-Del-Consejo-Del-Arbolado-Publico-en-El-Distrito-de-Tornquist#from_embed\">2287-10 (Creaci\u00f3n Del Consejo Del Arbolado Publico en El Distrito de Tornquist)<\/a> by <a style=\"text-decoration: underline;\" title=\"View FM Reflejos Sierra de la Ventana's profile on Scribd\" href=\"https:\/\/es.scribd.com\/user\/128459674\/FM-Reflejos-Sierra-de-la-Ventana#from_embed\">FM Reflejos Sierra de la Ventana<\/a> on Scribd<\/p>\n<p><iframe loading=\"lazy\" id=\"doc_4631\" class=\"scribd_iframe_embed\" title=\"2287-10 (Creaci\u00f3n Del Consejo Del Arbolado Publico en El Distrito de Tornquist)\" src=\"https:\/\/es.scribd.com\/embeds\/581076981\/content?start_page=1&amp;view_mode=scroll&amp;access_key=key-zuduQbiizsxrSBW5ge7i\" width=\"100%\" height=\"600\" frameborder=\"0\" scrolling=\"no\" data-auto-height=\"false\" data-aspect-ratio=\"0.6069986541049798\"><\/iframe><\/p>\n<h4><span style=\"color: #ff0000;\"><em>Desde el 2010 el HCD aprob\u00f3 la creaci\u00f3n del Consejo de Arbolado P\u00fablico.<\/em><\/span><\/h4>\n<p>Al mismo tiempo apunt\u00f3 a que \u201cen el lugar es evidente que algunos pocos \u00e1rboles estaban da\u00f1ados. Se talaron ejemplares sanos. Y no hab\u00eda ning\u00fan responsable al momento que hicieron la tala. Eso es de una gran irresponsabilidad. Tampoco estaban marcados los \u00e1rboles que efectivamente deb\u00edan quitar. Lo m\u00e1s grave es que se piensa seguir sacando \u00e1rboles\u201d.<\/p>\n<p>Por \u00faltimo, y a modo de reflexi\u00f3n enfatiz\u00f3 en que \u201cla tarea del municipio tambi\u00e9n tiene que ser de educaci\u00f3n para aquellos que viven en la comarca y tambi\u00e9n para los turistas. Campa\u00f1a que expliquen c\u00f3mo nos debemos comportar en los espacios verdes y para los espacios verdes. No se le da la importancia que deber\u00eda a los \u00e1rboles\u201d.<\/p>\n<p>&nbsp;<\/p>\n<p><iframe loading=\"lazy\" src=\"https:\/\/w.soundcloud.com\/player\/?url=https%3A\/\/api.soundcloud.com\/tracks\/1299522325&amp;color=%23ff5500&amp;auto_play=false&amp;hide_related=false&amp;show_comments=true&amp;show_user=true&amp;show_reposts=false&amp;show_teaser=true\" width=\"100%\" height=\"166\" frameborder=\"no\" scrolling=\"no\"><\/iframe><\/p>\n<div style=\"font-size: 10px; color: #cccccc; line-break: anywhere; word-break: normal; overflow: hidden; white-space: nowrap; text-overflow: ellipsis; font-family: Interstate,Lucida Grande,Lucida Sans Unicode,Lucida Sans,Garuda,Verdana,Tahoma,sans-serif; font-weight: 100;\"><a style=\"color: #cccccc; text-decoration: none;\" title=\"fmreflejos 103.7\" href=\"https:\/\/soundcloud.com\/fmreflejos-103-7\" target=\"_blank\" rel=\"noopener\">fmreflejos 103.7<\/a> \u00b7 <a style=\"color: #cccccc; text-decoration: none;\" title=\"Marcela Gomez\" href=\"https:\/\/soundcloud.com\/fmreflejos-103-7\/marcela-gomez\" target=\"_blank\" rel=\"noopener\">Marcela Gomez<\/a><\/div>\n<p><a data-flickr-embed=\"true\" href=\"https:\/\/www.flickr.com\/photos\/182279889@N02\/52194048209\/in\/dateposted-public\/\" title=\"Asamblea San Bernardo} (3)\"><img loading=\"lazy\" decoding=\"async\" src=\"https:\/\/live.staticflickr.com\/65535\/52194048209_cab895a917_c.jpg\" width=\"800\" height=\"600\" alt=\"Asamblea San Bernardo} (3)\"><\/a><script async src=\"\/\/embedr.flickr.com\/assets\/client-code.js\" charset=\"utf-8\"><\/script><\/p>\n","protected":false},"excerpt":{"rendered":"<p>La docente jubilada y comerciante Marcela G\u00f3mez coment\u00f3 detalles de la reuni\u00f3n llevada adelante entre vecinos este domingo, en donde abordaron el problema de la tala de \u00e1rboles.<\/p>\n","protected":false},"author":3,"featured_media":0,"comment_status":"closed","ping_status":"closed","sticky":false,"template":"","format":"standard","meta":{"footnotes":""},"categories":[28,24,26],"tags":[48],"class_list":["post-74611","post","type-post","status-publish","format-standard","hentry","category-municipales","category-politica","category-sociedad","tag-destacada"],"yoast_head":"<!-- This site is optimized with the Yoast SEO plugin v25.9 - https:\/\/yoast.com\/wordpress\/plugins\/seo\/ -->\n<title>\u201cNo hab\u00eda ning\u00fan responsable al momento que hicieron la tala\u201d - Noticias Radio Reflejos<\/title>\n<meta name=\"robots\" content=\"index, follow, max-snippet:-1, max-image-preview:large, max-video-preview:-1\" \/>\n<link rel=\"canonical\" href=\"https:\/\/www.noticiasradioreflejos.com.ar\/2021\/no-habia-ningun-responsable-al-momento-que-hicieron-la-tala\/\" \/>\n<meta property=\"og:locale\" content=\"es_ES\" \/>\n<meta property=\"og:type\" content=\"article\" \/>\n<meta property=\"og:title\" content=\"\u201cNo hab\u00eda ning\u00fan responsable al momento que hicieron la tala\u201d - Noticias Radio Reflejos\" \/>\n<meta property=\"og:description\" content=\"La docente jubilada y comerciante Marcela G\u00f3mez coment\u00f3 detalles de la reuni\u00f3n llevada adelante entre vecinos este domingo, en donde abordaron el problema de la tala de \u00e1rboles.\" \/>\n<meta property=\"og:url\" content=\"https:\/\/www.noticiasradioreflejos.com.ar\/2021\/no-habia-ningun-responsable-al-momento-que-hicieron-la-tala\/\" \/>\n<meta property=\"og:site_name\" content=\"Noticias Radio Reflejos\" \/>\n<meta property=\"article:published_time\" content=\"2022-07-04T19:52:33+00:00\" \/>\n<meta property=\"article:modified_time\" content=\"2022-07-04T19:54:38+00:00\" \/>\n<meta property=\"og:image\" content=\"https:\/\/live.staticflickr.com\/65535\/52192779952_815cbcfa92_c.jpg\" \/>\n<meta name=\"author\" content=\"Arnaldo Botto\" \/>\n<meta name=\"twitter:card\" content=\"summary_large_image\" \/>\n<script type=\"application\/ld+json\" class=\"yoast-schema-graph\">{\"@context\":\"https:\/\/schema.org\",\"@graph\":[{\"@type\":\"WebPage\",\"@id\":\"https:\/\/www.noticiasradioreflejos.com.ar\/2021\/no-habia-ningun-responsable-al-momento-que-hicieron-la-tala\/\",\"url\":\"https:\/\/www.noticiasradioreflejos.com.ar\/2021\/no-habia-ningun-responsable-al-momento-que-hicieron-la-tala\/\",\"name\":\"\u201cNo hab\u00eda ning\u00fan responsable al momento que hicieron la tala\u201d - Noticias Radio Reflejos\",\"isPartOf\":{\"@id\":\"https:\/\/www.noticiasradioreflejos.com.ar\/2021\/#website\"},\"primaryImageOfPage\":{\"@id\":\"https:\/\/www.noticiasradioreflejos.com.ar\/2021\/no-habia-ningun-responsable-al-momento-que-hicieron-la-tala\/#primaryimage\"},\"image\":{\"@id\":\"https:\/\/www.noticiasradioreflejos.com.ar\/2021\/no-habia-ningun-responsable-al-momento-que-hicieron-la-tala\/#primaryimage\"},\"thumbnailUrl\":\"https:\/\/live.staticflickr.com\/65535\/52192779952_815cbcfa92_c.jpg\",\"datePublished\":\"2022-07-04T19:52:33+00:00\",\"dateModified\":\"2022-07-04T19:54:38+00:00\",\"author\":{\"@id\":\"https:\/\/www.noticiasradioreflejos.com.ar\/2021\/#\/schema\/person\/ad82545263dcc5ec0996818884fd5fb1\"},\"breadcrumb\":{\"@id\":\"https:\/\/www.noticiasradioreflejos.com.ar\/2021\/no-habia-ningun-responsable-al-momento-que-hicieron-la-tala\/#breadcrumb\"},\"inLanguage\":\"es\",\"potentialAction\":[{\"@type\":\"ReadAction\",\"target\":[\"https:\/\/www.noticiasradioreflejos.com.ar\/2021\/no-habia-ningun-responsable-al-momento-que-hicieron-la-tala\/\"]}]},{\"@type\":\"ImageObject\",\"inLanguage\":\"es\",\"@id\":\"https:\/\/www.noticiasradioreflejos.com.ar\/2021\/no-habia-ningun-responsable-al-momento-que-hicieron-la-tala\/#primaryimage\",\"url\":\"https:\/\/live.staticflickr.com\/65535\/52192779952_815cbcfa92_c.jpg\",\"contentUrl\":\"https:\/\/live.staticflickr.com\/65535\/52192779952_815cbcfa92_c.jpg\"},{\"@type\":\"BreadcrumbList\",\"@id\":\"https:\/\/www.noticiasradioreflejos.com.ar\/2021\/no-habia-ningun-responsable-al-momento-que-hicieron-la-tala\/#breadcrumb\",\"itemListElement\":[{\"@type\":\"ListItem\",\"position\":1,\"name\":\"Portada\",\"item\":\"https:\/\/www.noticiasradioreflejos.com.ar\/2021\/\"},{\"@type\":\"ListItem\",\"position\":2,\"name\":\"\u201cNo hab\u00eda ning\u00fan responsable al momento que hicieron la tala\u201d\"}]},{\"@type\":\"WebSite\",\"@id\":\"https:\/\/www.noticiasradioreflejos.com.ar\/2021\/#website\",\"url\":\"https:\/\/www.noticiasradioreflejos.com.ar\/2021\/\",\"name\":\"Noticias Radio Reflejos\",\"description\":\"Las noticias de mi comarca\",\"potentialAction\":[{\"@type\":\"SearchAction\",\"target\":{\"@type\":\"EntryPoint\",\"urlTemplate\":\"https:\/\/www.noticiasradioreflejos.com.ar\/2021\/?s={search_term_string}\"},\"query-input\":{\"@type\":\"PropertyValueSpecification\",\"valueRequired\":true,\"valueName\":\"search_term_string\"}}],\"inLanguage\":\"es\"},{\"@type\":\"Person\",\"@id\":\"https:\/\/www.noticiasradioreflejos.com.ar\/2021\/#\/schema\/person\/ad82545263dcc5ec0996818884fd5fb1\",\"name\":\"Arnaldo Botto\",\"image\":{\"@type\":\"ImageObject\",\"inLanguage\":\"es\",\"@id\":\"https:\/\/www.noticiasradioreflejos.com.ar\/2021\/#\/schema\/person\/image\/\",\"url\":\"https:\/\/secure.gravatar.com\/avatar\/55cb5e37c1efa326397366e6974cb338056df65cb50e7d64d1cf314e87504837?s=96&d=mm&r=g\",\"contentUrl\":\"https:\/\/secure.gravatar.com\/avatar\/55cb5e37c1efa326397366e6974cb338056df65cb50e7d64d1cf314e87504837?s=96&d=mm&r=g\",\"caption\":\"Arnaldo Botto\"},\"url\":\"https:\/\/www.noticiasradioreflejos.com.ar\/2021\/author\/arnaldo\/\"}]}<\/script>\n<!-- \/ Yoast SEO plugin. -->","yoast_head_json":{"title":"\u201cNo hab\u00eda ning\u00fan responsable al momento que hicieron la tala\u201d - Noticias Radio Reflejos","robots":{"index":"index","follow":"follow","max-snippet":"max-snippet:-1","max-image-preview":"max-image-preview:large","max-video-preview":"max-video-preview:-1"},"canonical":"https:\/\/www.noticiasradioreflejos.com.ar\/2021\/no-habia-ningun-responsable-al-momento-que-hicieron-la-tala\/","og_locale":"es_ES","og_type":"article","og_title":"\u201cNo hab\u00eda ning\u00fan responsable al momento que hicieron la tala\u201d - Noticias Radio Reflejos","og_description":"La docente jubilada y comerciante Marcela G\u00f3mez coment\u00f3 detalles de la reuni\u00f3n llevada adelante entre vecinos este domingo, en donde abordaron el problema de la tala de \u00e1rboles.","og_url":"https:\/\/www.noticiasradioreflejos.com.ar\/2021\/no-habia-ningun-responsable-al-momento-que-hicieron-la-tala\/","og_site_name":"Noticias Radio Reflejos","article_published_time":"2022-07-04T19:52:33+00:00","article_modified_time":"2022-07-04T19:54:38+00:00","og_image":[{"url":"https:\/\/live.staticflickr.com\/65535\/52192779952_815cbcfa92_c.jpg","type":"","width":"","height":""}],"author":"Arnaldo Botto","twitter_card":"summary_large_image","schema":{"@context":"https:\/\/schema.org","@graph":[{"@type":"WebPage","@id":"https:\/\/www.noticiasradioreflejos.com.ar\/2021\/no-habia-ningun-responsable-al-momento-que-hicieron-la-tala\/","url":"https:\/\/www.noticiasradioreflejos.com.ar\/2021\/no-habia-ningun-responsable-al-momento-que-hicieron-la-tala\/","name":"\u201cNo hab\u00eda ning\u00fan responsable al momento que hicieron la tala\u201d - Noticias Radio Reflejos","isPartOf":{"@id":"https:\/\/www.noticiasradioreflejos.com.ar\/2021\/#website"},"primaryImageOfPage":{"@id":"https:\/\/www.noticiasradioreflejos.com.ar\/2021\/no-habia-ningun-responsable-al-momento-que-hicieron-la-tala\/#primaryimage"},"image":{"@id":"https:\/\/www.noticiasradioreflejos.com.ar\/2021\/no-habia-ningun-responsable-al-momento-que-hicieron-la-tala\/#primaryimage"},"thumbnailUrl":"https:\/\/live.staticflickr.com\/65535\/52192779952_815cbcfa92_c.jpg","datePublished":"2022-07-04T19:52:33+00:00","dateModified":"2022-07-04T19:54:38+00:00","author":{"@id":"https:\/\/www.noticiasradioreflejos.com.ar\/2021\/#\/schema\/person\/ad82545263dcc5ec0996818884fd5fb1"},"breadcrumb":{"@id":"https:\/\/www.noticiasradioreflejos.com.ar\/2021\/no-habia-ningun-responsable-al-momento-que-hicieron-la-tala\/#breadcrumb"},"inLanguage":"es","potentialAction":[{"@type":"ReadAction","target":["https:\/\/www.noticiasradioreflejos.com.ar\/2021\/no-habia-ningun-responsable-al-momento-que-hicieron-la-tala\/"]}]},{"@type":"ImageObject","inLanguage":"es","@id":"https:\/\/www.noticiasradioreflejos.com.ar\/2021\/no-habia-ningun-responsable-al-momento-que-hicieron-la-tala\/#primaryimage","url":"https:\/\/live.staticflickr.com\/65535\/52192779952_815cbcfa92_c.jpg","contentUrl":"https:\/\/live.staticflickr.com\/65535\/52192779952_815cbcfa92_c.jpg"},{"@type":"BreadcrumbList","@id":"https:\/\/www.noticiasradioreflejos.com.ar\/2021\/no-habia-ningun-responsable-al-momento-que-hicieron-la-tala\/#breadcrumb","itemListElement":[{"@type":"ListItem","position":1,"name":"Portada","item":"https:\/\/www.noticiasradioreflejos.com.ar\/2021\/"},{"@type":"ListItem","position":2,"name":"\u201cNo hab\u00eda ning\u00fan responsable al momento que hicieron la tala\u201d"}]},{"@type":"WebSite","@id":"https:\/\/www.noticiasradioreflejos.com.ar\/2021\/#website","url":"https:\/\/www.noticiasradioreflejos.com.ar\/2021\/","name":"Noticias Radio Reflejos","description":"Las noticias de mi comarca","potentialAction":[{"@type":"SearchAction","target":{"@type":"EntryPoint","urlTemplate":"https:\/\/www.noticiasradioreflejos.com.ar\/2021\/?s={search_term_string}"},"query-input":{"@type":"PropertyValueSpecification","valueRequired":true,"valueName":"search_term_string"}}],"inLanguage":"es"},{"@type":"Person","@id":"https:\/\/www.noticiasradioreflejos.com.ar\/2021\/#\/schema\/person\/ad82545263dcc5ec0996818884fd5fb1","name":"Arnaldo Botto","image":{"@type":"ImageObject","inLanguage":"es","@id":"https:\/\/www.noticiasradioreflejos.com.ar\/2021\/#\/schema\/person\/image\/","url":"https:\/\/secure.gravatar.com\/avatar\/55cb5e37c1efa326397366e6974cb338056df65cb50e7d64d1cf314e87504837?s=96&d=mm&r=g","contentUrl":"https:\/\/secure.gravatar.com\/avatar\/55cb5e37c1efa326397366e6974cb338056df65cb50e7d64d1cf314e87504837?s=96&d=mm&r=g","caption":"Arnaldo Botto"},"url":"https:\/\/www.noticiasradioreflejos.com.ar\/2021\/author\/arnaldo\/"}]}},"_links":{"self":[{"href":"https:\/\/www.noticiasradioreflejos.com.ar\/2021\/wp-json\/wp\/v2\/posts\/74611","targetHints":{"allow":["GET"]}}],"collection":[{"href":"https:\/\/www.noticiasradioreflejos.com.ar\/2021\/wp-json\/wp\/v2\/posts"}],"about":[{"href":"https:\/\/www.noticiasradioreflejos.com.ar\/2021\/wp-json\/wp\/v2\/types\/post"}],"author":[{"embeddable":true,"href":"https:\/\/www.noticiasradioreflejos.com.ar\/2021\/wp-json\/wp\/v2\/users\/3"}],"replies":[{"embeddable":true,"href":"https:\/\/www.noticiasradioreflejos.com.ar\/2021\/wp-json\/wp\/v2\/comments?post=74611"}],"version-history":[{"count":2,"href":"https:\/\/www.noticiasradioreflejos.com.ar\/2021\/wp-json\/wp\/v2\/posts\/74611\/revisions"}],"predecessor-version":[{"id":74617,"href":"https:\/\/www.noticiasradioreflejos.com.ar\/2021\/wp-json\/wp\/v2\/posts\/74611\/revisions\/74617"}],"wp:attachment":[{"href":"https:\/\/www.noticiasradioreflejos.com.ar\/2021\/wp-json\/wp\/v2\/media?parent=74611"}],"wp:term":[{"taxonomy":"category","embeddable":true,"href":"https:\/\/www.noticiasradioreflejos.com.ar\/2021\/wp-json\/wp\/v2\/categories?post=74611"},{"taxonomy":"post_tag","embeddable":true,"href":"https:\/\/www.noticiasradioreflejos.com.ar\/2021\/wp-json\/wp\/v2\/tags?post=74611"}],"curies":[{"name":"wp","href":"https:\/\/api.w.org\/{rel}","templated":true}]}}