{"id":74610,"date":"2022-07-04T19:43:09","date_gmt":"2022-07-04T19:43:09","guid":{"rendered":"http:\/\/www.noticiasradioreflejos.com.ar\/2021\/?p=74610"},"modified":"2022-07-04T19:43:09","modified_gmt":"2022-07-04T19:43:09","slug":"a-los-70-anos-fallecio-la-exmodelo-y-actriz-liliana-caldini","status":"publish","type":"post","link":"https:\/\/www.noticiasradioreflejos.com.ar\/2021\/a-los-70-anos-fallecio-la-exmodelo-y-actriz-liliana-caldini\/","title":{"rendered":"A los 70 a\u00f1os falleci\u00f3 la exmodelo y actriz Liliana Caldini"},"content":{"rendered":"<p>La exmodelo, que renegaba de las cirug\u00edas est\u00e9ticas, salt\u00f3 a la fama a los 18 a\u00f1os bailando, mientras fumaba, la canci\u00f3n \u00abTiritando\u00bb, de Donald, para una publicidad de los cigarrillos Chesterfield. En los \u00faltimos a\u00f1os se dedic\u00f3 a realizar eventos destinados a personas de la tercera edad.<!--more--><\/p>\n<figure class=\"mb-3\"><img decoding=\"async\" src=\"https:\/\/www.telam.com.ar\/thumbs\/bluesteel\/advf\/imagenes\/2022\/07\/62c31db46e513_900.jpg\" alt=\"Caldini haba nacido el 26 de agosto de 1951 Simptica y pujante hablaba cuatro idiomas IG lilianacaldini8242\" width=\"100%\" height=\"100%\" \/><\/p>\n<div class=\"media-icons\"><\/div><figcaption>Caldini hab\u00eda nacido el 26 de agosto de 1951. Simp\u00e1tica y pujante, hablaba cuatro idiomas. (IG lilianacaldini8242)<\/figcaption><\/figure>\n<p>La exmodelo y actriz Liliana Caldini, quien saltara a la fama en lo 70 por una publicidad de cigarrillos, pero que tambi\u00e9n tuviera roles en cine, como productora y conductora de radio, falleci\u00f3 este lunes a los 71 a\u00f1os.<\/p>\n<p>Caldini, adem\u00e1s,<strong>\u00a0fue pareja de Cacho Fontana durante 12 a\u00f1os<\/strong>, relaci\u00f3n por la que tuvo a sus hijas gemelas. Sus \u00faltimas participaciones en medios fue antes de la pandemia a trav\u00e9s de Radio Nacional, con el programa \u00abTodo tiene m\u00fasica\u00bb.<\/p>\n<p><strong>La exmodelo, que renegaba de las cirug\u00edas est\u00e9ticas<\/strong>, apareci\u00f3 a los 18 a\u00f1os bailando, mientras fumaba, la canci\u00f3n \u00abTiritando\u00bb, de Donald\u00bb, para una publicidad de los cigarrillos Chesterfield.<\/p>\n<blockquote class=\"twitter-tweet\" data-width=\"500\" data-dnt=\"true\">\n<p lang=\"es\" dir=\"ltr\">A los 70 a\u00f1os falleci\u00f3 Liliana Caldini, la del aviso de los cigarrillos, la hija menor de los Campanelli, la mujer de Cacho QEPD <a href=\"https:\/\/t.co\/w8zA63o97z\">pic.twitter.com\/w8zA63o97z<\/a><\/p>\n<p>&mdash; Pedro Ferroso (@rodoper) <a href=\"https:\/\/twitter.com\/rodoper\/status\/1543995910916636672?ref_src=twsrc%5Etfw\">July 4, 2022<\/a><\/p><\/blockquote>\n<p><script async src=\"https:\/\/platform.twitter.com\/widgets.js\" charset=\"utf-8\"><\/script><\/p>\n<p>Tras esta aparici\u00f3n rutilante, en una \u00e9poca en que las publicidades todav\u00eda marcaban historia,\u00a0<strong>Caldini form\u00f3 parte del elenco de \u00abEl extra\u00f1o de pelo largo\u00bb<\/strong>, filme de Javier Porter sobre un grupo de rock psicod\u00e9lico que buscaba el \u00e9xito. De aquella pel\u00edcula participaron tambi\u00e9n Litto Nebbia, Miguel Berm\u00fadez, Nacha Guevara y Diana Maggi.<\/p>\n<p>Adem\u00e1s fue parte de la serie costumbrista \u00abLos Campanelli\u00bb, con Santiago Bal y Edda D\u00edaz, entre otras figuras de la \u00e9poca, y que marc\u00f3 el comienzo de una serie de tiras como \u00abLos Benvenutto\u00bb o \u00abSon de diez\u00bb, m\u00e1s cerca en los a\u00f1os.<\/p>\n<figure class=\"mb-3\"><img decoding=\"async\" src=\"https:\/\/www.telam.com.ar\/thumbs\/bluesteel\/advf\/imagenes\/2022\/07\/62c31db462366_900.jpg\" alt=\"Con Cacho y sus dos gemelas Antonella y Ludmila IG lilianacaldini8242\" width=\"100%\" height=\"100%\" \/><\/p>\n<div class=\"media-icons\"><\/div><figcaption>Con Cacho y sus dos gemelas, Antonella y Ludmila. (IG lilianacaldini8242)<\/figcaption><\/figure>\n<p>Sin embargo,<strong>\u00a0tras comenzar la relaci\u00f3n con Fontana, Caldini se alej\u00f3 de la pantalla<\/strong>, para comenzar una carrera como productora del afamando conductor y padre de sus dos hijas. Pese a su separaci\u00f3n 12 a\u00f1os despu\u00e9s de haberla comenzado, la exmodelo reconoci\u00f3 que con Fontana mantuvo una muy buena relaci\u00f3n, producto de la crianza de Ludmila y Antonella.<\/p>\n<p>Por fuera de los medios, en lo \u00faltimos a\u00f1os,\u00a0<strong>Caldini se dedicaba a realizar actividades para la tercera edad.<\/strong>\u00a0As\u00ed, en Mar del Plata llev\u00f3 adelante \u00abLa playa de los grandes\u00bb, en donde organiz\u00f3 shows con diferentes divertimentos, siempre apuntado a lo social. Tambi\u00e9n hac\u00eda lo propio mediante un programa perteneciente al Instituto de Previsi\u00f3n Social (IPS).<\/p>\n<figure class=\"mb-3\"><img decoding=\"async\" src=\"https:\/\/www.telam.com.ar\/thumbs\/bluesteel\/advf\/imagenes\/2022\/07\/62c31db489d42_900.jpg\" alt=\"En los ltimos aos se dedic a La playa de los grandes eventos destinados a personas de la tercera edad IG lilianacaldini8242\" width=\"100%\" height=\"100%\" \/><\/p>\n<div class=\"media-icons\"><\/div><figcaption>En los \u00faltimos a\u00f1os se dedic\u00f3 a \u00abLa playa de los grandes\u00bb, eventos destinados a personas de la tercera edad. (IG lilianacaldini8242)<\/figcaption><\/figure>\n","protected":false},"excerpt":{"rendered":"<p>La exmodelo, que renegaba de las cirug\u00edas est\u00e9ticas, salt\u00f3 a la fama a los 18 a\u00f1os bailando, mientras fumaba, la canci\u00f3n \u00abTiritando\u00bb, de Donald, para una publicidad de los cigarrillos Chesterfield. En los \u00faltimos a\u00f1os se dedic\u00f3 a realizar eventos destinados a personas de la tercera edad.<\/p>\n","protected":false},"author":3,"featured_media":0,"comment_status":"closed","ping_status":"closed","sticky":false,"template":"","format":"standard","meta":{"footnotes":""},"categories":[26],"tags":[],"class_list":["post-74610","post","type-post","status-publish","format-standard","hentry","category-sociedad"],"yoast_head":"<!-- This site is optimized with the Yoast SEO plugin v25.9 - https:\/\/yoast.com\/wordpress\/plugins\/seo\/ -->\n<title>A los 70 a\u00f1os falleci\u00f3 la exmodelo y actriz Liliana Caldini - Noticias Radio Reflejos<\/title>\n<meta name=\"robots\" content=\"index, follow, max-snippet:-1, max-image-preview:large, max-video-preview:-1\" \/>\n<link rel=\"canonical\" href=\"https:\/\/www.noticiasradioreflejos.com.ar\/2021\/a-los-70-anos-fallecio-la-exmodelo-y-actriz-liliana-caldini\/\" \/>\n<meta property=\"og:locale\" content=\"es_ES\" \/>\n<meta property=\"og:type\" content=\"article\" \/>\n<meta property=\"og:title\" content=\"A los 70 a\u00f1os falleci\u00f3 la exmodelo y actriz Liliana Caldini - Noticias Radio Reflejos\" \/>\n<meta property=\"og:description\" content=\"La exmodelo, que renegaba de las cirug\u00edas est\u00e9ticas, salt\u00f3 a la fama a los 18 a\u00f1os bailando, mientras fumaba, la canci\u00f3n \u00abTiritando\u00bb, de Donald, para una publicidad de los cigarrillos Chesterfield. En los \u00faltimos a\u00f1os se dedic\u00f3 a realizar eventos destinados a personas de la tercera edad.\" \/>\n<meta property=\"og:url\" content=\"https:\/\/www.noticiasradioreflejos.com.ar\/2021\/a-los-70-anos-fallecio-la-exmodelo-y-actriz-liliana-caldini\/\" \/>\n<meta property=\"og:site_name\" content=\"Noticias Radio Reflejos\" \/>\n<meta property=\"article:published_time\" content=\"2022-07-04T19:43:09+00:00\" \/>\n<meta property=\"og:image\" content=\"https:\/\/www.telam.com.ar\/thumbs\/bluesteel\/advf\/imagenes\/2022\/07\/62c31db46e513_900.jpg\" \/>\n<meta name=\"author\" content=\"Arnaldo Botto\" \/>\n<meta name=\"twitter:card\" content=\"summary_large_image\" \/>\n<script type=\"application\/ld+json\" class=\"yoast-schema-graph\">{\"@context\":\"https:\/\/schema.org\",\"@graph\":[{\"@type\":\"WebPage\",\"@id\":\"https:\/\/www.noticiasradioreflejos.com.ar\/2021\/a-los-70-anos-fallecio-la-exmodelo-y-actriz-liliana-caldini\/\",\"url\":\"https:\/\/www.noticiasradioreflejos.com.ar\/2021\/a-los-70-anos-fallecio-la-exmodelo-y-actriz-liliana-caldini\/\",\"name\":\"A los 70 a\u00f1os falleci\u00f3 la exmodelo y actriz Liliana Caldini - Noticias Radio Reflejos\",\"isPartOf\":{\"@id\":\"https:\/\/www.noticiasradioreflejos.com.ar\/2021\/#website\"},\"primaryImageOfPage\":{\"@id\":\"https:\/\/www.noticiasradioreflejos.com.ar\/2021\/a-los-70-anos-fallecio-la-exmodelo-y-actriz-liliana-caldini\/#primaryimage\"},\"image\":{\"@id\":\"https:\/\/www.noticiasradioreflejos.com.ar\/2021\/a-los-70-anos-fallecio-la-exmodelo-y-actriz-liliana-caldini\/#primaryimage\"},\"thumbnailUrl\":\"https:\/\/www.telam.com.ar\/thumbs\/bluesteel\/advf\/imagenes\/2022\/07\/62c31db46e513_900.jpg\",\"datePublished\":\"2022-07-04T19:43:09+00:00\",\"author\":{\"@id\":\"https:\/\/www.noticiasradioreflejos.com.ar\/2021\/#\/schema\/person\/ad82545263dcc5ec0996818884fd5fb1\"},\"breadcrumb\":{\"@id\":\"https:\/\/www.noticiasradioreflejos.com.ar\/2021\/a-los-70-anos-fallecio-la-exmodelo-y-actriz-liliana-caldini\/#breadcrumb\"},\"inLanguage\":\"es\",\"potentialAction\":[{\"@type\":\"ReadAction\",\"target\":[\"https:\/\/www.noticiasradioreflejos.com.ar\/2021\/a-los-70-anos-fallecio-la-exmodelo-y-actriz-liliana-caldini\/\"]}]},{\"@type\":\"ImageObject\",\"inLanguage\":\"es\",\"@id\":\"https:\/\/www.noticiasradioreflejos.com.ar\/2021\/a-los-70-anos-fallecio-la-exmodelo-y-actriz-liliana-caldini\/#primaryimage\",\"url\":\"https:\/\/www.telam.com.ar\/thumbs\/bluesteel\/advf\/imagenes\/2022\/07\/62c31db46e513_900.jpg\",\"contentUrl\":\"https:\/\/www.telam.com.ar\/thumbs\/bluesteel\/advf\/imagenes\/2022\/07\/62c31db46e513_900.jpg\"},{\"@type\":\"BreadcrumbList\",\"@id\":\"https:\/\/www.noticiasradioreflejos.com.ar\/2021\/a-los-70-anos-fallecio-la-exmodelo-y-actriz-liliana-caldini\/#breadcrumb\",\"itemListElement\":[{\"@type\":\"ListItem\",\"position\":1,\"name\":\"Portada\",\"item\":\"https:\/\/www.noticiasradioreflejos.com.ar\/2021\/\"},{\"@type\":\"ListItem\",\"position\":2,\"name\":\"A los 70 a\u00f1os falleci\u00f3 la exmodelo y actriz Liliana Caldini\"}]},{\"@type\":\"WebSite\",\"@id\":\"https:\/\/www.noticiasradioreflejos.com.ar\/2021\/#website\",\"url\":\"https:\/\/www.noticiasradioreflejos.com.ar\/2021\/\",\"name\":\"Noticias Radio Reflejos\",\"description\":\"Las noticias de mi comarca\",\"potentialAction\":[{\"@type\":\"SearchAction\",\"target\":{\"@type\":\"EntryPoint\",\"urlTemplate\":\"https:\/\/www.noticiasradioreflejos.com.ar\/2021\/?s={search_term_string}\"},\"query-input\":{\"@type\":\"PropertyValueSpecification\",\"valueRequired\":true,\"valueName\":\"search_term_string\"}}],\"inLanguage\":\"es\"},{\"@type\":\"Person\",\"@id\":\"https:\/\/www.noticiasradioreflejos.com.ar\/2021\/#\/schema\/person\/ad82545263dcc5ec0996818884fd5fb1\",\"name\":\"Arnaldo Botto\",\"image\":{\"@type\":\"ImageObject\",\"inLanguage\":\"es\",\"@id\":\"https:\/\/www.noticiasradioreflejos.com.ar\/2021\/#\/schema\/person\/image\/\",\"url\":\"https:\/\/secure.gravatar.com\/avatar\/55cb5e37c1efa326397366e6974cb338056df65cb50e7d64d1cf314e87504837?s=96&d=mm&r=g\",\"contentUrl\":\"https:\/\/secure.gravatar.com\/avatar\/55cb5e37c1efa326397366e6974cb338056df65cb50e7d64d1cf314e87504837?s=96&d=mm&r=g\",\"caption\":\"Arnaldo Botto\"},\"url\":\"https:\/\/www.noticiasradioreflejos.com.ar\/2021\/author\/arnaldo\/\"}]}<\/script>\n<!-- \/ Yoast SEO plugin. -->","yoast_head_json":{"title":"A los 70 a\u00f1os falleci\u00f3 la exmodelo y actriz Liliana Caldini - Noticias Radio Reflejos","robots":{"index":"index","follow":"follow","max-snippet":"max-snippet:-1","max-image-preview":"max-image-preview:large","max-video-preview":"max-video-preview:-1"},"canonical":"https:\/\/www.noticiasradioreflejos.com.ar\/2021\/a-los-70-anos-fallecio-la-exmodelo-y-actriz-liliana-caldini\/","og_locale":"es_ES","og_type":"article","og_title":"A los 70 a\u00f1os falleci\u00f3 la exmodelo y actriz Liliana Caldini - Noticias Radio Reflejos","og_description":"La exmodelo, que renegaba de las cirug\u00edas est\u00e9ticas, salt\u00f3 a la fama a los 18 a\u00f1os bailando, mientras fumaba, la canci\u00f3n \u00abTiritando\u00bb, de Donald, para una publicidad de los cigarrillos Chesterfield. En los \u00faltimos a\u00f1os se dedic\u00f3 a realizar eventos destinados a personas de la tercera edad.","og_url":"https:\/\/www.noticiasradioreflejos.com.ar\/2021\/a-los-70-anos-fallecio-la-exmodelo-y-actriz-liliana-caldini\/","og_site_name":"Noticias Radio Reflejos","article_published_time":"2022-07-04T19:43:09+00:00","og_image":[{"url":"https:\/\/www.telam.com.ar\/thumbs\/bluesteel\/advf\/imagenes\/2022\/07\/62c31db46e513_900.jpg","type":"","width":"","height":""}],"author":"Arnaldo Botto","twitter_card":"summary_large_image","schema":{"@context":"https:\/\/schema.org","@graph":[{"@type":"WebPage","@id":"https:\/\/www.noticiasradioreflejos.com.ar\/2021\/a-los-70-anos-fallecio-la-exmodelo-y-actriz-liliana-caldini\/","url":"https:\/\/www.noticiasradioreflejos.com.ar\/2021\/a-los-70-anos-fallecio-la-exmodelo-y-actriz-liliana-caldini\/","name":"A los 70 a\u00f1os falleci\u00f3 la exmodelo y actriz Liliana Caldini - Noticias Radio Reflejos","isPartOf":{"@id":"https:\/\/www.noticiasradioreflejos.com.ar\/2021\/#website"},"primaryImageOfPage":{"@id":"https:\/\/www.noticiasradioreflejos.com.ar\/2021\/a-los-70-anos-fallecio-la-exmodelo-y-actriz-liliana-caldini\/#primaryimage"},"image":{"@id":"https:\/\/www.noticiasradioreflejos.com.ar\/2021\/a-los-70-anos-fallecio-la-exmodelo-y-actriz-liliana-caldini\/#primaryimage"},"thumbnailUrl":"https:\/\/www.telam.com.ar\/thumbs\/bluesteel\/advf\/imagenes\/2022\/07\/62c31db46e513_900.jpg","datePublished":"2022-07-04T19:43:09+00:00","author":{"@id":"https:\/\/www.noticiasradioreflejos.com.ar\/2021\/#\/schema\/person\/ad82545263dcc5ec0996818884fd5fb1"},"breadcrumb":{"@id":"https:\/\/www.noticiasradioreflejos.com.ar\/2021\/a-los-70-anos-fallecio-la-exmodelo-y-actriz-liliana-caldini\/#breadcrumb"},"inLanguage":"es","potentialAction":[{"@type":"ReadAction","target":["https:\/\/www.noticiasradioreflejos.com.ar\/2021\/a-los-70-anos-fallecio-la-exmodelo-y-actriz-liliana-caldini\/"]}]},{"@type":"ImageObject","inLanguage":"es","@id":"https:\/\/www.noticiasradioreflejos.com.ar\/2021\/a-los-70-anos-fallecio-la-exmodelo-y-actriz-liliana-caldini\/#primaryimage","url":"https:\/\/www.telam.com.ar\/thumbs\/bluesteel\/advf\/imagenes\/2022\/07\/62c31db46e513_900.jpg","contentUrl":"https:\/\/www.telam.com.ar\/thumbs\/bluesteel\/advf\/imagenes\/2022\/07\/62c31db46e513_900.jpg"},{"@type":"BreadcrumbList","@id":"https:\/\/www.noticiasradioreflejos.com.ar\/2021\/a-los-70-anos-fallecio-la-exmodelo-y-actriz-liliana-caldini\/#breadcrumb","itemListElement":[{"@type":"ListItem","position":1,"name":"Portada","item":"https:\/\/www.noticiasradioreflejos.com.ar\/2021\/"},{"@type":"ListItem","position":2,"name":"A los 70 a\u00f1os falleci\u00f3 la exmodelo y actriz Liliana Caldini"}]},{"@type":"WebSite","@id":"https:\/\/www.noticiasradioreflejos.com.ar\/2021\/#website","url":"https:\/\/www.noticiasradioreflejos.com.ar\/2021\/","name":"Noticias Radio Reflejos","description":"Las noticias de mi comarca","potentialAction":[{"@type":"SearchAction","target":{"@type":"EntryPoint","urlTemplate":"https:\/\/www.noticiasradioreflejos.com.ar\/2021\/?s={search_term_string}"},"query-input":{"@type":"PropertyValueSpecification","valueRequired":true,"valueName":"search_term_string"}}],"inLanguage":"es"},{"@type":"Person","@id":"https:\/\/www.noticiasradioreflejos.com.ar\/2021\/#\/schema\/person\/ad82545263dcc5ec0996818884fd5fb1","name":"Arnaldo Botto","image":{"@type":"ImageObject","inLanguage":"es","@id":"https:\/\/www.noticiasradioreflejos.com.ar\/2021\/#\/schema\/person\/image\/","url":"https:\/\/secure.gravatar.com\/avatar\/55cb5e37c1efa326397366e6974cb338056df65cb50e7d64d1cf314e87504837?s=96&d=mm&r=g","contentUrl":"https:\/\/secure.gravatar.com\/avatar\/55cb5e37c1efa326397366e6974cb338056df65cb50e7d64d1cf314e87504837?s=96&d=mm&r=g","caption":"Arnaldo Botto"},"url":"https:\/\/www.noticiasradioreflejos.com.ar\/2021\/author\/arnaldo\/"}]}},"_links":{"self":[{"href":"https:\/\/www.noticiasradioreflejos.com.ar\/2021\/wp-json\/wp\/v2\/posts\/74610","targetHints":{"allow":["GET"]}}],"collection":[{"href":"https:\/\/www.noticiasradioreflejos.com.ar\/2021\/wp-json\/wp\/v2\/posts"}],"about":[{"href":"https:\/\/www.noticiasradioreflejos.com.ar\/2021\/wp-json\/wp\/v2\/types\/post"}],"author":[{"embeddable":true,"href":"https:\/\/www.noticiasradioreflejos.com.ar\/2021\/wp-json\/wp\/v2\/users\/3"}],"replies":[{"embeddable":true,"href":"https:\/\/www.noticiasradioreflejos.com.ar\/2021\/wp-json\/wp\/v2\/comments?post=74610"}],"version-history":[{"count":1,"href":"https:\/\/www.noticiasradioreflejos.com.ar\/2021\/wp-json\/wp\/v2\/posts\/74610\/revisions"}],"predecessor-version":[{"id":74614,"href":"https:\/\/www.noticiasradioreflejos.com.ar\/2021\/wp-json\/wp\/v2\/posts\/74610\/revisions\/74614"}],"wp:attachment":[{"href":"https:\/\/www.noticiasradioreflejos.com.ar\/2021\/wp-json\/wp\/v2\/media?parent=74610"}],"wp:term":[{"taxonomy":"category","embeddable":true,"href":"https:\/\/www.noticiasradioreflejos.com.ar\/2021\/wp-json\/wp\/v2\/categories?post=74610"},{"taxonomy":"post_tag","embeddable":true,"href":"https:\/\/www.noticiasradioreflejos.com.ar\/2021\/wp-json\/wp\/v2\/tags?post=74610"}],"curies":[{"name":"wp","href":"https:\/\/api.w.org\/{rel}","templated":true}]}}