{"id":746,"date":"2016-09-09T22:35:07","date_gmt":"2016-09-09T22:35:07","guid":{"rendered":"http:\/\/noticiasradioreflejos.com.ar\/noticias\/?p=746"},"modified":"2016-09-09T22:35:07","modified_gmt":"2016-09-09T22:35:07","slug":"reconocieron-a-las-mujeres-de-tornquist-que-intervinieron-en-politica","status":"publish","type":"post","link":"https:\/\/www.noticiasradioreflejos.com.ar\/2021\/reconocieron-a-las-mujeres-de-tornquist-que-intervinieron-en-politica\/","title":{"rendered":"Reconocieron a las mujeres de Tornquist que intervinieron en pol\u00edtica"},"content":{"rendered":"<p>En un nuevo aniversario de la sanci\u00f3n de la Ley del Voto Femenino en nuestro pa\u00eds, el 9 de septiembre de 1947, y con la organizaci\u00f3n de la Direcci\u00f3n de Cultura del municipio y el Concejo Deliberante, este viernes en el teatro Rodolfo Funke se realiz\u00f3 una jornada que incluy\u00f3 homenajes, una charla y un show art\u00edstico.<!--more--><br \/>\nEn primer lugar, la licenciada en Ciencias Pol\u00edticas Pamela Mart\u00edn Garc\u00eda, brind\u00f3 una charla sobre el rol de la mujer en la pol\u00edtica. Realiz\u00f3 un repaso de la historia de la ley del voto femenino hasta su aprobaci\u00f3n y record\u00f3 a mujeres destacadas de la vida pol\u00edtica argentina.<br \/>\nLuego, recibi\u00f3 un presente en manos de Sergio Bordoni la ex intendente Marisa Kugler, quien fuera la primera jefe comunal mujer de nuestro distrito y de la provincia, en el periodo 1987-1991. Tambi\u00e9n fue diputada provincial entre 1993 y 2001.<br \/>\nAsimismo, fue recordada la primera concejal mujer del partido de Tornquist, Justa Picado (1958). Para ello, Irene Hern\u00e1ndez de Milano y Mercedes M\u00fcller, quienes se encuentran trabajando en un proyecto de investigaci\u00f3n referido al rol de la mujer en el \u00e1mbito pol\u00edtico sociocultural del distrito, hicieron un repaso de la vida pol\u00edtica de Picado y su familia.<br \/>\nTras ello, fueron reconocidas, por medio de la entrega de un diploma, todas las mujeres que fueron y son concejales de Tornquist desde el regreso a la democracia, en 1983, a la actualidad.<br \/>\nEllas son: Jorgelina Cornacchini, Haydee Lili de Larena (primeras desde la vuelta a la democracia), Maria Cristina Esponda, Susana Marcolini, Nancy Canale, Julia Mora, Maria Elena Iriso, Norma Gomez, Cristina Ghiani, \u00c1ngela Ruppel, Graciela Alay\u00f3n, Beatriz Mochocovsky, Mar\u00eda Rosa Musso, Elsa Kaltembach, Mar\u00eda Elena Grossoni, Delfina Tarabelli, Mar\u00eda Graciela Bag\u00fa, Adela Constantino, Alicia De Caso, Nancy Villalba, Silvia Pessolani, Miriam Macesich, Adriana Mulvihill, Stella Rodr\u00edguez, Elisabet Maccari, Teresa Berezaga, Mariana Barrachina, Silvia Morando, Mar\u00eda Ofelia Skolak, Claudia Corvo, Delia Llanos, M\u00f3nica V\u00e1zquez, Silvia Dorregaray, Mar\u00eda Esther Parmigiani, Adriana Nielsen, Mariel Llanos, Vivian Montebellier, Mar\u00eda Eugenia Marcolini, Sonia De Larena, Mar\u00eda Graciela Musso, Noel\u00ed Kloster, Andrea Bauer, Mar\u00eda Rosas, Laura Garc\u00eda, Noelia Baier y M\u00f3nica Sagredo.<br \/>\nPara el cierre de la jornada, declarada de inter\u00e9s municipal, los presentes se deleitaron con el show musical l\u00edrico de la artista bahiense Eugenia Paola Molina.<br \/>\n<a title=\"DSC_0016 [1600x1200]\" href=\"http:\/\/farm9.staticflickr.com\/8026\/29571615285_96ba0d4552_z.jpg\" rel=\"\"><img loading=\"lazy\" decoding=\"async\" class=\"aligncenter\" title=\"DSC_0016 [1600x1200]\" src=\"http:\/\/farm9.staticflickr.com\/8026\/29571615285_96ba0d4552_z.jpg\" alt=\"DSC_0016 [1600x1200]\" width=\"425\" height=\"640\" \/><\/a><br \/>\n<a title=\"DSC_0022 [1600x1200]\" href=\"http:\/\/farm9.staticflickr.com\/8594\/29571614715_d414a53fe6_z.jpg\" rel=\"\"><img loading=\"lazy\" decoding=\"async\" class=\"aligncenter\" title=\"DSC_0022 [1600x1200]\" src=\"http:\/\/farm9.staticflickr.com\/8594\/29571614715_d414a53fe6_z.jpg\" alt=\"DSC_0022 [1600x1200]\" width=\"640\" height=\"425\" \/><\/a><br \/>\n<a title=\"DSC_0025 [1600x1200]\" href=\"http:\/\/farm9.staticflickr.com\/8418\/29571614285_6a1793e723_z.jpg\" rel=\"\"><img loading=\"lazy\" decoding=\"async\" class=\"aligncenter\" title=\"DSC_0025 [1600x1200]\" src=\"http:\/\/farm9.staticflickr.com\/8418\/29571614285_6a1793e723_z.jpg\" alt=\"DSC_0025 [1600x1200]\" width=\"640\" height=\"425\" \/><\/a><br \/>\n<a title=\"DSC_0046 [1600x1200]\" href=\"http:\/\/farm9.staticflickr.com\/8577\/29281558600_8058ef309c_z.jpg\" rel=\"\"><img loading=\"lazy\" decoding=\"async\" class=\"aligncenter\" title=\"DSC_0046 [1600x1200]\" src=\"http:\/\/farm9.staticflickr.com\/8577\/29281558600_8058ef309c_z.jpg\" alt=\"DSC_0046 [1600x1200]\" width=\"640\" height=\"425\" \/><\/a><br \/>\n<a title=\"DSC_0065 [1600x1200]\" href=\"http:\/\/farm9.staticflickr.com\/8516\/29281557750_fd4a25b4f8_z.jpg\" rel=\"\"><img loading=\"lazy\" decoding=\"async\" class=\"aligncenter\" title=\"DSC_0065 [1600x1200]\" src=\"http:\/\/farm9.staticflickr.com\/8516\/29281557750_fd4a25b4f8_z.jpg\" alt=\"DSC_0065 [1600x1200]\" width=\"640\" height=\"405\" \/><\/a><br \/>\n<a title=\"DSC_0087 [1600x1200]\" href=\"http:\/\/farm9.staticflickr.com\/8322\/29281557210_0482a0e73d_z.jpg\" rel=\"\"><img loading=\"lazy\" decoding=\"async\" class=\"aligncenter\" title=\"DSC_0087 [1600x1200]\" src=\"http:\/\/farm9.staticflickr.com\/8322\/29281557210_0482a0e73d_z.jpg\" alt=\"DSC_0087 [1600x1200]\" width=\"640\" height=\"425\" \/><\/a><br \/>\n<a title=\"DSC_0095 [1600x1200]\" href=\"http:\/\/farm9.staticflickr.com\/8540\/29571619335_28e9063202_z.jpg\" rel=\"\"><img loading=\"lazy\" decoding=\"async\" class=\"aligncenter\" title=\"DSC_0095 [1600x1200]\" src=\"http:\/\/farm9.staticflickr.com\/8540\/29571619335_28e9063202_z.jpg\" alt=\"DSC_0095 [1600x1200]\" width=\"640\" height=\"425\" \/><\/a><br \/>\n<a title=\"DSC_0119 [1600x1200]\" href=\"http:\/\/farm9.staticflickr.com\/8555\/29571618435_f54c223bbd_z.jpg\" rel=\"\"><img loading=\"lazy\" decoding=\"async\" class=\"aligncenter\" title=\"DSC_0119 [1600x1200]\" src=\"http:\/\/farm9.staticflickr.com\/8555\/29571618435_f54c223bbd_z.jpg\" alt=\"DSC_0119 [1600x1200]\" width=\"640\" height=\"425\" \/><\/a><br \/>\n<a title=\"DSC_0081 [1600x1200]\" href=\"http:\/\/farm9.staticflickr.com\/8036\/29281559950_9327df89f1_z.jpg\" rel=\"\"><img loading=\"lazy\" decoding=\"async\" class=\"aligncenter\" title=\"DSC_0081 [1600x1200]\" src=\"http:\/\/farm9.staticflickr.com\/8036\/29281559950_9327df89f1_z.jpg\" alt=\"DSC_0081 [1600x1200]\" width=\"640\" height=\"425\" \/><\/a><br \/>\n<a title=\"DSC_0099 [1600x1200]\" href=\"http:\/\/farm9.staticflickr.com\/8060\/29571622835_7dbc01c72e_z.jpg\" rel=\"\"><img loading=\"lazy\" decoding=\"async\" class=\"aligncenter\" title=\"DSC_0099 [1600x1200]\" src=\"http:\/\/farm9.staticflickr.com\/8060\/29571622835_7dbc01c72e_z.jpg\" alt=\"DSC_0099 [1600x1200]\" width=\"640\" height=\"425\" \/><\/a><\/p>\n","protected":false},"excerpt":{"rendered":"<p>En un nuevo aniversario de la sanci\u00f3n de la Ley del Voto Femenino en nuestro pa\u00eds, el 9 de septiembre de 1947, y con la organizaci\u00f3n de la Direcci\u00f3n de Cultura del municipio y el Concejo Deliberante, este viernes en el teatro Rodolfo Funke se realiz\u00f3 una jornada que incluy\u00f3 homenajes, una charla y un [&hellip;]<\/p>\n","protected":false},"author":3,"featured_media":0,"comment_status":"closed","ping_status":"open","sticky":false,"template":"","format":"standard","meta":{"footnotes":""},"categories":[24],"tags":[],"class_list":["post-746","post","type-post","status-publish","format-standard","hentry","category-politica"],"yoast_head":"<!-- This site is optimized with the Yoast SEO plugin v25.9 - https:\/\/yoast.com\/wordpress\/plugins\/seo\/ -->\n<title>Reconocieron a las mujeres de Tornquist que intervinieron en pol\u00edtica - Noticias Radio Reflejos<\/title>\n<meta name=\"robots\" content=\"index, follow, max-snippet:-1, max-image-preview:large, max-video-preview:-1\" \/>\n<link rel=\"canonical\" href=\"https:\/\/www.noticiasradioreflejos.com.ar\/2021\/reconocieron-a-las-mujeres-de-tornquist-que-intervinieron-en-politica\/\" \/>\n<meta property=\"og:locale\" content=\"es_ES\" \/>\n<meta property=\"og:type\" content=\"article\" \/>\n<meta property=\"og:title\" content=\"Reconocieron a las mujeres de Tornquist que intervinieron en pol\u00edtica - Noticias Radio Reflejos\" \/>\n<meta property=\"og:description\" content=\"En un nuevo aniversario de la sanci\u00f3n de la Ley del Voto Femenino en nuestro pa\u00eds, el 9 de septiembre de 1947, y con la organizaci\u00f3n de la Direcci\u00f3n de Cultura del municipio y el Concejo Deliberante, este viernes en el teatro Rodolfo Funke se realiz\u00f3 una jornada que incluy\u00f3 homenajes, una charla y un [&hellip;]\" \/>\n<meta property=\"og:url\" content=\"https:\/\/www.noticiasradioreflejos.com.ar\/2021\/reconocieron-a-las-mujeres-de-tornquist-que-intervinieron-en-politica\/\" \/>\n<meta property=\"og:site_name\" content=\"Noticias Radio Reflejos\" \/>\n<meta property=\"article:published_time\" content=\"2016-09-09T22:35:07+00:00\" \/>\n<meta property=\"og:image\" content=\"http:\/\/farm9.staticflickr.com\/8026\/29571615285_96ba0d4552_z.jpg\" \/>\n<meta name=\"author\" content=\"Arnaldo Botto\" \/>\n<meta name=\"twitter:card\" content=\"summary_large_image\" \/>\n<script type=\"application\/ld+json\" class=\"yoast-schema-graph\">{\"@context\":\"https:\/\/schema.org\",\"@graph\":[{\"@type\":\"WebPage\",\"@id\":\"https:\/\/www.noticiasradioreflejos.com.ar\/2021\/reconocieron-a-las-mujeres-de-tornquist-que-intervinieron-en-politica\/\",\"url\":\"https:\/\/www.noticiasradioreflejos.com.ar\/2021\/reconocieron-a-las-mujeres-de-tornquist-que-intervinieron-en-politica\/\",\"name\":\"Reconocieron a las mujeres de Tornquist que intervinieron en pol\u00edtica - Noticias Radio Reflejos\",\"isPartOf\":{\"@id\":\"https:\/\/www.noticiasradioreflejos.com.ar\/2021\/#website\"},\"primaryImageOfPage\":{\"@id\":\"https:\/\/www.noticiasradioreflejos.com.ar\/2021\/reconocieron-a-las-mujeres-de-tornquist-que-intervinieron-en-politica\/#primaryimage\"},\"image\":{\"@id\":\"https:\/\/www.noticiasradioreflejos.com.ar\/2021\/reconocieron-a-las-mujeres-de-tornquist-que-intervinieron-en-politica\/#primaryimage\"},\"thumbnailUrl\":\"http:\/\/farm9.staticflickr.com\/8026\/29571615285_96ba0d4552_z.jpg\",\"datePublished\":\"2016-09-09T22:35:07+00:00\",\"author\":{\"@id\":\"https:\/\/www.noticiasradioreflejos.com.ar\/2021\/#\/schema\/person\/ad82545263dcc5ec0996818884fd5fb1\"},\"breadcrumb\":{\"@id\":\"https:\/\/www.noticiasradioreflejos.com.ar\/2021\/reconocieron-a-las-mujeres-de-tornquist-que-intervinieron-en-politica\/#breadcrumb\"},\"inLanguage\":\"es\",\"potentialAction\":[{\"@type\":\"ReadAction\",\"target\":[\"https:\/\/www.noticiasradioreflejos.com.ar\/2021\/reconocieron-a-las-mujeres-de-tornquist-que-intervinieron-en-politica\/\"]}]},{\"@type\":\"ImageObject\",\"inLanguage\":\"es\",\"@id\":\"https:\/\/www.noticiasradioreflejos.com.ar\/2021\/reconocieron-a-las-mujeres-de-tornquist-que-intervinieron-en-politica\/#primaryimage\",\"url\":\"http:\/\/farm9.staticflickr.com\/8026\/29571615285_96ba0d4552_z.jpg\",\"contentUrl\":\"http:\/\/farm9.staticflickr.com\/8026\/29571615285_96ba0d4552_z.jpg\"},{\"@type\":\"BreadcrumbList\",\"@id\":\"https:\/\/www.noticiasradioreflejos.com.ar\/2021\/reconocieron-a-las-mujeres-de-tornquist-que-intervinieron-en-politica\/#breadcrumb\",\"itemListElement\":[{\"@type\":\"ListItem\",\"position\":1,\"name\":\"Portada\",\"item\":\"https:\/\/www.noticiasradioreflejos.com.ar\/2021\/\"},{\"@type\":\"ListItem\",\"position\":2,\"name\":\"Reconocieron a las mujeres de Tornquist que intervinieron en pol\u00edtica\"}]},{\"@type\":\"WebSite\",\"@id\":\"https:\/\/www.noticiasradioreflejos.com.ar\/2021\/#website\",\"url\":\"https:\/\/www.noticiasradioreflejos.com.ar\/2021\/\",\"name\":\"Noticias Radio Reflejos\",\"description\":\"Las noticias de mi comarca\",\"potentialAction\":[{\"@type\":\"SearchAction\",\"target\":{\"@type\":\"EntryPoint\",\"urlTemplate\":\"https:\/\/www.noticiasradioreflejos.com.ar\/2021\/?s={search_term_string}\"},\"query-input\":{\"@type\":\"PropertyValueSpecification\",\"valueRequired\":true,\"valueName\":\"search_term_string\"}}],\"inLanguage\":\"es\"},{\"@type\":\"Person\",\"@id\":\"https:\/\/www.noticiasradioreflejos.com.ar\/2021\/#\/schema\/person\/ad82545263dcc5ec0996818884fd5fb1\",\"name\":\"Arnaldo Botto\",\"image\":{\"@type\":\"ImageObject\",\"inLanguage\":\"es\",\"@id\":\"https:\/\/www.noticiasradioreflejos.com.ar\/2021\/#\/schema\/person\/image\/\",\"url\":\"https:\/\/secure.gravatar.com\/avatar\/55cb5e37c1efa326397366e6974cb338056df65cb50e7d64d1cf314e87504837?s=96&d=mm&r=g\",\"contentUrl\":\"https:\/\/secure.gravatar.com\/avatar\/55cb5e37c1efa326397366e6974cb338056df65cb50e7d64d1cf314e87504837?s=96&d=mm&r=g\",\"caption\":\"Arnaldo Botto\"},\"url\":\"https:\/\/www.noticiasradioreflejos.com.ar\/2021\/author\/arnaldo\/\"}]}<\/script>\n<!-- \/ Yoast SEO plugin. -->","yoast_head_json":{"title":"Reconocieron a las mujeres de Tornquist que intervinieron en pol\u00edtica - Noticias Radio Reflejos","robots":{"index":"index","follow":"follow","max-snippet":"max-snippet:-1","max-image-preview":"max-image-preview:large","max-video-preview":"max-video-preview:-1"},"canonical":"https:\/\/www.noticiasradioreflejos.com.ar\/2021\/reconocieron-a-las-mujeres-de-tornquist-que-intervinieron-en-politica\/","og_locale":"es_ES","og_type":"article","og_title":"Reconocieron a las mujeres de Tornquist que intervinieron en pol\u00edtica - Noticias Radio Reflejos","og_description":"En un nuevo aniversario de la sanci\u00f3n de la Ley del Voto Femenino en nuestro pa\u00eds, el 9 de septiembre de 1947, y con la organizaci\u00f3n de la Direcci\u00f3n de Cultura del municipio y el Concejo Deliberante, este viernes en el teatro Rodolfo Funke se realiz\u00f3 una jornada que incluy\u00f3 homenajes, una charla y un [&hellip;]","og_url":"https:\/\/www.noticiasradioreflejos.com.ar\/2021\/reconocieron-a-las-mujeres-de-tornquist-que-intervinieron-en-politica\/","og_site_name":"Noticias Radio Reflejos","article_published_time":"2016-09-09T22:35:07+00:00","og_image":[{"url":"http:\/\/farm9.staticflickr.com\/8026\/29571615285_96ba0d4552_z.jpg","type":"","width":"","height":""}],"author":"Arnaldo Botto","twitter_card":"summary_large_image","schema":{"@context":"https:\/\/schema.org","@graph":[{"@type":"WebPage","@id":"https:\/\/www.noticiasradioreflejos.com.ar\/2021\/reconocieron-a-las-mujeres-de-tornquist-que-intervinieron-en-politica\/","url":"https:\/\/www.noticiasradioreflejos.com.ar\/2021\/reconocieron-a-las-mujeres-de-tornquist-que-intervinieron-en-politica\/","name":"Reconocieron a las mujeres de Tornquist que intervinieron en pol\u00edtica - Noticias Radio Reflejos","isPartOf":{"@id":"https:\/\/www.noticiasradioreflejos.com.ar\/2021\/#website"},"primaryImageOfPage":{"@id":"https:\/\/www.noticiasradioreflejos.com.ar\/2021\/reconocieron-a-las-mujeres-de-tornquist-que-intervinieron-en-politica\/#primaryimage"},"image":{"@id":"https:\/\/www.noticiasradioreflejos.com.ar\/2021\/reconocieron-a-las-mujeres-de-tornquist-que-intervinieron-en-politica\/#primaryimage"},"thumbnailUrl":"http:\/\/farm9.staticflickr.com\/8026\/29571615285_96ba0d4552_z.jpg","datePublished":"2016-09-09T22:35:07+00:00","author":{"@id":"https:\/\/www.noticiasradioreflejos.com.ar\/2021\/#\/schema\/person\/ad82545263dcc5ec0996818884fd5fb1"},"breadcrumb":{"@id":"https:\/\/www.noticiasradioreflejos.com.ar\/2021\/reconocieron-a-las-mujeres-de-tornquist-que-intervinieron-en-politica\/#breadcrumb"},"inLanguage":"es","potentialAction":[{"@type":"ReadAction","target":["https:\/\/www.noticiasradioreflejos.com.ar\/2021\/reconocieron-a-las-mujeres-de-tornquist-que-intervinieron-en-politica\/"]}]},{"@type":"ImageObject","inLanguage":"es","@id":"https:\/\/www.noticiasradioreflejos.com.ar\/2021\/reconocieron-a-las-mujeres-de-tornquist-que-intervinieron-en-politica\/#primaryimage","url":"http:\/\/farm9.staticflickr.com\/8026\/29571615285_96ba0d4552_z.jpg","contentUrl":"http:\/\/farm9.staticflickr.com\/8026\/29571615285_96ba0d4552_z.jpg"},{"@type":"BreadcrumbList","@id":"https:\/\/www.noticiasradioreflejos.com.ar\/2021\/reconocieron-a-las-mujeres-de-tornquist-que-intervinieron-en-politica\/#breadcrumb","itemListElement":[{"@type":"ListItem","position":1,"name":"Portada","item":"https:\/\/www.noticiasradioreflejos.com.ar\/2021\/"},{"@type":"ListItem","position":2,"name":"Reconocieron a las mujeres de Tornquist que intervinieron en pol\u00edtica"}]},{"@type":"WebSite","@id":"https:\/\/www.noticiasradioreflejos.com.ar\/2021\/#website","url":"https:\/\/www.noticiasradioreflejos.com.ar\/2021\/","name":"Noticias Radio Reflejos","description":"Las noticias de mi comarca","potentialAction":[{"@type":"SearchAction","target":{"@type":"EntryPoint","urlTemplate":"https:\/\/www.noticiasradioreflejos.com.ar\/2021\/?s={search_term_string}"},"query-input":{"@type":"PropertyValueSpecification","valueRequired":true,"valueName":"search_term_string"}}],"inLanguage":"es"},{"@type":"Person","@id":"https:\/\/www.noticiasradioreflejos.com.ar\/2021\/#\/schema\/person\/ad82545263dcc5ec0996818884fd5fb1","name":"Arnaldo Botto","image":{"@type":"ImageObject","inLanguage":"es","@id":"https:\/\/www.noticiasradioreflejos.com.ar\/2021\/#\/schema\/person\/image\/","url":"https:\/\/secure.gravatar.com\/avatar\/55cb5e37c1efa326397366e6974cb338056df65cb50e7d64d1cf314e87504837?s=96&d=mm&r=g","contentUrl":"https:\/\/secure.gravatar.com\/avatar\/55cb5e37c1efa326397366e6974cb338056df65cb50e7d64d1cf314e87504837?s=96&d=mm&r=g","caption":"Arnaldo Botto"},"url":"https:\/\/www.noticiasradioreflejos.com.ar\/2021\/author\/arnaldo\/"}]}},"_links":{"self":[{"href":"https:\/\/www.noticiasradioreflejos.com.ar\/2021\/wp-json\/wp\/v2\/posts\/746","targetHints":{"allow":["GET"]}}],"collection":[{"href":"https:\/\/www.noticiasradioreflejos.com.ar\/2021\/wp-json\/wp\/v2\/posts"}],"about":[{"href":"https:\/\/www.noticiasradioreflejos.com.ar\/2021\/wp-json\/wp\/v2\/types\/post"}],"author":[{"embeddable":true,"href":"https:\/\/www.noticiasradioreflejos.com.ar\/2021\/wp-json\/wp\/v2\/users\/3"}],"replies":[{"embeddable":true,"href":"https:\/\/www.noticiasradioreflejos.com.ar\/2021\/wp-json\/wp\/v2\/comments?post=746"}],"version-history":[{"count":0,"href":"https:\/\/www.noticiasradioreflejos.com.ar\/2021\/wp-json\/wp\/v2\/posts\/746\/revisions"}],"wp:attachment":[{"href":"https:\/\/www.noticiasradioreflejos.com.ar\/2021\/wp-json\/wp\/v2\/media?parent=746"}],"wp:term":[{"taxonomy":"category","embeddable":true,"href":"https:\/\/www.noticiasradioreflejos.com.ar\/2021\/wp-json\/wp\/v2\/categories?post=746"},{"taxonomy":"post_tag","embeddable":true,"href":"https:\/\/www.noticiasradioreflejos.com.ar\/2021\/wp-json\/wp\/v2\/tags?post=746"}],"curies":[{"name":"wp","href":"https:\/\/api.w.org\/{rel}","templated":true}]}}