{"id":74592,"date":"2022-07-04T18:52:51","date_gmt":"2022-07-04T18:52:51","guid":{"rendered":"http:\/\/www.noticiasradioreflejos.com.ar\/2021\/?p=74592"},"modified":"2022-07-04T22:39:17","modified_gmt":"2022-07-04T22:39:17","slug":"sandra-kiffer-no-se-nos-envio-el-plan-de-trabajo-sobre-el-arbolado","status":"publish","type":"post","link":"https:\/\/www.noticiasradioreflejos.com.ar\/2021\/sandra-kiffer-no-se-nos-envio-el-plan-de-trabajo-sobre-el-arbolado\/","title":{"rendered":"Sandra Kifer: \u201cno se nos envi\u00f3 el plan de trabajo sobre el arbolado\u201d"},"content":{"rendered":"<p>La edil Sandra Kifer dio su visi\u00f3n de lo ocurri\u00f3 en los \u00faltimos d\u00edas con los \u00e1rboles talados en el balneario. Al mismo tiempo se refiri\u00f3 a la problem\u00e1tica del transporte.<!--more--><\/p>\n<p>La edil Sandra Kifer se mostr\u00f3 preocupada, y no es para menos. A fines de la semana pasada fueron varios los ejemplares de arbolado que\u00a0 se retiraron del balneario \u201cEl Diquecito\u201d, lo que gener\u00f3 indignaci\u00f3n y malestar, ya que seg\u00fan varios afirman, no se anunci\u00f3 en tiempo y forma, y mucho menos se replant\u00f3 a un debido tiempo.<\/p>\n<p>Al respecto, la presidenta del HCD afirm\u00f3: \u201csabemos que a veces hay que hacer el retiro de plantas que corren riesgo, pero hay una ley provincial que abarca este tipo de situaciones y menciona a los municipios como su brazo ejecutor\u201d.<\/p>\n<p>&nbsp;<\/p>\n<p><a title=\"Asamblea San Bernardo} (1)\" href=\"https:\/\/www.flickr.com\/photos\/182279889@N02\/52194014694\/in\/dateposted-public\/\" data-flickr-embed=\"true\"><img loading=\"lazy\" decoding=\"async\" src=\"https:\/\/live.staticflickr.com\/65535\/52194014694_657dbc6978_c.jpg\" alt=\"Asamblea San Bernardo} (1)\" width=\"800\" height=\"600\" \/><\/a><\/p>\n<p>&nbsp;<\/p>\n<p>De igual manera reconoci\u00f3 que \u201cel tema es que la sensaci\u00f3n que nos da es que siempre nos enteramos despu\u00e9s de lo que ocurre, nunca antes. Yo de este \u00faltimo caso me enter\u00e9 a trav\u00e9s de una vecina que me envi\u00f3 fotos\u201d.<\/p>\n<p>Yendo a un plano macro, admiti\u00f3 que \u201cdimos y damos todas las herramientas para que el ejecutivo pueda trabajar en el consenso y teniendo en cuenta la opini\u00f3n de la poblaci\u00f3n. Pero sentimos que se toman medidas de forma unilateral y en este caso puntual, no se nos envi\u00f3 el plan de trabajo sobre el arbolado. Ni ac\u00e1 ni en todo el distrito\u201d.<\/p>\n<p>Trayendo a colaci\u00f3n otra situaci\u00f3n similar, reconoci\u00f3 que \u201ca fin de a\u00f1o nos enteramos por los medios que se iban a retirar 40 eucaliptos del <strong>Parque Lineal<\/strong> y pudimos intervenir inmediatamente. Tuvimos una reuni\u00f3n con el ejecutivo, donde pedimos explicaciones, se nos entreg\u00f3 un informe incompleto, pero desde ese entonces comenzamos a trabajar con un ingeniero forestal y con varios organismos que entienden en el tema y nos confirmaron que no era necesario retirarlos a todos. Dos meses despu\u00e9s retiraron m\u00e1s de 15 y contin\u00faan talando\u201d.<\/p>\n<p>Por \u00faltimo, y dialogando sobre la necesidad de la activaci\u00f3n del Consejo de Arbolado, la edil consider\u00f3 que \u201cen primera instancia se deber\u00eda convocar, exponer y trabajar sobre la ordenanza existente, para mejorarla y que sea de mejor aplicaci\u00f3n\u201d.<\/p>\n<h3>Sobre el transporte<\/h3>\n<p>En otro pasaje de la charla abord\u00f3 la problem\u00e1tica de la saturaci\u00f3n de las combis de transporte p\u00fablico. Al respecto confirm\u00f3 que \u201csoy usuaria de la combi. Estamos en conocimiento de la problem\u00e1tica y escuchamos el reclamo de la gente. El transporte que est\u00e1 funcionando actualmente, tiene la concesi\u00f3n hasta noviembre de 2023\u201d.<\/p>\n<p>De igual manera admiti\u00f3 que \u201cnos hemos puesto en contacto con la CNRT y lo que nos informaron fue que por la densidad poblacional del distrito es que no podemos tener m\u00e1s de una empresa, la cual est\u00e1 subvencionada por el estado\u201d.<\/p>\n<p>Por \u00faltimo reconoci\u00f3 que \u201ctenemos que seguir trabajando, porque cuando apareci\u00f3 el problema de los estudiantes de la escuela t\u00e9cnica aparecieron otros prestadores dispuestos a trabajar. Ah\u00ed nos dimos cuenta de que a la hora de que se vuelva a licitar vamos a tener varios oferentes y tendremos que analizar con detalle cu\u00e1l es la mejor elecci\u00f3n para la comarca\u201d.<\/p>\n<p>&nbsp;<\/p>\n<p>&nbsp;<\/p>\n<p><iframe loading=\"lazy\" src=\"https:\/\/w.soundcloud.com\/player\/?url=https%3A\/\/api.soundcloud.com\/tracks\/1299415060&amp;color=%23ff5500&amp;auto_play=false&amp;hide_related=false&amp;show_comments=true&amp;show_user=true&amp;show_reposts=false&amp;show_teaser=true\" width=\"100%\" height=\"166\" frameborder=\"no\" scrolling=\"no\"><\/iframe><\/p>\n<div style=\"font-size: 10px; color: #cccccc; line-break: anywhere; word-break: normal; overflow: hidden; white-space: nowrap; text-overflow: ellipsis; font-family: Interstate,Lucida Grande,Lucida Sans Unicode,Lucida Sans,Garuda,Verdana,Tahoma,sans-serif; font-weight: 100;\"><a style=\"color: #cccccc; text-decoration: none;\" title=\"fmreflejos 103.7\" href=\"https:\/\/soundcloud.com\/fmreflejos-103-7\" target=\"_blank\" rel=\"noopener\">fmreflejos 103.7<\/a> \u00b7 <a style=\"color: #cccccc; text-decoration: none;\" title=\"Sandra Kifer - Tala y Servicio de trasporte\" href=\"https:\/\/soundcloud.com\/fmreflejos-103-7\/sandra-kiffer-1\" target=\"_blank\" rel=\"noopener\">Sandra Kifer &#8211; Tala y Servicio de trasporte<\/a><\/div>\n","protected":false},"excerpt":{"rendered":"<p>La edil Sandra Kifer dio su visi\u00f3n de lo ocurri\u00f3 en los \u00faltimos d\u00edas con los \u00e1rboles talados en el balneario. Al mismo tiempo se refiri\u00f3 a la problem\u00e1tica del transporte.<\/p>\n","protected":false},"author":3,"featured_media":0,"comment_status":"closed","ping_status":"closed","sticky":false,"template":"","format":"standard","meta":{"footnotes":""},"categories":[24,26],"tags":[48],"class_list":["post-74592","post","type-post","status-publish","format-standard","hentry","category-politica","category-sociedad","tag-destacada"],"yoast_head":"<!-- This site is optimized with the Yoast SEO plugin v25.9 - https:\/\/yoast.com\/wordpress\/plugins\/seo\/ -->\n<title>Sandra Kifer: \u201cno se nos envi\u00f3 el plan de trabajo sobre el arbolado\u201d - Noticias Radio Reflejos<\/title>\n<meta name=\"robots\" content=\"index, follow, max-snippet:-1, max-image-preview:large, max-video-preview:-1\" \/>\n<link rel=\"canonical\" href=\"https:\/\/www.noticiasradioreflejos.com.ar\/2021\/sandra-kiffer-no-se-nos-envio-el-plan-de-trabajo-sobre-el-arbolado\/\" \/>\n<meta property=\"og:locale\" content=\"es_ES\" \/>\n<meta property=\"og:type\" content=\"article\" \/>\n<meta property=\"og:title\" content=\"Sandra Kifer: \u201cno se nos envi\u00f3 el plan de trabajo sobre el arbolado\u201d - Noticias Radio Reflejos\" \/>\n<meta property=\"og:description\" content=\"La edil Sandra Kifer dio su visi\u00f3n de lo ocurri\u00f3 en los \u00faltimos d\u00edas con los \u00e1rboles talados en el balneario. Al mismo tiempo se refiri\u00f3 a la problem\u00e1tica del transporte.\" \/>\n<meta property=\"og:url\" content=\"https:\/\/www.noticiasradioreflejos.com.ar\/2021\/sandra-kiffer-no-se-nos-envio-el-plan-de-trabajo-sobre-el-arbolado\/\" \/>\n<meta property=\"og:site_name\" content=\"Noticias Radio Reflejos\" \/>\n<meta property=\"article:published_time\" content=\"2022-07-04T18:52:51+00:00\" \/>\n<meta property=\"article:modified_time\" content=\"2022-07-04T22:39:17+00:00\" \/>\n<meta property=\"og:image\" content=\"https:\/\/live.staticflickr.com\/65535\/52194014694_657dbc6978_c.jpg\" \/>\n<meta name=\"author\" content=\"Arnaldo Botto\" \/>\n<meta name=\"twitter:card\" content=\"summary_large_image\" \/>\n<script type=\"application\/ld+json\" class=\"yoast-schema-graph\">{\"@context\":\"https:\/\/schema.org\",\"@graph\":[{\"@type\":\"WebPage\",\"@id\":\"https:\/\/www.noticiasradioreflejos.com.ar\/2021\/sandra-kiffer-no-se-nos-envio-el-plan-de-trabajo-sobre-el-arbolado\/\",\"url\":\"https:\/\/www.noticiasradioreflejos.com.ar\/2021\/sandra-kiffer-no-se-nos-envio-el-plan-de-trabajo-sobre-el-arbolado\/\",\"name\":\"Sandra Kifer: \u201cno se nos envi\u00f3 el plan de trabajo sobre el arbolado\u201d - Noticias Radio Reflejos\",\"isPartOf\":{\"@id\":\"https:\/\/www.noticiasradioreflejos.com.ar\/2021\/#website\"},\"primaryImageOfPage\":{\"@id\":\"https:\/\/www.noticiasradioreflejos.com.ar\/2021\/sandra-kiffer-no-se-nos-envio-el-plan-de-trabajo-sobre-el-arbolado\/#primaryimage\"},\"image\":{\"@id\":\"https:\/\/www.noticiasradioreflejos.com.ar\/2021\/sandra-kiffer-no-se-nos-envio-el-plan-de-trabajo-sobre-el-arbolado\/#primaryimage\"},\"thumbnailUrl\":\"https:\/\/live.staticflickr.com\/65535\/52194014694_657dbc6978_c.jpg\",\"datePublished\":\"2022-07-04T18:52:51+00:00\",\"dateModified\":\"2022-07-04T22:39:17+00:00\",\"author\":{\"@id\":\"https:\/\/www.noticiasradioreflejos.com.ar\/2021\/#\/schema\/person\/ad82545263dcc5ec0996818884fd5fb1\"},\"breadcrumb\":{\"@id\":\"https:\/\/www.noticiasradioreflejos.com.ar\/2021\/sandra-kiffer-no-se-nos-envio-el-plan-de-trabajo-sobre-el-arbolado\/#breadcrumb\"},\"inLanguage\":\"es\",\"potentialAction\":[{\"@type\":\"ReadAction\",\"target\":[\"https:\/\/www.noticiasradioreflejos.com.ar\/2021\/sandra-kiffer-no-se-nos-envio-el-plan-de-trabajo-sobre-el-arbolado\/\"]}]},{\"@type\":\"ImageObject\",\"inLanguage\":\"es\",\"@id\":\"https:\/\/www.noticiasradioreflejos.com.ar\/2021\/sandra-kiffer-no-se-nos-envio-el-plan-de-trabajo-sobre-el-arbolado\/#primaryimage\",\"url\":\"https:\/\/live.staticflickr.com\/65535\/52194014694_657dbc6978_c.jpg\",\"contentUrl\":\"https:\/\/live.staticflickr.com\/65535\/52194014694_657dbc6978_c.jpg\"},{\"@type\":\"BreadcrumbList\",\"@id\":\"https:\/\/www.noticiasradioreflejos.com.ar\/2021\/sandra-kiffer-no-se-nos-envio-el-plan-de-trabajo-sobre-el-arbolado\/#breadcrumb\",\"itemListElement\":[{\"@type\":\"ListItem\",\"position\":1,\"name\":\"Portada\",\"item\":\"https:\/\/www.noticiasradioreflejos.com.ar\/2021\/\"},{\"@type\":\"ListItem\",\"position\":2,\"name\":\"Sandra Kifer: \u201cno se nos envi\u00f3 el plan de trabajo sobre el arbolado\u201d\"}]},{\"@type\":\"WebSite\",\"@id\":\"https:\/\/www.noticiasradioreflejos.com.ar\/2021\/#website\",\"url\":\"https:\/\/www.noticiasradioreflejos.com.ar\/2021\/\",\"name\":\"Noticias Radio Reflejos\",\"description\":\"Las noticias de mi comarca\",\"potentialAction\":[{\"@type\":\"SearchAction\",\"target\":{\"@type\":\"EntryPoint\",\"urlTemplate\":\"https:\/\/www.noticiasradioreflejos.com.ar\/2021\/?s={search_term_string}\"},\"query-input\":{\"@type\":\"PropertyValueSpecification\",\"valueRequired\":true,\"valueName\":\"search_term_string\"}}],\"inLanguage\":\"es\"},{\"@type\":\"Person\",\"@id\":\"https:\/\/www.noticiasradioreflejos.com.ar\/2021\/#\/schema\/person\/ad82545263dcc5ec0996818884fd5fb1\",\"name\":\"Arnaldo Botto\",\"image\":{\"@type\":\"ImageObject\",\"inLanguage\":\"es\",\"@id\":\"https:\/\/www.noticiasradioreflejos.com.ar\/2021\/#\/schema\/person\/image\/\",\"url\":\"https:\/\/secure.gravatar.com\/avatar\/55cb5e37c1efa326397366e6974cb338056df65cb50e7d64d1cf314e87504837?s=96&d=mm&r=g\",\"contentUrl\":\"https:\/\/secure.gravatar.com\/avatar\/55cb5e37c1efa326397366e6974cb338056df65cb50e7d64d1cf314e87504837?s=96&d=mm&r=g\",\"caption\":\"Arnaldo Botto\"},\"url\":\"https:\/\/www.noticiasradioreflejos.com.ar\/2021\/author\/arnaldo\/\"}]}<\/script>\n<!-- \/ Yoast SEO plugin. -->","yoast_head_json":{"title":"Sandra Kifer: \u201cno se nos envi\u00f3 el plan de trabajo sobre el arbolado\u201d - Noticias Radio Reflejos","robots":{"index":"index","follow":"follow","max-snippet":"max-snippet:-1","max-image-preview":"max-image-preview:large","max-video-preview":"max-video-preview:-1"},"canonical":"https:\/\/www.noticiasradioreflejos.com.ar\/2021\/sandra-kiffer-no-se-nos-envio-el-plan-de-trabajo-sobre-el-arbolado\/","og_locale":"es_ES","og_type":"article","og_title":"Sandra Kifer: \u201cno se nos envi\u00f3 el plan de trabajo sobre el arbolado\u201d - Noticias Radio Reflejos","og_description":"La edil Sandra Kifer dio su visi\u00f3n de lo ocurri\u00f3 en los \u00faltimos d\u00edas con los \u00e1rboles talados en el balneario. Al mismo tiempo se refiri\u00f3 a la problem\u00e1tica del transporte.","og_url":"https:\/\/www.noticiasradioreflejos.com.ar\/2021\/sandra-kiffer-no-se-nos-envio-el-plan-de-trabajo-sobre-el-arbolado\/","og_site_name":"Noticias Radio Reflejos","article_published_time":"2022-07-04T18:52:51+00:00","article_modified_time":"2022-07-04T22:39:17+00:00","og_image":[{"url":"https:\/\/live.staticflickr.com\/65535\/52194014694_657dbc6978_c.jpg","type":"","width":"","height":""}],"author":"Arnaldo Botto","twitter_card":"summary_large_image","schema":{"@context":"https:\/\/schema.org","@graph":[{"@type":"WebPage","@id":"https:\/\/www.noticiasradioreflejos.com.ar\/2021\/sandra-kiffer-no-se-nos-envio-el-plan-de-trabajo-sobre-el-arbolado\/","url":"https:\/\/www.noticiasradioreflejos.com.ar\/2021\/sandra-kiffer-no-se-nos-envio-el-plan-de-trabajo-sobre-el-arbolado\/","name":"Sandra Kifer: \u201cno se nos envi\u00f3 el plan de trabajo sobre el arbolado\u201d - Noticias Radio Reflejos","isPartOf":{"@id":"https:\/\/www.noticiasradioreflejos.com.ar\/2021\/#website"},"primaryImageOfPage":{"@id":"https:\/\/www.noticiasradioreflejos.com.ar\/2021\/sandra-kiffer-no-se-nos-envio-el-plan-de-trabajo-sobre-el-arbolado\/#primaryimage"},"image":{"@id":"https:\/\/www.noticiasradioreflejos.com.ar\/2021\/sandra-kiffer-no-se-nos-envio-el-plan-de-trabajo-sobre-el-arbolado\/#primaryimage"},"thumbnailUrl":"https:\/\/live.staticflickr.com\/65535\/52194014694_657dbc6978_c.jpg","datePublished":"2022-07-04T18:52:51+00:00","dateModified":"2022-07-04T22:39:17+00:00","author":{"@id":"https:\/\/www.noticiasradioreflejos.com.ar\/2021\/#\/schema\/person\/ad82545263dcc5ec0996818884fd5fb1"},"breadcrumb":{"@id":"https:\/\/www.noticiasradioreflejos.com.ar\/2021\/sandra-kiffer-no-se-nos-envio-el-plan-de-trabajo-sobre-el-arbolado\/#breadcrumb"},"inLanguage":"es","potentialAction":[{"@type":"ReadAction","target":["https:\/\/www.noticiasradioreflejos.com.ar\/2021\/sandra-kiffer-no-se-nos-envio-el-plan-de-trabajo-sobre-el-arbolado\/"]}]},{"@type":"ImageObject","inLanguage":"es","@id":"https:\/\/www.noticiasradioreflejos.com.ar\/2021\/sandra-kiffer-no-se-nos-envio-el-plan-de-trabajo-sobre-el-arbolado\/#primaryimage","url":"https:\/\/live.staticflickr.com\/65535\/52194014694_657dbc6978_c.jpg","contentUrl":"https:\/\/live.staticflickr.com\/65535\/52194014694_657dbc6978_c.jpg"},{"@type":"BreadcrumbList","@id":"https:\/\/www.noticiasradioreflejos.com.ar\/2021\/sandra-kiffer-no-se-nos-envio-el-plan-de-trabajo-sobre-el-arbolado\/#breadcrumb","itemListElement":[{"@type":"ListItem","position":1,"name":"Portada","item":"https:\/\/www.noticiasradioreflejos.com.ar\/2021\/"},{"@type":"ListItem","position":2,"name":"Sandra Kifer: \u201cno se nos envi\u00f3 el plan de trabajo sobre el arbolado\u201d"}]},{"@type":"WebSite","@id":"https:\/\/www.noticiasradioreflejos.com.ar\/2021\/#website","url":"https:\/\/www.noticiasradioreflejos.com.ar\/2021\/","name":"Noticias Radio Reflejos","description":"Las noticias de mi comarca","potentialAction":[{"@type":"SearchAction","target":{"@type":"EntryPoint","urlTemplate":"https:\/\/www.noticiasradioreflejos.com.ar\/2021\/?s={search_term_string}"},"query-input":{"@type":"PropertyValueSpecification","valueRequired":true,"valueName":"search_term_string"}}],"inLanguage":"es"},{"@type":"Person","@id":"https:\/\/www.noticiasradioreflejos.com.ar\/2021\/#\/schema\/person\/ad82545263dcc5ec0996818884fd5fb1","name":"Arnaldo Botto","image":{"@type":"ImageObject","inLanguage":"es","@id":"https:\/\/www.noticiasradioreflejos.com.ar\/2021\/#\/schema\/person\/image\/","url":"https:\/\/secure.gravatar.com\/avatar\/55cb5e37c1efa326397366e6974cb338056df65cb50e7d64d1cf314e87504837?s=96&d=mm&r=g","contentUrl":"https:\/\/secure.gravatar.com\/avatar\/55cb5e37c1efa326397366e6974cb338056df65cb50e7d64d1cf314e87504837?s=96&d=mm&r=g","caption":"Arnaldo Botto"},"url":"https:\/\/www.noticiasradioreflejos.com.ar\/2021\/author\/arnaldo\/"}]}},"_links":{"self":[{"href":"https:\/\/www.noticiasradioreflejos.com.ar\/2021\/wp-json\/wp\/v2\/posts\/74592","targetHints":{"allow":["GET"]}}],"collection":[{"href":"https:\/\/www.noticiasradioreflejos.com.ar\/2021\/wp-json\/wp\/v2\/posts"}],"about":[{"href":"https:\/\/www.noticiasradioreflejos.com.ar\/2021\/wp-json\/wp\/v2\/types\/post"}],"author":[{"embeddable":true,"href":"https:\/\/www.noticiasradioreflejos.com.ar\/2021\/wp-json\/wp\/v2\/users\/3"}],"replies":[{"embeddable":true,"href":"https:\/\/www.noticiasradioreflejos.com.ar\/2021\/wp-json\/wp\/v2\/comments?post=74592"}],"version-history":[{"count":4,"href":"https:\/\/www.noticiasradioreflejos.com.ar\/2021\/wp-json\/wp\/v2\/posts\/74592\/revisions"}],"predecessor-version":[{"id":74625,"href":"https:\/\/www.noticiasradioreflejos.com.ar\/2021\/wp-json\/wp\/v2\/posts\/74592\/revisions\/74625"}],"wp:attachment":[{"href":"https:\/\/www.noticiasradioreflejos.com.ar\/2021\/wp-json\/wp\/v2\/media?parent=74592"}],"wp:term":[{"taxonomy":"category","embeddable":true,"href":"https:\/\/www.noticiasradioreflejos.com.ar\/2021\/wp-json\/wp\/v2\/categories?post=74592"},{"taxonomy":"post_tag","embeddable":true,"href":"https:\/\/www.noticiasradioreflejos.com.ar\/2021\/wp-json\/wp\/v2\/tags?post=74592"}],"curies":[{"name":"wp","href":"https:\/\/api.w.org\/{rel}","templated":true}]}}