{"id":74590,"date":"2022-07-04T18:27:16","date_gmt":"2022-07-04T18:27:16","guid":{"rendered":"http:\/\/www.noticiasradioreflejos.com.ar\/2021\/?p=74590"},"modified":"2022-07-04T19:30:42","modified_gmt":"2022-07-04T19:30:42","slug":"trasporte-de-pasajeros-en-la-comarca-la-gente-a-veces-no-puede-viajar-otras-va-parada-y-es-una-locura","status":"publish","type":"post","link":"https:\/\/www.noticiasradioreflejos.com.ar\/2021\/trasporte-de-pasajeros-en-la-comarca-la-gente-a-veces-no-puede-viajar-otras-va-parada-y-es-una-locura\/","title":{"rendered":"Transporte de pasajeros en la comarca: \u201cLa gente a veces no puede viajar, otras va parada y es una locura\u201d"},"content":{"rendered":"<p><strong>Daniel Devila<\/strong>, Gerente del Complejo Hotelero y Gastron\u00f3mico de Villa Ventana La Gran Caba\u00f1a, analiz\u00f3 la cr\u00edtica situaci\u00f3n que atraviesan decenas de trabajadores diariamente al tratar de utilizar el transporte p\u00fablico.<\/p>\n<p>La situaci\u00f3n cada d\u00eda se vuelve m\u00e1s compleja y el sistema, de a momentos, se colapsa sin soluci\u00f3n. El transporte p\u00fablico de pasajeros en la comarca comenz\u00f3 a evidenciar problemas desde hace un tiempo, y claramente los primeros que lo notan son sus usuarios.<\/p>\n<p>Al respecto, Daniel Devila, Gerente del Complejo Hotelero y Gastron\u00f3mico La Gran Caba\u00f1a, afirm\u00f3 sin rodeos que \u201chay una falencia en la prestaci\u00f3n del servicio de combis. Solicit\u00e9 el contrato para ver las condiciones porque est\u00e1 desbordado. Hay momentos durante la semana que hay gran demanda y mis empleadas no pueden viajar. Ellas viven en Tornquist\u201d.<\/p>\n<p>De igual forma remarc\u00f3 que \u201cayer fui testigo: 15 personas se quedaron abajo porque la combi ya estaba completa. Eran empleados y turistas. Pero no solo ah\u00ed. Tambi\u00e9n la gente que se quiere mover de Saldungaray a Villa\u201d.<\/p>\n<p>En otro pasaje de la charla reconoci\u00f3 que \u201clas combis est\u00e1n, lo que pasa es que la capacidad est\u00e1 excedida por la demanda y casi siempre se da en fines de semana, o comienzo de fin de semana largo, pero afecta a los trabajadores que deben moverse entre localidades de la comarca. La gente a veces no puede viajar, otras va parada y es una locura\u201d.<\/p>\n<p>Haciendo memoria, admiti\u00f3 que \u201cesto viene hace m\u00e1s de un a\u00f1o. El problema se arrastra. La gente no mueve su auto y se vuelca a la combi. Hoy un viaje de Tornquist a Villa Ventana, ida y vuelta, gasta $500 pesos. No hay servicio. No es el conurbano bonaerense. El boleto no parece subsidiado\u201d.<\/p>\n<p>En ese aspecto sostuvo que \u201chay que cuidar a la gente que viene a trabajar. Estos trabajadores tienen que tener la seguridad de tener un lugar en la combi. No pueden quedarse varados. Anoche llev\u00e9 a mis trabajadores hasta sus casas en Tornquist porque no ten\u00edan lugar en la combi\u201d.<\/p>\n<p>Por \u00faltimo, y a modo de reflexi\u00f3n, confi\u00f3 en que \u201cquiz\u00e1s este tipo de transporte y las frecuencias quedaron obsoletos. No podemos desconocer c\u00f3mo ha crecido la comarca y obviamente las necesidades comienzan a ser otras\u201d.<\/p>\n<p><iframe loading=\"lazy\" src=\"https:\/\/w.soundcloud.com\/player\/?url=https%3A\/\/api.soundcloud.com\/tracks\/1299404560&amp;color=%23ff5500&amp;auto_play=false&amp;hide_related=false&amp;show_comments=true&amp;show_user=true&amp;show_reposts=false&amp;show_teaser=true\" width=\"100%\" height=\"166\" frameborder=\"no\" scrolling=\"no\"><\/iframe><\/p>\n<div style=\"font-size: 10px; color: #cccccc; line-break: anywhere; word-break: normal; overflow: hidden; white-space: nowrap; text-overflow: ellipsis; font-family: Interstate,Lucida Grande,Lucida Sans Unicode,Lucida Sans,Garuda,Verdana,Tahoma,sans-serif; font-weight: 100;\"><a style=\"color: #cccccc; text-decoration: none;\" title=\"fmreflejos 103.7\" href=\"https:\/\/soundcloud.com\/fmreflejos-103-7\" target=\"_blank\" rel=\"noopener\">fmreflejos 103.7<\/a> \u00b7 <a style=\"color: #cccccc; text-decoration: none;\" title=\"Daniel Devila\" href=\"https:\/\/soundcloud.com\/fmreflejos-103-7\/daniel-devila-2\" target=\"_blank\" rel=\"noopener\">Daniel Devila<\/a><\/div>\n","protected":false},"excerpt":{"rendered":"<p>Daniel Devila, Gerente del Complejo Hotelero y Gastron\u00f3mico de Villa Ventana La Gran Caba\u00f1a, analiz\u00f3 la cr\u00edtica situaci\u00f3n que atraviesan decenas de trabajadores diariamente al tratar de utilizar el transporte p\u00fablico. La situaci\u00f3n cada d\u00eda se vuelve m\u00e1s compleja y el sistema, de a momentos, se colapsa sin soluci\u00f3n. El transporte p\u00fablico de pasajeros en [&hellip;]<\/p>\n","protected":false},"author":3,"featured_media":74596,"comment_status":"closed","ping_status":"closed","sticky":false,"template":"","format":"standard","meta":{"footnotes":""},"categories":[28,24,26],"tags":[48],"class_list":["post-74590","post","type-post","status-publish","format-standard","has-post-thumbnail","hentry","category-municipales","category-politica","category-sociedad","tag-destacada"],"yoast_head":"<!-- This site is optimized with the Yoast SEO plugin v25.9 - https:\/\/yoast.com\/wordpress\/plugins\/seo\/ -->\n<title>Transporte de pasajeros en la comarca: \u201cLa gente a veces no puede viajar, otras va parada y es una locura\u201d - Noticias Radio Reflejos<\/title>\n<meta name=\"robots\" content=\"index, follow, max-snippet:-1, max-image-preview:large, max-video-preview:-1\" \/>\n<link rel=\"canonical\" href=\"https:\/\/www.noticiasradioreflejos.com.ar\/2021\/trasporte-de-pasajeros-en-la-comarca-la-gente-a-veces-no-puede-viajar-otras-va-parada-y-es-una-locura\/\" \/>\n<meta property=\"og:locale\" content=\"es_ES\" \/>\n<meta property=\"og:type\" content=\"article\" \/>\n<meta property=\"og:title\" content=\"Transporte de pasajeros en la comarca: \u201cLa gente a veces no puede viajar, otras va parada y es una locura\u201d - Noticias Radio Reflejos\" \/>\n<meta property=\"og:description\" content=\"Daniel Devila, Gerente del Complejo Hotelero y Gastron\u00f3mico de Villa Ventana La Gran Caba\u00f1a, analiz\u00f3 la cr\u00edtica situaci\u00f3n que atraviesan decenas de trabajadores diariamente al tratar de utilizar el transporte p\u00fablico. La situaci\u00f3n cada d\u00eda se vuelve m\u00e1s compleja y el sistema, de a momentos, se colapsa sin soluci\u00f3n. El transporte p\u00fablico de pasajeros en [&hellip;]\" \/>\n<meta property=\"og:url\" content=\"https:\/\/www.noticiasradioreflejos.com.ar\/2021\/trasporte-de-pasajeros-en-la-comarca-la-gente-a-veces-no-puede-viajar-otras-va-parada-y-es-una-locura\/\" \/>\n<meta property=\"og:site_name\" content=\"Noticias Radio Reflejos\" \/>\n<meta property=\"article:published_time\" content=\"2022-07-04T18:27:16+00:00\" \/>\n<meta property=\"article:modified_time\" content=\"2022-07-04T19:30:42+00:00\" \/>\n<meta property=\"og:image\" content=\"https:\/\/www.noticiasradioreflejos.com.ar\/2021\/wp-content\/uploads\/2022\/07\/ruta-76-abra.jpg\" \/>\n\t<meta property=\"og:image:width\" content=\"848\" \/>\n\t<meta property=\"og:image:height\" content=\"477\" \/>\n\t<meta property=\"og:image:type\" content=\"image\/jpeg\" \/>\n<meta name=\"author\" content=\"Arnaldo Botto\" \/>\n<meta name=\"twitter:card\" content=\"summary_large_image\" \/>\n<script type=\"application\/ld+json\" class=\"yoast-schema-graph\">{\"@context\":\"https:\/\/schema.org\",\"@graph\":[{\"@type\":\"WebPage\",\"@id\":\"https:\/\/www.noticiasradioreflejos.com.ar\/2021\/trasporte-de-pasajeros-en-la-comarca-la-gente-a-veces-no-puede-viajar-otras-va-parada-y-es-una-locura\/\",\"url\":\"https:\/\/www.noticiasradioreflejos.com.ar\/2021\/trasporte-de-pasajeros-en-la-comarca-la-gente-a-veces-no-puede-viajar-otras-va-parada-y-es-una-locura\/\",\"name\":\"Transporte de pasajeros en la comarca: \u201cLa gente a veces no puede viajar, otras va parada y es una locura\u201d - Noticias Radio Reflejos\",\"isPartOf\":{\"@id\":\"https:\/\/www.noticiasradioreflejos.com.ar\/2021\/#website\"},\"primaryImageOfPage\":{\"@id\":\"https:\/\/www.noticiasradioreflejos.com.ar\/2021\/trasporte-de-pasajeros-en-la-comarca-la-gente-a-veces-no-puede-viajar-otras-va-parada-y-es-una-locura\/#primaryimage\"},\"image\":{\"@id\":\"https:\/\/www.noticiasradioreflejos.com.ar\/2021\/trasporte-de-pasajeros-en-la-comarca-la-gente-a-veces-no-puede-viajar-otras-va-parada-y-es-una-locura\/#primaryimage\"},\"thumbnailUrl\":\"https:\/\/www.noticiasradioreflejos.com.ar\/2021\/wp-content\/uploads\/2022\/07\/ruta-76-abra.jpg\",\"datePublished\":\"2022-07-04T18:27:16+00:00\",\"dateModified\":\"2022-07-04T19:30:42+00:00\",\"author\":{\"@id\":\"https:\/\/www.noticiasradioreflejos.com.ar\/2021\/#\/schema\/person\/ad82545263dcc5ec0996818884fd5fb1\"},\"breadcrumb\":{\"@id\":\"https:\/\/www.noticiasradioreflejos.com.ar\/2021\/trasporte-de-pasajeros-en-la-comarca-la-gente-a-veces-no-puede-viajar-otras-va-parada-y-es-una-locura\/#breadcrumb\"},\"inLanguage\":\"es\",\"potentialAction\":[{\"@type\":\"ReadAction\",\"target\":[\"https:\/\/www.noticiasradioreflejos.com.ar\/2021\/trasporte-de-pasajeros-en-la-comarca-la-gente-a-veces-no-puede-viajar-otras-va-parada-y-es-una-locura\/\"]}]},{\"@type\":\"ImageObject\",\"inLanguage\":\"es\",\"@id\":\"https:\/\/www.noticiasradioreflejos.com.ar\/2021\/trasporte-de-pasajeros-en-la-comarca-la-gente-a-veces-no-puede-viajar-otras-va-parada-y-es-una-locura\/#primaryimage\",\"url\":\"https:\/\/www.noticiasradioreflejos.com.ar\/2021\/wp-content\/uploads\/2022\/07\/ruta-76-abra.jpg\",\"contentUrl\":\"https:\/\/www.noticiasradioreflejos.com.ar\/2021\/wp-content\/uploads\/2022\/07\/ruta-76-abra.jpg\",\"width\":848,\"height\":477},{\"@type\":\"BreadcrumbList\",\"@id\":\"https:\/\/www.noticiasradioreflejos.com.ar\/2021\/trasporte-de-pasajeros-en-la-comarca-la-gente-a-veces-no-puede-viajar-otras-va-parada-y-es-una-locura\/#breadcrumb\",\"itemListElement\":[{\"@type\":\"ListItem\",\"position\":1,\"name\":\"Portada\",\"item\":\"https:\/\/www.noticiasradioreflejos.com.ar\/2021\/\"},{\"@type\":\"ListItem\",\"position\":2,\"name\":\"Transporte de pasajeros en la comarca: \u201cLa gente a veces no puede viajar, otras va parada y es una locura\u201d\"}]},{\"@type\":\"WebSite\",\"@id\":\"https:\/\/www.noticiasradioreflejos.com.ar\/2021\/#website\",\"url\":\"https:\/\/www.noticiasradioreflejos.com.ar\/2021\/\",\"name\":\"Noticias Radio Reflejos\",\"description\":\"Las noticias de mi comarca\",\"potentialAction\":[{\"@type\":\"SearchAction\",\"target\":{\"@type\":\"EntryPoint\",\"urlTemplate\":\"https:\/\/www.noticiasradioreflejos.com.ar\/2021\/?s={search_term_string}\"},\"query-input\":{\"@type\":\"PropertyValueSpecification\",\"valueRequired\":true,\"valueName\":\"search_term_string\"}}],\"inLanguage\":\"es\"},{\"@type\":\"Person\",\"@id\":\"https:\/\/www.noticiasradioreflejos.com.ar\/2021\/#\/schema\/person\/ad82545263dcc5ec0996818884fd5fb1\",\"name\":\"Arnaldo Botto\",\"image\":{\"@type\":\"ImageObject\",\"inLanguage\":\"es\",\"@id\":\"https:\/\/www.noticiasradioreflejos.com.ar\/2021\/#\/schema\/person\/image\/\",\"url\":\"https:\/\/secure.gravatar.com\/avatar\/55cb5e37c1efa326397366e6974cb338056df65cb50e7d64d1cf314e87504837?s=96&d=mm&r=g\",\"contentUrl\":\"https:\/\/secure.gravatar.com\/avatar\/55cb5e37c1efa326397366e6974cb338056df65cb50e7d64d1cf314e87504837?s=96&d=mm&r=g\",\"caption\":\"Arnaldo Botto\"},\"url\":\"https:\/\/www.noticiasradioreflejos.com.ar\/2021\/author\/arnaldo\/\"}]}<\/script>\n<!-- \/ Yoast SEO plugin. -->","yoast_head_json":{"title":"Transporte de pasajeros en la comarca: \u201cLa gente a veces no puede viajar, otras va parada y es una locura\u201d - Noticias Radio Reflejos","robots":{"index":"index","follow":"follow","max-snippet":"max-snippet:-1","max-image-preview":"max-image-preview:large","max-video-preview":"max-video-preview:-1"},"canonical":"https:\/\/www.noticiasradioreflejos.com.ar\/2021\/trasporte-de-pasajeros-en-la-comarca-la-gente-a-veces-no-puede-viajar-otras-va-parada-y-es-una-locura\/","og_locale":"es_ES","og_type":"article","og_title":"Transporte de pasajeros en la comarca: \u201cLa gente a veces no puede viajar, otras va parada y es una locura\u201d - Noticias Radio Reflejos","og_description":"Daniel Devila, Gerente del Complejo Hotelero y Gastron\u00f3mico de Villa Ventana La Gran Caba\u00f1a, analiz\u00f3 la cr\u00edtica situaci\u00f3n que atraviesan decenas de trabajadores diariamente al tratar de utilizar el transporte p\u00fablico. La situaci\u00f3n cada d\u00eda se vuelve m\u00e1s compleja y el sistema, de a momentos, se colapsa sin soluci\u00f3n. El transporte p\u00fablico de pasajeros en [&hellip;]","og_url":"https:\/\/www.noticiasradioreflejos.com.ar\/2021\/trasporte-de-pasajeros-en-la-comarca-la-gente-a-veces-no-puede-viajar-otras-va-parada-y-es-una-locura\/","og_site_name":"Noticias Radio Reflejos","article_published_time":"2022-07-04T18:27:16+00:00","article_modified_time":"2022-07-04T19:30:42+00:00","og_image":[{"width":848,"height":477,"url":"https:\/\/www.noticiasradioreflejos.com.ar\/2021\/wp-content\/uploads\/2022\/07\/ruta-76-abra.jpg","type":"image\/jpeg"}],"author":"Arnaldo Botto","twitter_card":"summary_large_image","schema":{"@context":"https:\/\/schema.org","@graph":[{"@type":"WebPage","@id":"https:\/\/www.noticiasradioreflejos.com.ar\/2021\/trasporte-de-pasajeros-en-la-comarca-la-gente-a-veces-no-puede-viajar-otras-va-parada-y-es-una-locura\/","url":"https:\/\/www.noticiasradioreflejos.com.ar\/2021\/trasporte-de-pasajeros-en-la-comarca-la-gente-a-veces-no-puede-viajar-otras-va-parada-y-es-una-locura\/","name":"Transporte de pasajeros en la comarca: \u201cLa gente a veces no puede viajar, otras va parada y es una locura\u201d - Noticias Radio Reflejos","isPartOf":{"@id":"https:\/\/www.noticiasradioreflejos.com.ar\/2021\/#website"},"primaryImageOfPage":{"@id":"https:\/\/www.noticiasradioreflejos.com.ar\/2021\/trasporte-de-pasajeros-en-la-comarca-la-gente-a-veces-no-puede-viajar-otras-va-parada-y-es-una-locura\/#primaryimage"},"image":{"@id":"https:\/\/www.noticiasradioreflejos.com.ar\/2021\/trasporte-de-pasajeros-en-la-comarca-la-gente-a-veces-no-puede-viajar-otras-va-parada-y-es-una-locura\/#primaryimage"},"thumbnailUrl":"https:\/\/www.noticiasradioreflejos.com.ar\/2021\/wp-content\/uploads\/2022\/07\/ruta-76-abra.jpg","datePublished":"2022-07-04T18:27:16+00:00","dateModified":"2022-07-04T19:30:42+00:00","author":{"@id":"https:\/\/www.noticiasradioreflejos.com.ar\/2021\/#\/schema\/person\/ad82545263dcc5ec0996818884fd5fb1"},"breadcrumb":{"@id":"https:\/\/www.noticiasradioreflejos.com.ar\/2021\/trasporte-de-pasajeros-en-la-comarca-la-gente-a-veces-no-puede-viajar-otras-va-parada-y-es-una-locura\/#breadcrumb"},"inLanguage":"es","potentialAction":[{"@type":"ReadAction","target":["https:\/\/www.noticiasradioreflejos.com.ar\/2021\/trasporte-de-pasajeros-en-la-comarca-la-gente-a-veces-no-puede-viajar-otras-va-parada-y-es-una-locura\/"]}]},{"@type":"ImageObject","inLanguage":"es","@id":"https:\/\/www.noticiasradioreflejos.com.ar\/2021\/trasporte-de-pasajeros-en-la-comarca-la-gente-a-veces-no-puede-viajar-otras-va-parada-y-es-una-locura\/#primaryimage","url":"https:\/\/www.noticiasradioreflejos.com.ar\/2021\/wp-content\/uploads\/2022\/07\/ruta-76-abra.jpg","contentUrl":"https:\/\/www.noticiasradioreflejos.com.ar\/2021\/wp-content\/uploads\/2022\/07\/ruta-76-abra.jpg","width":848,"height":477},{"@type":"BreadcrumbList","@id":"https:\/\/www.noticiasradioreflejos.com.ar\/2021\/trasporte-de-pasajeros-en-la-comarca-la-gente-a-veces-no-puede-viajar-otras-va-parada-y-es-una-locura\/#breadcrumb","itemListElement":[{"@type":"ListItem","position":1,"name":"Portada","item":"https:\/\/www.noticiasradioreflejos.com.ar\/2021\/"},{"@type":"ListItem","position":2,"name":"Transporte de pasajeros en la comarca: \u201cLa gente a veces no puede viajar, otras va parada y es una locura\u201d"}]},{"@type":"WebSite","@id":"https:\/\/www.noticiasradioreflejos.com.ar\/2021\/#website","url":"https:\/\/www.noticiasradioreflejos.com.ar\/2021\/","name":"Noticias Radio Reflejos","description":"Las noticias de mi comarca","potentialAction":[{"@type":"SearchAction","target":{"@type":"EntryPoint","urlTemplate":"https:\/\/www.noticiasradioreflejos.com.ar\/2021\/?s={search_term_string}"},"query-input":{"@type":"PropertyValueSpecification","valueRequired":true,"valueName":"search_term_string"}}],"inLanguage":"es"},{"@type":"Person","@id":"https:\/\/www.noticiasradioreflejos.com.ar\/2021\/#\/schema\/person\/ad82545263dcc5ec0996818884fd5fb1","name":"Arnaldo Botto","image":{"@type":"ImageObject","inLanguage":"es","@id":"https:\/\/www.noticiasradioreflejos.com.ar\/2021\/#\/schema\/person\/image\/","url":"https:\/\/secure.gravatar.com\/avatar\/55cb5e37c1efa326397366e6974cb338056df65cb50e7d64d1cf314e87504837?s=96&d=mm&r=g","contentUrl":"https:\/\/secure.gravatar.com\/avatar\/55cb5e37c1efa326397366e6974cb338056df65cb50e7d64d1cf314e87504837?s=96&d=mm&r=g","caption":"Arnaldo Botto"},"url":"https:\/\/www.noticiasradioreflejos.com.ar\/2021\/author\/arnaldo\/"}]}},"_links":{"self":[{"href":"https:\/\/www.noticiasradioreflejos.com.ar\/2021\/wp-json\/wp\/v2\/posts\/74590","targetHints":{"allow":["GET"]}}],"collection":[{"href":"https:\/\/www.noticiasradioreflejos.com.ar\/2021\/wp-json\/wp\/v2\/posts"}],"about":[{"href":"https:\/\/www.noticiasradioreflejos.com.ar\/2021\/wp-json\/wp\/v2\/types\/post"}],"author":[{"embeddable":true,"href":"https:\/\/www.noticiasradioreflejos.com.ar\/2021\/wp-json\/wp\/v2\/users\/3"}],"replies":[{"embeddable":true,"href":"https:\/\/www.noticiasradioreflejos.com.ar\/2021\/wp-json\/wp\/v2\/comments?post=74590"}],"version-history":[{"count":5,"href":"https:\/\/www.noticiasradioreflejos.com.ar\/2021\/wp-json\/wp\/v2\/posts\/74590\/revisions"}],"predecessor-version":[{"id":74609,"href":"https:\/\/www.noticiasradioreflejos.com.ar\/2021\/wp-json\/wp\/v2\/posts\/74590\/revisions\/74609"}],"wp:featuredmedia":[{"embeddable":true,"href":"https:\/\/www.noticiasradioreflejos.com.ar\/2021\/wp-json\/wp\/v2\/media\/74596"}],"wp:attachment":[{"href":"https:\/\/www.noticiasradioreflejos.com.ar\/2021\/wp-json\/wp\/v2\/media?parent=74590"}],"wp:term":[{"taxonomy":"category","embeddable":true,"href":"https:\/\/www.noticiasradioreflejos.com.ar\/2021\/wp-json\/wp\/v2\/categories?post=74590"},{"taxonomy":"post_tag","embeddable":true,"href":"https:\/\/www.noticiasradioreflejos.com.ar\/2021\/wp-json\/wp\/v2\/tags?post=74590"}],"curies":[{"name":"wp","href":"https:\/\/api.w.org\/{rel}","templated":true}]}}