{"id":74581,"date":"2022-07-04T11:08:41","date_gmt":"2022-07-04T11:08:41","guid":{"rendered":"http:\/\/www.noticiasradioreflejos.com.ar\/2021\/?p=74581"},"modified":"2022-07-04T11:08:41","modified_gmt":"2022-07-04T11:08:41","slug":"el-instituto-balseiro-lanzo-un-concurso-para-estudiantes-y-cientificos-de-hasta-35-anos","status":"publish","type":"post","link":"https:\/\/www.noticiasradioreflejos.com.ar\/2021\/el-instituto-balseiro-lanzo-un-concurso-para-estudiantes-y-cientificos-de-hasta-35-anos\/","title":{"rendered":"El Instituto Balseiro lanz\u00f3 un concurso para estudiantes y cient\u00edficos de hasta 35 a\u00f1os"},"content":{"rendered":"<p>La 12\u00aa edici\u00f3n del IB50K tendr\u00e1 diez finalistas, entre quienes ser\u00e1 distribuida una suma total del equivalente a 100.000 d\u00f3lares y premios especiales aportados por distintos organismos, empresas y universidades que acompa\u00f1an la iniciativa.<!--more--><\/p>\n<figure class=\"mb-3\"><img decoding=\"async\" src=\"https:\/\/www.telam.com.ar\/thumbs\/bluesteel\/advf\/imagenes\/2022\/07\/62c1df2a0f549_900.jpg\" alt=\"Las inscripciones estn abiertas hasta el 8 de agosto y los interesados pueden acceder a mayor informacin sobre el Concurso IB50K escribiendo a ib50kibeduar o en httpslinktreeIB50K\" width=\"100%\" height=\"100%\" \/><\/p>\n<div class=\"media-icons\"><\/div><figcaption>Las inscripciones est\u00e1n abiertas hasta el 8 de agosto y los interesados pueden acceder a mayor informaci\u00f3n sobre el Concurso IB50K escribiendo a ib50k@ib.edu.ar o en https:\/\/linktr.ee\/IB50K.<\/figcaption><\/figure>\n<p>Estudiantes o profesionales no mayores de 35 a\u00f1os graduados de ciencias aplicadas, b\u00e1sicas o de la salud tienen plazo hasta el pr\u00f3ximo 8 de agosto para inscribirse al IB50K, concurso organizado por el Instituto Balseiro (IB), el cual los convoca a organizarse en equipo con el prop\u00f3sito de formular un plan de negocios para generar una empresa de base tecnol\u00f3gica.<\/p>\n<p><strong>El IB, dependiente de la Comisi\u00f3n Nacional de Energ\u00eda At\u00f3mica (CNEA) y la Universidad Nacional de Cuyo (Uncuyo)<\/strong>, confirm\u00f3 que esta 12\u00aa edici\u00f3n del IB50K tendr\u00e1 diez finalistas, entre quienes ser\u00e1 distribuida una suma total del\u00a0<strong>equivalente a 100.000 d\u00f3lares<\/strong>\u00a0y premios especiales aportados por distintos organismos, empresas y universidades que acompa\u00f1an la iniciativa.<\/p>\n<blockquote class=\"\"><p>El premio principal es el equivalente a 50.000 d\u00f3lares.<\/p><\/blockquote>\n<p>En el certamen se reciben proyectos de todo el pa\u00eds en las m\u00e1s diversas \u00e1reas tecnol\u00f3gicas. Entre ellas: i<strong>nteligencia artificial, biotecnolog\u00eda, rob\u00f3tica, telecomunicaciones, tecnolog\u00eda de la informaci\u00f3n, aplicadas a campos como: salud, cambio clim\u00e1tico, energ\u00eda, arte, m\u00fasica y educaci\u00f3n.<\/strong><\/p>\n<p>Este a\u00f1o se propone a los j\u00f3venes que enfaticen las posibilidades que tienen sus planes de negocios de aportar al desarrollo del pa\u00eds y enraizarse localmente.<\/p>\n<p>La secretaria de Vinculaci\u00f3n e Innovaci\u00f3n de IB y directora del Centro Cient\u00edfico Tecnol\u00f3gico Conicet Patagonia Norte, la f\u00edsica\u00a0<strong>Mar\u00eda Luz Martiarena<\/strong>, afirm\u00f3 en di\u00e1logo con T\u00e9lam que \u00abesta iniciativa naci\u00f3 en 2009 con el objetivo de alentar, incentivar y provocar a los j\u00f3venes que terminan sus carreras para que consideren como una opci\u00f3n viable la generaci\u00f3n de empresas de base tecnol\u00f3gica en lugar de salir a buscar ofertas laborales en otro pa\u00eds o en una multinacional\u00bb.<\/p>\n<p>\u00abDarle a nuestros j\u00f3venes profesionales e investigadores las oportunidades para que desarrollen sus propias empresas de base tecnol\u00f3gica es imprescindible para que nuestro pa\u00eds crezca; para que podamos hablar de empleo de calidad, de reducci\u00f3n de la pobreza y del desarrollo es necesario enraizar el conocimiento en el territorio porque ese es el camino para complejizar la matriz productiva y generar renta en el pa\u00eds,\u00a0<strong>si esas ideas se terminan yendo a Luxemburgo o Silicon Valley no generan crecimiento en Argentina\u00bb<\/strong>, consider\u00f3.<\/p>\n<p>En ese sentido, Martiarena remarc\u00f3 que \u00abcompetencia global no es lo mismo que migraci\u00f3n de talentos y de proyectos; el dise\u00f1ar proyectos, concursos e innovaciones, el dise\u00f1ar c\u00f3mo hacemos para generar un piso que permita que las empresas que se generan en nuestro pa\u00eds puedan enraizar en nuestras regiones es,<strong>\u00a0a mi manera de ver, uno de los grandes desaf\u00edos<\/strong>\u00ab.<\/p>\n<p>\u00abEst\u00e1 genial que sean exitosos los proyectos en el Silicon Valley, pero es un desaf\u00edo para nosotros porque no es que all\u00e1 no tengan techo, es que no estamos construyendo piso nosotros\u00bb, agreg\u00f3.<\/p>\n<p>La f\u00edsica enfatiz\u00f3 la importancia de los aportes de la CNEA y la Uncuyo para facilitar la organizaci\u00f3n y subray\u00f3 que todos los recursos que se reparten en premios provienen de empresas e instituciones del pa\u00eds quienes, a\u00f1o a a\u00f1o, hacen posible la continuidad del IB50K.<\/p>\n<p>Asimismo, Martiarena indic\u00f3 que\u00a0<strong>\u00abla \u00fanica restricci\u00f3n que tiene el concurso es que podr\u00e1n participar equipos en los que al menos el 50% de sus integrantes sean j\u00f3venes no mayores de 35 a\u00f1os<\/strong>, quienes deben ser estudiantes y\/o graduados de institutos terciarios o universidades en las \u00e1reas disciplinarias de ciencias aplicadas, b\u00e1sicas y\/o de la salud; adem\u00e1s promovemos la conformaci\u00f3n de equipos interdisciplinarios\u00bb.<\/p>\n<p>\u00abLos diez equipos finalistas atravesar\u00e1n una etapa de mentoreo y el 24 de noviembre viajar\u00e1n a la sede del Instituto Balseiro, en Bariloche, para presentar sus iniciativas ante el jurado que decidir\u00e1 la distribuci\u00f3n de los premios\u00bb, complet\u00f3.<\/p>\n<p>Las inscripciones est\u00e1n abiertas hasta el 8 de agosto y los interesados pueden acceder a mayor informaci\u00f3n sobre el Concurso IB50K escribiendo a ib50k@ib.edu.ar o en\u00a0<a href=\"https:\/\/linktr.ee\/IB50K\" target=\"_blank\" rel=\"noopener\">https:\/\/linktr.ee\/IB50K<\/a>.<\/p>\n<p>Entre los patrocinantes de esta iniciativa se encuentran el Grupo Techint (Ternium), Siemens Energy, ARSAT, Pan American Energy, Fundaci\u00f3n Empretec, Alma Global, SF500, Santa Fe, CONUAR, INVAP, Javier Kreiner, ALUAR, Fundaci\u00f3n Balseiro y la Asociaci\u00f3n de ExAlumnos del Instituto Balseiro.<\/p>\n","protected":false},"excerpt":{"rendered":"<p>La 12\u00aa edici\u00f3n del IB50K tendr\u00e1 diez finalistas, entre quienes ser\u00e1 distribuida una suma total del equivalente a 100.000 d\u00f3lares y premios especiales aportados por distintos organismos, empresas y universidades que acompa\u00f1an la iniciativa.<\/p>\n","protected":false},"author":3,"featured_media":0,"comment_status":"closed","ping_status":"closed","sticky":false,"template":"","format":"standard","meta":{"footnotes":""},"categories":[46,34],"tags":[],"class_list":["post-74581","post","type-post","status-publish","format-standard","hentry","category-ciencia-y-tecnologia","category-educacion"],"yoast_head":"<!-- This site is optimized with the Yoast SEO plugin v25.9 - https:\/\/yoast.com\/wordpress\/plugins\/seo\/ -->\n<title>El Instituto Balseiro lanz\u00f3 un concurso para estudiantes y cient\u00edficos de hasta 35 a\u00f1os - Noticias Radio Reflejos<\/title>\n<meta name=\"robots\" content=\"index, follow, max-snippet:-1, max-image-preview:large, max-video-preview:-1\" \/>\n<link rel=\"canonical\" href=\"https:\/\/www.noticiasradioreflejos.com.ar\/2021\/el-instituto-balseiro-lanzo-un-concurso-para-estudiantes-y-cientificos-de-hasta-35-anos\/\" \/>\n<meta property=\"og:locale\" content=\"es_ES\" \/>\n<meta property=\"og:type\" content=\"article\" \/>\n<meta property=\"og:title\" content=\"El Instituto Balseiro lanz\u00f3 un concurso para estudiantes y cient\u00edficos de hasta 35 a\u00f1os - Noticias Radio Reflejos\" \/>\n<meta property=\"og:description\" content=\"La 12\u00aa edici\u00f3n del IB50K tendr\u00e1 diez finalistas, entre quienes ser\u00e1 distribuida una suma total del equivalente a 100.000 d\u00f3lares y premios especiales aportados por distintos organismos, empresas y universidades que acompa\u00f1an la iniciativa.\" \/>\n<meta property=\"og:url\" content=\"https:\/\/www.noticiasradioreflejos.com.ar\/2021\/el-instituto-balseiro-lanzo-un-concurso-para-estudiantes-y-cientificos-de-hasta-35-anos\/\" \/>\n<meta property=\"og:site_name\" content=\"Noticias Radio Reflejos\" \/>\n<meta property=\"article:published_time\" content=\"2022-07-04T11:08:41+00:00\" \/>\n<meta property=\"og:image\" content=\"https:\/\/www.telam.com.ar\/thumbs\/bluesteel\/advf\/imagenes\/2022\/07\/62c1df2a0f549_900.jpg\" \/>\n<meta name=\"author\" content=\"Arnaldo Botto\" \/>\n<meta name=\"twitter:card\" content=\"summary_large_image\" \/>\n<script type=\"application\/ld+json\" class=\"yoast-schema-graph\">{\"@context\":\"https:\/\/schema.org\",\"@graph\":[{\"@type\":\"WebPage\",\"@id\":\"https:\/\/www.noticiasradioreflejos.com.ar\/2021\/el-instituto-balseiro-lanzo-un-concurso-para-estudiantes-y-cientificos-de-hasta-35-anos\/\",\"url\":\"https:\/\/www.noticiasradioreflejos.com.ar\/2021\/el-instituto-balseiro-lanzo-un-concurso-para-estudiantes-y-cientificos-de-hasta-35-anos\/\",\"name\":\"El Instituto Balseiro lanz\u00f3 un concurso para estudiantes y cient\u00edficos de hasta 35 a\u00f1os - Noticias Radio Reflejos\",\"isPartOf\":{\"@id\":\"https:\/\/www.noticiasradioreflejos.com.ar\/2021\/#website\"},\"primaryImageOfPage\":{\"@id\":\"https:\/\/www.noticiasradioreflejos.com.ar\/2021\/el-instituto-balseiro-lanzo-un-concurso-para-estudiantes-y-cientificos-de-hasta-35-anos\/#primaryimage\"},\"image\":{\"@id\":\"https:\/\/www.noticiasradioreflejos.com.ar\/2021\/el-instituto-balseiro-lanzo-un-concurso-para-estudiantes-y-cientificos-de-hasta-35-anos\/#primaryimage\"},\"thumbnailUrl\":\"https:\/\/www.telam.com.ar\/thumbs\/bluesteel\/advf\/imagenes\/2022\/07\/62c1df2a0f549_900.jpg\",\"datePublished\":\"2022-07-04T11:08:41+00:00\",\"author\":{\"@id\":\"https:\/\/www.noticiasradioreflejos.com.ar\/2021\/#\/schema\/person\/ad82545263dcc5ec0996818884fd5fb1\"},\"breadcrumb\":{\"@id\":\"https:\/\/www.noticiasradioreflejos.com.ar\/2021\/el-instituto-balseiro-lanzo-un-concurso-para-estudiantes-y-cientificos-de-hasta-35-anos\/#breadcrumb\"},\"inLanguage\":\"es\",\"potentialAction\":[{\"@type\":\"ReadAction\",\"target\":[\"https:\/\/www.noticiasradioreflejos.com.ar\/2021\/el-instituto-balseiro-lanzo-un-concurso-para-estudiantes-y-cientificos-de-hasta-35-anos\/\"]}]},{\"@type\":\"ImageObject\",\"inLanguage\":\"es\",\"@id\":\"https:\/\/www.noticiasradioreflejos.com.ar\/2021\/el-instituto-balseiro-lanzo-un-concurso-para-estudiantes-y-cientificos-de-hasta-35-anos\/#primaryimage\",\"url\":\"https:\/\/www.telam.com.ar\/thumbs\/bluesteel\/advf\/imagenes\/2022\/07\/62c1df2a0f549_900.jpg\",\"contentUrl\":\"https:\/\/www.telam.com.ar\/thumbs\/bluesteel\/advf\/imagenes\/2022\/07\/62c1df2a0f549_900.jpg\"},{\"@type\":\"BreadcrumbList\",\"@id\":\"https:\/\/www.noticiasradioreflejos.com.ar\/2021\/el-instituto-balseiro-lanzo-un-concurso-para-estudiantes-y-cientificos-de-hasta-35-anos\/#breadcrumb\",\"itemListElement\":[{\"@type\":\"ListItem\",\"position\":1,\"name\":\"Portada\",\"item\":\"https:\/\/www.noticiasradioreflejos.com.ar\/2021\/\"},{\"@type\":\"ListItem\",\"position\":2,\"name\":\"El Instituto Balseiro lanz\u00f3 un concurso para estudiantes y cient\u00edficos de hasta 35 a\u00f1os\"}]},{\"@type\":\"WebSite\",\"@id\":\"https:\/\/www.noticiasradioreflejos.com.ar\/2021\/#website\",\"url\":\"https:\/\/www.noticiasradioreflejos.com.ar\/2021\/\",\"name\":\"Noticias Radio Reflejos\",\"description\":\"Las noticias de mi comarca\",\"potentialAction\":[{\"@type\":\"SearchAction\",\"target\":{\"@type\":\"EntryPoint\",\"urlTemplate\":\"https:\/\/www.noticiasradioreflejos.com.ar\/2021\/?s={search_term_string}\"},\"query-input\":{\"@type\":\"PropertyValueSpecification\",\"valueRequired\":true,\"valueName\":\"search_term_string\"}}],\"inLanguage\":\"es\"},{\"@type\":\"Person\",\"@id\":\"https:\/\/www.noticiasradioreflejos.com.ar\/2021\/#\/schema\/person\/ad82545263dcc5ec0996818884fd5fb1\",\"name\":\"Arnaldo Botto\",\"image\":{\"@type\":\"ImageObject\",\"inLanguage\":\"es\",\"@id\":\"https:\/\/www.noticiasradioreflejos.com.ar\/2021\/#\/schema\/person\/image\/\",\"url\":\"https:\/\/secure.gravatar.com\/avatar\/55cb5e37c1efa326397366e6974cb338056df65cb50e7d64d1cf314e87504837?s=96&d=mm&r=g\",\"contentUrl\":\"https:\/\/secure.gravatar.com\/avatar\/55cb5e37c1efa326397366e6974cb338056df65cb50e7d64d1cf314e87504837?s=96&d=mm&r=g\",\"caption\":\"Arnaldo Botto\"},\"url\":\"https:\/\/www.noticiasradioreflejos.com.ar\/2021\/author\/arnaldo\/\"}]}<\/script>\n<!-- \/ Yoast SEO plugin. -->","yoast_head_json":{"title":"El Instituto Balseiro lanz\u00f3 un concurso para estudiantes y cient\u00edficos de hasta 35 a\u00f1os - Noticias Radio Reflejos","robots":{"index":"index","follow":"follow","max-snippet":"max-snippet:-1","max-image-preview":"max-image-preview:large","max-video-preview":"max-video-preview:-1"},"canonical":"https:\/\/www.noticiasradioreflejos.com.ar\/2021\/el-instituto-balseiro-lanzo-un-concurso-para-estudiantes-y-cientificos-de-hasta-35-anos\/","og_locale":"es_ES","og_type":"article","og_title":"El Instituto Balseiro lanz\u00f3 un concurso para estudiantes y cient\u00edficos de hasta 35 a\u00f1os - Noticias Radio Reflejos","og_description":"La 12\u00aa edici\u00f3n del IB50K tendr\u00e1 diez finalistas, entre quienes ser\u00e1 distribuida una suma total del equivalente a 100.000 d\u00f3lares y premios especiales aportados por distintos organismos, empresas y universidades que acompa\u00f1an la iniciativa.","og_url":"https:\/\/www.noticiasradioreflejos.com.ar\/2021\/el-instituto-balseiro-lanzo-un-concurso-para-estudiantes-y-cientificos-de-hasta-35-anos\/","og_site_name":"Noticias Radio Reflejos","article_published_time":"2022-07-04T11:08:41+00:00","og_image":[{"url":"https:\/\/www.telam.com.ar\/thumbs\/bluesteel\/advf\/imagenes\/2022\/07\/62c1df2a0f549_900.jpg","type":"","width":"","height":""}],"author":"Arnaldo Botto","twitter_card":"summary_large_image","schema":{"@context":"https:\/\/schema.org","@graph":[{"@type":"WebPage","@id":"https:\/\/www.noticiasradioreflejos.com.ar\/2021\/el-instituto-balseiro-lanzo-un-concurso-para-estudiantes-y-cientificos-de-hasta-35-anos\/","url":"https:\/\/www.noticiasradioreflejos.com.ar\/2021\/el-instituto-balseiro-lanzo-un-concurso-para-estudiantes-y-cientificos-de-hasta-35-anos\/","name":"El Instituto Balseiro lanz\u00f3 un concurso para estudiantes y cient\u00edficos de hasta 35 a\u00f1os - Noticias Radio Reflejos","isPartOf":{"@id":"https:\/\/www.noticiasradioreflejos.com.ar\/2021\/#website"},"primaryImageOfPage":{"@id":"https:\/\/www.noticiasradioreflejos.com.ar\/2021\/el-instituto-balseiro-lanzo-un-concurso-para-estudiantes-y-cientificos-de-hasta-35-anos\/#primaryimage"},"image":{"@id":"https:\/\/www.noticiasradioreflejos.com.ar\/2021\/el-instituto-balseiro-lanzo-un-concurso-para-estudiantes-y-cientificos-de-hasta-35-anos\/#primaryimage"},"thumbnailUrl":"https:\/\/www.telam.com.ar\/thumbs\/bluesteel\/advf\/imagenes\/2022\/07\/62c1df2a0f549_900.jpg","datePublished":"2022-07-04T11:08:41+00:00","author":{"@id":"https:\/\/www.noticiasradioreflejos.com.ar\/2021\/#\/schema\/person\/ad82545263dcc5ec0996818884fd5fb1"},"breadcrumb":{"@id":"https:\/\/www.noticiasradioreflejos.com.ar\/2021\/el-instituto-balseiro-lanzo-un-concurso-para-estudiantes-y-cientificos-de-hasta-35-anos\/#breadcrumb"},"inLanguage":"es","potentialAction":[{"@type":"ReadAction","target":["https:\/\/www.noticiasradioreflejos.com.ar\/2021\/el-instituto-balseiro-lanzo-un-concurso-para-estudiantes-y-cientificos-de-hasta-35-anos\/"]}]},{"@type":"ImageObject","inLanguage":"es","@id":"https:\/\/www.noticiasradioreflejos.com.ar\/2021\/el-instituto-balseiro-lanzo-un-concurso-para-estudiantes-y-cientificos-de-hasta-35-anos\/#primaryimage","url":"https:\/\/www.telam.com.ar\/thumbs\/bluesteel\/advf\/imagenes\/2022\/07\/62c1df2a0f549_900.jpg","contentUrl":"https:\/\/www.telam.com.ar\/thumbs\/bluesteel\/advf\/imagenes\/2022\/07\/62c1df2a0f549_900.jpg"},{"@type":"BreadcrumbList","@id":"https:\/\/www.noticiasradioreflejos.com.ar\/2021\/el-instituto-balseiro-lanzo-un-concurso-para-estudiantes-y-cientificos-de-hasta-35-anos\/#breadcrumb","itemListElement":[{"@type":"ListItem","position":1,"name":"Portada","item":"https:\/\/www.noticiasradioreflejos.com.ar\/2021\/"},{"@type":"ListItem","position":2,"name":"El Instituto Balseiro lanz\u00f3 un concurso para estudiantes y cient\u00edficos de hasta 35 a\u00f1os"}]},{"@type":"WebSite","@id":"https:\/\/www.noticiasradioreflejos.com.ar\/2021\/#website","url":"https:\/\/www.noticiasradioreflejos.com.ar\/2021\/","name":"Noticias Radio Reflejos","description":"Las noticias de mi comarca","potentialAction":[{"@type":"SearchAction","target":{"@type":"EntryPoint","urlTemplate":"https:\/\/www.noticiasradioreflejos.com.ar\/2021\/?s={search_term_string}"},"query-input":{"@type":"PropertyValueSpecification","valueRequired":true,"valueName":"search_term_string"}}],"inLanguage":"es"},{"@type":"Person","@id":"https:\/\/www.noticiasradioreflejos.com.ar\/2021\/#\/schema\/person\/ad82545263dcc5ec0996818884fd5fb1","name":"Arnaldo Botto","image":{"@type":"ImageObject","inLanguage":"es","@id":"https:\/\/www.noticiasradioreflejos.com.ar\/2021\/#\/schema\/person\/image\/","url":"https:\/\/secure.gravatar.com\/avatar\/55cb5e37c1efa326397366e6974cb338056df65cb50e7d64d1cf314e87504837?s=96&d=mm&r=g","contentUrl":"https:\/\/secure.gravatar.com\/avatar\/55cb5e37c1efa326397366e6974cb338056df65cb50e7d64d1cf314e87504837?s=96&d=mm&r=g","caption":"Arnaldo Botto"},"url":"https:\/\/www.noticiasradioreflejos.com.ar\/2021\/author\/arnaldo\/"}]}},"_links":{"self":[{"href":"https:\/\/www.noticiasradioreflejos.com.ar\/2021\/wp-json\/wp\/v2\/posts\/74581","targetHints":{"allow":["GET"]}}],"collection":[{"href":"https:\/\/www.noticiasradioreflejos.com.ar\/2021\/wp-json\/wp\/v2\/posts"}],"about":[{"href":"https:\/\/www.noticiasradioreflejos.com.ar\/2021\/wp-json\/wp\/v2\/types\/post"}],"author":[{"embeddable":true,"href":"https:\/\/www.noticiasradioreflejos.com.ar\/2021\/wp-json\/wp\/v2\/users\/3"}],"replies":[{"embeddable":true,"href":"https:\/\/www.noticiasradioreflejos.com.ar\/2021\/wp-json\/wp\/v2\/comments?post=74581"}],"version-history":[{"count":1,"href":"https:\/\/www.noticiasradioreflejos.com.ar\/2021\/wp-json\/wp\/v2\/posts\/74581\/revisions"}],"predecessor-version":[{"id":74583,"href":"https:\/\/www.noticiasradioreflejos.com.ar\/2021\/wp-json\/wp\/v2\/posts\/74581\/revisions\/74583"}],"wp:attachment":[{"href":"https:\/\/www.noticiasradioreflejos.com.ar\/2021\/wp-json\/wp\/v2\/media?parent=74581"}],"wp:term":[{"taxonomy":"category","embeddable":true,"href":"https:\/\/www.noticiasradioreflejos.com.ar\/2021\/wp-json\/wp\/v2\/categories?post=74581"},{"taxonomy":"post_tag","embeddable":true,"href":"https:\/\/www.noticiasradioreflejos.com.ar\/2021\/wp-json\/wp\/v2\/tags?post=74581"}],"curies":[{"name":"wp","href":"https:\/\/api.w.org\/{rel}","templated":true}]}}