{"id":74553,"date":"2022-07-03T14:36:53","date_gmt":"2022-07-03T14:36:53","guid":{"rendered":"http:\/\/www.noticiasradioreflejos.com.ar\/2021\/?p=74553"},"modified":"2022-07-03T14:36:53","modified_gmt":"2022-07-03T14:36:53","slug":"los-gladiadores-ya-conocen-a-sus-rivales-para-el-mundial-de-handball","status":"publish","type":"post","link":"https:\/\/www.noticiasradioreflejos.com.ar\/2021\/los-gladiadores-ya-conocen-a-sus-rivales-para-el-mundial-de-handball\/","title":{"rendered":"Los Gladiadores ya conocen a sus rivales para el Mundial de Handball"},"content":{"rendered":"<p>El seleccionado argentino compartir\u00e1 el grupo F con Noruega, Macedonia del Norte y Pa\u00edses Bajos, en el torneo que de disputar\u00e1 entre el 11 y 29 del a\u00f1o pr\u00f3ximo.<!--more--><\/p>\n<div class=\"wrapper-editable-content\">\n<div>\n<div class=\"wrapper-editable-content\">\n<div>\n<div class=\"container-md\">\n<div class=\"row\">\n<div class=\"col-md-12 speak\">\n<div class=\"paragraph\">\n<figure class=\"mb-3\"><img decoding=\"async\" src=\"https:\/\/www.telam.com.ar\/thumbs\/bluesteel\/advf\/imagenes\/2022\/07\/62c0ade6df957_900.jpg\" alt=\"Argentina volver a enfrentar a Noruega al igual que en los Juegos Olmpicos de Tokio 2020 Foto AFP\" width=\"100%\" height=\"100%\" \/><\/figure>\n<\/div>\n<\/div>\n<\/div>\n<\/div>\n<\/div>\n<\/div>\n<\/div>\n<\/div>\n<div class=\"media-icons\"><\/div>\n<p>Argentina volver\u00e1 a enfrentar a Noruega, al igual que en los Juegos Ol\u00edmpicos de Tokio 2020 \/ Foto: AFP.<\/p>\n<p>El seleccionado argentino de handball,<strong>\u00a0\u00abLos Gladiadores\u00bb<\/strong>, jugar\u00e1 con\u00a0<strong>Noruega, Macedonia del Norte y Pa\u00edses Bajos<\/strong>, en el Grupo F del mundial que se disputar\u00e1 en\u00a0<strong>Polonia y Suecia entre el 11 y 29 de enero del a\u00f1o pr\u00f3ximo<\/strong>.<\/p>\n<p>El equipo argentino, que tiene como entrenador a\u00a0<strong>Guillermo Milano<\/strong>, debutar\u00e1 ante Pa\u00edses Bajos, el 13 de enero en Cracovia, Polonia; luego se medir\u00e1 con Noruega -ganador de la medalla de plata en los Mundiales 2017 y 2019- el 15, y enfrentar\u00e1 a Macedonia del Norte, el 17.<\/p>\n<p>\u00abEstoy muy contento de poder empezar a trabajar ya pensando en el Mundial.\u00a0<strong>Claramente la zona y los cruces posteriores no son los que hubi\u00e9ramos elegido<\/strong>. No obstante, nos da la posibilidad de competir con grandes equipos. Esto nos sirve para sumar juegos de calidad y pensar en nuestro objetivo final que es Santiago 2023&#8243;, expres\u00f3 Milano.<\/p>\n<blockquote class=\"instagram-media\" style=\"background: #FFF; border: 0; border-radius: 3px; box-shadow: 0 0 1px 0 rgba(0,0,0,0.5),0 1px 10px 0 rgba(0,0,0,0.15); margin: 1px; max-width: 540px; min-width: 326px; padding: 0; width: calc(100% - 2px);\" data-instgrm-captioned=\"\" data-instgrm-permalink=\"https:\/\/www.instagram.com\/p\/CfhBa_1LMID\/?utm_source=ig_embed&amp;utm_campaign=loading\" data-instgrm-version=\"14\">\n<div style=\"padding: 16px;\">\n<p>&nbsp;<\/p>\n<div style=\"display: flex; flex-direction: row; align-items: center;\">\n<div style=\"background-color: #f4f4f4; border-radius: 50%; flex-grow: 0; height: 40px; margin-right: 14px; width: 40px;\"><\/div>\n<div style=\"display: flex; flex-direction: column; flex-grow: 1; justify-content: center;\">\n<div style=\"background-color: #f4f4f4; border-radius: 4px; flex-grow: 0; height: 14px; margin-bottom: 6px; width: 100px;\"><\/div>\n<div style=\"background-color: #f4f4f4; border-radius: 4px; flex-grow: 0; height: 14px; width: 60px;\"><\/div>\n<\/div>\n<\/div>\n<div style=\"padding: 19% 0;\"><\/div>\n<div style=\"display: block; height: 50px; margin: 0 auto 12px; width: 50px;\"><\/div>\n<div style=\"padding-top: 8px;\">\n<div style=\"color: #3897f0; font-family: Arial,sans-serif; font-size: 14px; font-style: normal; font-weight: 550; line-height: 18px;\">Ver esta publicaci\u00f3n en Instagram<\/div>\n<\/div>\n<div style=\"padding: 12.5% 0;\"><\/div>\n<div style=\"display: flex; flex-direction: row; margin-bottom: 14px; align-items: center;\">\n<div>\n<div style=\"background-color: #f4f4f4; border-radius: 50%; height: 12.5px; width: 12.5px; transform: translateX(0px) translateY(7px);\"><\/div>\n<div style=\"background-color: #f4f4f4; height: 12.5px; transform: rotate(-45deg) translateX(3px) translateY(1px); width: 12.5px; flex-grow: 0; margin-right: 14px; margin-left: 2px;\"><\/div>\n<div style=\"background-color: #f4f4f4; border-radius: 50%; height: 12.5px; width: 12.5px; transform: translateX(9px) translateY(-18px);\"><\/div>\n<\/div>\n<div style=\"margin-left: 8px;\">\n<div style=\"background-color: #f4f4f4; border-radius: 50%; flex-grow: 0; height: 20px; width: 20px;\"><\/div>\n<div style=\"width: 0; height: 0; border-top: 2px solid transparent; border-left: 6px solid #f4f4f4; border-bottom: 2px solid transparent; transform: translateX(16px) translateY(-4px) rotate(30deg);\"><\/div>\n<\/div>\n<div style=\"margin-left: auto;\">\n<div style=\"width: 0px; border-top: 8px solid #F4F4F4; border-right: 8px solid transparent; transform: translateY(16px);\"><\/div>\n<div style=\"background-color: #f4f4f4; flex-grow: 0; height: 12px; width: 16px; transform: translateY(-4px);\"><\/div>\n<div style=\"width: 0; height: 0; border-top: 8px solid #F4F4F4; border-left: 8px solid transparent; transform: translateY(-4px) translateX(8px);\"><\/div>\n<\/div>\n<\/div>\n<div style=\"display: flex; flex-direction: column; flex-grow: 1; justify-content: center; margin-bottom: 24px;\">\n<div style=\"background-color: #f4f4f4; border-radius: 4px; flex-grow: 0; height: 14px; margin-bottom: 6px; width: 224px;\"><\/div>\n<div style=\"background-color: #f4f4f4; border-radius: 4px; flex-grow: 0; height: 14px; width: 144px;\"><\/div>\n<\/div>\n<p>&nbsp;<\/p>\n<p style=\"color: #c9c8cd; font-family: Arial,sans-serif; font-size: 14px; line-height: 17px; margin-bottom: 0; margin-top: 8px; overflow: hidden; padding: 8px 0 7px; text-align: center; text-overflow: ellipsis; white-space: nowrap;\"><a style=\"color: #c9c8cd; font-family: Arial,sans-serif; font-size: 14px; font-style: normal; font-weight: normal; line-height: 17px; text-decoration: none;\" href=\"https:\/\/www.instagram.com\/p\/CfhBa_1LMID\/?utm_source=ig_embed&amp;utm_campaign=loading\" target=\"_blank\" rel=\"noopener\">Una publicaci\u00f3n compartida de CAH &#8211; Handball Argentina \ud83c\udde6\ud83c\uddf7 (@cahandball)<\/a><\/p>\n<\/div>\n<\/blockquote>\n<p><script async src=\"\/\/www.instagram.com\/embed.js\"><\/script><\/p>\n<p>El Mundial Polonia- Suecia 2023 significar\u00e1 la segunda cita ecum\u00e9nica que se realizar\u00e1 en doble sede (la primera fue en Dinamarca -Alemania 2019) y repetir\u00e1 por segunda edici\u00f3n consecutiva el\u00a0<strong>formato de 32 equipos<\/strong>, contra los 24 que participaron hasta 2019.<\/p>\n<p>En la primera fase, los participantes se dividir\u00e1n en ocho grupos de cuatro; los primeros tres de cada uno avanzar\u00e1n a la Main Round con arrastre de puntos conseguidos con los otros dos clasificados, en tanto que los cuartos disputar\u00e1n la Copa Presidente. La Main Round constar\u00e1 de cuatro grupos de seis contendientes, inform\u00f3 la Confederaci\u00f3n Argentina de Handball.<\/p>\n<figure class=\"mb-3\"><img decoding=\"async\" src=\"https:\/\/www.telam.com.ar\/thumbs\/bluesteel\/advf\/imagenes\/2022\/07\/62c0adb310857_900.jpg\" alt=\"Diego Simonet mxima figura y capitn del seleccionado argentino\" width=\"100%\" height=\"100%\" \/><\/p>\n<div class=\"media-icons\"><\/div><figcaption>Diego Simonet, m\u00e1xima figura y capit\u00e1n del seleccionado argentino.<\/figcaption><\/figure>\n<p>En caso de clasificar a esta instancia, Los Gladiadores se medir\u00e1n contra los tres equipos provenientes del Grupo E, compuesto por Alemania -campe\u00f3n mundial en tres oportunidades-, el campe\u00f3n asi\u00e1tico Qatar, Serbia -14to en el torneo europeo- y el quinto clasificado de \u00c1frica. Lo dos primeros de cada zona de la Main Round avanzar\u00e1n a cuartos de final.<\/p>\n<p>\u00abLos Gladiadores\u00bb se clasificaron al Mundial al lograr una de las cuatro plazas que brind\u00f3 el torneo Centro Sur, que se realiz\u00f3 en Recife, Brasil, en enero pasado.<\/p>\n<p>En el \u00faltimo Mundial -Egipto 2021- Argentina finaliz\u00f3 en el und\u00e9cimo puesto y mejor\u00f3 as\u00ed sus actuaciones m\u00e1s destacadas en un torneo ecum\u00e9nico de mayores: en Suecia 2011 y Qatar 2015 concluy\u00f3 en el duod\u00e9cimo lugar.<\/p>\n","protected":false},"excerpt":{"rendered":"<p>El seleccionado argentino compartir\u00e1 el grupo F con Noruega, Macedonia del Norte y Pa\u00edses Bajos, en el torneo que de disputar\u00e1 entre el 11 y 29 del a\u00f1o pr\u00f3ximo.<\/p>\n","protected":false},"author":3,"featured_media":0,"comment_status":"closed","ping_status":"closed","sticky":false,"template":"","format":"standard","meta":{"footnotes":""},"categories":[27],"tags":[],"class_list":["post-74553","post","type-post","status-publish","format-standard","hentry","category-deportes"],"yoast_head":"<!-- This site is optimized with the Yoast SEO plugin v25.9 - https:\/\/yoast.com\/wordpress\/plugins\/seo\/ -->\n<title>Los Gladiadores ya conocen a sus rivales para el Mundial de Handball - Noticias Radio Reflejos<\/title>\n<meta name=\"robots\" content=\"index, follow, max-snippet:-1, max-image-preview:large, max-video-preview:-1\" \/>\n<link rel=\"canonical\" href=\"https:\/\/www.noticiasradioreflejos.com.ar\/2021\/los-gladiadores-ya-conocen-a-sus-rivales-para-el-mundial-de-handball\/\" \/>\n<meta property=\"og:locale\" content=\"es_ES\" \/>\n<meta property=\"og:type\" content=\"article\" \/>\n<meta property=\"og:title\" content=\"Los Gladiadores ya conocen a sus rivales para el Mundial de Handball - Noticias Radio Reflejos\" \/>\n<meta property=\"og:description\" content=\"El seleccionado argentino compartir\u00e1 el grupo F con Noruega, Macedonia del Norte y Pa\u00edses Bajos, en el torneo que de disputar\u00e1 entre el 11 y 29 del a\u00f1o pr\u00f3ximo.\" \/>\n<meta property=\"og:url\" content=\"https:\/\/www.noticiasradioreflejos.com.ar\/2021\/los-gladiadores-ya-conocen-a-sus-rivales-para-el-mundial-de-handball\/\" \/>\n<meta property=\"og:site_name\" content=\"Noticias Radio Reflejos\" \/>\n<meta property=\"article:published_time\" content=\"2022-07-03T14:36:53+00:00\" \/>\n<meta property=\"og:image\" content=\"https:\/\/www.telam.com.ar\/thumbs\/bluesteel\/advf\/imagenes\/2022\/07\/62c0ade6df957_900.jpg\" \/>\n<meta name=\"author\" content=\"Arnaldo Botto\" \/>\n<meta name=\"twitter:card\" content=\"summary_large_image\" \/>\n<script type=\"application\/ld+json\" class=\"yoast-schema-graph\">{\"@context\":\"https:\/\/schema.org\",\"@graph\":[{\"@type\":\"WebPage\",\"@id\":\"https:\/\/www.noticiasradioreflejos.com.ar\/2021\/los-gladiadores-ya-conocen-a-sus-rivales-para-el-mundial-de-handball\/\",\"url\":\"https:\/\/www.noticiasradioreflejos.com.ar\/2021\/los-gladiadores-ya-conocen-a-sus-rivales-para-el-mundial-de-handball\/\",\"name\":\"Los Gladiadores ya conocen a sus rivales para el Mundial de Handball - Noticias Radio Reflejos\",\"isPartOf\":{\"@id\":\"https:\/\/www.noticiasradioreflejos.com.ar\/2021\/#website\"},\"primaryImageOfPage\":{\"@id\":\"https:\/\/www.noticiasradioreflejos.com.ar\/2021\/los-gladiadores-ya-conocen-a-sus-rivales-para-el-mundial-de-handball\/#primaryimage\"},\"image\":{\"@id\":\"https:\/\/www.noticiasradioreflejos.com.ar\/2021\/los-gladiadores-ya-conocen-a-sus-rivales-para-el-mundial-de-handball\/#primaryimage\"},\"thumbnailUrl\":\"https:\/\/www.telam.com.ar\/thumbs\/bluesteel\/advf\/imagenes\/2022\/07\/62c0ade6df957_900.jpg\",\"datePublished\":\"2022-07-03T14:36:53+00:00\",\"author\":{\"@id\":\"https:\/\/www.noticiasradioreflejos.com.ar\/2021\/#\/schema\/person\/ad82545263dcc5ec0996818884fd5fb1\"},\"breadcrumb\":{\"@id\":\"https:\/\/www.noticiasradioreflejos.com.ar\/2021\/los-gladiadores-ya-conocen-a-sus-rivales-para-el-mundial-de-handball\/#breadcrumb\"},\"inLanguage\":\"es\",\"potentialAction\":[{\"@type\":\"ReadAction\",\"target\":[\"https:\/\/www.noticiasradioreflejos.com.ar\/2021\/los-gladiadores-ya-conocen-a-sus-rivales-para-el-mundial-de-handball\/\"]}]},{\"@type\":\"ImageObject\",\"inLanguage\":\"es\",\"@id\":\"https:\/\/www.noticiasradioreflejos.com.ar\/2021\/los-gladiadores-ya-conocen-a-sus-rivales-para-el-mundial-de-handball\/#primaryimage\",\"url\":\"https:\/\/www.telam.com.ar\/thumbs\/bluesteel\/advf\/imagenes\/2022\/07\/62c0ade6df957_900.jpg\",\"contentUrl\":\"https:\/\/www.telam.com.ar\/thumbs\/bluesteel\/advf\/imagenes\/2022\/07\/62c0ade6df957_900.jpg\"},{\"@type\":\"BreadcrumbList\",\"@id\":\"https:\/\/www.noticiasradioreflejos.com.ar\/2021\/los-gladiadores-ya-conocen-a-sus-rivales-para-el-mundial-de-handball\/#breadcrumb\",\"itemListElement\":[{\"@type\":\"ListItem\",\"position\":1,\"name\":\"Portada\",\"item\":\"https:\/\/www.noticiasradioreflejos.com.ar\/2021\/\"},{\"@type\":\"ListItem\",\"position\":2,\"name\":\"Los Gladiadores ya conocen a sus rivales para el Mundial de Handball\"}]},{\"@type\":\"WebSite\",\"@id\":\"https:\/\/www.noticiasradioreflejos.com.ar\/2021\/#website\",\"url\":\"https:\/\/www.noticiasradioreflejos.com.ar\/2021\/\",\"name\":\"Noticias Radio Reflejos\",\"description\":\"Las noticias de mi comarca\",\"potentialAction\":[{\"@type\":\"SearchAction\",\"target\":{\"@type\":\"EntryPoint\",\"urlTemplate\":\"https:\/\/www.noticiasradioreflejos.com.ar\/2021\/?s={search_term_string}\"},\"query-input\":{\"@type\":\"PropertyValueSpecification\",\"valueRequired\":true,\"valueName\":\"search_term_string\"}}],\"inLanguage\":\"es\"},{\"@type\":\"Person\",\"@id\":\"https:\/\/www.noticiasradioreflejos.com.ar\/2021\/#\/schema\/person\/ad82545263dcc5ec0996818884fd5fb1\",\"name\":\"Arnaldo Botto\",\"image\":{\"@type\":\"ImageObject\",\"inLanguage\":\"es\",\"@id\":\"https:\/\/www.noticiasradioreflejos.com.ar\/2021\/#\/schema\/person\/image\/\",\"url\":\"https:\/\/secure.gravatar.com\/avatar\/55cb5e37c1efa326397366e6974cb338056df65cb50e7d64d1cf314e87504837?s=96&d=mm&r=g\",\"contentUrl\":\"https:\/\/secure.gravatar.com\/avatar\/55cb5e37c1efa326397366e6974cb338056df65cb50e7d64d1cf314e87504837?s=96&d=mm&r=g\",\"caption\":\"Arnaldo Botto\"},\"url\":\"https:\/\/www.noticiasradioreflejos.com.ar\/2021\/author\/arnaldo\/\"}]}<\/script>\n<!-- \/ Yoast SEO plugin. -->","yoast_head_json":{"title":"Los Gladiadores ya conocen a sus rivales para el Mundial de Handball - Noticias Radio Reflejos","robots":{"index":"index","follow":"follow","max-snippet":"max-snippet:-1","max-image-preview":"max-image-preview:large","max-video-preview":"max-video-preview:-1"},"canonical":"https:\/\/www.noticiasradioreflejos.com.ar\/2021\/los-gladiadores-ya-conocen-a-sus-rivales-para-el-mundial-de-handball\/","og_locale":"es_ES","og_type":"article","og_title":"Los Gladiadores ya conocen a sus rivales para el Mundial de Handball - Noticias Radio Reflejos","og_description":"El seleccionado argentino compartir\u00e1 el grupo F con Noruega, Macedonia del Norte y Pa\u00edses Bajos, en el torneo que de disputar\u00e1 entre el 11 y 29 del a\u00f1o pr\u00f3ximo.","og_url":"https:\/\/www.noticiasradioreflejos.com.ar\/2021\/los-gladiadores-ya-conocen-a-sus-rivales-para-el-mundial-de-handball\/","og_site_name":"Noticias Radio Reflejos","article_published_time":"2022-07-03T14:36:53+00:00","og_image":[{"url":"https:\/\/www.telam.com.ar\/thumbs\/bluesteel\/advf\/imagenes\/2022\/07\/62c0ade6df957_900.jpg","type":"","width":"","height":""}],"author":"Arnaldo Botto","twitter_card":"summary_large_image","schema":{"@context":"https:\/\/schema.org","@graph":[{"@type":"WebPage","@id":"https:\/\/www.noticiasradioreflejos.com.ar\/2021\/los-gladiadores-ya-conocen-a-sus-rivales-para-el-mundial-de-handball\/","url":"https:\/\/www.noticiasradioreflejos.com.ar\/2021\/los-gladiadores-ya-conocen-a-sus-rivales-para-el-mundial-de-handball\/","name":"Los Gladiadores ya conocen a sus rivales para el Mundial de Handball - Noticias Radio Reflejos","isPartOf":{"@id":"https:\/\/www.noticiasradioreflejos.com.ar\/2021\/#website"},"primaryImageOfPage":{"@id":"https:\/\/www.noticiasradioreflejos.com.ar\/2021\/los-gladiadores-ya-conocen-a-sus-rivales-para-el-mundial-de-handball\/#primaryimage"},"image":{"@id":"https:\/\/www.noticiasradioreflejos.com.ar\/2021\/los-gladiadores-ya-conocen-a-sus-rivales-para-el-mundial-de-handball\/#primaryimage"},"thumbnailUrl":"https:\/\/www.telam.com.ar\/thumbs\/bluesteel\/advf\/imagenes\/2022\/07\/62c0ade6df957_900.jpg","datePublished":"2022-07-03T14:36:53+00:00","author":{"@id":"https:\/\/www.noticiasradioreflejos.com.ar\/2021\/#\/schema\/person\/ad82545263dcc5ec0996818884fd5fb1"},"breadcrumb":{"@id":"https:\/\/www.noticiasradioreflejos.com.ar\/2021\/los-gladiadores-ya-conocen-a-sus-rivales-para-el-mundial-de-handball\/#breadcrumb"},"inLanguage":"es","potentialAction":[{"@type":"ReadAction","target":["https:\/\/www.noticiasradioreflejos.com.ar\/2021\/los-gladiadores-ya-conocen-a-sus-rivales-para-el-mundial-de-handball\/"]}]},{"@type":"ImageObject","inLanguage":"es","@id":"https:\/\/www.noticiasradioreflejos.com.ar\/2021\/los-gladiadores-ya-conocen-a-sus-rivales-para-el-mundial-de-handball\/#primaryimage","url":"https:\/\/www.telam.com.ar\/thumbs\/bluesteel\/advf\/imagenes\/2022\/07\/62c0ade6df957_900.jpg","contentUrl":"https:\/\/www.telam.com.ar\/thumbs\/bluesteel\/advf\/imagenes\/2022\/07\/62c0ade6df957_900.jpg"},{"@type":"BreadcrumbList","@id":"https:\/\/www.noticiasradioreflejos.com.ar\/2021\/los-gladiadores-ya-conocen-a-sus-rivales-para-el-mundial-de-handball\/#breadcrumb","itemListElement":[{"@type":"ListItem","position":1,"name":"Portada","item":"https:\/\/www.noticiasradioreflejos.com.ar\/2021\/"},{"@type":"ListItem","position":2,"name":"Los Gladiadores ya conocen a sus rivales para el Mundial de Handball"}]},{"@type":"WebSite","@id":"https:\/\/www.noticiasradioreflejos.com.ar\/2021\/#website","url":"https:\/\/www.noticiasradioreflejos.com.ar\/2021\/","name":"Noticias Radio Reflejos","description":"Las noticias de mi comarca","potentialAction":[{"@type":"SearchAction","target":{"@type":"EntryPoint","urlTemplate":"https:\/\/www.noticiasradioreflejos.com.ar\/2021\/?s={search_term_string}"},"query-input":{"@type":"PropertyValueSpecification","valueRequired":true,"valueName":"search_term_string"}}],"inLanguage":"es"},{"@type":"Person","@id":"https:\/\/www.noticiasradioreflejos.com.ar\/2021\/#\/schema\/person\/ad82545263dcc5ec0996818884fd5fb1","name":"Arnaldo Botto","image":{"@type":"ImageObject","inLanguage":"es","@id":"https:\/\/www.noticiasradioreflejos.com.ar\/2021\/#\/schema\/person\/image\/","url":"https:\/\/secure.gravatar.com\/avatar\/55cb5e37c1efa326397366e6974cb338056df65cb50e7d64d1cf314e87504837?s=96&d=mm&r=g","contentUrl":"https:\/\/secure.gravatar.com\/avatar\/55cb5e37c1efa326397366e6974cb338056df65cb50e7d64d1cf314e87504837?s=96&d=mm&r=g","caption":"Arnaldo Botto"},"url":"https:\/\/www.noticiasradioreflejos.com.ar\/2021\/author\/arnaldo\/"}]}},"_links":{"self":[{"href":"https:\/\/www.noticiasradioreflejos.com.ar\/2021\/wp-json\/wp\/v2\/posts\/74553","targetHints":{"allow":["GET"]}}],"collection":[{"href":"https:\/\/www.noticiasradioreflejos.com.ar\/2021\/wp-json\/wp\/v2\/posts"}],"about":[{"href":"https:\/\/www.noticiasradioreflejos.com.ar\/2021\/wp-json\/wp\/v2\/types\/post"}],"author":[{"embeddable":true,"href":"https:\/\/www.noticiasradioreflejos.com.ar\/2021\/wp-json\/wp\/v2\/users\/3"}],"replies":[{"embeddable":true,"href":"https:\/\/www.noticiasradioreflejos.com.ar\/2021\/wp-json\/wp\/v2\/comments?post=74553"}],"version-history":[{"count":1,"href":"https:\/\/www.noticiasradioreflejos.com.ar\/2021\/wp-json\/wp\/v2\/posts\/74553\/revisions"}],"predecessor-version":[{"id":74555,"href":"https:\/\/www.noticiasradioreflejos.com.ar\/2021\/wp-json\/wp\/v2\/posts\/74553\/revisions\/74555"}],"wp:attachment":[{"href":"https:\/\/www.noticiasradioreflejos.com.ar\/2021\/wp-json\/wp\/v2\/media?parent=74553"}],"wp:term":[{"taxonomy":"category","embeddable":true,"href":"https:\/\/www.noticiasradioreflejos.com.ar\/2021\/wp-json\/wp\/v2\/categories?post=74553"},{"taxonomy":"post_tag","embeddable":true,"href":"https:\/\/www.noticiasradioreflejos.com.ar\/2021\/wp-json\/wp\/v2\/tags?post=74553"}],"curies":[{"name":"wp","href":"https:\/\/api.w.org\/{rel}","templated":true}]}}