{"id":74547,"date":"2022-07-03T14:28:08","date_gmt":"2022-07-03T14:28:08","guid":{"rendered":"http:\/\/www.noticiasradioreflejos.com.ar\/2021\/?p=74547"},"modified":"2022-07-03T14:28:08","modified_gmt":"2022-07-03T14:28:08","slug":"naufragio-en-el-mar-de-la-china-meridional-tres-personas-rescatadas-y-27-desaparecidas","status":"publish","type":"post","link":"https:\/\/www.noticiasradioreflejos.com.ar\/2021\/naufragio-en-el-mar-de-la-china-meridional-tres-personas-rescatadas-y-27-desaparecidas\/","title":{"rendered":"Naufragio en el Mar de la China Meridional: tres personas rescatadas y 27 desaparecidas"},"content":{"rendered":"<p>Un buque de ingenier\u00eda se encontraba a 160 millas marinas al suroeste de Hong Kong cuando fue alcanzado por un tif\u00f3n, que lo parti\u00f3 en dos. Los equipos de rescate ampliar\u00e1n la zona de b\u00fasqueda debido al gran n\u00famero de desaparecidos.<!--more--><\/p>\n<figure class=\"mb-3\"><img decoding=\"async\" src=\"https:\/\/www.telam.com.ar\/thumbs\/bluesteel\/advf\/imagenes\/2022\/07\/62c04ba7ed59b_900.jpg\" alt=\"Tifn en el Mar de la China Meridional Foto AFP\" width=\"100%\" height=\"100%\" \/><\/p>\n<div class=\"media-icons\"><\/div><figcaption>Tif\u00f3n en el Mar de la China Meridional \/ Foto: AFP.<\/figcaption><\/figure>\n<p>Veintisiete personas est\u00e1n desaparecidas y tres fueron rescatadas despu\u00e9s de que\u00a0<strong>el barco en el que se trasladaban se partiera en dos por un tif\u00f3n<\/strong>\u00a0en el Mar de la China Meridional, anunci\u00f3 el servicio de apoyo a\u00e9reo del Gobierno del territorio semiaut\u00f3nomo de Hong Kong.<\/p>\n<p>El buque de ingenier\u00eda se encontraba a 160 millas marinas al suroeste de Hong Kong cuando<strong>\u00a0fue alcanzado por la tormenta Chaba<\/strong>, indicaron las fuentes oficiales.<\/p>\n<p>\u00abSufri\u00f3 graves da\u00f1os y se parti\u00f3 en dos\u00bb, dijo el Hong Kong Government Flying Service, que envi\u00f3 ayuda al lugar luego de recibir una notificaci\u00f3n a las 7.25 (20.25 del viernes en la Argentina).<\/p>\n<blockquote class=\"\"><p>El tif\u00f3n Chaba se form\u00f3 en el centro del Mar de la China Meridional y toc\u00f3 tierra el s\u00e1bado por la tarde en la provincia de Guangdong, en el sur del pa\u00eds.<\/p><\/blockquote>\n<p>Del total de treinta personas a bordo de la embarcaci\u00f3n, tres pudieron ser rescatados y trasladados al hospital, dijeron las autoridades.<\/p>\n<p>Las im\u00e1genes proporcionadas por el Gobierno de Hong Kong muestran a una persona siendo rescatada mientras las olas se estrellan contra la cubierta del barco medio sumergido.<\/p>\n<p>Seg\u00fan los tres sobrevivientes, otros\u00a0<strong>miembros de la tripulaci\u00f3n pudieron ser arrastrados por las olas antes de la llegada del primer helic\u00f3ptero<\/strong>, indic\u00f3 un comunicado de las autoridades, seg\u00fan la agencia de noticias AFP.<\/p>\n<p>El tif\u00f3n Chaba se form\u00f3 en el centro del Mar de la China Meridional y toc\u00f3 tierra el s\u00e1bado por la tarde en la provincia de Guangdong, en el sur del pa\u00eds.<\/p>\n<p><strong>El lugar donde se encontraba el buque registr\u00f3 vientos de 144 kil\u00f3metros por hora y olas de hasta diez metros de altura<\/strong>, precisaron las autoridades.<\/p>\n<p>Los equipos de rescate ampliar\u00e1n la zona de b\u00fasqueda \u00abdebido al gran n\u00famero de personas desaparecidas\u00bb y prolongar\u00e1n la operaci\u00f3n por la noche si las condiciones meteorol\u00f3gicas lo permiten.<\/p>\n","protected":false},"excerpt":{"rendered":"<p>Un buque de ingenier\u00eda se encontraba a 160 millas marinas al suroeste de Hong Kong cuando fue alcanzado por un tif\u00f3n, que lo parti\u00f3 en dos. Los equipos de rescate ampliar\u00e1n la zona de b\u00fasqueda debido al gran n\u00famero de desaparecidos.<\/p>\n","protected":false},"author":3,"featured_media":0,"comment_status":"closed","ping_status":"closed","sticky":false,"template":"","format":"standard","meta":{"footnotes":""},"categories":[29,26],"tags":[],"class_list":["post-74547","post","type-post","status-publish","format-standard","hentry","category-policiales","category-sociedad"],"yoast_head":"<!-- This site is optimized with the Yoast SEO plugin v25.9 - https:\/\/yoast.com\/wordpress\/plugins\/seo\/ -->\n<title>Naufragio en el Mar de la China Meridional: tres personas rescatadas y 27 desaparecidas - Noticias Radio Reflejos<\/title>\n<meta name=\"robots\" content=\"index, follow, max-snippet:-1, max-image-preview:large, max-video-preview:-1\" \/>\n<link rel=\"canonical\" href=\"https:\/\/www.noticiasradioreflejos.com.ar\/2021\/naufragio-en-el-mar-de-la-china-meridional-tres-personas-rescatadas-y-27-desaparecidas\/\" \/>\n<meta property=\"og:locale\" content=\"es_ES\" \/>\n<meta property=\"og:type\" content=\"article\" \/>\n<meta property=\"og:title\" content=\"Naufragio en el Mar de la China Meridional: tres personas rescatadas y 27 desaparecidas - Noticias Radio Reflejos\" \/>\n<meta property=\"og:description\" content=\"Un buque de ingenier\u00eda se encontraba a 160 millas marinas al suroeste de Hong Kong cuando fue alcanzado por un tif\u00f3n, que lo parti\u00f3 en dos. Los equipos de rescate ampliar\u00e1n la zona de b\u00fasqueda debido al gran n\u00famero de desaparecidos.\" \/>\n<meta property=\"og:url\" content=\"https:\/\/www.noticiasradioreflejos.com.ar\/2021\/naufragio-en-el-mar-de-la-china-meridional-tres-personas-rescatadas-y-27-desaparecidas\/\" \/>\n<meta property=\"og:site_name\" content=\"Noticias Radio Reflejos\" \/>\n<meta property=\"article:published_time\" content=\"2022-07-03T14:28:08+00:00\" \/>\n<meta property=\"og:image\" content=\"https:\/\/www.telam.com.ar\/thumbs\/bluesteel\/advf\/imagenes\/2022\/07\/62c04ba7ed59b_900.jpg\" \/>\n<meta name=\"author\" content=\"Arnaldo Botto\" \/>\n<meta name=\"twitter:card\" content=\"summary_large_image\" \/>\n<script type=\"application\/ld+json\" class=\"yoast-schema-graph\">{\"@context\":\"https:\/\/schema.org\",\"@graph\":[{\"@type\":\"WebPage\",\"@id\":\"https:\/\/www.noticiasradioreflejos.com.ar\/2021\/naufragio-en-el-mar-de-la-china-meridional-tres-personas-rescatadas-y-27-desaparecidas\/\",\"url\":\"https:\/\/www.noticiasradioreflejos.com.ar\/2021\/naufragio-en-el-mar-de-la-china-meridional-tres-personas-rescatadas-y-27-desaparecidas\/\",\"name\":\"Naufragio en el Mar de la China Meridional: tres personas rescatadas y 27 desaparecidas - Noticias Radio Reflejos\",\"isPartOf\":{\"@id\":\"https:\/\/www.noticiasradioreflejos.com.ar\/2021\/#website\"},\"primaryImageOfPage\":{\"@id\":\"https:\/\/www.noticiasradioreflejos.com.ar\/2021\/naufragio-en-el-mar-de-la-china-meridional-tres-personas-rescatadas-y-27-desaparecidas\/#primaryimage\"},\"image\":{\"@id\":\"https:\/\/www.noticiasradioreflejos.com.ar\/2021\/naufragio-en-el-mar-de-la-china-meridional-tres-personas-rescatadas-y-27-desaparecidas\/#primaryimage\"},\"thumbnailUrl\":\"https:\/\/www.telam.com.ar\/thumbs\/bluesteel\/advf\/imagenes\/2022\/07\/62c04ba7ed59b_900.jpg\",\"datePublished\":\"2022-07-03T14:28:08+00:00\",\"author\":{\"@id\":\"https:\/\/www.noticiasradioreflejos.com.ar\/2021\/#\/schema\/person\/ad82545263dcc5ec0996818884fd5fb1\"},\"breadcrumb\":{\"@id\":\"https:\/\/www.noticiasradioreflejos.com.ar\/2021\/naufragio-en-el-mar-de-la-china-meridional-tres-personas-rescatadas-y-27-desaparecidas\/#breadcrumb\"},\"inLanguage\":\"es\",\"potentialAction\":[{\"@type\":\"ReadAction\",\"target\":[\"https:\/\/www.noticiasradioreflejos.com.ar\/2021\/naufragio-en-el-mar-de-la-china-meridional-tres-personas-rescatadas-y-27-desaparecidas\/\"]}]},{\"@type\":\"ImageObject\",\"inLanguage\":\"es\",\"@id\":\"https:\/\/www.noticiasradioreflejos.com.ar\/2021\/naufragio-en-el-mar-de-la-china-meridional-tres-personas-rescatadas-y-27-desaparecidas\/#primaryimage\",\"url\":\"https:\/\/www.telam.com.ar\/thumbs\/bluesteel\/advf\/imagenes\/2022\/07\/62c04ba7ed59b_900.jpg\",\"contentUrl\":\"https:\/\/www.telam.com.ar\/thumbs\/bluesteel\/advf\/imagenes\/2022\/07\/62c04ba7ed59b_900.jpg\"},{\"@type\":\"BreadcrumbList\",\"@id\":\"https:\/\/www.noticiasradioreflejos.com.ar\/2021\/naufragio-en-el-mar-de-la-china-meridional-tres-personas-rescatadas-y-27-desaparecidas\/#breadcrumb\",\"itemListElement\":[{\"@type\":\"ListItem\",\"position\":1,\"name\":\"Portada\",\"item\":\"https:\/\/www.noticiasradioreflejos.com.ar\/2021\/\"},{\"@type\":\"ListItem\",\"position\":2,\"name\":\"Naufragio en el Mar de la China Meridional: tres personas rescatadas y 27 desaparecidas\"}]},{\"@type\":\"WebSite\",\"@id\":\"https:\/\/www.noticiasradioreflejos.com.ar\/2021\/#website\",\"url\":\"https:\/\/www.noticiasradioreflejos.com.ar\/2021\/\",\"name\":\"Noticias Radio Reflejos\",\"description\":\"Las noticias de mi comarca\",\"potentialAction\":[{\"@type\":\"SearchAction\",\"target\":{\"@type\":\"EntryPoint\",\"urlTemplate\":\"https:\/\/www.noticiasradioreflejos.com.ar\/2021\/?s={search_term_string}\"},\"query-input\":{\"@type\":\"PropertyValueSpecification\",\"valueRequired\":true,\"valueName\":\"search_term_string\"}}],\"inLanguage\":\"es\"},{\"@type\":\"Person\",\"@id\":\"https:\/\/www.noticiasradioreflejos.com.ar\/2021\/#\/schema\/person\/ad82545263dcc5ec0996818884fd5fb1\",\"name\":\"Arnaldo Botto\",\"image\":{\"@type\":\"ImageObject\",\"inLanguage\":\"es\",\"@id\":\"https:\/\/www.noticiasradioreflejos.com.ar\/2021\/#\/schema\/person\/image\/\",\"url\":\"https:\/\/secure.gravatar.com\/avatar\/55cb5e37c1efa326397366e6974cb338056df65cb50e7d64d1cf314e87504837?s=96&d=mm&r=g\",\"contentUrl\":\"https:\/\/secure.gravatar.com\/avatar\/55cb5e37c1efa326397366e6974cb338056df65cb50e7d64d1cf314e87504837?s=96&d=mm&r=g\",\"caption\":\"Arnaldo Botto\"},\"url\":\"https:\/\/www.noticiasradioreflejos.com.ar\/2021\/author\/arnaldo\/\"}]}<\/script>\n<!-- \/ Yoast SEO plugin. -->","yoast_head_json":{"title":"Naufragio en el Mar de la China Meridional: tres personas rescatadas y 27 desaparecidas - Noticias Radio Reflejos","robots":{"index":"index","follow":"follow","max-snippet":"max-snippet:-1","max-image-preview":"max-image-preview:large","max-video-preview":"max-video-preview:-1"},"canonical":"https:\/\/www.noticiasradioreflejos.com.ar\/2021\/naufragio-en-el-mar-de-la-china-meridional-tres-personas-rescatadas-y-27-desaparecidas\/","og_locale":"es_ES","og_type":"article","og_title":"Naufragio en el Mar de la China Meridional: tres personas rescatadas y 27 desaparecidas - Noticias Radio Reflejos","og_description":"Un buque de ingenier\u00eda se encontraba a 160 millas marinas al suroeste de Hong Kong cuando fue alcanzado por un tif\u00f3n, que lo parti\u00f3 en dos. Los equipos de rescate ampliar\u00e1n la zona de b\u00fasqueda debido al gran n\u00famero de desaparecidos.","og_url":"https:\/\/www.noticiasradioreflejos.com.ar\/2021\/naufragio-en-el-mar-de-la-china-meridional-tres-personas-rescatadas-y-27-desaparecidas\/","og_site_name":"Noticias Radio Reflejos","article_published_time":"2022-07-03T14:28:08+00:00","og_image":[{"url":"https:\/\/www.telam.com.ar\/thumbs\/bluesteel\/advf\/imagenes\/2022\/07\/62c04ba7ed59b_900.jpg","type":"","width":"","height":""}],"author":"Arnaldo Botto","twitter_card":"summary_large_image","schema":{"@context":"https:\/\/schema.org","@graph":[{"@type":"WebPage","@id":"https:\/\/www.noticiasradioreflejos.com.ar\/2021\/naufragio-en-el-mar-de-la-china-meridional-tres-personas-rescatadas-y-27-desaparecidas\/","url":"https:\/\/www.noticiasradioreflejos.com.ar\/2021\/naufragio-en-el-mar-de-la-china-meridional-tres-personas-rescatadas-y-27-desaparecidas\/","name":"Naufragio en el Mar de la China Meridional: tres personas rescatadas y 27 desaparecidas - Noticias Radio Reflejos","isPartOf":{"@id":"https:\/\/www.noticiasradioreflejos.com.ar\/2021\/#website"},"primaryImageOfPage":{"@id":"https:\/\/www.noticiasradioreflejos.com.ar\/2021\/naufragio-en-el-mar-de-la-china-meridional-tres-personas-rescatadas-y-27-desaparecidas\/#primaryimage"},"image":{"@id":"https:\/\/www.noticiasradioreflejos.com.ar\/2021\/naufragio-en-el-mar-de-la-china-meridional-tres-personas-rescatadas-y-27-desaparecidas\/#primaryimage"},"thumbnailUrl":"https:\/\/www.telam.com.ar\/thumbs\/bluesteel\/advf\/imagenes\/2022\/07\/62c04ba7ed59b_900.jpg","datePublished":"2022-07-03T14:28:08+00:00","author":{"@id":"https:\/\/www.noticiasradioreflejos.com.ar\/2021\/#\/schema\/person\/ad82545263dcc5ec0996818884fd5fb1"},"breadcrumb":{"@id":"https:\/\/www.noticiasradioreflejos.com.ar\/2021\/naufragio-en-el-mar-de-la-china-meridional-tres-personas-rescatadas-y-27-desaparecidas\/#breadcrumb"},"inLanguage":"es","potentialAction":[{"@type":"ReadAction","target":["https:\/\/www.noticiasradioreflejos.com.ar\/2021\/naufragio-en-el-mar-de-la-china-meridional-tres-personas-rescatadas-y-27-desaparecidas\/"]}]},{"@type":"ImageObject","inLanguage":"es","@id":"https:\/\/www.noticiasradioreflejos.com.ar\/2021\/naufragio-en-el-mar-de-la-china-meridional-tres-personas-rescatadas-y-27-desaparecidas\/#primaryimage","url":"https:\/\/www.telam.com.ar\/thumbs\/bluesteel\/advf\/imagenes\/2022\/07\/62c04ba7ed59b_900.jpg","contentUrl":"https:\/\/www.telam.com.ar\/thumbs\/bluesteel\/advf\/imagenes\/2022\/07\/62c04ba7ed59b_900.jpg"},{"@type":"BreadcrumbList","@id":"https:\/\/www.noticiasradioreflejos.com.ar\/2021\/naufragio-en-el-mar-de-la-china-meridional-tres-personas-rescatadas-y-27-desaparecidas\/#breadcrumb","itemListElement":[{"@type":"ListItem","position":1,"name":"Portada","item":"https:\/\/www.noticiasradioreflejos.com.ar\/2021\/"},{"@type":"ListItem","position":2,"name":"Naufragio en el Mar de la China Meridional: tres personas rescatadas y 27 desaparecidas"}]},{"@type":"WebSite","@id":"https:\/\/www.noticiasradioreflejos.com.ar\/2021\/#website","url":"https:\/\/www.noticiasradioreflejos.com.ar\/2021\/","name":"Noticias Radio Reflejos","description":"Las noticias de mi comarca","potentialAction":[{"@type":"SearchAction","target":{"@type":"EntryPoint","urlTemplate":"https:\/\/www.noticiasradioreflejos.com.ar\/2021\/?s={search_term_string}"},"query-input":{"@type":"PropertyValueSpecification","valueRequired":true,"valueName":"search_term_string"}}],"inLanguage":"es"},{"@type":"Person","@id":"https:\/\/www.noticiasradioreflejos.com.ar\/2021\/#\/schema\/person\/ad82545263dcc5ec0996818884fd5fb1","name":"Arnaldo Botto","image":{"@type":"ImageObject","inLanguage":"es","@id":"https:\/\/www.noticiasradioreflejos.com.ar\/2021\/#\/schema\/person\/image\/","url":"https:\/\/secure.gravatar.com\/avatar\/55cb5e37c1efa326397366e6974cb338056df65cb50e7d64d1cf314e87504837?s=96&d=mm&r=g","contentUrl":"https:\/\/secure.gravatar.com\/avatar\/55cb5e37c1efa326397366e6974cb338056df65cb50e7d64d1cf314e87504837?s=96&d=mm&r=g","caption":"Arnaldo Botto"},"url":"https:\/\/www.noticiasradioreflejos.com.ar\/2021\/author\/arnaldo\/"}]}},"_links":{"self":[{"href":"https:\/\/www.noticiasradioreflejos.com.ar\/2021\/wp-json\/wp\/v2\/posts\/74547","targetHints":{"allow":["GET"]}}],"collection":[{"href":"https:\/\/www.noticiasradioreflejos.com.ar\/2021\/wp-json\/wp\/v2\/posts"}],"about":[{"href":"https:\/\/www.noticiasradioreflejos.com.ar\/2021\/wp-json\/wp\/v2\/types\/post"}],"author":[{"embeddable":true,"href":"https:\/\/www.noticiasradioreflejos.com.ar\/2021\/wp-json\/wp\/v2\/users\/3"}],"replies":[{"embeddable":true,"href":"https:\/\/www.noticiasradioreflejos.com.ar\/2021\/wp-json\/wp\/v2\/comments?post=74547"}],"version-history":[{"count":1,"href":"https:\/\/www.noticiasradioreflejos.com.ar\/2021\/wp-json\/wp\/v2\/posts\/74547\/revisions"}],"predecessor-version":[{"id":74549,"href":"https:\/\/www.noticiasradioreflejos.com.ar\/2021\/wp-json\/wp\/v2\/posts\/74547\/revisions\/74549"}],"wp:attachment":[{"href":"https:\/\/www.noticiasradioreflejos.com.ar\/2021\/wp-json\/wp\/v2\/media?parent=74547"}],"wp:term":[{"taxonomy":"category","embeddable":true,"href":"https:\/\/www.noticiasradioreflejos.com.ar\/2021\/wp-json\/wp\/v2\/categories?post=74547"},{"taxonomy":"post_tag","embeddable":true,"href":"https:\/\/www.noticiasradioreflejos.com.ar\/2021\/wp-json\/wp\/v2\/tags?post=74547"}],"curies":[{"name":"wp","href":"https:\/\/api.w.org\/{rel}","templated":true}]}}