{"id":74544,"date":"2022-07-03T14:25:34","date_gmt":"2022-07-03T14:25:34","guid":{"rendered":"http:\/\/www.noticiasradioreflejos.com.ar\/2021\/?p=74544"},"modified":"2022-07-03T14:25:34","modified_gmt":"2022-07-03T14:25:34","slug":"un-joven-platense-es-el-primer-ingeniero-aeroespacial-egresado-en-argentina","status":"publish","type":"post","link":"https:\/\/www.noticiasradioreflejos.com.ar\/2021\/un-joven-platense-es-el-primer-ingeniero-aeroespacial-egresado-en-argentina\/","title":{"rendered":"Un joven platense es el primer ingeniero aeroespacial egresado en Argentina"},"content":{"rendered":"<p>\u00abFue algo inesperado y una alegr\u00eda muy grande\u00bb, asegura David Williams, el joven de 24 a\u00f1os a quien su pasi\u00f3n por los sat\u00e9lites lo llev\u00f3 a inscribirse en la la carrera que se dicta desde 2020 en la UNLP. Este a\u00f1o ingresaron 300 estudiantes a la cursada.<!--more--><\/p>\n<figure class=\"mb-3\"><img decoding=\"async\" src=\"https:\/\/www.telam.com.ar\/thumbs\/bluesteel\/advf\/imagenes\/2022\/07\/62c06923927d9_900.jpg\" alt=\"Su trabajo final consistente en el diseo del satlite universitario tipo cubesat La UNLP busca poner en rbita el ao prximo Foto Eva Cabrera\" width=\"100%\" height=\"100%\" \/><\/p>\n<div class=\"media-icons\"><\/div><figcaption>Su trabajo final, consistente en el dise\u00f1o del sat\u00e9lite universitario tipo cubesat. La UNLP busca poner en \u00f3rbita el a\u00f1o pr\u00f3ximo \/ Foto: Eva Cabrera.<\/figcaption><\/figure>\n<p>David Williams se convirti\u00f3 en el primer egresado de la carrera de Ingenier\u00eda Aeroespacial que la Universidad Nacional de La Plata (UNLP) dicta desde 2020 y que este a\u00f1o cuenta con 300 estudiantes que ingresaron, una formaci\u00f3n a la que el joven de 24 a\u00f1os oriundo de esa ciudad lleg\u00f3 por su pasi\u00f3n por los sat\u00e9lites.<\/p>\n<p>Despu\u00e9s de defender hace poco m\u00e1s de una semana\u00a0<strong>su trabajo final, consistente en el dise\u00f1o del sat\u00e9lite universitario tipo cubesat que la UNLP busca poner en \u00f3rbita el a\u00f1o pr\u00f3ximo<\/strong>, Williams fue sorprendido por los docentes examinadores que tras notificarlo de su aprobaci\u00f3n celebraron que en ese mismo acto el estudiante pasaba a ser el primer ingeniero aeroespacial recibido en Argentina.<\/p>\n<p>\u00abMe felicitaron diciendo que era el primer egresado, fue algo inesperado y una alegr\u00eda muy grande\u00bb, record\u00f3 en di\u00e1logo con T\u00e9lam sobre el momento en que sus profesores le dieron la noticia.<\/p>\n<p><strong>Williams ingres\u00f3 a la UNLP para estudiar ingenier\u00eda industrial<\/strong>. \u00abPero me toc\u00f3 cursar materias de ingenier\u00eda aeron\u00e1utica como &#8216;mec\u00e1nica de los fluidos&#8217; o &#8216;mec\u00e1nica de los mecanismos&#8217; que me gustaron much\u00edsimo y me pas\u00e9 a aeron\u00e1utica; al poco tiempo se abri\u00f3 ingenier\u00eda aeroespacial y como a m\u00ed me gustaba m\u00e1s lo satelital que los aviones me cambi\u00e9 de nuevo\u00bb, cont\u00f3 el joven.<\/p>\n<p>El flamante ingeniero aeroespacial explic\u00f3 que como trabajo final present\u00f3 el dise\u00f1o y simulaci\u00f3n de la estructura del cubesat sobre el que est\u00e1 trabajando como becario bajo la supervisi\u00f3n de Sonia Bota en el centro tecnol\u00f3gico aeroespacial que depende del departamento de aeron\u00e1utica de la facultad de Ingenier\u00eda de la UNLP.<\/p>\n<figure class=\"mb-3\"><img decoding=\"async\" src=\"https:\/\/www.telam.com.ar\/thumbs\/bluesteel\/advf\/imagenes\/2022\/07\/62c06923b6956_900.jpg\" alt=\"Me felicitaron diciendo que era el primer egresado fue algo inesperado y una alegra muy grande cont Williams Foto Eva Cabrera\" width=\"100%\" height=\"100%\" \/><\/p>\n<div class=\"media-icons\"><\/div><figcaption>\u00abMe felicitaron diciendo que era el primer egresado, fue algo inesperado y una alegr\u00eda muy grande\u00bb, cont\u00f3 Williams \/ Foto: Eva Cabrera.<\/figcaption><\/figure>\n<p><strong>\u00abEs una plataforma que va a integrar la unidad de Sistemas Electr\u00f3nicos de Navegaci\u00f3n y Telecomunicaciones (Senyt) del departamento de electr\u00f3nica y que buscamos poner en \u00f3rbita el a\u00f1o que viene\u00bb<\/strong>, detall\u00f3.<\/p>\n<p>Williams sostuvo que en el centro tecnol\u00f3gico aeroespacial complementan la formaci\u00f3n con experiencia en diversas aplicaciones. \u00abTrabajamos en el proyecto del lanzador satelital &#8216;Tronador&#8217; de la Comisi\u00f3n Nacional de Actividades Espaciales (Conae) y tambi\u00e9n en el desarrollo de veh\u00edculos el\u00e9ctricos\u00bb, describi\u00f3.<\/p>\n<p>\u00ab<strong>Para m\u00ed estar viendo al primer egresado de esta carrera es un sue\u00f1o<\/strong>\u00a0porque cuando yo quer\u00eda estudiar estas cosas de chico no me identificada con ninguna carrera vinculada con el espacio porque no expresaban en su t\u00edtulo mi sentimiento\u00bb, cont\u00f3, por su parte, a T\u00e9lam el decano de la Facultad de Ingenier\u00eda de la UNLP y presidente de VENG,\u00a0<strong>Marcos Actis<\/strong>.<\/p>\n<p>Por eso, durante varios a\u00f1os buscaron actualizar la carrera de ingenier\u00eda aeron\u00e1utica sumando todo el trabajo que acumularon en proyectos espaciales, muchos de los cuales junto a la Comisi\u00f3n Nacional de Actividades Espaciales (Conae).<\/p>\n<p>\u00abSiempre estuvimos muy vinculados al sector aeroespacial desde los 90 y quer\u00edamos que eso se refleje en el nombre de la carrera porque muchos pibes no identificaban ingenier\u00eda aeron\u00e1utica con lo aeroespacial.\u00a0<strong>En 2020 logramos que el Ministerio de Educaci\u00f3n reconozca la carrera y pasamos de 100 ingresantes a 300<\/strong>\u00ab, plante\u00f3 Actis.<\/p>\n<p>Con esa idea se busca poner a los estudiantes de esa carrera en lo que se est\u00e1 haciendo, como el proyecto del cubesat donde adem\u00e1s de David hay otros quince estudiantes, al igual que en el proyecto del lanzador Tronador.<\/p>\n<p>\u00abConsideramos fundamental que los j\u00f3venes no tengan que esperar hasta recibirse para entrar en estos proyectos y esa es una de nuestras caracter\u00edsticas que m\u00e1s le llam\u00f3 la atenci\u00f3n al entonces administrador de la NASA, Charles Bolden, cuando nos visit\u00f3\u00bb, cont\u00f3 el presidente de VENG.<\/p>\n<p>En la UNLP\u00a0<strong>las ingenier\u00edas tienen un ciclo com\u00fan, del que Williams egres\u00f3 r\u00e1pidamente por los conocimientos que hab\u00eda adquirido de sus estudios previos cuando se abri\u00f3 la carrera<\/strong>.<\/p>\n<p>\u00abEn estos meses vamos a tener otros egresados con un recorrido similar pero los ingresantes del 2020 van a estar recibi\u00e9ndose entre 2024 y 2025\u00bb, estim\u00f3 Actis, para quien \u00ababrir ingenier\u00eda aeroespacial nos permiti\u00f3 tener nuevas materias y poner a docentes e investigadores que est\u00e1n en proyectos espaciales a trabajar junto a los estudiantes\u00bb. Por eso, ahora trabajan tambi\u00e9n en el dise\u00f1o de maestr\u00edas y especializaciones.<\/p>\n<p>La Facultad de Ingenier\u00eda de\u00a0<strong>la UNLP es la primera casa de estudios del pa\u00eds en dictar la carrera de Ingenier\u00eda Aeroespacial<\/strong>, una propuesta formativa que reemplaza a la carrera de Ingenier\u00eda Aeron\u00e1utica, aprobada en 1942, que form\u00f3 a m\u00e1s de mil ingenieros.<\/p>\n<p>Esta iniciativa busca preparar profesionales capacitados en dise\u00f1ar, calcular y proyectar aeronaves, veh\u00edculos espaciales y toda m\u00e1quina de vuelo, plantas propulsoras y auxiliares aeron\u00e1uticas y espaciales, sistemas de control aeron\u00e1uticos e instalaciones aeroportuarias.<\/p>\n<p>La modificaci\u00f3n de la denominaci\u00f3n de la carrera de Aeron\u00e1utica por la de Ingenier\u00eda Aeroespacial se formaliz\u00f3 en la resoluci\u00f3n 966\/2019 del entonces Ministerio de Educaci\u00f3n, Cultura, Ciencia y Tecnolog\u00eda, y se fundamenta en que desde los a\u00f1os 50 del siglo pasado las carreras de Ingenier\u00eda Aeron\u00e1utica fueron desarrollando en paralelo temas aeron\u00e1uticos y espaciales entre sus graduados.<\/p>\n","protected":false},"excerpt":{"rendered":"<p>\u00abFue algo inesperado y una alegr\u00eda muy grande\u00bb, asegura David Williams, el joven de 24 a\u00f1os a quien su pasi\u00f3n por los sat\u00e9lites lo llev\u00f3 a inscribirse en la la carrera que se dicta desde 2020 en la UNLP. Este a\u00f1o ingresaron 300 estudiantes a la cursada.<\/p>\n","protected":false},"author":3,"featured_media":0,"comment_status":"closed","ping_status":"closed","sticky":false,"template":"","format":"standard","meta":{"footnotes":""},"categories":[46,34],"tags":[],"class_list":["post-74544","post","type-post","status-publish","format-standard","hentry","category-ciencia-y-tecnologia","category-educacion"],"yoast_head":"<!-- This site is optimized with the Yoast SEO plugin v25.9 - https:\/\/yoast.com\/wordpress\/plugins\/seo\/ -->\n<title>Un joven platense es el primer ingeniero aeroespacial egresado en Argentina - Noticias Radio Reflejos<\/title>\n<meta name=\"robots\" content=\"index, follow, max-snippet:-1, max-image-preview:large, max-video-preview:-1\" \/>\n<link rel=\"canonical\" href=\"https:\/\/www.noticiasradioreflejos.com.ar\/2021\/un-joven-platense-es-el-primer-ingeniero-aeroespacial-egresado-en-argentina\/\" \/>\n<meta property=\"og:locale\" content=\"es_ES\" \/>\n<meta property=\"og:type\" content=\"article\" \/>\n<meta property=\"og:title\" content=\"Un joven platense es el primer ingeniero aeroespacial egresado en Argentina - Noticias Radio Reflejos\" \/>\n<meta property=\"og:description\" content=\"\u00abFue algo inesperado y una alegr\u00eda muy grande\u00bb, asegura David Williams, el joven de 24 a\u00f1os a quien su pasi\u00f3n por los sat\u00e9lites lo llev\u00f3 a inscribirse en la la carrera que se dicta desde 2020 en la UNLP. Este a\u00f1o ingresaron 300 estudiantes a la cursada.\" \/>\n<meta property=\"og:url\" content=\"https:\/\/www.noticiasradioreflejos.com.ar\/2021\/un-joven-platense-es-el-primer-ingeniero-aeroespacial-egresado-en-argentina\/\" \/>\n<meta property=\"og:site_name\" content=\"Noticias Radio Reflejos\" \/>\n<meta property=\"article:published_time\" content=\"2022-07-03T14:25:34+00:00\" \/>\n<meta property=\"og:image\" content=\"https:\/\/www.telam.com.ar\/thumbs\/bluesteel\/advf\/imagenes\/2022\/07\/62c06923927d9_900.jpg\" \/>\n<meta name=\"author\" content=\"Arnaldo Botto\" \/>\n<meta name=\"twitter:card\" content=\"summary_large_image\" \/>\n<script type=\"application\/ld+json\" class=\"yoast-schema-graph\">{\"@context\":\"https:\/\/schema.org\",\"@graph\":[{\"@type\":\"WebPage\",\"@id\":\"https:\/\/www.noticiasradioreflejos.com.ar\/2021\/un-joven-platense-es-el-primer-ingeniero-aeroespacial-egresado-en-argentina\/\",\"url\":\"https:\/\/www.noticiasradioreflejos.com.ar\/2021\/un-joven-platense-es-el-primer-ingeniero-aeroespacial-egresado-en-argentina\/\",\"name\":\"Un joven platense es el primer ingeniero aeroespacial egresado en Argentina - Noticias Radio Reflejos\",\"isPartOf\":{\"@id\":\"https:\/\/www.noticiasradioreflejos.com.ar\/2021\/#website\"},\"primaryImageOfPage\":{\"@id\":\"https:\/\/www.noticiasradioreflejos.com.ar\/2021\/un-joven-platense-es-el-primer-ingeniero-aeroespacial-egresado-en-argentina\/#primaryimage\"},\"image\":{\"@id\":\"https:\/\/www.noticiasradioreflejos.com.ar\/2021\/un-joven-platense-es-el-primer-ingeniero-aeroespacial-egresado-en-argentina\/#primaryimage\"},\"thumbnailUrl\":\"https:\/\/www.telam.com.ar\/thumbs\/bluesteel\/advf\/imagenes\/2022\/07\/62c06923927d9_900.jpg\",\"datePublished\":\"2022-07-03T14:25:34+00:00\",\"author\":{\"@id\":\"https:\/\/www.noticiasradioreflejos.com.ar\/2021\/#\/schema\/person\/ad82545263dcc5ec0996818884fd5fb1\"},\"breadcrumb\":{\"@id\":\"https:\/\/www.noticiasradioreflejos.com.ar\/2021\/un-joven-platense-es-el-primer-ingeniero-aeroespacial-egresado-en-argentina\/#breadcrumb\"},\"inLanguage\":\"es\",\"potentialAction\":[{\"@type\":\"ReadAction\",\"target\":[\"https:\/\/www.noticiasradioreflejos.com.ar\/2021\/un-joven-platense-es-el-primer-ingeniero-aeroespacial-egresado-en-argentina\/\"]}]},{\"@type\":\"ImageObject\",\"inLanguage\":\"es\",\"@id\":\"https:\/\/www.noticiasradioreflejos.com.ar\/2021\/un-joven-platense-es-el-primer-ingeniero-aeroespacial-egresado-en-argentina\/#primaryimage\",\"url\":\"https:\/\/www.telam.com.ar\/thumbs\/bluesteel\/advf\/imagenes\/2022\/07\/62c06923927d9_900.jpg\",\"contentUrl\":\"https:\/\/www.telam.com.ar\/thumbs\/bluesteel\/advf\/imagenes\/2022\/07\/62c06923927d9_900.jpg\"},{\"@type\":\"BreadcrumbList\",\"@id\":\"https:\/\/www.noticiasradioreflejos.com.ar\/2021\/un-joven-platense-es-el-primer-ingeniero-aeroespacial-egresado-en-argentina\/#breadcrumb\",\"itemListElement\":[{\"@type\":\"ListItem\",\"position\":1,\"name\":\"Portada\",\"item\":\"https:\/\/www.noticiasradioreflejos.com.ar\/2021\/\"},{\"@type\":\"ListItem\",\"position\":2,\"name\":\"Un joven platense es el primer ingeniero aeroespacial egresado en Argentina\"}]},{\"@type\":\"WebSite\",\"@id\":\"https:\/\/www.noticiasradioreflejos.com.ar\/2021\/#website\",\"url\":\"https:\/\/www.noticiasradioreflejos.com.ar\/2021\/\",\"name\":\"Noticias Radio Reflejos\",\"description\":\"Las noticias de mi comarca\",\"potentialAction\":[{\"@type\":\"SearchAction\",\"target\":{\"@type\":\"EntryPoint\",\"urlTemplate\":\"https:\/\/www.noticiasradioreflejos.com.ar\/2021\/?s={search_term_string}\"},\"query-input\":{\"@type\":\"PropertyValueSpecification\",\"valueRequired\":true,\"valueName\":\"search_term_string\"}}],\"inLanguage\":\"es\"},{\"@type\":\"Person\",\"@id\":\"https:\/\/www.noticiasradioreflejos.com.ar\/2021\/#\/schema\/person\/ad82545263dcc5ec0996818884fd5fb1\",\"name\":\"Arnaldo Botto\",\"image\":{\"@type\":\"ImageObject\",\"inLanguage\":\"es\",\"@id\":\"https:\/\/www.noticiasradioreflejos.com.ar\/2021\/#\/schema\/person\/image\/\",\"url\":\"https:\/\/secure.gravatar.com\/avatar\/55cb5e37c1efa326397366e6974cb338056df65cb50e7d64d1cf314e87504837?s=96&d=mm&r=g\",\"contentUrl\":\"https:\/\/secure.gravatar.com\/avatar\/55cb5e37c1efa326397366e6974cb338056df65cb50e7d64d1cf314e87504837?s=96&d=mm&r=g\",\"caption\":\"Arnaldo Botto\"},\"url\":\"https:\/\/www.noticiasradioreflejos.com.ar\/2021\/author\/arnaldo\/\"}]}<\/script>\n<!-- \/ Yoast SEO plugin. -->","yoast_head_json":{"title":"Un joven platense es el primer ingeniero aeroespacial egresado en Argentina - Noticias Radio Reflejos","robots":{"index":"index","follow":"follow","max-snippet":"max-snippet:-1","max-image-preview":"max-image-preview:large","max-video-preview":"max-video-preview:-1"},"canonical":"https:\/\/www.noticiasradioreflejos.com.ar\/2021\/un-joven-platense-es-el-primer-ingeniero-aeroespacial-egresado-en-argentina\/","og_locale":"es_ES","og_type":"article","og_title":"Un joven platense es el primer ingeniero aeroespacial egresado en Argentina - Noticias Radio Reflejos","og_description":"\u00abFue algo inesperado y una alegr\u00eda muy grande\u00bb, asegura David Williams, el joven de 24 a\u00f1os a quien su pasi\u00f3n por los sat\u00e9lites lo llev\u00f3 a inscribirse en la la carrera que se dicta desde 2020 en la UNLP. Este a\u00f1o ingresaron 300 estudiantes a la cursada.","og_url":"https:\/\/www.noticiasradioreflejos.com.ar\/2021\/un-joven-platense-es-el-primer-ingeniero-aeroespacial-egresado-en-argentina\/","og_site_name":"Noticias Radio Reflejos","article_published_time":"2022-07-03T14:25:34+00:00","og_image":[{"url":"https:\/\/www.telam.com.ar\/thumbs\/bluesteel\/advf\/imagenes\/2022\/07\/62c06923927d9_900.jpg","type":"","width":"","height":""}],"author":"Arnaldo Botto","twitter_card":"summary_large_image","schema":{"@context":"https:\/\/schema.org","@graph":[{"@type":"WebPage","@id":"https:\/\/www.noticiasradioreflejos.com.ar\/2021\/un-joven-platense-es-el-primer-ingeniero-aeroespacial-egresado-en-argentina\/","url":"https:\/\/www.noticiasradioreflejos.com.ar\/2021\/un-joven-platense-es-el-primer-ingeniero-aeroespacial-egresado-en-argentina\/","name":"Un joven platense es el primer ingeniero aeroespacial egresado en Argentina - Noticias Radio Reflejos","isPartOf":{"@id":"https:\/\/www.noticiasradioreflejos.com.ar\/2021\/#website"},"primaryImageOfPage":{"@id":"https:\/\/www.noticiasradioreflejos.com.ar\/2021\/un-joven-platense-es-el-primer-ingeniero-aeroespacial-egresado-en-argentina\/#primaryimage"},"image":{"@id":"https:\/\/www.noticiasradioreflejos.com.ar\/2021\/un-joven-platense-es-el-primer-ingeniero-aeroespacial-egresado-en-argentina\/#primaryimage"},"thumbnailUrl":"https:\/\/www.telam.com.ar\/thumbs\/bluesteel\/advf\/imagenes\/2022\/07\/62c06923927d9_900.jpg","datePublished":"2022-07-03T14:25:34+00:00","author":{"@id":"https:\/\/www.noticiasradioreflejos.com.ar\/2021\/#\/schema\/person\/ad82545263dcc5ec0996818884fd5fb1"},"breadcrumb":{"@id":"https:\/\/www.noticiasradioreflejos.com.ar\/2021\/un-joven-platense-es-el-primer-ingeniero-aeroespacial-egresado-en-argentina\/#breadcrumb"},"inLanguage":"es","potentialAction":[{"@type":"ReadAction","target":["https:\/\/www.noticiasradioreflejos.com.ar\/2021\/un-joven-platense-es-el-primer-ingeniero-aeroespacial-egresado-en-argentina\/"]}]},{"@type":"ImageObject","inLanguage":"es","@id":"https:\/\/www.noticiasradioreflejos.com.ar\/2021\/un-joven-platense-es-el-primer-ingeniero-aeroespacial-egresado-en-argentina\/#primaryimage","url":"https:\/\/www.telam.com.ar\/thumbs\/bluesteel\/advf\/imagenes\/2022\/07\/62c06923927d9_900.jpg","contentUrl":"https:\/\/www.telam.com.ar\/thumbs\/bluesteel\/advf\/imagenes\/2022\/07\/62c06923927d9_900.jpg"},{"@type":"BreadcrumbList","@id":"https:\/\/www.noticiasradioreflejos.com.ar\/2021\/un-joven-platense-es-el-primer-ingeniero-aeroespacial-egresado-en-argentina\/#breadcrumb","itemListElement":[{"@type":"ListItem","position":1,"name":"Portada","item":"https:\/\/www.noticiasradioreflejos.com.ar\/2021\/"},{"@type":"ListItem","position":2,"name":"Un joven platense es el primer ingeniero aeroespacial egresado en Argentina"}]},{"@type":"WebSite","@id":"https:\/\/www.noticiasradioreflejos.com.ar\/2021\/#website","url":"https:\/\/www.noticiasradioreflejos.com.ar\/2021\/","name":"Noticias Radio Reflejos","description":"Las noticias de mi comarca","potentialAction":[{"@type":"SearchAction","target":{"@type":"EntryPoint","urlTemplate":"https:\/\/www.noticiasradioreflejos.com.ar\/2021\/?s={search_term_string}"},"query-input":{"@type":"PropertyValueSpecification","valueRequired":true,"valueName":"search_term_string"}}],"inLanguage":"es"},{"@type":"Person","@id":"https:\/\/www.noticiasradioreflejos.com.ar\/2021\/#\/schema\/person\/ad82545263dcc5ec0996818884fd5fb1","name":"Arnaldo Botto","image":{"@type":"ImageObject","inLanguage":"es","@id":"https:\/\/www.noticiasradioreflejos.com.ar\/2021\/#\/schema\/person\/image\/","url":"https:\/\/secure.gravatar.com\/avatar\/55cb5e37c1efa326397366e6974cb338056df65cb50e7d64d1cf314e87504837?s=96&d=mm&r=g","contentUrl":"https:\/\/secure.gravatar.com\/avatar\/55cb5e37c1efa326397366e6974cb338056df65cb50e7d64d1cf314e87504837?s=96&d=mm&r=g","caption":"Arnaldo Botto"},"url":"https:\/\/www.noticiasradioreflejos.com.ar\/2021\/author\/arnaldo\/"}]}},"_links":{"self":[{"href":"https:\/\/www.noticiasradioreflejos.com.ar\/2021\/wp-json\/wp\/v2\/posts\/74544","targetHints":{"allow":["GET"]}}],"collection":[{"href":"https:\/\/www.noticiasradioreflejos.com.ar\/2021\/wp-json\/wp\/v2\/posts"}],"about":[{"href":"https:\/\/www.noticiasradioreflejos.com.ar\/2021\/wp-json\/wp\/v2\/types\/post"}],"author":[{"embeddable":true,"href":"https:\/\/www.noticiasradioreflejos.com.ar\/2021\/wp-json\/wp\/v2\/users\/3"}],"replies":[{"embeddable":true,"href":"https:\/\/www.noticiasradioreflejos.com.ar\/2021\/wp-json\/wp\/v2\/comments?post=74544"}],"version-history":[{"count":1,"href":"https:\/\/www.noticiasradioreflejos.com.ar\/2021\/wp-json\/wp\/v2\/posts\/74544\/revisions"}],"predecessor-version":[{"id":74546,"href":"https:\/\/www.noticiasradioreflejos.com.ar\/2021\/wp-json\/wp\/v2\/posts\/74544\/revisions\/74546"}],"wp:attachment":[{"href":"https:\/\/www.noticiasradioreflejos.com.ar\/2021\/wp-json\/wp\/v2\/media?parent=74544"}],"wp:term":[{"taxonomy":"category","embeddable":true,"href":"https:\/\/www.noticiasradioreflejos.com.ar\/2021\/wp-json\/wp\/v2\/categories?post=74544"},{"taxonomy":"post_tag","embeddable":true,"href":"https:\/\/www.noticiasradioreflejos.com.ar\/2021\/wp-json\/wp\/v2\/tags?post=74544"}],"curies":[{"name":"wp","href":"https:\/\/api.w.org\/{rel}","templated":true}]}}