{"id":74541,"date":"2022-07-03T14:21:38","date_gmt":"2022-07-03T14:21:38","guid":{"rendered":"http:\/\/www.noticiasradioreflejos.com.ar\/2021\/?p=74541"},"modified":"2022-07-03T14:21:38","modified_gmt":"2022-07-03T14:21:38","slug":"mas-de-200-cervecerias-compiten-por-la-copa-argentina-de-cervezas","status":"publish","type":"post","link":"https:\/\/www.noticiasradioreflejos.com.ar\/2021\/mas-de-200-cervecerias-compiten-por-la-copa-argentina-de-cervezas\/","title":{"rendered":"M\u00e1s de 200 cervecer\u00edas compiten por la Copa Argentina de Cervezas"},"content":{"rendered":"<p>Se trata de la s\u00e9ptima edici\u00f3n de este evento cervecero que tiene como objetivo de \u00abincentivar a las microcervecer\u00edas a alcanzar la excelencia en calidad en elaboraci\u00f3n de estilos y la gesti\u00f3n comercial\u00bb.<!--more--><\/p>\n<figure class=\"mb-3\"><img decoding=\"async\" src=\"https:\/\/www.telam.com.ar\/thumbs\/bluesteel\/advf\/imagenes\/2022\/07\/62c0d5f40d7cd_900.jpg\" alt=\"Un jurado de 70 integrantes degustar las muestras mediante Cata a Ciegas durante cinco das completos Foto 123RF\" width=\"100%\" height=\"100%\" \/><\/p>\n<div class=\"media-icons\"><\/div><figcaption>Un jurado de 70 integrantes degustar\u00e1 las muestras mediante \u00abCata a Ciegas\u00bb durante cinco d\u00edas completos (Foto 123RF)<\/figcaption><\/figure>\n<p>M\u00e1s de 200 cervecer\u00edas de todo el pa\u00eds participar\u00e1n de la VII Edici\u00f3n de la Copa Argentina de Cervezas, evento cervecero en el que se eval\u00faan 90 estilos de esa bebida, con el objetivo de \u00abincentivar a las microcervecer\u00edas a alcanzar la excelencia en calidad en elaboraci\u00f3n de estilos y la gesti\u00f3n comercial\u00bb.<\/p>\n<p>Las cervecer\u00edas ganadoras en las ediciones anteriores consolidaron su crecimiento en el mercado y fortalecieron su reconocimiento tanto a nivel local como internacional, seg\u00fan dijeron los organizadores.<\/p>\n<p>En el Centro de Cata de Cerveza, un jurado de 70 integrantes degustar\u00e1 el total de las muestras presentadas mediante \u00abCata a Ciegas\u00bb durante cinco d\u00edas completos.<\/p>\n<p><iframe id=\"instagram-embed-0\" class=\"instagram-media instagram-media-rendered\" src=\"https:\/\/www.instagram.com\/p\/CfhdT3Nuopq\/embed\/captioned\/?cr=1&amp;v=14&amp;wp=540&amp;rd=https%3A%2F%2Fwww.telam.com.ar&amp;rp=%2Fnotas%2F202207%2F597339-200-cervecerias-competencia-copa-argentina-de-cervezas.html#%7B%22ci%22%3A0%2C%22os%22%3A963.9000000059605%2C%22ls%22%3A307.20000000298023%2C%22le%22%3A924.7999999970198%7D\" height=\"925\" frameborder=\"0\" scrolling=\"no\" allowfullscreen=\"allowfullscreen\" data-instgrm-payload-id=\"instagram-media-payload-0\" data-mce-fragment=\"1\"><\/iframe><\/p>\n<p>La organizaci\u00f3n, supervisi\u00f3n y coordinaci\u00f3n del certamen est\u00e1 a cargo de Mart\u00edn Boan, sommelier y juez internacional de cerveza.<\/p>\n<p>La premiaci\u00f3n se realizar\u00e1 el s\u00e1bado 9 de julio a partir de las 17:30 en Parque Norte en la Ciudad de Buenos Aires.<\/p>\n<p>En la edici\u00f3n anterior del evento, que cuenta con el apoyo de BA Capital Gastron\u00f3mica, Astor fue reconocida como la Mejor Cervercer\u00eda Argentina.<\/p>\n","protected":false},"excerpt":{"rendered":"<p>Se trata de la s\u00e9ptima edici\u00f3n de este evento cervecero que tiene como objetivo de \u00abincentivar a las microcervecer\u00edas a alcanzar la excelencia en calidad en elaboraci\u00f3n de estilos y la gesti\u00f3n comercial\u00bb.<\/p>\n","protected":false},"author":3,"featured_media":74542,"comment_status":"closed","ping_status":"closed","sticky":false,"template":"","format":"standard","meta":{"footnotes":""},"categories":[46,35,26],"tags":[],"class_list":["post-74541","post","type-post","status-publish","format-standard","has-post-thumbnail","hentry","category-ciencia-y-tecnologia","category-cultura","category-sociedad"],"yoast_head":"<!-- This site is optimized with the Yoast SEO plugin v25.9 - https:\/\/yoast.com\/wordpress\/plugins\/seo\/ -->\n<title>M\u00e1s de 200 cervecer\u00edas compiten por la Copa Argentina de Cervezas - Noticias Radio Reflejos<\/title>\n<meta name=\"robots\" content=\"index, follow, max-snippet:-1, max-image-preview:large, max-video-preview:-1\" \/>\n<link rel=\"canonical\" href=\"https:\/\/www.noticiasradioreflejos.com.ar\/2021\/mas-de-200-cervecerias-compiten-por-la-copa-argentina-de-cervezas\/\" \/>\n<meta property=\"og:locale\" content=\"es_ES\" \/>\n<meta property=\"og:type\" content=\"article\" \/>\n<meta property=\"og:title\" content=\"M\u00e1s de 200 cervecer\u00edas compiten por la Copa Argentina de Cervezas - Noticias Radio Reflejos\" \/>\n<meta property=\"og:description\" content=\"Se trata de la s\u00e9ptima edici\u00f3n de este evento cervecero que tiene como objetivo de \u00abincentivar a las microcervecer\u00edas a alcanzar la excelencia en calidad en elaboraci\u00f3n de estilos y la gesti\u00f3n comercial\u00bb.\" \/>\n<meta property=\"og:url\" content=\"https:\/\/www.noticiasradioreflejos.com.ar\/2021\/mas-de-200-cervecerias-compiten-por-la-copa-argentina-de-cervezas\/\" \/>\n<meta property=\"og:site_name\" content=\"Noticias Radio Reflejos\" \/>\n<meta property=\"article:published_time\" content=\"2022-07-03T14:21:38+00:00\" \/>\n<meta property=\"og:image\" content=\"https:\/\/www.noticiasradioreflejos.com.ar\/2021\/wp-content\/uploads\/2022\/07\/Cervezas.jpg\" \/>\n\t<meta property=\"og:image:width\" content=\"900\" \/>\n\t<meta property=\"og:image:height\" content=\"506\" \/>\n\t<meta property=\"og:image:type\" content=\"image\/jpeg\" \/>\n<meta name=\"author\" content=\"Arnaldo Botto\" \/>\n<meta name=\"twitter:card\" content=\"summary_large_image\" \/>\n<script type=\"application\/ld+json\" class=\"yoast-schema-graph\">{\"@context\":\"https:\/\/schema.org\",\"@graph\":[{\"@type\":\"WebPage\",\"@id\":\"https:\/\/www.noticiasradioreflejos.com.ar\/2021\/mas-de-200-cervecerias-compiten-por-la-copa-argentina-de-cervezas\/\",\"url\":\"https:\/\/www.noticiasradioreflejos.com.ar\/2021\/mas-de-200-cervecerias-compiten-por-la-copa-argentina-de-cervezas\/\",\"name\":\"M\u00e1s de 200 cervecer\u00edas compiten por la Copa Argentina de Cervezas - Noticias Radio Reflejos\",\"isPartOf\":{\"@id\":\"https:\/\/www.noticiasradioreflejos.com.ar\/2021\/#website\"},\"primaryImageOfPage\":{\"@id\":\"https:\/\/www.noticiasradioreflejos.com.ar\/2021\/mas-de-200-cervecerias-compiten-por-la-copa-argentina-de-cervezas\/#primaryimage\"},\"image\":{\"@id\":\"https:\/\/www.noticiasradioreflejos.com.ar\/2021\/mas-de-200-cervecerias-compiten-por-la-copa-argentina-de-cervezas\/#primaryimage\"},\"thumbnailUrl\":\"https:\/\/www.noticiasradioreflejos.com.ar\/2021\/wp-content\/uploads\/2022\/07\/Cervezas.jpg\",\"datePublished\":\"2022-07-03T14:21:38+00:00\",\"author\":{\"@id\":\"https:\/\/www.noticiasradioreflejos.com.ar\/2021\/#\/schema\/person\/ad82545263dcc5ec0996818884fd5fb1\"},\"breadcrumb\":{\"@id\":\"https:\/\/www.noticiasradioreflejos.com.ar\/2021\/mas-de-200-cervecerias-compiten-por-la-copa-argentina-de-cervezas\/#breadcrumb\"},\"inLanguage\":\"es\",\"potentialAction\":[{\"@type\":\"ReadAction\",\"target\":[\"https:\/\/www.noticiasradioreflejos.com.ar\/2021\/mas-de-200-cervecerias-compiten-por-la-copa-argentina-de-cervezas\/\"]}]},{\"@type\":\"ImageObject\",\"inLanguage\":\"es\",\"@id\":\"https:\/\/www.noticiasradioreflejos.com.ar\/2021\/mas-de-200-cervecerias-compiten-por-la-copa-argentina-de-cervezas\/#primaryimage\",\"url\":\"https:\/\/www.noticiasradioreflejos.com.ar\/2021\/wp-content\/uploads\/2022\/07\/Cervezas.jpg\",\"contentUrl\":\"https:\/\/www.noticiasradioreflejos.com.ar\/2021\/wp-content\/uploads\/2022\/07\/Cervezas.jpg\",\"width\":900,\"height\":506},{\"@type\":\"BreadcrumbList\",\"@id\":\"https:\/\/www.noticiasradioreflejos.com.ar\/2021\/mas-de-200-cervecerias-compiten-por-la-copa-argentina-de-cervezas\/#breadcrumb\",\"itemListElement\":[{\"@type\":\"ListItem\",\"position\":1,\"name\":\"Portada\",\"item\":\"https:\/\/www.noticiasradioreflejos.com.ar\/2021\/\"},{\"@type\":\"ListItem\",\"position\":2,\"name\":\"M\u00e1s de 200 cervecer\u00edas compiten por la Copa Argentina de Cervezas\"}]},{\"@type\":\"WebSite\",\"@id\":\"https:\/\/www.noticiasradioreflejos.com.ar\/2021\/#website\",\"url\":\"https:\/\/www.noticiasradioreflejos.com.ar\/2021\/\",\"name\":\"Noticias Radio Reflejos\",\"description\":\"Las noticias de mi comarca\",\"potentialAction\":[{\"@type\":\"SearchAction\",\"target\":{\"@type\":\"EntryPoint\",\"urlTemplate\":\"https:\/\/www.noticiasradioreflejos.com.ar\/2021\/?s={search_term_string}\"},\"query-input\":{\"@type\":\"PropertyValueSpecification\",\"valueRequired\":true,\"valueName\":\"search_term_string\"}}],\"inLanguage\":\"es\"},{\"@type\":\"Person\",\"@id\":\"https:\/\/www.noticiasradioreflejos.com.ar\/2021\/#\/schema\/person\/ad82545263dcc5ec0996818884fd5fb1\",\"name\":\"Arnaldo Botto\",\"image\":{\"@type\":\"ImageObject\",\"inLanguage\":\"es\",\"@id\":\"https:\/\/www.noticiasradioreflejos.com.ar\/2021\/#\/schema\/person\/image\/\",\"url\":\"https:\/\/secure.gravatar.com\/avatar\/55cb5e37c1efa326397366e6974cb338056df65cb50e7d64d1cf314e87504837?s=96&d=mm&r=g\",\"contentUrl\":\"https:\/\/secure.gravatar.com\/avatar\/55cb5e37c1efa326397366e6974cb338056df65cb50e7d64d1cf314e87504837?s=96&d=mm&r=g\",\"caption\":\"Arnaldo Botto\"},\"url\":\"https:\/\/www.noticiasradioreflejos.com.ar\/2021\/author\/arnaldo\/\"}]}<\/script>\n<!-- \/ Yoast SEO plugin. -->","yoast_head_json":{"title":"M\u00e1s de 200 cervecer\u00edas compiten por la Copa Argentina de Cervezas - Noticias Radio Reflejos","robots":{"index":"index","follow":"follow","max-snippet":"max-snippet:-1","max-image-preview":"max-image-preview:large","max-video-preview":"max-video-preview:-1"},"canonical":"https:\/\/www.noticiasradioreflejos.com.ar\/2021\/mas-de-200-cervecerias-compiten-por-la-copa-argentina-de-cervezas\/","og_locale":"es_ES","og_type":"article","og_title":"M\u00e1s de 200 cervecer\u00edas compiten por la Copa Argentina de Cervezas - Noticias Radio Reflejos","og_description":"Se trata de la s\u00e9ptima edici\u00f3n de este evento cervecero que tiene como objetivo de \u00abincentivar a las microcervecer\u00edas a alcanzar la excelencia en calidad en elaboraci\u00f3n de estilos y la gesti\u00f3n comercial\u00bb.","og_url":"https:\/\/www.noticiasradioreflejos.com.ar\/2021\/mas-de-200-cervecerias-compiten-por-la-copa-argentina-de-cervezas\/","og_site_name":"Noticias Radio Reflejos","article_published_time":"2022-07-03T14:21:38+00:00","og_image":[{"width":900,"height":506,"url":"https:\/\/www.noticiasradioreflejos.com.ar\/2021\/wp-content\/uploads\/2022\/07\/Cervezas.jpg","type":"image\/jpeg"}],"author":"Arnaldo Botto","twitter_card":"summary_large_image","schema":{"@context":"https:\/\/schema.org","@graph":[{"@type":"WebPage","@id":"https:\/\/www.noticiasradioreflejos.com.ar\/2021\/mas-de-200-cervecerias-compiten-por-la-copa-argentina-de-cervezas\/","url":"https:\/\/www.noticiasradioreflejos.com.ar\/2021\/mas-de-200-cervecerias-compiten-por-la-copa-argentina-de-cervezas\/","name":"M\u00e1s de 200 cervecer\u00edas compiten por la Copa Argentina de Cervezas - Noticias Radio Reflejos","isPartOf":{"@id":"https:\/\/www.noticiasradioreflejos.com.ar\/2021\/#website"},"primaryImageOfPage":{"@id":"https:\/\/www.noticiasradioreflejos.com.ar\/2021\/mas-de-200-cervecerias-compiten-por-la-copa-argentina-de-cervezas\/#primaryimage"},"image":{"@id":"https:\/\/www.noticiasradioreflejos.com.ar\/2021\/mas-de-200-cervecerias-compiten-por-la-copa-argentina-de-cervezas\/#primaryimage"},"thumbnailUrl":"https:\/\/www.noticiasradioreflejos.com.ar\/2021\/wp-content\/uploads\/2022\/07\/Cervezas.jpg","datePublished":"2022-07-03T14:21:38+00:00","author":{"@id":"https:\/\/www.noticiasradioreflejos.com.ar\/2021\/#\/schema\/person\/ad82545263dcc5ec0996818884fd5fb1"},"breadcrumb":{"@id":"https:\/\/www.noticiasradioreflejos.com.ar\/2021\/mas-de-200-cervecerias-compiten-por-la-copa-argentina-de-cervezas\/#breadcrumb"},"inLanguage":"es","potentialAction":[{"@type":"ReadAction","target":["https:\/\/www.noticiasradioreflejos.com.ar\/2021\/mas-de-200-cervecerias-compiten-por-la-copa-argentina-de-cervezas\/"]}]},{"@type":"ImageObject","inLanguage":"es","@id":"https:\/\/www.noticiasradioreflejos.com.ar\/2021\/mas-de-200-cervecerias-compiten-por-la-copa-argentina-de-cervezas\/#primaryimage","url":"https:\/\/www.noticiasradioreflejos.com.ar\/2021\/wp-content\/uploads\/2022\/07\/Cervezas.jpg","contentUrl":"https:\/\/www.noticiasradioreflejos.com.ar\/2021\/wp-content\/uploads\/2022\/07\/Cervezas.jpg","width":900,"height":506},{"@type":"BreadcrumbList","@id":"https:\/\/www.noticiasradioreflejos.com.ar\/2021\/mas-de-200-cervecerias-compiten-por-la-copa-argentina-de-cervezas\/#breadcrumb","itemListElement":[{"@type":"ListItem","position":1,"name":"Portada","item":"https:\/\/www.noticiasradioreflejos.com.ar\/2021\/"},{"@type":"ListItem","position":2,"name":"M\u00e1s de 200 cervecer\u00edas compiten por la Copa Argentina de Cervezas"}]},{"@type":"WebSite","@id":"https:\/\/www.noticiasradioreflejos.com.ar\/2021\/#website","url":"https:\/\/www.noticiasradioreflejos.com.ar\/2021\/","name":"Noticias Radio Reflejos","description":"Las noticias de mi comarca","potentialAction":[{"@type":"SearchAction","target":{"@type":"EntryPoint","urlTemplate":"https:\/\/www.noticiasradioreflejos.com.ar\/2021\/?s={search_term_string}"},"query-input":{"@type":"PropertyValueSpecification","valueRequired":true,"valueName":"search_term_string"}}],"inLanguage":"es"},{"@type":"Person","@id":"https:\/\/www.noticiasradioreflejos.com.ar\/2021\/#\/schema\/person\/ad82545263dcc5ec0996818884fd5fb1","name":"Arnaldo Botto","image":{"@type":"ImageObject","inLanguage":"es","@id":"https:\/\/www.noticiasradioreflejos.com.ar\/2021\/#\/schema\/person\/image\/","url":"https:\/\/secure.gravatar.com\/avatar\/55cb5e37c1efa326397366e6974cb338056df65cb50e7d64d1cf314e87504837?s=96&d=mm&r=g","contentUrl":"https:\/\/secure.gravatar.com\/avatar\/55cb5e37c1efa326397366e6974cb338056df65cb50e7d64d1cf314e87504837?s=96&d=mm&r=g","caption":"Arnaldo Botto"},"url":"https:\/\/www.noticiasradioreflejos.com.ar\/2021\/author\/arnaldo\/"}]}},"_links":{"self":[{"href":"https:\/\/www.noticiasradioreflejos.com.ar\/2021\/wp-json\/wp\/v2\/posts\/74541","targetHints":{"allow":["GET"]}}],"collection":[{"href":"https:\/\/www.noticiasradioreflejos.com.ar\/2021\/wp-json\/wp\/v2\/posts"}],"about":[{"href":"https:\/\/www.noticiasradioreflejos.com.ar\/2021\/wp-json\/wp\/v2\/types\/post"}],"author":[{"embeddable":true,"href":"https:\/\/www.noticiasradioreflejos.com.ar\/2021\/wp-json\/wp\/v2\/users\/3"}],"replies":[{"embeddable":true,"href":"https:\/\/www.noticiasradioreflejos.com.ar\/2021\/wp-json\/wp\/v2\/comments?post=74541"}],"version-history":[{"count":1,"href":"https:\/\/www.noticiasradioreflejos.com.ar\/2021\/wp-json\/wp\/v2\/posts\/74541\/revisions"}],"predecessor-version":[{"id":74543,"href":"https:\/\/www.noticiasradioreflejos.com.ar\/2021\/wp-json\/wp\/v2\/posts\/74541\/revisions\/74543"}],"wp:featuredmedia":[{"embeddable":true,"href":"https:\/\/www.noticiasradioreflejos.com.ar\/2021\/wp-json\/wp\/v2\/media\/74542"}],"wp:attachment":[{"href":"https:\/\/www.noticiasradioreflejos.com.ar\/2021\/wp-json\/wp\/v2\/media?parent=74541"}],"wp:term":[{"taxonomy":"category","embeddable":true,"href":"https:\/\/www.noticiasradioreflejos.com.ar\/2021\/wp-json\/wp\/v2\/categories?post=74541"},{"taxonomy":"post_tag","embeddable":true,"href":"https:\/\/www.noticiasradioreflejos.com.ar\/2021\/wp-json\/wp\/v2\/tags?post=74541"}],"curies":[{"name":"wp","href":"https:\/\/api.w.org\/{rel}","templated":true}]}}