{"id":74533,"date":"2022-07-02T22:44:45","date_gmt":"2022-07-02T22:44:45","guid":{"rendered":"http:\/\/www.noticiasradioreflejos.com.ar\/2021\/?p=74533"},"modified":"2022-07-02T22:44:45","modified_gmt":"2022-07-02T22:44:45","slug":"tres-pueblos-argentinos-compiten-para-ser-distinguidos-como-el-mejor-del-mundo","status":"publish","type":"post","link":"https:\/\/www.noticiasradioreflejos.com.ar\/2021\/tres-pueblos-argentinos-compiten-para-ser-distinguidos-como-el-mejor-del-mundo\/","title":{"rendered":"Tres pueblos argentinos compiten para ser distinguidos como el mejor del mundo"},"content":{"rendered":"<p>Las localidades de Caviahue-Copahue (Neuqu\u00e9n), San Francisco de Alfarcito (Jujuy) y Trevelin (Chubut) fueron seleccionadas\u00a0para representar a la Argentina ante la Organizaci\u00f3n Mundial del Turismo.<!--more--><\/p>\n<figure class=\"mb-3\"><img decoding=\"async\" src=\"https:\/\/www.telam.com.ar\/thumbs\/bluesteel\/advf\/imagenes\/2021\/09\/6154c12d33a94_900.jpg\" alt=\"Trevelin\" width=\"100%\" height=\"100%\" \/><\/p>\n<div class=\"media-icons\"><\/div><figcaption>Trevelin<\/figcaption><\/figure>\n<p>El Ministerio de Turismo y Deportes de la Naci\u00f3n seleccion\u00f3 a las localidades de Caviahue-Copahue (Neuqu\u00e9n), San Francisco de Alfarcito (Jujuy) y Trevelin (Chubut) para representar a la Argentina ante la Organizaci\u00f3n Mundial del Turismo (OMT), con el fin de ser parte de la elecci\u00f3n de los Best Tourism Villages, que se realizar\u00e1 en diciembre y determinar\u00e1 cual es el pueblo m\u00e1s lindo del mundo.<\/p>\n<p>La iniciativa\u00a0<strong>Best Tourism Villages<\/strong>\u00a0tiene como objetivo identificar aquellos sitios del mundo entre los pa\u00edses miembro de la OMT que adopten enfoques transformadores en la localidad a partir de pol\u00edticas vinculadas al cuidado del ambiente, la participaci\u00f3n e integraci\u00f3n de la comunidad y el desarrollo econ\u00f3mico y productivo, entre otros factores.<\/p>\n<div id=\"note_carousel\" class=\"carousel slide\" data-ride=\"carousel\">\n<ol class=\"carousel-indicators\">\n<li class=\"active\" data-target=\"#note_carousel\" data-slide-to=\"0\"><\/li>\n<li class=\"\" data-target=\"#note_carousel\" data-slide-to=\"1\"><\/li>\n<\/ol>\n<div class=\"carousel-inner\">\n<div class=\"carousel-item carousel-item-next carousel-item-left\"><img decoding=\"async\" class=\"d-block w-100\" src=\"https:\/\/www.telam.com.ar\/thumbs\/bluesteel\/advf\/imagenes\/2022\/07\/62c090c20fad7_655.jpg\" alt=\"Telam SE\" width=\"100%\" height=\"100%\" \/><\/div>\n<div class=\"carousel-item active carousel-item-left\"><img decoding=\"async\" class=\"d-block w-100\" src=\"https:\/\/www.telam.com.ar\/thumbs\/bluesteel\/advf\/imagenes\/2022\/07\/62c090c22da29_655.jpg\" alt=\"Telam SE\" width=\"100%\" height=\"100%\" \/><\/div>\n<\/div>\n<p><a class=\"carousel-control-prev\" role=\"button\" href=\"https:\/\/www.telam.com.ar\/notas\/202207\/597314-pueblos-argentinos-competencia-mundial-turismo.html#note_carousel\" data-slide=\"prev\"><span class=\"sr-only\">Previous<\/span><\/a><a class=\"carousel-control-next\" role=\"button\" href=\"https:\/\/www.telam.com.ar\/notas\/202207\/597314-pueblos-argentinos-competencia-mundial-turismo.html#note_carousel\" data-slide=\"next\"><span class=\"sr-only\">Next<\/span><\/a><\/p>\n<\/div>\n<p>Las localidades deben tener\u00a0<strong>hasta 15.000 habitantes<\/strong>, estar situados en un\u00a0<strong>paisaje natural y\/o cultural caracter\u00edstico<\/strong>\u00a0y compartir valores y estilos de vida propios de su regi\u00f3n, sostiene la OMT en su p\u00e1gina web.<\/p>\n<p>Los tres destinos que representar\u00e1n a la Argentina fueron seleccionados por el Ministerio de Turismo y Deportes de la Naci\u00f3n, que definieron su elecci\u00f3n entre 11 localidades de nueve provincias, se inform\u00f3 oficialmente.<\/p>\n<p>Caviahue-Copahue, San Francisco de Alfarcito y Trevelin participar\u00e1n de la elecci\u00f3n que efectuar\u00e1 la OMT en el mes de diciembre, fecha en la que se anunciar\u00e1 cu\u00e1les son los Best Tourism Villages del mundo, en su edici\u00f3n 2022.<\/p>\n<figure class=\"mb-3\"><img decoding=\"async\" src=\"https:\/\/www.telam.com.ar\/thumbs\/bluesteel\/advf\/imagenes\/2017\/11\/5a16ff5a4c85d_900.jpg\" alt=\"San Francisco de Alfarcito Foto Gentileza Ministerio de Turismo\" width=\"100%\" height=\"100%\" \/><\/p>\n<div class=\"media-icons\"><\/div><figcaption>San Francisco de Alfarcito \/ Foto: Gentileza Ministerio de Turismo.<\/figcaption><\/figure>\n","protected":false},"excerpt":{"rendered":"<p>Las localidades de Caviahue-Copahue (Neuqu\u00e9n), San Francisco de Alfarcito (Jujuy) y Trevelin (Chubut) fueron seleccionadas\u00a0para representar a la Argentina ante la Organizaci\u00f3n Mundial del Turismo.<\/p>\n","protected":false},"author":3,"featured_media":0,"comment_status":"closed","ping_status":"closed","sticky":false,"template":"","format":"standard","meta":{"footnotes":""},"categories":[33],"tags":[],"class_list":["post-74533","post","type-post","status-publish","format-standard","hentry","category-turismo"],"yoast_head":"<!-- This site is optimized with the Yoast SEO plugin v25.9 - https:\/\/yoast.com\/wordpress\/plugins\/seo\/ -->\n<title>Tres pueblos argentinos compiten para ser distinguidos como el mejor del mundo - Noticias Radio Reflejos<\/title>\n<meta name=\"robots\" content=\"index, follow, max-snippet:-1, max-image-preview:large, max-video-preview:-1\" \/>\n<link rel=\"canonical\" href=\"https:\/\/www.noticiasradioreflejos.com.ar\/2021\/tres-pueblos-argentinos-compiten-para-ser-distinguidos-como-el-mejor-del-mundo\/\" \/>\n<meta property=\"og:locale\" content=\"es_ES\" \/>\n<meta property=\"og:type\" content=\"article\" \/>\n<meta property=\"og:title\" content=\"Tres pueblos argentinos compiten para ser distinguidos como el mejor del mundo - Noticias Radio Reflejos\" \/>\n<meta property=\"og:description\" content=\"Las localidades de Caviahue-Copahue (Neuqu\u00e9n), San Francisco de Alfarcito (Jujuy) y Trevelin (Chubut) fueron seleccionadas\u00a0para representar a la Argentina ante la Organizaci\u00f3n Mundial del Turismo.\" \/>\n<meta property=\"og:url\" content=\"https:\/\/www.noticiasradioreflejos.com.ar\/2021\/tres-pueblos-argentinos-compiten-para-ser-distinguidos-como-el-mejor-del-mundo\/\" \/>\n<meta property=\"og:site_name\" content=\"Noticias Radio Reflejos\" \/>\n<meta property=\"article:published_time\" content=\"2022-07-02T22:44:45+00:00\" \/>\n<meta property=\"og:image\" content=\"https:\/\/www.telam.com.ar\/thumbs\/bluesteel\/advf\/imagenes\/2021\/09\/6154c12d33a94_900.jpg\" \/>\n<meta name=\"author\" content=\"Arnaldo Botto\" \/>\n<meta name=\"twitter:card\" content=\"summary_large_image\" \/>\n<script type=\"application\/ld+json\" class=\"yoast-schema-graph\">{\"@context\":\"https:\/\/schema.org\",\"@graph\":[{\"@type\":\"WebPage\",\"@id\":\"https:\/\/www.noticiasradioreflejos.com.ar\/2021\/tres-pueblos-argentinos-compiten-para-ser-distinguidos-como-el-mejor-del-mundo\/\",\"url\":\"https:\/\/www.noticiasradioreflejos.com.ar\/2021\/tres-pueblos-argentinos-compiten-para-ser-distinguidos-como-el-mejor-del-mundo\/\",\"name\":\"Tres pueblos argentinos compiten para ser distinguidos como el mejor del mundo - Noticias Radio Reflejos\",\"isPartOf\":{\"@id\":\"https:\/\/www.noticiasradioreflejos.com.ar\/2021\/#website\"},\"primaryImageOfPage\":{\"@id\":\"https:\/\/www.noticiasradioreflejos.com.ar\/2021\/tres-pueblos-argentinos-compiten-para-ser-distinguidos-como-el-mejor-del-mundo\/#primaryimage\"},\"image\":{\"@id\":\"https:\/\/www.noticiasradioreflejos.com.ar\/2021\/tres-pueblos-argentinos-compiten-para-ser-distinguidos-como-el-mejor-del-mundo\/#primaryimage\"},\"thumbnailUrl\":\"https:\/\/www.telam.com.ar\/thumbs\/bluesteel\/advf\/imagenes\/2021\/09\/6154c12d33a94_900.jpg\",\"datePublished\":\"2022-07-02T22:44:45+00:00\",\"author\":{\"@id\":\"https:\/\/www.noticiasradioreflejos.com.ar\/2021\/#\/schema\/person\/ad82545263dcc5ec0996818884fd5fb1\"},\"breadcrumb\":{\"@id\":\"https:\/\/www.noticiasradioreflejos.com.ar\/2021\/tres-pueblos-argentinos-compiten-para-ser-distinguidos-como-el-mejor-del-mundo\/#breadcrumb\"},\"inLanguage\":\"es\",\"potentialAction\":[{\"@type\":\"ReadAction\",\"target\":[\"https:\/\/www.noticiasradioreflejos.com.ar\/2021\/tres-pueblos-argentinos-compiten-para-ser-distinguidos-como-el-mejor-del-mundo\/\"]}]},{\"@type\":\"ImageObject\",\"inLanguage\":\"es\",\"@id\":\"https:\/\/www.noticiasradioreflejos.com.ar\/2021\/tres-pueblos-argentinos-compiten-para-ser-distinguidos-como-el-mejor-del-mundo\/#primaryimage\",\"url\":\"https:\/\/www.telam.com.ar\/thumbs\/bluesteel\/advf\/imagenes\/2021\/09\/6154c12d33a94_900.jpg\",\"contentUrl\":\"https:\/\/www.telam.com.ar\/thumbs\/bluesteel\/advf\/imagenes\/2021\/09\/6154c12d33a94_900.jpg\"},{\"@type\":\"BreadcrumbList\",\"@id\":\"https:\/\/www.noticiasradioreflejos.com.ar\/2021\/tres-pueblos-argentinos-compiten-para-ser-distinguidos-como-el-mejor-del-mundo\/#breadcrumb\",\"itemListElement\":[{\"@type\":\"ListItem\",\"position\":1,\"name\":\"Portada\",\"item\":\"https:\/\/www.noticiasradioreflejos.com.ar\/2021\/\"},{\"@type\":\"ListItem\",\"position\":2,\"name\":\"Tres pueblos argentinos compiten para ser distinguidos como el mejor del mundo\"}]},{\"@type\":\"WebSite\",\"@id\":\"https:\/\/www.noticiasradioreflejos.com.ar\/2021\/#website\",\"url\":\"https:\/\/www.noticiasradioreflejos.com.ar\/2021\/\",\"name\":\"Noticias Radio Reflejos\",\"description\":\"Las noticias de mi comarca\",\"potentialAction\":[{\"@type\":\"SearchAction\",\"target\":{\"@type\":\"EntryPoint\",\"urlTemplate\":\"https:\/\/www.noticiasradioreflejos.com.ar\/2021\/?s={search_term_string}\"},\"query-input\":{\"@type\":\"PropertyValueSpecification\",\"valueRequired\":true,\"valueName\":\"search_term_string\"}}],\"inLanguage\":\"es\"},{\"@type\":\"Person\",\"@id\":\"https:\/\/www.noticiasradioreflejos.com.ar\/2021\/#\/schema\/person\/ad82545263dcc5ec0996818884fd5fb1\",\"name\":\"Arnaldo Botto\",\"image\":{\"@type\":\"ImageObject\",\"inLanguage\":\"es\",\"@id\":\"https:\/\/www.noticiasradioreflejos.com.ar\/2021\/#\/schema\/person\/image\/\",\"url\":\"https:\/\/secure.gravatar.com\/avatar\/55cb5e37c1efa326397366e6974cb338056df65cb50e7d64d1cf314e87504837?s=96&d=mm&r=g\",\"contentUrl\":\"https:\/\/secure.gravatar.com\/avatar\/55cb5e37c1efa326397366e6974cb338056df65cb50e7d64d1cf314e87504837?s=96&d=mm&r=g\",\"caption\":\"Arnaldo Botto\"},\"url\":\"https:\/\/www.noticiasradioreflejos.com.ar\/2021\/author\/arnaldo\/\"}]}<\/script>\n<!-- \/ Yoast SEO plugin. -->","yoast_head_json":{"title":"Tres pueblos argentinos compiten para ser distinguidos como el mejor del mundo - Noticias Radio Reflejos","robots":{"index":"index","follow":"follow","max-snippet":"max-snippet:-1","max-image-preview":"max-image-preview:large","max-video-preview":"max-video-preview:-1"},"canonical":"https:\/\/www.noticiasradioreflejos.com.ar\/2021\/tres-pueblos-argentinos-compiten-para-ser-distinguidos-como-el-mejor-del-mundo\/","og_locale":"es_ES","og_type":"article","og_title":"Tres pueblos argentinos compiten para ser distinguidos como el mejor del mundo - Noticias Radio Reflejos","og_description":"Las localidades de Caviahue-Copahue (Neuqu\u00e9n), San Francisco de Alfarcito (Jujuy) y Trevelin (Chubut) fueron seleccionadas\u00a0para representar a la Argentina ante la Organizaci\u00f3n Mundial del Turismo.","og_url":"https:\/\/www.noticiasradioreflejos.com.ar\/2021\/tres-pueblos-argentinos-compiten-para-ser-distinguidos-como-el-mejor-del-mundo\/","og_site_name":"Noticias Radio Reflejos","article_published_time":"2022-07-02T22:44:45+00:00","og_image":[{"url":"https:\/\/www.telam.com.ar\/thumbs\/bluesteel\/advf\/imagenes\/2021\/09\/6154c12d33a94_900.jpg","type":"","width":"","height":""}],"author":"Arnaldo Botto","twitter_card":"summary_large_image","schema":{"@context":"https:\/\/schema.org","@graph":[{"@type":"WebPage","@id":"https:\/\/www.noticiasradioreflejos.com.ar\/2021\/tres-pueblos-argentinos-compiten-para-ser-distinguidos-como-el-mejor-del-mundo\/","url":"https:\/\/www.noticiasradioreflejos.com.ar\/2021\/tres-pueblos-argentinos-compiten-para-ser-distinguidos-como-el-mejor-del-mundo\/","name":"Tres pueblos argentinos compiten para ser distinguidos como el mejor del mundo - Noticias Radio Reflejos","isPartOf":{"@id":"https:\/\/www.noticiasradioreflejos.com.ar\/2021\/#website"},"primaryImageOfPage":{"@id":"https:\/\/www.noticiasradioreflejos.com.ar\/2021\/tres-pueblos-argentinos-compiten-para-ser-distinguidos-como-el-mejor-del-mundo\/#primaryimage"},"image":{"@id":"https:\/\/www.noticiasradioreflejos.com.ar\/2021\/tres-pueblos-argentinos-compiten-para-ser-distinguidos-como-el-mejor-del-mundo\/#primaryimage"},"thumbnailUrl":"https:\/\/www.telam.com.ar\/thumbs\/bluesteel\/advf\/imagenes\/2021\/09\/6154c12d33a94_900.jpg","datePublished":"2022-07-02T22:44:45+00:00","author":{"@id":"https:\/\/www.noticiasradioreflejos.com.ar\/2021\/#\/schema\/person\/ad82545263dcc5ec0996818884fd5fb1"},"breadcrumb":{"@id":"https:\/\/www.noticiasradioreflejos.com.ar\/2021\/tres-pueblos-argentinos-compiten-para-ser-distinguidos-como-el-mejor-del-mundo\/#breadcrumb"},"inLanguage":"es","potentialAction":[{"@type":"ReadAction","target":["https:\/\/www.noticiasradioreflejos.com.ar\/2021\/tres-pueblos-argentinos-compiten-para-ser-distinguidos-como-el-mejor-del-mundo\/"]}]},{"@type":"ImageObject","inLanguage":"es","@id":"https:\/\/www.noticiasradioreflejos.com.ar\/2021\/tres-pueblos-argentinos-compiten-para-ser-distinguidos-como-el-mejor-del-mundo\/#primaryimage","url":"https:\/\/www.telam.com.ar\/thumbs\/bluesteel\/advf\/imagenes\/2021\/09\/6154c12d33a94_900.jpg","contentUrl":"https:\/\/www.telam.com.ar\/thumbs\/bluesteel\/advf\/imagenes\/2021\/09\/6154c12d33a94_900.jpg"},{"@type":"BreadcrumbList","@id":"https:\/\/www.noticiasradioreflejos.com.ar\/2021\/tres-pueblos-argentinos-compiten-para-ser-distinguidos-como-el-mejor-del-mundo\/#breadcrumb","itemListElement":[{"@type":"ListItem","position":1,"name":"Portada","item":"https:\/\/www.noticiasradioreflejos.com.ar\/2021\/"},{"@type":"ListItem","position":2,"name":"Tres pueblos argentinos compiten para ser distinguidos como el mejor del mundo"}]},{"@type":"WebSite","@id":"https:\/\/www.noticiasradioreflejos.com.ar\/2021\/#website","url":"https:\/\/www.noticiasradioreflejos.com.ar\/2021\/","name":"Noticias Radio Reflejos","description":"Las noticias de mi comarca","potentialAction":[{"@type":"SearchAction","target":{"@type":"EntryPoint","urlTemplate":"https:\/\/www.noticiasradioreflejos.com.ar\/2021\/?s={search_term_string}"},"query-input":{"@type":"PropertyValueSpecification","valueRequired":true,"valueName":"search_term_string"}}],"inLanguage":"es"},{"@type":"Person","@id":"https:\/\/www.noticiasradioreflejos.com.ar\/2021\/#\/schema\/person\/ad82545263dcc5ec0996818884fd5fb1","name":"Arnaldo Botto","image":{"@type":"ImageObject","inLanguage":"es","@id":"https:\/\/www.noticiasradioreflejos.com.ar\/2021\/#\/schema\/person\/image\/","url":"https:\/\/secure.gravatar.com\/avatar\/55cb5e37c1efa326397366e6974cb338056df65cb50e7d64d1cf314e87504837?s=96&d=mm&r=g","contentUrl":"https:\/\/secure.gravatar.com\/avatar\/55cb5e37c1efa326397366e6974cb338056df65cb50e7d64d1cf314e87504837?s=96&d=mm&r=g","caption":"Arnaldo Botto"},"url":"https:\/\/www.noticiasradioreflejos.com.ar\/2021\/author\/arnaldo\/"}]}},"_links":{"self":[{"href":"https:\/\/www.noticiasradioreflejos.com.ar\/2021\/wp-json\/wp\/v2\/posts\/74533","targetHints":{"allow":["GET"]}}],"collection":[{"href":"https:\/\/www.noticiasradioreflejos.com.ar\/2021\/wp-json\/wp\/v2\/posts"}],"about":[{"href":"https:\/\/www.noticiasradioreflejos.com.ar\/2021\/wp-json\/wp\/v2\/types\/post"}],"author":[{"embeddable":true,"href":"https:\/\/www.noticiasradioreflejos.com.ar\/2021\/wp-json\/wp\/v2\/users\/3"}],"replies":[{"embeddable":true,"href":"https:\/\/www.noticiasradioreflejos.com.ar\/2021\/wp-json\/wp\/v2\/comments?post=74533"}],"version-history":[{"count":1,"href":"https:\/\/www.noticiasradioreflejos.com.ar\/2021\/wp-json\/wp\/v2\/posts\/74533\/revisions"}],"predecessor-version":[{"id":74535,"href":"https:\/\/www.noticiasradioreflejos.com.ar\/2021\/wp-json\/wp\/v2\/posts\/74533\/revisions\/74535"}],"wp:attachment":[{"href":"https:\/\/www.noticiasradioreflejos.com.ar\/2021\/wp-json\/wp\/v2\/media?parent=74533"}],"wp:term":[{"taxonomy":"category","embeddable":true,"href":"https:\/\/www.noticiasradioreflejos.com.ar\/2021\/wp-json\/wp\/v2\/categories?post=74533"},{"taxonomy":"post_tag","embeddable":true,"href":"https:\/\/www.noticiasradioreflejos.com.ar\/2021\/wp-json\/wp\/v2\/tags?post=74533"}],"curies":[{"name":"wp","href":"https:\/\/api.w.org\/{rel}","templated":true}]}}