{"id":74530,"date":"2022-07-02T22:39:57","date_gmt":"2022-07-02T22:39:57","guid":{"rendered":"http:\/\/www.noticiasradioreflejos.com.ar\/2021\/?p=74530"},"modified":"2022-07-02T22:39:57","modified_gmt":"2022-07-02T22:39:57","slug":"renuncio-martin-guzman-al-ministerio-de-economia","status":"publish","type":"post","link":"https:\/\/www.noticiasradioreflejos.com.ar\/2021\/renuncio-martin-guzman-al-ministerio-de-economia\/","title":{"rendered":"Renunci\u00f3 Mart\u00edn Guzm\u00e1n al Ministerio de Econom\u00eda"},"content":{"rendered":"<p>\u00abCon la profunda convicci\u00f3n y la confianza en mi visi\u00f3n sobre cu\u00e1l es el camino que debe seguir la Argentina, seguir\u00e9 trabajando y actuando por una Patria m\u00e1s justa, libre y soberana\u00bb, afirm\u00f3.<!--more--><\/p>\n<figure class=\"mb-3\"><img decoding=\"async\" src=\"https:\/\/www.telam.com.ar\/thumbs\/bluesteel\/advf\/imagenes\/2022\/07\/62c0b47aab012_900.jpg\" alt=\"Foto Diego Levy\" width=\"100%\" height=\"100%\" \/><\/p>\n<div class=\"media-icons\"><\/div><figcaption>Foto: Diego Levy<\/figcaption><\/figure>\n<p>Mart\u00edn Guzm\u00e1n renunci\u00f3 a su cargo como ministro de Econom\u00eda, en una carta dirigida al presidente Alberto Fern\u00e1ndez publicada esta tarde en su cuenta de la red social Twitter.<\/p>\n<p>\u00abCon la profunda convicci\u00f3n y la confianza en mi visi\u00f3n sobre cu\u00e1l es el camino que debe seguir la Argentina, seguir\u00e9 trabajando y actuando por una Patria m\u00e1s justa, libre y soberana\u00bb, afirm\u00f3 Guzm\u00e1n.<\/p>\n<p>En su carta al Presidente, el ahora exfuncionario le agradeci\u00f3 su confianza y consider\u00f3 \u00abun verdadero honor acompa\u00f1arlo en la tarea de poner a nuestro pa\u00eds de pie\u00bb.<\/p>\n<blockquote class=\"\"><p>\u00abJuntos hemos dado pasos para que la econom\u00eda de nuestro pa\u00eds se recupere y crezca. La hora necesita que quien Usted disponga tome las riendas del Ministerio que hasta hoy tuve el honor de conducir\u00bb<\/p><\/blockquote>\n<p>\u00abJuntos hemos dado pasos para que la econom\u00eda de nuestro pa\u00eds se recupere y crezca. La hora necesita que quien Usted disponga tome las riendas del Ministerio que hasta hoy tuve el honor de conducir\u00bb, afirm\u00f3, tras realizar un extenso an\u00e1lisis de su gesti\u00f3n al frente de la cartera.<\/p>\n<p>Para Guzm\u00e1n, \u00abser\u00e1 primordial que trabaje en un acuerdo pol\u00edtico dentro de la coalici\u00f3n gobernante para que quien me reemplace, que tendr\u00e1 por delante esta alta responsabilidad, cuente con el manejo centralizado de los instrumentos de pol\u00edtica macroecon\u00f3mica necesarios para consolidar los avances descriptos y hacer frente a los desaf\u00edos por delante\u00bb.<\/p>\n<p>\u00abEso ayudar\u00e1 a que quien me suceda pueda llevar adelante las gestiones conducentes al progreso econ\u00f3mico y social con el apoyo pol\u00edtico que es necesario para que aquellas sean efectivas\u00bb, complet\u00f3.<\/p>\n<h2 class=\"\">La \u00faltima aparici\u00f3n p\u00fablica de Guzm\u00e1n en el acto de la CGT<\/h2>\n<figure class=\"mb-3\"><img decoding=\"async\" src=\"https:\/\/www.telam.com.ar\/thumbs\/bluesteel\/advf\/imagenes\/2022\/07\/62c0bb9c078d5_900.jpg\" alt=\"Foto Ral Ferrari\" width=\"100%\" height=\"100%\" \/><\/p>\n<div class=\"media-icons\"><\/div><figcaption>Foto: Ra\u00fal Ferrari.<\/figcaption><\/figure>\n<h2 class=\"\">El texto completo de la renuncia<\/h2>\n<p><a title=\"View Renunci\u00f3 Guzm\u00e1n al cargo de ministro de Econom\u00eda on Scribd\" href=\"https:\/\/www.scribd.com\/document\/580845462\/Renuncio-Guzman-al-cargo-de-ministro-de-Economia#from_embed\">Renunci\u00f3 Guzm\u00e1n al cargo de ministro de Econom\u00eda<\/a>\u00a0by\u00a0<a title=\"View T\u00e9lam's profile on Scribd\" href=\"https:\/\/es.scribd.com\/user\/276843644\/Telam#from_embed\">T\u00e9lam<\/a>\u00a0on Scribd<\/p>\n<p><iframe loading=\"lazy\" id=\"doc_78729\" class=\"scribd_iframe_embed\" title=\"Renunci\u00f3 Guzm\u00e1n al cargo de ministro de Econom\u00eda\" src=\"https:\/\/es.scribd.com\/embeds\/580845462\/content?start_page=1&amp;view_mode=scroll&amp;access_key=key-V4rwaaj8W7svXjdfCBxp\" width=\"100%\" height=\"600\" frameborder=\"0\" scrolling=\"no\" data-auto-height=\"true\" data-aspect-ratio=\"0.7729220222793488\" data-mce-fragment=\"1\"><\/iframe><\/p>\n","protected":false},"excerpt":{"rendered":"<p>\u00abCon la profunda convicci\u00f3n y la confianza en mi visi\u00f3n sobre cu\u00e1l es el camino que debe seguir la Argentina, seguir\u00e9 trabajando y actuando por una Patria m\u00e1s justa, libre y soberana\u00bb, afirm\u00f3.<\/p>\n","protected":false},"author":3,"featured_media":0,"comment_status":"closed","ping_status":"closed","sticky":false,"template":"","format":"standard","meta":{"footnotes":""},"categories":[58,24,26],"tags":[],"class_list":["post-74530","post","type-post","status-publish","format-standard","hentry","category-gobierno","category-politica","category-sociedad"],"yoast_head":"<!-- This site is optimized with the Yoast SEO plugin v25.9 - https:\/\/yoast.com\/wordpress\/plugins\/seo\/ -->\n<title>Renunci\u00f3 Mart\u00edn Guzm\u00e1n al Ministerio de Econom\u00eda - Noticias Radio Reflejos<\/title>\n<meta name=\"robots\" content=\"index, follow, max-snippet:-1, max-image-preview:large, max-video-preview:-1\" \/>\n<link rel=\"canonical\" href=\"https:\/\/www.noticiasradioreflejos.com.ar\/2021\/renuncio-martin-guzman-al-ministerio-de-economia\/\" \/>\n<meta property=\"og:locale\" content=\"es_ES\" \/>\n<meta property=\"og:type\" content=\"article\" \/>\n<meta property=\"og:title\" content=\"Renunci\u00f3 Mart\u00edn Guzm\u00e1n al Ministerio de Econom\u00eda - Noticias Radio Reflejos\" \/>\n<meta property=\"og:description\" content=\"\u00abCon la profunda convicci\u00f3n y la confianza en mi visi\u00f3n sobre cu\u00e1l es el camino que debe seguir la Argentina, seguir\u00e9 trabajando y actuando por una Patria m\u00e1s justa, libre y soberana\u00bb, afirm\u00f3.\" \/>\n<meta property=\"og:url\" content=\"https:\/\/www.noticiasradioreflejos.com.ar\/2021\/renuncio-martin-guzman-al-ministerio-de-economia\/\" \/>\n<meta property=\"og:site_name\" content=\"Noticias Radio Reflejos\" \/>\n<meta property=\"article:published_time\" content=\"2022-07-02T22:39:57+00:00\" \/>\n<meta property=\"og:image\" content=\"https:\/\/www.telam.com.ar\/thumbs\/bluesteel\/advf\/imagenes\/2022\/07\/62c0b47aab012_900.jpg\" \/>\n<meta name=\"author\" content=\"Arnaldo Botto\" \/>\n<meta name=\"twitter:card\" content=\"summary_large_image\" \/>\n<script type=\"application\/ld+json\" class=\"yoast-schema-graph\">{\"@context\":\"https:\/\/schema.org\",\"@graph\":[{\"@type\":\"WebPage\",\"@id\":\"https:\/\/www.noticiasradioreflejos.com.ar\/2021\/renuncio-martin-guzman-al-ministerio-de-economia\/\",\"url\":\"https:\/\/www.noticiasradioreflejos.com.ar\/2021\/renuncio-martin-guzman-al-ministerio-de-economia\/\",\"name\":\"Renunci\u00f3 Mart\u00edn Guzm\u00e1n al Ministerio de Econom\u00eda - Noticias Radio Reflejos\",\"isPartOf\":{\"@id\":\"https:\/\/www.noticiasradioreflejos.com.ar\/2021\/#website\"},\"primaryImageOfPage\":{\"@id\":\"https:\/\/www.noticiasradioreflejos.com.ar\/2021\/renuncio-martin-guzman-al-ministerio-de-economia\/#primaryimage\"},\"image\":{\"@id\":\"https:\/\/www.noticiasradioreflejos.com.ar\/2021\/renuncio-martin-guzman-al-ministerio-de-economia\/#primaryimage\"},\"thumbnailUrl\":\"https:\/\/www.telam.com.ar\/thumbs\/bluesteel\/advf\/imagenes\/2022\/07\/62c0b47aab012_900.jpg\",\"datePublished\":\"2022-07-02T22:39:57+00:00\",\"author\":{\"@id\":\"https:\/\/www.noticiasradioreflejos.com.ar\/2021\/#\/schema\/person\/ad82545263dcc5ec0996818884fd5fb1\"},\"breadcrumb\":{\"@id\":\"https:\/\/www.noticiasradioreflejos.com.ar\/2021\/renuncio-martin-guzman-al-ministerio-de-economia\/#breadcrumb\"},\"inLanguage\":\"es\",\"potentialAction\":[{\"@type\":\"ReadAction\",\"target\":[\"https:\/\/www.noticiasradioreflejos.com.ar\/2021\/renuncio-martin-guzman-al-ministerio-de-economia\/\"]}]},{\"@type\":\"ImageObject\",\"inLanguage\":\"es\",\"@id\":\"https:\/\/www.noticiasradioreflejos.com.ar\/2021\/renuncio-martin-guzman-al-ministerio-de-economia\/#primaryimage\",\"url\":\"https:\/\/www.telam.com.ar\/thumbs\/bluesteel\/advf\/imagenes\/2022\/07\/62c0b47aab012_900.jpg\",\"contentUrl\":\"https:\/\/www.telam.com.ar\/thumbs\/bluesteel\/advf\/imagenes\/2022\/07\/62c0b47aab012_900.jpg\"},{\"@type\":\"BreadcrumbList\",\"@id\":\"https:\/\/www.noticiasradioreflejos.com.ar\/2021\/renuncio-martin-guzman-al-ministerio-de-economia\/#breadcrumb\",\"itemListElement\":[{\"@type\":\"ListItem\",\"position\":1,\"name\":\"Portada\",\"item\":\"https:\/\/www.noticiasradioreflejos.com.ar\/2021\/\"},{\"@type\":\"ListItem\",\"position\":2,\"name\":\"Renunci\u00f3 Mart\u00edn Guzm\u00e1n al Ministerio de Econom\u00eda\"}]},{\"@type\":\"WebSite\",\"@id\":\"https:\/\/www.noticiasradioreflejos.com.ar\/2021\/#website\",\"url\":\"https:\/\/www.noticiasradioreflejos.com.ar\/2021\/\",\"name\":\"Noticias Radio Reflejos\",\"description\":\"Las noticias de mi comarca\",\"potentialAction\":[{\"@type\":\"SearchAction\",\"target\":{\"@type\":\"EntryPoint\",\"urlTemplate\":\"https:\/\/www.noticiasradioreflejos.com.ar\/2021\/?s={search_term_string}\"},\"query-input\":{\"@type\":\"PropertyValueSpecification\",\"valueRequired\":true,\"valueName\":\"search_term_string\"}}],\"inLanguage\":\"es\"},{\"@type\":\"Person\",\"@id\":\"https:\/\/www.noticiasradioreflejos.com.ar\/2021\/#\/schema\/person\/ad82545263dcc5ec0996818884fd5fb1\",\"name\":\"Arnaldo Botto\",\"image\":{\"@type\":\"ImageObject\",\"inLanguage\":\"es\",\"@id\":\"https:\/\/www.noticiasradioreflejos.com.ar\/2021\/#\/schema\/person\/image\/\",\"url\":\"https:\/\/secure.gravatar.com\/avatar\/55cb5e37c1efa326397366e6974cb338056df65cb50e7d64d1cf314e87504837?s=96&d=mm&r=g\",\"contentUrl\":\"https:\/\/secure.gravatar.com\/avatar\/55cb5e37c1efa326397366e6974cb338056df65cb50e7d64d1cf314e87504837?s=96&d=mm&r=g\",\"caption\":\"Arnaldo Botto\"},\"url\":\"https:\/\/www.noticiasradioreflejos.com.ar\/2021\/author\/arnaldo\/\"}]}<\/script>\n<!-- \/ Yoast SEO plugin. -->","yoast_head_json":{"title":"Renunci\u00f3 Mart\u00edn Guzm\u00e1n al Ministerio de Econom\u00eda - Noticias Radio Reflejos","robots":{"index":"index","follow":"follow","max-snippet":"max-snippet:-1","max-image-preview":"max-image-preview:large","max-video-preview":"max-video-preview:-1"},"canonical":"https:\/\/www.noticiasradioreflejos.com.ar\/2021\/renuncio-martin-guzman-al-ministerio-de-economia\/","og_locale":"es_ES","og_type":"article","og_title":"Renunci\u00f3 Mart\u00edn Guzm\u00e1n al Ministerio de Econom\u00eda - Noticias Radio Reflejos","og_description":"\u00abCon la profunda convicci\u00f3n y la confianza en mi visi\u00f3n sobre cu\u00e1l es el camino que debe seguir la Argentina, seguir\u00e9 trabajando y actuando por una Patria m\u00e1s justa, libre y soberana\u00bb, afirm\u00f3.","og_url":"https:\/\/www.noticiasradioreflejos.com.ar\/2021\/renuncio-martin-guzman-al-ministerio-de-economia\/","og_site_name":"Noticias Radio Reflejos","article_published_time":"2022-07-02T22:39:57+00:00","og_image":[{"url":"https:\/\/www.telam.com.ar\/thumbs\/bluesteel\/advf\/imagenes\/2022\/07\/62c0b47aab012_900.jpg","type":"","width":"","height":""}],"author":"Arnaldo Botto","twitter_card":"summary_large_image","schema":{"@context":"https:\/\/schema.org","@graph":[{"@type":"WebPage","@id":"https:\/\/www.noticiasradioreflejos.com.ar\/2021\/renuncio-martin-guzman-al-ministerio-de-economia\/","url":"https:\/\/www.noticiasradioreflejos.com.ar\/2021\/renuncio-martin-guzman-al-ministerio-de-economia\/","name":"Renunci\u00f3 Mart\u00edn Guzm\u00e1n al Ministerio de Econom\u00eda - Noticias Radio Reflejos","isPartOf":{"@id":"https:\/\/www.noticiasradioreflejos.com.ar\/2021\/#website"},"primaryImageOfPage":{"@id":"https:\/\/www.noticiasradioreflejos.com.ar\/2021\/renuncio-martin-guzman-al-ministerio-de-economia\/#primaryimage"},"image":{"@id":"https:\/\/www.noticiasradioreflejos.com.ar\/2021\/renuncio-martin-guzman-al-ministerio-de-economia\/#primaryimage"},"thumbnailUrl":"https:\/\/www.telam.com.ar\/thumbs\/bluesteel\/advf\/imagenes\/2022\/07\/62c0b47aab012_900.jpg","datePublished":"2022-07-02T22:39:57+00:00","author":{"@id":"https:\/\/www.noticiasradioreflejos.com.ar\/2021\/#\/schema\/person\/ad82545263dcc5ec0996818884fd5fb1"},"breadcrumb":{"@id":"https:\/\/www.noticiasradioreflejos.com.ar\/2021\/renuncio-martin-guzman-al-ministerio-de-economia\/#breadcrumb"},"inLanguage":"es","potentialAction":[{"@type":"ReadAction","target":["https:\/\/www.noticiasradioreflejos.com.ar\/2021\/renuncio-martin-guzman-al-ministerio-de-economia\/"]}]},{"@type":"ImageObject","inLanguage":"es","@id":"https:\/\/www.noticiasradioreflejos.com.ar\/2021\/renuncio-martin-guzman-al-ministerio-de-economia\/#primaryimage","url":"https:\/\/www.telam.com.ar\/thumbs\/bluesteel\/advf\/imagenes\/2022\/07\/62c0b47aab012_900.jpg","contentUrl":"https:\/\/www.telam.com.ar\/thumbs\/bluesteel\/advf\/imagenes\/2022\/07\/62c0b47aab012_900.jpg"},{"@type":"BreadcrumbList","@id":"https:\/\/www.noticiasradioreflejos.com.ar\/2021\/renuncio-martin-guzman-al-ministerio-de-economia\/#breadcrumb","itemListElement":[{"@type":"ListItem","position":1,"name":"Portada","item":"https:\/\/www.noticiasradioreflejos.com.ar\/2021\/"},{"@type":"ListItem","position":2,"name":"Renunci\u00f3 Mart\u00edn Guzm\u00e1n al Ministerio de Econom\u00eda"}]},{"@type":"WebSite","@id":"https:\/\/www.noticiasradioreflejos.com.ar\/2021\/#website","url":"https:\/\/www.noticiasradioreflejos.com.ar\/2021\/","name":"Noticias Radio Reflejos","description":"Las noticias de mi comarca","potentialAction":[{"@type":"SearchAction","target":{"@type":"EntryPoint","urlTemplate":"https:\/\/www.noticiasradioreflejos.com.ar\/2021\/?s={search_term_string}"},"query-input":{"@type":"PropertyValueSpecification","valueRequired":true,"valueName":"search_term_string"}}],"inLanguage":"es"},{"@type":"Person","@id":"https:\/\/www.noticiasradioreflejos.com.ar\/2021\/#\/schema\/person\/ad82545263dcc5ec0996818884fd5fb1","name":"Arnaldo Botto","image":{"@type":"ImageObject","inLanguage":"es","@id":"https:\/\/www.noticiasradioreflejos.com.ar\/2021\/#\/schema\/person\/image\/","url":"https:\/\/secure.gravatar.com\/avatar\/55cb5e37c1efa326397366e6974cb338056df65cb50e7d64d1cf314e87504837?s=96&d=mm&r=g","contentUrl":"https:\/\/secure.gravatar.com\/avatar\/55cb5e37c1efa326397366e6974cb338056df65cb50e7d64d1cf314e87504837?s=96&d=mm&r=g","caption":"Arnaldo Botto"},"url":"https:\/\/www.noticiasradioreflejos.com.ar\/2021\/author\/arnaldo\/"}]}},"_links":{"self":[{"href":"https:\/\/www.noticiasradioreflejos.com.ar\/2021\/wp-json\/wp\/v2\/posts\/74530","targetHints":{"allow":["GET"]}}],"collection":[{"href":"https:\/\/www.noticiasradioreflejos.com.ar\/2021\/wp-json\/wp\/v2\/posts"}],"about":[{"href":"https:\/\/www.noticiasradioreflejos.com.ar\/2021\/wp-json\/wp\/v2\/types\/post"}],"author":[{"embeddable":true,"href":"https:\/\/www.noticiasradioreflejos.com.ar\/2021\/wp-json\/wp\/v2\/users\/3"}],"replies":[{"embeddable":true,"href":"https:\/\/www.noticiasradioreflejos.com.ar\/2021\/wp-json\/wp\/v2\/comments?post=74530"}],"version-history":[{"count":1,"href":"https:\/\/www.noticiasradioreflejos.com.ar\/2021\/wp-json\/wp\/v2\/posts\/74530\/revisions"}],"predecessor-version":[{"id":74532,"href":"https:\/\/www.noticiasradioreflejos.com.ar\/2021\/wp-json\/wp\/v2\/posts\/74530\/revisions\/74532"}],"wp:attachment":[{"href":"https:\/\/www.noticiasradioreflejos.com.ar\/2021\/wp-json\/wp\/v2\/media?parent=74530"}],"wp:term":[{"taxonomy":"category","embeddable":true,"href":"https:\/\/www.noticiasradioreflejos.com.ar\/2021\/wp-json\/wp\/v2\/categories?post=74530"},{"taxonomy":"post_tag","embeddable":true,"href":"https:\/\/www.noticiasradioreflejos.com.ar\/2021\/wp-json\/wp\/v2\/tags?post=74530"}],"curies":[{"name":"wp","href":"https:\/\/api.w.org\/{rel}","templated":true}]}}