{"id":74520,"date":"2022-07-02T15:50:50","date_gmt":"2022-07-02T15:50:50","guid":{"rendered":"http:\/\/www.noticiasradioreflejos.com.ar\/2021\/?p=74520"},"modified":"2022-07-03T22:58:21","modified_gmt":"2022-07-03T22:58:21","slug":"el-acoplado-de-un-camion-quedo-colgado-en-uno-de-los-siete-puentes-de-la-ruta-51","status":"publish","type":"post","link":"https:\/\/www.noticiasradioreflejos.com.ar\/2021\/el-acoplado-de-un-camion-quedo-colgado-en-uno-de-los-siete-puentes-de-la-ruta-51\/","title":{"rendered":"El acoplado de un cami\u00f3n qued\u00f3 colgado en uno de los siete puentes de la Ruta 51"},"content":{"rendered":"<header id=\"mvp-post-head\" class=\"left relative\">Ocurri\u00f3 minutos antes de las 10 de la ma\u00f1ana. El conductor del veh\u00edculo manifest\u00f3 que se le desprendi\u00f3 el acoplado. Afortunadamente no hubo heridos.<\/header>\n<p><!--more--><\/p>\n<div class=\"mvp-post-main-out left relative\">\n<div class=\"mvp-post-main-in\">\n<div id=\"mvp-post-content\" class=\"left relative\">\n<div id=\"mvp-post-feat-img\" class=\"left relative mvp-post-feat-img-wide2\"><picture><source srcset=\"https:\/\/www.labrujula24.com\/wp-content\/webp-express\/webp-images\/uploads\/2022\/07\/camion-ruta-768x461.jpg.webp 768w, https:\/\/www.labrujula24.com\/wp-content\/webp-express\/webp-images\/uploads\/2022\/07\/camion-ruta-1000x600.jpg.webp 1000w, https:\/\/www.labrujula24.com\/wp-content\/webp-express\/webp-images\/uploads\/2022\/07\/camion-ruta-590x354.jpg.webp 590w, https:\/\/www.labrujula24.com\/wp-content\/webp-express\/webp-images\/uploads\/2022\/07\/camion-ruta-400x240.jpg.webp 400w\" type=\"image\/webp\" sizes=\"(max-width: 1200px) 100vw, 1200px\" \/><img loading=\"lazy\" decoding=\"async\" class=\"attachment- size- wp-post-image webpexpress-processed\" src=\"https:\/\/www.labrujula24.com\/wp-content\/uploads\/2022\/07\/camion-ruta.jpg\" sizes=\"auto, (max-width: 1200px) 100vw, 1200px\" srcset=\"https:\/\/www.labrujula24.com\/wp-content\/uploads\/2022\/07\/camion-ruta.jpg 1200w, https:\/\/www.labrujula24.com\/wp-content\/uploads\/2022\/07\/camion-ruta-768x461.jpg 768w, https:\/\/www.labrujula24.com\/wp-content\/uploads\/2022\/07\/camion-ruta-1000x600.jpg 1000w, https:\/\/www.labrujula24.com\/wp-content\/uploads\/2022\/07\/camion-ruta-590x354.jpg 590w, https:\/\/www.labrujula24.com\/wp-content\/uploads\/2022\/07\/camion-ruta-400x240.jpg 400w\" alt=\"\" width=\"1200\" height=\"720\" \/><\/picture><\/div>\n<div id=\"mvp-content-wrap\" class=\"left relative\">\n<div class=\"mvp-post-soc-out right relative\">\n<div class=\"mvp-post-soc-in\">\n<div id=\"mvp-content-body\" class=\"left relative\">\n<div id=\"mvp-content-body-top\" class=\"left relative\">\n<div id=\"mvp-content-main\" class=\"left relative\">\n<div id=\"textbody\">\n<p>Siendo las 9:30hs se produjo un accidente de tr\u00e1nsito en Ruta 51 km 694 (altura de los siete puentes) all\u00ed un cami\u00f3n Fiat por un desperfecto sufri\u00f3 el desprendimiento de su acoplado el cual cay\u00f3 de uno de los puentes provocando la rotura de las contenciones del mismo, no se registraron heridos solo da\u00f1os materiales.<\/p>\n<p>El conductor del cami\u00f3n Ford Cargo 1722, que fue identificado como Jos\u00e9 Alberto Abraham de 53 a\u00f1os, manifest\u00f3 que se le rompi\u00f3 la lanza y el acoplado se desprendi\u00f3, quedando colgado del puente.<\/p>\n<p><a title=\"WhatsApp Image 2022-07-02 at 12.59.52 PM\" href=\"https:\/\/www.flickr.com\/photos\/182279889@N02\/52189075740\/in\/dateposted-public\/\" data-flickr-embed=\"true\"><img loading=\"lazy\" decoding=\"async\" src=\"https:\/\/live.staticflickr.com\/65535\/52189075740_f55f264ea2_o.jpg\" alt=\"WhatsApp Image 2022-07-02 at 12.59.52 PM\" width=\"1280\" height=\"720\" \/><\/a><script async src=\"\/\/embedr.flickr.com\/assets\/client-code.js\" charset=\"utf-8\"><\/script><\/p>\n<p>Afortunadamente no hubo heridos y trabajan en el lugar dos dotaciones de bomberos de Cabildo para desenganchar el acoplado del lugar.<\/p>\n<p>Se solicita circular con precauci\u00f3n por el sector.<\/p>\n<div class=\"code-block code-block-1\"><\/div>\n<p><strong>As\u00ed qued\u00f3 el acoplado:<\/strong><\/p>\n<p>Video: Diario El Orden<br \/>\n<iframe loading=\"lazy\" title=\"Video\" src=\"https:\/\/www.youtube.com\/embed\/GMxa9EK85ZY\" width=\"740\" height=\"416\" frameborder=\"0\" allowfullscreen=\"allowfullscreen\"><\/iframe><\/p>\n<div id=\"textbody\">\n<p><strong>Fuente La Br\u00fajula 24<\/strong><\/p>\n<\/div>\n<\/div>\n<\/div>\n<\/div>\n<\/div>\n<\/div>\n<\/div>\n<\/div>\n<\/div>\n<\/div>\n<\/div>\n","protected":false},"excerpt":{"rendered":"<p>Ocurri\u00f3 minutos antes de las 10 de la ma\u00f1ana. El conductor del veh\u00edculo manifest\u00f3 que se le desprendi\u00f3 el acoplado. Afortunadamente no hubo heridos.<\/p>\n","protected":false},"author":3,"featured_media":0,"comment_status":"closed","ping_status":"closed","sticky":false,"template":"","format":"standard","meta":{"footnotes":""},"categories":[29],"tags":[48],"class_list":["post-74520","post","type-post","status-publish","format-standard","hentry","category-policiales","tag-destacada"],"yoast_head":"<!-- This site is optimized with the Yoast SEO plugin v25.9 - https:\/\/yoast.com\/wordpress\/plugins\/seo\/ -->\n<title>El acoplado de un cami\u00f3n qued\u00f3 colgado en uno de los siete puentes de la Ruta 51 - Noticias Radio Reflejos<\/title>\n<meta name=\"robots\" content=\"index, follow, max-snippet:-1, max-image-preview:large, max-video-preview:-1\" \/>\n<link rel=\"canonical\" href=\"https:\/\/www.noticiasradioreflejos.com.ar\/2021\/el-acoplado-de-un-camion-quedo-colgado-en-uno-de-los-siete-puentes-de-la-ruta-51\/\" \/>\n<meta property=\"og:locale\" content=\"es_ES\" \/>\n<meta property=\"og:type\" content=\"article\" \/>\n<meta property=\"og:title\" content=\"El acoplado de un cami\u00f3n qued\u00f3 colgado en uno de los siete puentes de la Ruta 51 - Noticias Radio Reflejos\" \/>\n<meta property=\"og:description\" content=\"Ocurri\u00f3 minutos antes de las 10 de la ma\u00f1ana. El conductor del veh\u00edculo manifest\u00f3 que se le desprendi\u00f3 el acoplado. Afortunadamente no hubo heridos.\" \/>\n<meta property=\"og:url\" content=\"https:\/\/www.noticiasradioreflejos.com.ar\/2021\/el-acoplado-de-un-camion-quedo-colgado-en-uno-de-los-siete-puentes-de-la-ruta-51\/\" \/>\n<meta property=\"og:site_name\" content=\"Noticias Radio Reflejos\" \/>\n<meta property=\"article:published_time\" content=\"2022-07-02T15:50:50+00:00\" \/>\n<meta property=\"article:modified_time\" content=\"2022-07-03T22:58:21+00:00\" \/>\n<meta property=\"og:image\" content=\"https:\/\/www.labrujula24.com\/wp-content\/uploads\/2022\/07\/camion-ruta.jpg\" \/>\n<meta name=\"author\" content=\"Arnaldo Botto\" \/>\n<meta name=\"twitter:card\" content=\"summary_large_image\" \/>\n<script type=\"application\/ld+json\" class=\"yoast-schema-graph\">{\"@context\":\"https:\/\/schema.org\",\"@graph\":[{\"@type\":\"WebPage\",\"@id\":\"https:\/\/www.noticiasradioreflejos.com.ar\/2021\/el-acoplado-de-un-camion-quedo-colgado-en-uno-de-los-siete-puentes-de-la-ruta-51\/\",\"url\":\"https:\/\/www.noticiasradioreflejos.com.ar\/2021\/el-acoplado-de-un-camion-quedo-colgado-en-uno-de-los-siete-puentes-de-la-ruta-51\/\",\"name\":\"El acoplado de un cami\u00f3n qued\u00f3 colgado en uno de los siete puentes de la Ruta 51 - Noticias Radio Reflejos\",\"isPartOf\":{\"@id\":\"https:\/\/www.noticiasradioreflejos.com.ar\/2021\/#website\"},\"primaryImageOfPage\":{\"@id\":\"https:\/\/www.noticiasradioreflejos.com.ar\/2021\/el-acoplado-de-un-camion-quedo-colgado-en-uno-de-los-siete-puentes-de-la-ruta-51\/#primaryimage\"},\"image\":{\"@id\":\"https:\/\/www.noticiasradioreflejos.com.ar\/2021\/el-acoplado-de-un-camion-quedo-colgado-en-uno-de-los-siete-puentes-de-la-ruta-51\/#primaryimage\"},\"thumbnailUrl\":\"https:\/\/www.labrujula24.com\/wp-content\/uploads\/2022\/07\/camion-ruta.jpg\",\"datePublished\":\"2022-07-02T15:50:50+00:00\",\"dateModified\":\"2022-07-03T22:58:21+00:00\",\"author\":{\"@id\":\"https:\/\/www.noticiasradioreflejos.com.ar\/2021\/#\/schema\/person\/ad82545263dcc5ec0996818884fd5fb1\"},\"breadcrumb\":{\"@id\":\"https:\/\/www.noticiasradioreflejos.com.ar\/2021\/el-acoplado-de-un-camion-quedo-colgado-en-uno-de-los-siete-puentes-de-la-ruta-51\/#breadcrumb\"},\"inLanguage\":\"es\",\"potentialAction\":[{\"@type\":\"ReadAction\",\"target\":[\"https:\/\/www.noticiasradioreflejos.com.ar\/2021\/el-acoplado-de-un-camion-quedo-colgado-en-uno-de-los-siete-puentes-de-la-ruta-51\/\"]}]},{\"@type\":\"ImageObject\",\"inLanguage\":\"es\",\"@id\":\"https:\/\/www.noticiasradioreflejos.com.ar\/2021\/el-acoplado-de-un-camion-quedo-colgado-en-uno-de-los-siete-puentes-de-la-ruta-51\/#primaryimage\",\"url\":\"https:\/\/www.labrujula24.com\/wp-content\/uploads\/2022\/07\/camion-ruta.jpg\",\"contentUrl\":\"https:\/\/www.labrujula24.com\/wp-content\/uploads\/2022\/07\/camion-ruta.jpg\"},{\"@type\":\"BreadcrumbList\",\"@id\":\"https:\/\/www.noticiasradioreflejos.com.ar\/2021\/el-acoplado-de-un-camion-quedo-colgado-en-uno-de-los-siete-puentes-de-la-ruta-51\/#breadcrumb\",\"itemListElement\":[{\"@type\":\"ListItem\",\"position\":1,\"name\":\"Portada\",\"item\":\"https:\/\/www.noticiasradioreflejos.com.ar\/2021\/\"},{\"@type\":\"ListItem\",\"position\":2,\"name\":\"El acoplado de un cami\u00f3n qued\u00f3 colgado en uno de los siete puentes de la Ruta 51\"}]},{\"@type\":\"WebSite\",\"@id\":\"https:\/\/www.noticiasradioreflejos.com.ar\/2021\/#website\",\"url\":\"https:\/\/www.noticiasradioreflejos.com.ar\/2021\/\",\"name\":\"Noticias Radio Reflejos\",\"description\":\"Las noticias de mi comarca\",\"potentialAction\":[{\"@type\":\"SearchAction\",\"target\":{\"@type\":\"EntryPoint\",\"urlTemplate\":\"https:\/\/www.noticiasradioreflejos.com.ar\/2021\/?s={search_term_string}\"},\"query-input\":{\"@type\":\"PropertyValueSpecification\",\"valueRequired\":true,\"valueName\":\"search_term_string\"}}],\"inLanguage\":\"es\"},{\"@type\":\"Person\",\"@id\":\"https:\/\/www.noticiasradioreflejos.com.ar\/2021\/#\/schema\/person\/ad82545263dcc5ec0996818884fd5fb1\",\"name\":\"Arnaldo Botto\",\"image\":{\"@type\":\"ImageObject\",\"inLanguage\":\"es\",\"@id\":\"https:\/\/www.noticiasradioreflejos.com.ar\/2021\/#\/schema\/person\/image\/\",\"url\":\"https:\/\/secure.gravatar.com\/avatar\/55cb5e37c1efa326397366e6974cb338056df65cb50e7d64d1cf314e87504837?s=96&d=mm&r=g\",\"contentUrl\":\"https:\/\/secure.gravatar.com\/avatar\/55cb5e37c1efa326397366e6974cb338056df65cb50e7d64d1cf314e87504837?s=96&d=mm&r=g\",\"caption\":\"Arnaldo Botto\"},\"url\":\"https:\/\/www.noticiasradioreflejos.com.ar\/2021\/author\/arnaldo\/\"}]}<\/script>\n<!-- \/ Yoast SEO plugin. -->","yoast_head_json":{"title":"El acoplado de un cami\u00f3n qued\u00f3 colgado en uno de los siete puentes de la Ruta 51 - Noticias Radio Reflejos","robots":{"index":"index","follow":"follow","max-snippet":"max-snippet:-1","max-image-preview":"max-image-preview:large","max-video-preview":"max-video-preview:-1"},"canonical":"https:\/\/www.noticiasradioreflejos.com.ar\/2021\/el-acoplado-de-un-camion-quedo-colgado-en-uno-de-los-siete-puentes-de-la-ruta-51\/","og_locale":"es_ES","og_type":"article","og_title":"El acoplado de un cami\u00f3n qued\u00f3 colgado en uno de los siete puentes de la Ruta 51 - Noticias Radio Reflejos","og_description":"Ocurri\u00f3 minutos antes de las 10 de la ma\u00f1ana. El conductor del veh\u00edculo manifest\u00f3 que se le desprendi\u00f3 el acoplado. Afortunadamente no hubo heridos.","og_url":"https:\/\/www.noticiasradioreflejos.com.ar\/2021\/el-acoplado-de-un-camion-quedo-colgado-en-uno-de-los-siete-puentes-de-la-ruta-51\/","og_site_name":"Noticias Radio Reflejos","article_published_time":"2022-07-02T15:50:50+00:00","article_modified_time":"2022-07-03T22:58:21+00:00","og_image":[{"url":"https:\/\/www.labrujula24.com\/wp-content\/uploads\/2022\/07\/camion-ruta.jpg","type":"","width":"","height":""}],"author":"Arnaldo Botto","twitter_card":"summary_large_image","schema":{"@context":"https:\/\/schema.org","@graph":[{"@type":"WebPage","@id":"https:\/\/www.noticiasradioreflejos.com.ar\/2021\/el-acoplado-de-un-camion-quedo-colgado-en-uno-de-los-siete-puentes-de-la-ruta-51\/","url":"https:\/\/www.noticiasradioreflejos.com.ar\/2021\/el-acoplado-de-un-camion-quedo-colgado-en-uno-de-los-siete-puentes-de-la-ruta-51\/","name":"El acoplado de un cami\u00f3n qued\u00f3 colgado en uno de los siete puentes de la Ruta 51 - Noticias Radio Reflejos","isPartOf":{"@id":"https:\/\/www.noticiasradioreflejos.com.ar\/2021\/#website"},"primaryImageOfPage":{"@id":"https:\/\/www.noticiasradioreflejos.com.ar\/2021\/el-acoplado-de-un-camion-quedo-colgado-en-uno-de-los-siete-puentes-de-la-ruta-51\/#primaryimage"},"image":{"@id":"https:\/\/www.noticiasradioreflejos.com.ar\/2021\/el-acoplado-de-un-camion-quedo-colgado-en-uno-de-los-siete-puentes-de-la-ruta-51\/#primaryimage"},"thumbnailUrl":"https:\/\/www.labrujula24.com\/wp-content\/uploads\/2022\/07\/camion-ruta.jpg","datePublished":"2022-07-02T15:50:50+00:00","dateModified":"2022-07-03T22:58:21+00:00","author":{"@id":"https:\/\/www.noticiasradioreflejos.com.ar\/2021\/#\/schema\/person\/ad82545263dcc5ec0996818884fd5fb1"},"breadcrumb":{"@id":"https:\/\/www.noticiasradioreflejos.com.ar\/2021\/el-acoplado-de-un-camion-quedo-colgado-en-uno-de-los-siete-puentes-de-la-ruta-51\/#breadcrumb"},"inLanguage":"es","potentialAction":[{"@type":"ReadAction","target":["https:\/\/www.noticiasradioreflejos.com.ar\/2021\/el-acoplado-de-un-camion-quedo-colgado-en-uno-de-los-siete-puentes-de-la-ruta-51\/"]}]},{"@type":"ImageObject","inLanguage":"es","@id":"https:\/\/www.noticiasradioreflejos.com.ar\/2021\/el-acoplado-de-un-camion-quedo-colgado-en-uno-de-los-siete-puentes-de-la-ruta-51\/#primaryimage","url":"https:\/\/www.labrujula24.com\/wp-content\/uploads\/2022\/07\/camion-ruta.jpg","contentUrl":"https:\/\/www.labrujula24.com\/wp-content\/uploads\/2022\/07\/camion-ruta.jpg"},{"@type":"BreadcrumbList","@id":"https:\/\/www.noticiasradioreflejos.com.ar\/2021\/el-acoplado-de-un-camion-quedo-colgado-en-uno-de-los-siete-puentes-de-la-ruta-51\/#breadcrumb","itemListElement":[{"@type":"ListItem","position":1,"name":"Portada","item":"https:\/\/www.noticiasradioreflejos.com.ar\/2021\/"},{"@type":"ListItem","position":2,"name":"El acoplado de un cami\u00f3n qued\u00f3 colgado en uno de los siete puentes de la Ruta 51"}]},{"@type":"WebSite","@id":"https:\/\/www.noticiasradioreflejos.com.ar\/2021\/#website","url":"https:\/\/www.noticiasradioreflejos.com.ar\/2021\/","name":"Noticias Radio Reflejos","description":"Las noticias de mi comarca","potentialAction":[{"@type":"SearchAction","target":{"@type":"EntryPoint","urlTemplate":"https:\/\/www.noticiasradioreflejos.com.ar\/2021\/?s={search_term_string}"},"query-input":{"@type":"PropertyValueSpecification","valueRequired":true,"valueName":"search_term_string"}}],"inLanguage":"es"},{"@type":"Person","@id":"https:\/\/www.noticiasradioreflejos.com.ar\/2021\/#\/schema\/person\/ad82545263dcc5ec0996818884fd5fb1","name":"Arnaldo Botto","image":{"@type":"ImageObject","inLanguage":"es","@id":"https:\/\/www.noticiasradioreflejos.com.ar\/2021\/#\/schema\/person\/image\/","url":"https:\/\/secure.gravatar.com\/avatar\/55cb5e37c1efa326397366e6974cb338056df65cb50e7d64d1cf314e87504837?s=96&d=mm&r=g","contentUrl":"https:\/\/secure.gravatar.com\/avatar\/55cb5e37c1efa326397366e6974cb338056df65cb50e7d64d1cf314e87504837?s=96&d=mm&r=g","caption":"Arnaldo Botto"},"url":"https:\/\/www.noticiasradioreflejos.com.ar\/2021\/author\/arnaldo\/"}]}},"_links":{"self":[{"href":"https:\/\/www.noticiasradioreflejos.com.ar\/2021\/wp-json\/wp\/v2\/posts\/74520","targetHints":{"allow":["GET"]}}],"collection":[{"href":"https:\/\/www.noticiasradioreflejos.com.ar\/2021\/wp-json\/wp\/v2\/posts"}],"about":[{"href":"https:\/\/www.noticiasradioreflejos.com.ar\/2021\/wp-json\/wp\/v2\/types\/post"}],"author":[{"embeddable":true,"href":"https:\/\/www.noticiasradioreflejos.com.ar\/2021\/wp-json\/wp\/v2\/users\/3"}],"replies":[{"embeddable":true,"href":"https:\/\/www.noticiasradioreflejos.com.ar\/2021\/wp-json\/wp\/v2\/comments?post=74520"}],"version-history":[{"count":4,"href":"https:\/\/www.noticiasradioreflejos.com.ar\/2021\/wp-json\/wp\/v2\/posts\/74520\/revisions"}],"predecessor-version":[{"id":74526,"href":"https:\/\/www.noticiasradioreflejos.com.ar\/2021\/wp-json\/wp\/v2\/posts\/74520\/revisions\/74526"}],"wp:attachment":[{"href":"https:\/\/www.noticiasradioreflejos.com.ar\/2021\/wp-json\/wp\/v2\/media?parent=74520"}],"wp:term":[{"taxonomy":"category","embeddable":true,"href":"https:\/\/www.noticiasradioreflejos.com.ar\/2021\/wp-json\/wp\/v2\/categories?post=74520"},{"taxonomy":"post_tag","embeddable":true,"href":"https:\/\/www.noticiasradioreflejos.com.ar\/2021\/wp-json\/wp\/v2\/tags?post=74520"}],"curies":[{"name":"wp","href":"https:\/\/api.w.org\/{rel}","templated":true}]}}