{"id":74517,"date":"2022-07-02T15:47:37","date_gmt":"2022-07-02T15:47:37","guid":{"rendered":"http:\/\/www.noticiasradioreflejos.com.ar\/2021\/?p=74517"},"modified":"2022-07-02T15:47:37","modified_gmt":"2022-07-02T15:47:37","slug":"las-leonas-inician-su-camino-en-el-mundial-en-busca-de-la-tercera-estrella","status":"publish","type":"post","link":"https:\/\/www.noticiasradioreflejos.com.ar\/2021\/las-leonas-inician-su-camino-en-el-mundial-en-busca-de-la-tercera-estrella\/","title":{"rendered":"Las Leonas inician su camino en el Mundial en busca de la tercera estrella"},"content":{"rendered":"<p>El seleccionado argentino femenino de hockey sobre c\u00e9sped jugar\u00e1 desde las 13 en el Estadio Ol\u00edmpico de la ciudad catalana de Terrassa. Fueron campeonas por \u00faltima vez en Rosario 2010 y por primera ocasi\u00f3n hace dos d\u00e9cadas en Perth (Australia).<!--more--><\/p>\n<figure class=\"mb-3\"><img decoding=\"async\" src=\"https:\/\/www.telam.com.ar\/thumbs\/bluesteel\/advf\/imagenes\/2022\/07\/62c0238f993fb_900.jpg\" alt=\"Comienza la Copa del Mundo de Hockey\" width=\"100%\" height=\"100%\" \/><\/p>\n<div class=\"media-icons\"><\/div><figcaption>Comienza la Copa del Mundo de Hockey<\/figcaption><\/figure>\n<p>El seleccionado argentino femenino de hockey sobre c\u00e9sped, bicampe\u00f3n mundial, iniciar\u00e1 este s\u00e1bado su participaci\u00f3n en la XV Copa del Mundo Espa\u00f1a-Pa\u00edses Bajos, a disputarse hasta el 17 de julio, en busca de su tercera estrella en la historia de la disciplina.<\/p>\n<p><strong>Las Leonas<\/strong>, campeonas por \u00faltima vez en Rosario 2010 y por primera ocasi\u00f3n hace dos d\u00e9cadas en Perth (Australia), enfrentar\u00e1n a\u00a0<strong>Corea del Sur\u00a0<\/strong>desde las\u00a0<strong>13.00\u00a0<\/strong>de Argentina en el Estadio Ol\u00edmpico de la ciudad catalana de Terrassa.<\/p>\n<p>El partido corresponder\u00e1 al Grupo C, que se abri\u00f3 el viernes con una victoria del local Espa\u00f1a ante Canad\u00e1 por 4-1.<\/p>\n<p>Las Leonas\u00a0<strong>volver\u00e1n a jugar el domingo a las 16.30 (9.30 hora argentina) ante el seleccionado local y el jueves pr\u00f3ximo lo har\u00e1n contra Canad\u00e1, desde las 13:00 (8 hora argentina)<\/strong>, en su \u00faltimo compromiso por la fase de clasificaci\u00f3n. Todos los juegos del equipo argentino podr\u00e1n seguirse en alguna de las se\u00f1ales de ESPN y la plataforma Star+.<\/p>\n<p>El Mundial Espa\u00f1a-Pa\u00edses Bajos est\u00e1 estructurado en cuatro zonas de cuatro equipos y desarrollar\u00e1 su primera fase hasta el jueves. Los vencedores de cada grupo avanzar\u00e1n directamente a cuartos de final, instancia en la que se enfrentar\u00e1n con los ganadores de un repechaje entre los segundos y terceros.<\/p>\n<p>El Grupo A, conformado por Pa\u00edses Bajos, Chile, Alemania e Irlanda, y el B, integrado por China, Inglaterra, India y Nueva Zelanda, tendr\u00e1n como sede el municipio de Amstelveen, al norte de \u00c1msterdam; mientras que el C (Argentina, Espa\u00f1a, Canad\u00e1 y Corea) y el D (Australia, B\u00e9lgica, Jap\u00f3n y Sud\u00e1frica) se disputar\u00e1n en Terrassa, a 30 kil\u00f3metros de Barcelona.<\/p>\n<p>Esa misma ciudad catalana, que albergar\u00e1 dos cruces de cuartos de final, quedar\u00e1 como sede definitiva de la Copa del Mundo a partir de semifinales, con el duelo por el t\u00edtulo programado para el domingo 17, a las 16:30 de la Argentina.<\/p>\n<blockquote class=\"twitter-tweet\" data-width=\"500\" data-dnt=\"true\">\n<p lang=\"es\" dir=\"ltr\">A menos de 24hs del DEBUT \ud83c\udde6\ud83c\uddf7\ud83d\ude0d<a href=\"https:\/\/twitter.com\/hashtag\/LasLeonas?src=hash&amp;ref_src=twsrc%5Etfw\">#LasLeonas<\/a> \ud83c\udde6\ud83c\uddf7 comenzar\u00e1n el Mundial enfrentando a Corea \ud83c\uddf0\ud83c\uddf7 en el Grupo C.<\/p>\n<p>\ud83d\uddd3 S\u00e1bado 2 de julio<br \/>\u23f0 13 hs<br \/>\ud83d\udcfa ESPN \/ Star + \/ <a href=\"https:\/\/t.co\/2bPCh5SYAX\">https:\/\/t.co\/2bPCh5SYAX<\/a> <a href=\"https:\/\/twitter.com\/hashtag\/vamosargentina?src=hash&amp;ref_src=twsrc%5Etfw\">#vamosargentina<\/a>\ud83d\udcaa\ud83c\udde6\ud83c\uddf7 <a href=\"https:\/\/t.co\/7GiG7OAQPK\">pic.twitter.com\/7GiG7OAQPK<\/a><\/p>\n<p>&mdash; ARG Field Hockey (@ArgFieldHockey) <a href=\"https:\/\/twitter.com\/ArgFieldHockey\/status\/1543002023028719619?ref_src=twsrc%5Etfw\">July 1, 2022<\/a><\/p><\/blockquote>\n<p><script async src=\"https:\/\/platform.twitter.com\/widgets.js\" charset=\"utf-8\"><\/script><\/p>\n<p>Las Leonas llegan a la competencia con muy buenos antecedentes deportivos este a\u00f1o, ya que fueron campeonas de la Copa Panamericana en Chile, donde sacaron boleto para el Mundial, y recientemente se adjudicaron la FIH Pro League de forma invicta (13 victorias y tres empates en 16 partidos).<\/p>\n<p>En ese torneo jugado como pr\u00f3logo del Mundial, Argentina -subcampe\u00f3n ol\u00edmpico- result\u00f3 el seleccionado m\u00e1s goleador (43), tuvo a la m\u00e1xima anotadora (Agustina Gorzelany, 12) y termin\u00f3 con el segundo arco menos vencido (18).<\/p>\n<p>Las m\u00e1ximas figuras del hockey consultadas por T\u00e9lam esta semana coincidieron en que\u00a0<strong>el equipo dirigido por Fernando Ferrara se presentar\u00e1 con firmes aspiraciones a repetir la gloria alcanzada en 2002 y 2010.<\/strong><\/p>\n<p>\u00abArgentina tiene un equipazo. Hay un buen complemento entre experiencia y juventud. Este equipo tiene esp\u00edritu de conquista y una convicci\u00f3n silenciosa. Est\u00e1 preparado para conseguir un nuevo oro en el Mundial\u00bb, confi\u00f3 Sergio \u00abCachito\u00bb Vigil, conductor de la primera consagraci\u00f3n en Perth, dos a\u00f1os despu\u00e9s de la medalla de plata en los Juegos Ol\u00edmpicos Sydney 2000.<\/p>\n<p>Carlos \u00abChapa\u00bb Retegui, entrenador del segundo t\u00edtulo en Rosario, fue todav\u00eda m\u00e1s contundente: \u00abArgentina es candidata a ganar la Copa del Mundo. Si digo que tienen que ser campeonas del mundo es porque son banca. Son subcampeonas ol\u00edmpicas y ganadoras de la Pro League\u00bb.<\/p>\n<p>Tambi\u00e9n apost\u00f3 por Las Leonas la rosarina Luciana Aymar, ocho veces elegida como la mejor jugadora del mundo por la Federaci\u00f3n Internacional de Hockey (FIH), cu\u00e1druple medallista ol\u00edmpica y bicampeona del mundo.<\/p>\n<p>\u00abArgentina tiene toda la actitud para poder brillar. Es un equipo que puede ganar perfectamente ganar el Mundial. Es compacto, tiene muy buenas jugadoras y es muy parejo en sus l\u00edneas. Le veo grandes posibilidades\u00bb, destac\u00f3 \u00abLucha\u00bb.<\/p>\n<p>Pese a la confianza depositada en el equipo \u00abalbiceleste\u00bb, el mayor favoritismo recae en Pa\u00edses Bajos, ganador de las \u00faltimas dos ediciones (La Haya 2014 y Londres 2018) y medalla de oro en los Juegos Ol\u00edmpicos Tokio 2020, el a\u00f1o pasado.<\/p>\n<p>Las neerlandesas son las m\u00e1ximas ganadoras del Mundial de la especialidad con ocho t\u00edtulos, adem\u00e1s de cuatro segundos puestos y un tercer lugar. Argentina le sigue en el medallero con dos coronaciones (Perth 2002 y Rosario 2010), tres platas (Mandelieu -Francia- &#8217;74, Berl\u00edn &#8217;76 y Dubl\u00edn &#8217;94) y otros tres bronces (Madrid &#8217;78 y 2006 y La Haya 2014).<\/p>\n","protected":false},"excerpt":{"rendered":"<p>El seleccionado argentino femenino de hockey sobre c\u00e9sped jugar\u00e1 desde las 13 en el Estadio Ol\u00edmpico de la ciudad catalana de Terrassa. Fueron campeonas por \u00faltima vez en Rosario 2010 y por primera ocasi\u00f3n hace dos d\u00e9cadas en Perth (Australia).<\/p>\n","protected":false},"author":3,"featured_media":0,"comment_status":"closed","ping_status":"closed","sticky":false,"template":"","format":"standard","meta":{"footnotes":""},"categories":[27],"tags":[],"class_list":["post-74517","post","type-post","status-publish","format-standard","hentry","category-deportes"],"yoast_head":"<!-- This site is optimized with the Yoast SEO plugin v25.9 - https:\/\/yoast.com\/wordpress\/plugins\/seo\/ -->\n<title>Las Leonas inician su camino en el Mundial en busca de la tercera estrella - Noticias Radio Reflejos<\/title>\n<meta name=\"robots\" content=\"index, follow, max-snippet:-1, max-image-preview:large, max-video-preview:-1\" \/>\n<link rel=\"canonical\" href=\"https:\/\/www.noticiasradioreflejos.com.ar\/2021\/las-leonas-inician-su-camino-en-el-mundial-en-busca-de-la-tercera-estrella\/\" \/>\n<meta property=\"og:locale\" content=\"es_ES\" \/>\n<meta property=\"og:type\" content=\"article\" \/>\n<meta property=\"og:title\" content=\"Las Leonas inician su camino en el Mundial en busca de la tercera estrella - Noticias Radio Reflejos\" \/>\n<meta property=\"og:description\" content=\"El seleccionado argentino femenino de hockey sobre c\u00e9sped jugar\u00e1 desde las 13 en el Estadio Ol\u00edmpico de la ciudad catalana de Terrassa. Fueron campeonas por \u00faltima vez en Rosario 2010 y por primera ocasi\u00f3n hace dos d\u00e9cadas en Perth (Australia).\" \/>\n<meta property=\"og:url\" content=\"https:\/\/www.noticiasradioreflejos.com.ar\/2021\/las-leonas-inician-su-camino-en-el-mundial-en-busca-de-la-tercera-estrella\/\" \/>\n<meta property=\"og:site_name\" content=\"Noticias Radio Reflejos\" \/>\n<meta property=\"article:published_time\" content=\"2022-07-02T15:47:37+00:00\" \/>\n<meta property=\"og:image\" content=\"https:\/\/www.telam.com.ar\/thumbs\/bluesteel\/advf\/imagenes\/2022\/07\/62c0238f993fb_900.jpg\" \/>\n<meta name=\"author\" content=\"Arnaldo Botto\" \/>\n<meta name=\"twitter:card\" content=\"summary_large_image\" \/>\n<script type=\"application\/ld+json\" class=\"yoast-schema-graph\">{\"@context\":\"https:\/\/schema.org\",\"@graph\":[{\"@type\":\"WebPage\",\"@id\":\"https:\/\/www.noticiasradioreflejos.com.ar\/2021\/las-leonas-inician-su-camino-en-el-mundial-en-busca-de-la-tercera-estrella\/\",\"url\":\"https:\/\/www.noticiasradioreflejos.com.ar\/2021\/las-leonas-inician-su-camino-en-el-mundial-en-busca-de-la-tercera-estrella\/\",\"name\":\"Las Leonas inician su camino en el Mundial en busca de la tercera estrella - Noticias Radio Reflejos\",\"isPartOf\":{\"@id\":\"https:\/\/www.noticiasradioreflejos.com.ar\/2021\/#website\"},\"primaryImageOfPage\":{\"@id\":\"https:\/\/www.noticiasradioreflejos.com.ar\/2021\/las-leonas-inician-su-camino-en-el-mundial-en-busca-de-la-tercera-estrella\/#primaryimage\"},\"image\":{\"@id\":\"https:\/\/www.noticiasradioreflejos.com.ar\/2021\/las-leonas-inician-su-camino-en-el-mundial-en-busca-de-la-tercera-estrella\/#primaryimage\"},\"thumbnailUrl\":\"https:\/\/www.telam.com.ar\/thumbs\/bluesteel\/advf\/imagenes\/2022\/07\/62c0238f993fb_900.jpg\",\"datePublished\":\"2022-07-02T15:47:37+00:00\",\"author\":{\"@id\":\"https:\/\/www.noticiasradioreflejos.com.ar\/2021\/#\/schema\/person\/ad82545263dcc5ec0996818884fd5fb1\"},\"breadcrumb\":{\"@id\":\"https:\/\/www.noticiasradioreflejos.com.ar\/2021\/las-leonas-inician-su-camino-en-el-mundial-en-busca-de-la-tercera-estrella\/#breadcrumb\"},\"inLanguage\":\"es\",\"potentialAction\":[{\"@type\":\"ReadAction\",\"target\":[\"https:\/\/www.noticiasradioreflejos.com.ar\/2021\/las-leonas-inician-su-camino-en-el-mundial-en-busca-de-la-tercera-estrella\/\"]}]},{\"@type\":\"ImageObject\",\"inLanguage\":\"es\",\"@id\":\"https:\/\/www.noticiasradioreflejos.com.ar\/2021\/las-leonas-inician-su-camino-en-el-mundial-en-busca-de-la-tercera-estrella\/#primaryimage\",\"url\":\"https:\/\/www.telam.com.ar\/thumbs\/bluesteel\/advf\/imagenes\/2022\/07\/62c0238f993fb_900.jpg\",\"contentUrl\":\"https:\/\/www.telam.com.ar\/thumbs\/bluesteel\/advf\/imagenes\/2022\/07\/62c0238f993fb_900.jpg\"},{\"@type\":\"BreadcrumbList\",\"@id\":\"https:\/\/www.noticiasradioreflejos.com.ar\/2021\/las-leonas-inician-su-camino-en-el-mundial-en-busca-de-la-tercera-estrella\/#breadcrumb\",\"itemListElement\":[{\"@type\":\"ListItem\",\"position\":1,\"name\":\"Portada\",\"item\":\"https:\/\/www.noticiasradioreflejos.com.ar\/2021\/\"},{\"@type\":\"ListItem\",\"position\":2,\"name\":\"Las Leonas inician su camino en el Mundial en busca de la tercera estrella\"}]},{\"@type\":\"WebSite\",\"@id\":\"https:\/\/www.noticiasradioreflejos.com.ar\/2021\/#website\",\"url\":\"https:\/\/www.noticiasradioreflejos.com.ar\/2021\/\",\"name\":\"Noticias Radio Reflejos\",\"description\":\"Las noticias de mi comarca\",\"potentialAction\":[{\"@type\":\"SearchAction\",\"target\":{\"@type\":\"EntryPoint\",\"urlTemplate\":\"https:\/\/www.noticiasradioreflejos.com.ar\/2021\/?s={search_term_string}\"},\"query-input\":{\"@type\":\"PropertyValueSpecification\",\"valueRequired\":true,\"valueName\":\"search_term_string\"}}],\"inLanguage\":\"es\"},{\"@type\":\"Person\",\"@id\":\"https:\/\/www.noticiasradioreflejos.com.ar\/2021\/#\/schema\/person\/ad82545263dcc5ec0996818884fd5fb1\",\"name\":\"Arnaldo Botto\",\"image\":{\"@type\":\"ImageObject\",\"inLanguage\":\"es\",\"@id\":\"https:\/\/www.noticiasradioreflejos.com.ar\/2021\/#\/schema\/person\/image\/\",\"url\":\"https:\/\/secure.gravatar.com\/avatar\/55cb5e37c1efa326397366e6974cb338056df65cb50e7d64d1cf314e87504837?s=96&d=mm&r=g\",\"contentUrl\":\"https:\/\/secure.gravatar.com\/avatar\/55cb5e37c1efa326397366e6974cb338056df65cb50e7d64d1cf314e87504837?s=96&d=mm&r=g\",\"caption\":\"Arnaldo Botto\"},\"url\":\"https:\/\/www.noticiasradioreflejos.com.ar\/2021\/author\/arnaldo\/\"}]}<\/script>\n<!-- \/ Yoast SEO plugin. -->","yoast_head_json":{"title":"Las Leonas inician su camino en el Mundial en busca de la tercera estrella - Noticias Radio Reflejos","robots":{"index":"index","follow":"follow","max-snippet":"max-snippet:-1","max-image-preview":"max-image-preview:large","max-video-preview":"max-video-preview:-1"},"canonical":"https:\/\/www.noticiasradioreflejos.com.ar\/2021\/las-leonas-inician-su-camino-en-el-mundial-en-busca-de-la-tercera-estrella\/","og_locale":"es_ES","og_type":"article","og_title":"Las Leonas inician su camino en el Mundial en busca de la tercera estrella - Noticias Radio Reflejos","og_description":"El seleccionado argentino femenino de hockey sobre c\u00e9sped jugar\u00e1 desde las 13 en el Estadio Ol\u00edmpico de la ciudad catalana de Terrassa. Fueron campeonas por \u00faltima vez en Rosario 2010 y por primera ocasi\u00f3n hace dos d\u00e9cadas en Perth (Australia).","og_url":"https:\/\/www.noticiasradioreflejos.com.ar\/2021\/las-leonas-inician-su-camino-en-el-mundial-en-busca-de-la-tercera-estrella\/","og_site_name":"Noticias Radio Reflejos","article_published_time":"2022-07-02T15:47:37+00:00","og_image":[{"url":"https:\/\/www.telam.com.ar\/thumbs\/bluesteel\/advf\/imagenes\/2022\/07\/62c0238f993fb_900.jpg","type":"","width":"","height":""}],"author":"Arnaldo Botto","twitter_card":"summary_large_image","schema":{"@context":"https:\/\/schema.org","@graph":[{"@type":"WebPage","@id":"https:\/\/www.noticiasradioreflejos.com.ar\/2021\/las-leonas-inician-su-camino-en-el-mundial-en-busca-de-la-tercera-estrella\/","url":"https:\/\/www.noticiasradioreflejos.com.ar\/2021\/las-leonas-inician-su-camino-en-el-mundial-en-busca-de-la-tercera-estrella\/","name":"Las Leonas inician su camino en el Mundial en busca de la tercera estrella - Noticias Radio Reflejos","isPartOf":{"@id":"https:\/\/www.noticiasradioreflejos.com.ar\/2021\/#website"},"primaryImageOfPage":{"@id":"https:\/\/www.noticiasradioreflejos.com.ar\/2021\/las-leonas-inician-su-camino-en-el-mundial-en-busca-de-la-tercera-estrella\/#primaryimage"},"image":{"@id":"https:\/\/www.noticiasradioreflejos.com.ar\/2021\/las-leonas-inician-su-camino-en-el-mundial-en-busca-de-la-tercera-estrella\/#primaryimage"},"thumbnailUrl":"https:\/\/www.telam.com.ar\/thumbs\/bluesteel\/advf\/imagenes\/2022\/07\/62c0238f993fb_900.jpg","datePublished":"2022-07-02T15:47:37+00:00","author":{"@id":"https:\/\/www.noticiasradioreflejos.com.ar\/2021\/#\/schema\/person\/ad82545263dcc5ec0996818884fd5fb1"},"breadcrumb":{"@id":"https:\/\/www.noticiasradioreflejos.com.ar\/2021\/las-leonas-inician-su-camino-en-el-mundial-en-busca-de-la-tercera-estrella\/#breadcrumb"},"inLanguage":"es","potentialAction":[{"@type":"ReadAction","target":["https:\/\/www.noticiasradioreflejos.com.ar\/2021\/las-leonas-inician-su-camino-en-el-mundial-en-busca-de-la-tercera-estrella\/"]}]},{"@type":"ImageObject","inLanguage":"es","@id":"https:\/\/www.noticiasradioreflejos.com.ar\/2021\/las-leonas-inician-su-camino-en-el-mundial-en-busca-de-la-tercera-estrella\/#primaryimage","url":"https:\/\/www.telam.com.ar\/thumbs\/bluesteel\/advf\/imagenes\/2022\/07\/62c0238f993fb_900.jpg","contentUrl":"https:\/\/www.telam.com.ar\/thumbs\/bluesteel\/advf\/imagenes\/2022\/07\/62c0238f993fb_900.jpg"},{"@type":"BreadcrumbList","@id":"https:\/\/www.noticiasradioreflejos.com.ar\/2021\/las-leonas-inician-su-camino-en-el-mundial-en-busca-de-la-tercera-estrella\/#breadcrumb","itemListElement":[{"@type":"ListItem","position":1,"name":"Portada","item":"https:\/\/www.noticiasradioreflejos.com.ar\/2021\/"},{"@type":"ListItem","position":2,"name":"Las Leonas inician su camino en el Mundial en busca de la tercera estrella"}]},{"@type":"WebSite","@id":"https:\/\/www.noticiasradioreflejos.com.ar\/2021\/#website","url":"https:\/\/www.noticiasradioreflejos.com.ar\/2021\/","name":"Noticias Radio Reflejos","description":"Las noticias de mi comarca","potentialAction":[{"@type":"SearchAction","target":{"@type":"EntryPoint","urlTemplate":"https:\/\/www.noticiasradioreflejos.com.ar\/2021\/?s={search_term_string}"},"query-input":{"@type":"PropertyValueSpecification","valueRequired":true,"valueName":"search_term_string"}}],"inLanguage":"es"},{"@type":"Person","@id":"https:\/\/www.noticiasradioreflejos.com.ar\/2021\/#\/schema\/person\/ad82545263dcc5ec0996818884fd5fb1","name":"Arnaldo Botto","image":{"@type":"ImageObject","inLanguage":"es","@id":"https:\/\/www.noticiasradioreflejos.com.ar\/2021\/#\/schema\/person\/image\/","url":"https:\/\/secure.gravatar.com\/avatar\/55cb5e37c1efa326397366e6974cb338056df65cb50e7d64d1cf314e87504837?s=96&d=mm&r=g","contentUrl":"https:\/\/secure.gravatar.com\/avatar\/55cb5e37c1efa326397366e6974cb338056df65cb50e7d64d1cf314e87504837?s=96&d=mm&r=g","caption":"Arnaldo Botto"},"url":"https:\/\/www.noticiasradioreflejos.com.ar\/2021\/author\/arnaldo\/"}]}},"_links":{"self":[{"href":"https:\/\/www.noticiasradioreflejos.com.ar\/2021\/wp-json\/wp\/v2\/posts\/74517","targetHints":{"allow":["GET"]}}],"collection":[{"href":"https:\/\/www.noticiasradioreflejos.com.ar\/2021\/wp-json\/wp\/v2\/posts"}],"about":[{"href":"https:\/\/www.noticiasradioreflejos.com.ar\/2021\/wp-json\/wp\/v2\/types\/post"}],"author":[{"embeddable":true,"href":"https:\/\/www.noticiasradioreflejos.com.ar\/2021\/wp-json\/wp\/v2\/users\/3"}],"replies":[{"embeddable":true,"href":"https:\/\/www.noticiasradioreflejos.com.ar\/2021\/wp-json\/wp\/v2\/comments?post=74517"}],"version-history":[{"count":1,"href":"https:\/\/www.noticiasradioreflejos.com.ar\/2021\/wp-json\/wp\/v2\/posts\/74517\/revisions"}],"predecessor-version":[{"id":74519,"href":"https:\/\/www.noticiasradioreflejos.com.ar\/2021\/wp-json\/wp\/v2\/posts\/74517\/revisions\/74519"}],"wp:attachment":[{"href":"https:\/\/www.noticiasradioreflejos.com.ar\/2021\/wp-json\/wp\/v2\/media?parent=74517"}],"wp:term":[{"taxonomy":"category","embeddable":true,"href":"https:\/\/www.noticiasradioreflejos.com.ar\/2021\/wp-json\/wp\/v2\/categories?post=74517"},{"taxonomy":"post_tag","embeddable":true,"href":"https:\/\/www.noticiasradioreflejos.com.ar\/2021\/wp-json\/wp\/v2\/tags?post=74517"}],"curies":[{"name":"wp","href":"https:\/\/api.w.org\/{rel}","templated":true}]}}