{"id":74514,"date":"2022-07-02T15:31:20","date_gmt":"2022-07-02T15:31:20","guid":{"rendered":"http:\/\/www.noticiasradioreflejos.com.ar\/2021\/?p=74514"},"modified":"2022-07-02T15:31:20","modified_gmt":"2022-07-02T15:31:20","slug":"tareas-del-area-de-arbolado-publico-en-el-dique-san-bernardo","status":"publish","type":"post","link":"https:\/\/www.noticiasradioreflejos.com.ar\/2021\/tareas-del-area-de-arbolado-publico-en-el-dique-san-bernardo\/","title":{"rendered":"Tareas del \u00e1rea de arbolado p\u00fablico en el Dique San Bernardo"},"content":{"rendered":"<p>Luego de un relevamiento realizado por el \u00e1rea de Arbolado P\u00fablico Urbano, comenz\u00f3 la intervenci\u00f3n del parador \u2013 dique San Bernardo de Sierra de la Ventana, con el fin de mantener el espacio con arbolado sano y que permita el transito seguro de los vecinos y turistas que suelen disfrutar del lugar.<!--more--><br \/>\n<a title=\"dique san bernardo (2)\" href=\"https:\/\/www.flickr.com\/photos\/182279889@N02\/52188520201\/in\/dateposted-public\/\" data-flickr-embed=\"true\"><img loading=\"lazy\" decoding=\"async\" src=\"https:\/\/live.staticflickr.com\/65535\/52188520201_5b1a7b408a_o.jpg\" alt=\"dique san bernardo (2)\" width=\"960\" height=\"1280\" \/><\/a><\/p>\n<p>En esta primera instancia se procedi\u00f3 a extraer \u00e1lamos en severo estado de pudrici\u00f3n y ahuecamiento. Es importante destacar, que los ejemplares en este sector se ven debilitados por las crecidas producidas por el arroyo.<\/p>\n<p>El plan de trabajo continuar\u00e1 en las pr\u00f3ximas semanas, donde proseguir\u00e1n las tareas de poda y extracci\u00f3n de ejemplares de estructura d\u00e9bil.<\/p>\n<p>M\u00e1s all\u00e1 de la intervenci\u00f3n, el \u00e1rea ya tiene proyectada la reposici\u00f3n de especies arb\u00f3reas que sean adecuadas para el lugar.<\/p>\n<p><script async src=\"\/\/embedr.flickr.com\/assets\/client-code.js\" charset=\"utf-8\"><\/script><\/p>\n<p><a title=\"dique san bernardo (1)\" href=\"https:\/\/www.flickr.com\/photos\/182279889@N02\/52188531238\/in\/dateposted-public\/\" data-flickr-embed=\"true\"><img loading=\"lazy\" decoding=\"async\" src=\"https:\/\/live.staticflickr.com\/65535\/52188531238_0bc47dfdfd_o.jpg\" alt=\"dique san bernardo (1)\" width=\"756\" height=\"1600\" \/><\/a><script async src=\"\/\/embedr.flickr.com\/assets\/client-code.js\" charset=\"utf-8\"><\/script><\/p>\n<p>&nbsp;<\/p>\n<p><a data-flickr-embed=\"true\" href=\"https:\/\/www.flickr.com\/photos\/182279889@N02\/52188531053\/in\/dateposted-public\/\" title=\"dique san bernardo (3)\"><img loading=\"lazy\" decoding=\"async\" src=\"https:\/\/live.staticflickr.com\/65535\/52188531053_ff9e942f62_o.jpg\" width=\"960\" height=\"1280\" alt=\"dique san bernardo (3)\"><\/a><script async src=\"\/\/embedr.flickr.com\/assets\/client-code.js\" charset=\"utf-8\"><\/script><\/p>\n","protected":false},"excerpt":{"rendered":"<p>Luego de un relevamiento realizado por el \u00e1rea de Arbolado P\u00fablico Urbano, comenz\u00f3 la intervenci\u00f3n del parador \u2013 dique San Bernardo de Sierra de la Ventana, con el fin de mantener el espacio con arbolado sano y que permita el transito seguro de los vecinos y turistas que suelen disfrutar del lugar.<\/p>\n","protected":false},"author":3,"featured_media":0,"comment_status":"closed","ping_status":"closed","sticky":false,"template":"","format":"standard","meta":{"footnotes":""},"categories":[28],"tags":[],"class_list":["post-74514","post","type-post","status-publish","format-standard","hentry","category-municipales"],"yoast_head":"<!-- This site is optimized with the Yoast SEO plugin v25.9 - https:\/\/yoast.com\/wordpress\/plugins\/seo\/ -->\n<title>Tareas del \u00e1rea de arbolado p\u00fablico en el Dique San Bernardo - Noticias Radio Reflejos<\/title>\n<meta name=\"robots\" content=\"index, follow, max-snippet:-1, max-image-preview:large, max-video-preview:-1\" \/>\n<link rel=\"canonical\" href=\"https:\/\/www.noticiasradioreflejos.com.ar\/2021\/tareas-del-area-de-arbolado-publico-en-el-dique-san-bernardo\/\" \/>\n<meta property=\"og:locale\" content=\"es_ES\" \/>\n<meta property=\"og:type\" content=\"article\" \/>\n<meta property=\"og:title\" content=\"Tareas del \u00e1rea de arbolado p\u00fablico en el Dique San Bernardo - Noticias Radio Reflejos\" \/>\n<meta property=\"og:description\" content=\"Luego de un relevamiento realizado por el \u00e1rea de Arbolado P\u00fablico Urbano, comenz\u00f3 la intervenci\u00f3n del parador \u2013 dique San Bernardo de Sierra de la Ventana, con el fin de mantener el espacio con arbolado sano y que permita el transito seguro de los vecinos y turistas que suelen disfrutar del lugar.\" \/>\n<meta property=\"og:url\" content=\"https:\/\/www.noticiasradioreflejos.com.ar\/2021\/tareas-del-area-de-arbolado-publico-en-el-dique-san-bernardo\/\" \/>\n<meta property=\"og:site_name\" content=\"Noticias Radio Reflejos\" \/>\n<meta property=\"article:published_time\" content=\"2022-07-02T15:31:20+00:00\" \/>\n<meta property=\"og:image\" content=\"https:\/\/live.staticflickr.com\/65535\/52188520201_5b1a7b408a_o.jpg\" \/>\n<meta name=\"author\" content=\"Arnaldo Botto\" \/>\n<meta name=\"twitter:card\" content=\"summary_large_image\" \/>\n<script type=\"application\/ld+json\" class=\"yoast-schema-graph\">{\"@context\":\"https:\/\/schema.org\",\"@graph\":[{\"@type\":\"WebPage\",\"@id\":\"https:\/\/www.noticiasradioreflejos.com.ar\/2021\/tareas-del-area-de-arbolado-publico-en-el-dique-san-bernardo\/\",\"url\":\"https:\/\/www.noticiasradioreflejos.com.ar\/2021\/tareas-del-area-de-arbolado-publico-en-el-dique-san-bernardo\/\",\"name\":\"Tareas del \u00e1rea de arbolado p\u00fablico en el Dique San Bernardo - Noticias Radio Reflejos\",\"isPartOf\":{\"@id\":\"https:\/\/www.noticiasradioreflejos.com.ar\/2021\/#website\"},\"primaryImageOfPage\":{\"@id\":\"https:\/\/www.noticiasradioreflejos.com.ar\/2021\/tareas-del-area-de-arbolado-publico-en-el-dique-san-bernardo\/#primaryimage\"},\"image\":{\"@id\":\"https:\/\/www.noticiasradioreflejos.com.ar\/2021\/tareas-del-area-de-arbolado-publico-en-el-dique-san-bernardo\/#primaryimage\"},\"thumbnailUrl\":\"https:\/\/live.staticflickr.com\/65535\/52188520201_5b1a7b408a_o.jpg\",\"datePublished\":\"2022-07-02T15:31:20+00:00\",\"author\":{\"@id\":\"https:\/\/www.noticiasradioreflejos.com.ar\/2021\/#\/schema\/person\/ad82545263dcc5ec0996818884fd5fb1\"},\"breadcrumb\":{\"@id\":\"https:\/\/www.noticiasradioreflejos.com.ar\/2021\/tareas-del-area-de-arbolado-publico-en-el-dique-san-bernardo\/#breadcrumb\"},\"inLanguage\":\"es\",\"potentialAction\":[{\"@type\":\"ReadAction\",\"target\":[\"https:\/\/www.noticiasradioreflejos.com.ar\/2021\/tareas-del-area-de-arbolado-publico-en-el-dique-san-bernardo\/\"]}]},{\"@type\":\"ImageObject\",\"inLanguage\":\"es\",\"@id\":\"https:\/\/www.noticiasradioreflejos.com.ar\/2021\/tareas-del-area-de-arbolado-publico-en-el-dique-san-bernardo\/#primaryimage\",\"url\":\"https:\/\/live.staticflickr.com\/65535\/52188520201_5b1a7b408a_o.jpg\",\"contentUrl\":\"https:\/\/live.staticflickr.com\/65535\/52188520201_5b1a7b408a_o.jpg\"},{\"@type\":\"BreadcrumbList\",\"@id\":\"https:\/\/www.noticiasradioreflejos.com.ar\/2021\/tareas-del-area-de-arbolado-publico-en-el-dique-san-bernardo\/#breadcrumb\",\"itemListElement\":[{\"@type\":\"ListItem\",\"position\":1,\"name\":\"Portada\",\"item\":\"https:\/\/www.noticiasradioreflejos.com.ar\/2021\/\"},{\"@type\":\"ListItem\",\"position\":2,\"name\":\"Tareas del \u00e1rea de arbolado p\u00fablico en el Dique San Bernardo\"}]},{\"@type\":\"WebSite\",\"@id\":\"https:\/\/www.noticiasradioreflejos.com.ar\/2021\/#website\",\"url\":\"https:\/\/www.noticiasradioreflejos.com.ar\/2021\/\",\"name\":\"Noticias Radio Reflejos\",\"description\":\"Las noticias de mi comarca\",\"potentialAction\":[{\"@type\":\"SearchAction\",\"target\":{\"@type\":\"EntryPoint\",\"urlTemplate\":\"https:\/\/www.noticiasradioreflejos.com.ar\/2021\/?s={search_term_string}\"},\"query-input\":{\"@type\":\"PropertyValueSpecification\",\"valueRequired\":true,\"valueName\":\"search_term_string\"}}],\"inLanguage\":\"es\"},{\"@type\":\"Person\",\"@id\":\"https:\/\/www.noticiasradioreflejos.com.ar\/2021\/#\/schema\/person\/ad82545263dcc5ec0996818884fd5fb1\",\"name\":\"Arnaldo Botto\",\"image\":{\"@type\":\"ImageObject\",\"inLanguage\":\"es\",\"@id\":\"https:\/\/www.noticiasradioreflejos.com.ar\/2021\/#\/schema\/person\/image\/\",\"url\":\"https:\/\/secure.gravatar.com\/avatar\/55cb5e37c1efa326397366e6974cb338056df65cb50e7d64d1cf314e87504837?s=96&d=mm&r=g\",\"contentUrl\":\"https:\/\/secure.gravatar.com\/avatar\/55cb5e37c1efa326397366e6974cb338056df65cb50e7d64d1cf314e87504837?s=96&d=mm&r=g\",\"caption\":\"Arnaldo Botto\"},\"url\":\"https:\/\/www.noticiasradioreflejos.com.ar\/2021\/author\/arnaldo\/\"}]}<\/script>\n<!-- \/ Yoast SEO plugin. -->","yoast_head_json":{"title":"Tareas del \u00e1rea de arbolado p\u00fablico en el Dique San Bernardo - Noticias Radio Reflejos","robots":{"index":"index","follow":"follow","max-snippet":"max-snippet:-1","max-image-preview":"max-image-preview:large","max-video-preview":"max-video-preview:-1"},"canonical":"https:\/\/www.noticiasradioreflejos.com.ar\/2021\/tareas-del-area-de-arbolado-publico-en-el-dique-san-bernardo\/","og_locale":"es_ES","og_type":"article","og_title":"Tareas del \u00e1rea de arbolado p\u00fablico en el Dique San Bernardo - Noticias Radio Reflejos","og_description":"Luego de un relevamiento realizado por el \u00e1rea de Arbolado P\u00fablico Urbano, comenz\u00f3 la intervenci\u00f3n del parador \u2013 dique San Bernardo de Sierra de la Ventana, con el fin de mantener el espacio con arbolado sano y que permita el transito seguro de los vecinos y turistas que suelen disfrutar del lugar.","og_url":"https:\/\/www.noticiasradioreflejos.com.ar\/2021\/tareas-del-area-de-arbolado-publico-en-el-dique-san-bernardo\/","og_site_name":"Noticias Radio Reflejos","article_published_time":"2022-07-02T15:31:20+00:00","og_image":[{"url":"https:\/\/live.staticflickr.com\/65535\/52188520201_5b1a7b408a_o.jpg","type":"","width":"","height":""}],"author":"Arnaldo Botto","twitter_card":"summary_large_image","schema":{"@context":"https:\/\/schema.org","@graph":[{"@type":"WebPage","@id":"https:\/\/www.noticiasradioreflejos.com.ar\/2021\/tareas-del-area-de-arbolado-publico-en-el-dique-san-bernardo\/","url":"https:\/\/www.noticiasradioreflejos.com.ar\/2021\/tareas-del-area-de-arbolado-publico-en-el-dique-san-bernardo\/","name":"Tareas del \u00e1rea de arbolado p\u00fablico en el Dique San Bernardo - Noticias Radio Reflejos","isPartOf":{"@id":"https:\/\/www.noticiasradioreflejos.com.ar\/2021\/#website"},"primaryImageOfPage":{"@id":"https:\/\/www.noticiasradioreflejos.com.ar\/2021\/tareas-del-area-de-arbolado-publico-en-el-dique-san-bernardo\/#primaryimage"},"image":{"@id":"https:\/\/www.noticiasradioreflejos.com.ar\/2021\/tareas-del-area-de-arbolado-publico-en-el-dique-san-bernardo\/#primaryimage"},"thumbnailUrl":"https:\/\/live.staticflickr.com\/65535\/52188520201_5b1a7b408a_o.jpg","datePublished":"2022-07-02T15:31:20+00:00","author":{"@id":"https:\/\/www.noticiasradioreflejos.com.ar\/2021\/#\/schema\/person\/ad82545263dcc5ec0996818884fd5fb1"},"breadcrumb":{"@id":"https:\/\/www.noticiasradioreflejos.com.ar\/2021\/tareas-del-area-de-arbolado-publico-en-el-dique-san-bernardo\/#breadcrumb"},"inLanguage":"es","potentialAction":[{"@type":"ReadAction","target":["https:\/\/www.noticiasradioreflejos.com.ar\/2021\/tareas-del-area-de-arbolado-publico-en-el-dique-san-bernardo\/"]}]},{"@type":"ImageObject","inLanguage":"es","@id":"https:\/\/www.noticiasradioreflejos.com.ar\/2021\/tareas-del-area-de-arbolado-publico-en-el-dique-san-bernardo\/#primaryimage","url":"https:\/\/live.staticflickr.com\/65535\/52188520201_5b1a7b408a_o.jpg","contentUrl":"https:\/\/live.staticflickr.com\/65535\/52188520201_5b1a7b408a_o.jpg"},{"@type":"BreadcrumbList","@id":"https:\/\/www.noticiasradioreflejos.com.ar\/2021\/tareas-del-area-de-arbolado-publico-en-el-dique-san-bernardo\/#breadcrumb","itemListElement":[{"@type":"ListItem","position":1,"name":"Portada","item":"https:\/\/www.noticiasradioreflejos.com.ar\/2021\/"},{"@type":"ListItem","position":2,"name":"Tareas del \u00e1rea de arbolado p\u00fablico en el Dique San Bernardo"}]},{"@type":"WebSite","@id":"https:\/\/www.noticiasradioreflejos.com.ar\/2021\/#website","url":"https:\/\/www.noticiasradioreflejos.com.ar\/2021\/","name":"Noticias Radio Reflejos","description":"Las noticias de mi comarca","potentialAction":[{"@type":"SearchAction","target":{"@type":"EntryPoint","urlTemplate":"https:\/\/www.noticiasradioreflejos.com.ar\/2021\/?s={search_term_string}"},"query-input":{"@type":"PropertyValueSpecification","valueRequired":true,"valueName":"search_term_string"}}],"inLanguage":"es"},{"@type":"Person","@id":"https:\/\/www.noticiasradioreflejos.com.ar\/2021\/#\/schema\/person\/ad82545263dcc5ec0996818884fd5fb1","name":"Arnaldo Botto","image":{"@type":"ImageObject","inLanguage":"es","@id":"https:\/\/www.noticiasradioreflejos.com.ar\/2021\/#\/schema\/person\/image\/","url":"https:\/\/secure.gravatar.com\/avatar\/55cb5e37c1efa326397366e6974cb338056df65cb50e7d64d1cf314e87504837?s=96&d=mm&r=g","contentUrl":"https:\/\/secure.gravatar.com\/avatar\/55cb5e37c1efa326397366e6974cb338056df65cb50e7d64d1cf314e87504837?s=96&d=mm&r=g","caption":"Arnaldo Botto"},"url":"https:\/\/www.noticiasradioreflejos.com.ar\/2021\/author\/arnaldo\/"}]}},"_links":{"self":[{"href":"https:\/\/www.noticiasradioreflejos.com.ar\/2021\/wp-json\/wp\/v2\/posts\/74514","targetHints":{"allow":["GET"]}}],"collection":[{"href":"https:\/\/www.noticiasradioreflejos.com.ar\/2021\/wp-json\/wp\/v2\/posts"}],"about":[{"href":"https:\/\/www.noticiasradioreflejos.com.ar\/2021\/wp-json\/wp\/v2\/types\/post"}],"author":[{"embeddable":true,"href":"https:\/\/www.noticiasradioreflejos.com.ar\/2021\/wp-json\/wp\/v2\/users\/3"}],"replies":[{"embeddable":true,"href":"https:\/\/www.noticiasradioreflejos.com.ar\/2021\/wp-json\/wp\/v2\/comments?post=74514"}],"version-history":[{"count":1,"href":"https:\/\/www.noticiasradioreflejos.com.ar\/2021\/wp-json\/wp\/v2\/posts\/74514\/revisions"}],"predecessor-version":[{"id":74516,"href":"https:\/\/www.noticiasradioreflejos.com.ar\/2021\/wp-json\/wp\/v2\/posts\/74514\/revisions\/74516"}],"wp:attachment":[{"href":"https:\/\/www.noticiasradioreflejos.com.ar\/2021\/wp-json\/wp\/v2\/media?parent=74514"}],"wp:term":[{"taxonomy":"category","embeddable":true,"href":"https:\/\/www.noticiasradioreflejos.com.ar\/2021\/wp-json\/wp\/v2\/categories?post=74514"},{"taxonomy":"post_tag","embeddable":true,"href":"https:\/\/www.noticiasradioreflejos.com.ar\/2021\/wp-json\/wp\/v2\/tags?post=74514"}],"curies":[{"name":"wp","href":"https:\/\/api.w.org\/{rel}","templated":true}]}}