{"id":74506,"date":"2022-07-02T15:10:26","date_gmt":"2022-07-02T15:10:26","guid":{"rendered":"http:\/\/www.noticiasradioreflejos.com.ar\/2021\/?p=74506"},"modified":"2022-07-02T15:10:26","modified_gmt":"2022-07-02T15:10:26","slug":"inauguran-el-nuevo-tren-que-recorre-la-republica-de-los-ninos","status":"publish","type":"post","link":"https:\/\/www.noticiasradioreflejos.com.ar\/2021\/inauguran-el-nuevo-tren-que-recorre-la-republica-de-los-ninos\/","title":{"rendered":"Inauguran el nuevo tren que recorre la Rep\u00fablica de los Ni\u00f1os"},"content":{"rendered":"<p>La Rep\u00fablica de los Ni\u00f1os de la ciudad de La Plata, un predio con edificios p\u00fablicos a escala y varios castillos de cuentos que fue inaugurada en 1951 por el expresidente Juan Domingo Per\u00f3n, puso en funcionamiento un nuevo tren, con vagones modernos y accesibles, que recorre todo el lugar del tradicional paseo platense.<br \/>\n<!--more--><\/p>\n<p>Se trata de un nuevo tren que fue puesto en marcha hoy y que se suma a los recorridos del antiguo tren.<\/p>\n<p>\u00abEste nuevo tren es 100% accesible para chicos con discapacidad\u00bb, destac\u00f3 el intendente platense Julio Garro y detall\u00f3 que el veh\u00edculo cuenta con habit\u00e1culos adaptados.<\/p>\n<p>La reforma de la atracci\u00f3n incluy\u00f3 la instalaci\u00f3n de una nueva locomotora, con una estructura completamente inclusiva y de aspecto similar a las que circulan en la actualidad.<\/p>\n<p>En el marco de este plan de obras, el municipio platense tambi\u00e9n ejecut\u00f3 mejoras en la estaci\u00f3n, ubicada en el casco central del parque, donde se renov\u00f3 la pintura, se colocaron c\u00e1maras de seguridad y se realizaron una serie de intervenciones para volverla completamente inclusiva.<\/p>\n<p>\u00abLas obras que hemos hecho durante esta gesti\u00f3n para recuperar el predio de Gonnet demuestran el valor de un lugar tan emblem\u00e1tico de La Plata que volvi\u00f3 a ser un orgullo para todos los vecinos\u00bb asegur\u00f3 el jefe comunal.<\/p>\n<p>Por su parte, el secretario de Cultura y Educaci\u00f3n, Martiniano Ferrer Picado, destac\u00f3 que \u00abestas acciones nos permiten mejorar la calidad educativa y cultural del parque\u00bb.<\/p>\n<p>Seg\u00fan destac\u00f3 el municipio, la Rep\u00fablica de los Ni\u00f1os, ubicada sobre el Camino General Belgrano, cuenta actualmente con todos sus atractivos operativos, entre ellos el barco, el archivo hist\u00f3rico, el avi\u00f3n, el aeropuerto y los edificios institucionales.<\/p>\n<p>La Rep\u00fablica de los Ni\u00f1os es una ciudad con 35 edificios peque\u00f1os hechos a escala de un ni\u00f1o de 10 a\u00f1os y cada uno de ellos fue construido mezclando estilos arquitect\u00f3nicos diferentes e inspirados en famosos edificios que se levantan en distintas partes del mundo.<\/p>\n<p>Su construcci\u00f3n se inici\u00f3 en 1949 y fue inaugurada en 1951 por el entonces presidente Juan Domingo Per\u00f3n y por esa \u00e9poca era uno de los parque tem\u00e1ticos m\u00e1s grandes y mejor dise\u00f1ado de todo el mundo.<\/p>\n<p>Actualmente est\u00e1 en remodelaci\u00f3n, aunque la primera etapa de las obras estar\u00e1n conclu\u00eddas el pr\u00f3ximo 20 de agosto, con motivo de los festejos por el D\u00eda del Ni\u00f1o.(Telam)<\/p>\n<p><iframe loading=\"lazy\" src=\"https:\/\/www.youtube.com\/embed\/lD31Kv3JsVw\" width=\"560\" height=\"314\" allowfullscreen=\"allowfullscreen\" data-mce-fragment=\"1\"><\/iframe><\/p>\n<p>&nbsp;<\/p>\n<div>\n<p><img decoding=\"async\" src=\"https:\/\/www.noticiastornquist.com.ar\/imagen.php?imagen=2022-07\/treen.jpg\" \/><\/p>\n<div>Foto: Diario Hoy<\/div>\n<hr \/>\n<\/div>\n<p><!--more--><\/p>\n<p>&nbsp;<\/p>\n","protected":false},"excerpt":{"rendered":"<p>La Rep\u00fablica de los Ni\u00f1os de la ciudad de La Plata, un predio con edificios p\u00fablicos a escala y varios castillos de cuentos que fue inaugurada en 1951 por el expresidente Juan Domingo Per\u00f3n, puso en funcionamiento un nuevo tren, con vagones modernos y accesibles, que recorre todo el lugar del tradicional paseo platense.<\/p>\n","protected":false},"author":3,"featured_media":0,"comment_status":"closed","ping_status":"closed","sticky":false,"template":"","format":"standard","meta":{"footnotes":""},"categories":[35,24,26],"tags":[],"class_list":["post-74506","post","type-post","status-publish","format-standard","hentry","category-cultura","category-politica","category-sociedad"],"yoast_head":"<!-- This site is optimized with the Yoast SEO plugin v25.9 - https:\/\/yoast.com\/wordpress\/plugins\/seo\/ -->\n<title>Inauguran el nuevo tren que recorre la Rep\u00fablica de los Ni\u00f1os - Noticias Radio Reflejos<\/title>\n<meta name=\"robots\" content=\"index, follow, max-snippet:-1, max-image-preview:large, max-video-preview:-1\" \/>\n<link rel=\"canonical\" href=\"https:\/\/www.noticiasradioreflejos.com.ar\/2021\/inauguran-el-nuevo-tren-que-recorre-la-republica-de-los-ninos\/\" \/>\n<meta property=\"og:locale\" content=\"es_ES\" \/>\n<meta property=\"og:type\" content=\"article\" \/>\n<meta property=\"og:title\" content=\"Inauguran el nuevo tren que recorre la Rep\u00fablica de los Ni\u00f1os - Noticias Radio Reflejos\" \/>\n<meta property=\"og:description\" content=\"La Rep\u00fablica de los Ni\u00f1os de la ciudad de La Plata, un predio con edificios p\u00fablicos a escala y varios castillos de cuentos que fue inaugurada en 1951 por el expresidente Juan Domingo Per\u00f3n, puso en funcionamiento un nuevo tren, con vagones modernos y accesibles, que recorre todo el lugar del tradicional paseo platense.\" \/>\n<meta property=\"og:url\" content=\"https:\/\/www.noticiasradioreflejos.com.ar\/2021\/inauguran-el-nuevo-tren-que-recorre-la-republica-de-los-ninos\/\" \/>\n<meta property=\"og:site_name\" content=\"Noticias Radio Reflejos\" \/>\n<meta property=\"article:published_time\" content=\"2022-07-02T15:10:26+00:00\" \/>\n<meta property=\"og:image\" content=\"https:\/\/www.noticiastornquist.com.ar\/imagen.php?imagen=2022-07\/treen.jpg\" \/>\n<meta name=\"author\" content=\"Arnaldo Botto\" \/>\n<meta name=\"twitter:card\" content=\"summary_large_image\" \/>\n<script type=\"application\/ld+json\" class=\"yoast-schema-graph\">{\"@context\":\"https:\/\/schema.org\",\"@graph\":[{\"@type\":\"WebPage\",\"@id\":\"https:\/\/www.noticiasradioreflejos.com.ar\/2021\/inauguran-el-nuevo-tren-que-recorre-la-republica-de-los-ninos\/\",\"url\":\"https:\/\/www.noticiasradioreflejos.com.ar\/2021\/inauguran-el-nuevo-tren-que-recorre-la-republica-de-los-ninos\/\",\"name\":\"Inauguran el nuevo tren que recorre la Rep\u00fablica de los Ni\u00f1os - Noticias Radio Reflejos\",\"isPartOf\":{\"@id\":\"https:\/\/www.noticiasradioreflejos.com.ar\/2021\/#website\"},\"primaryImageOfPage\":{\"@id\":\"https:\/\/www.noticiasradioreflejos.com.ar\/2021\/inauguran-el-nuevo-tren-que-recorre-la-republica-de-los-ninos\/#primaryimage\"},\"image\":{\"@id\":\"https:\/\/www.noticiasradioreflejos.com.ar\/2021\/inauguran-el-nuevo-tren-que-recorre-la-republica-de-los-ninos\/#primaryimage\"},\"thumbnailUrl\":\"https:\/\/www.noticiastornquist.com.ar\/imagen.php?imagen=2022-07\/treen.jpg\",\"datePublished\":\"2022-07-02T15:10:26+00:00\",\"author\":{\"@id\":\"https:\/\/www.noticiasradioreflejos.com.ar\/2021\/#\/schema\/person\/ad82545263dcc5ec0996818884fd5fb1\"},\"breadcrumb\":{\"@id\":\"https:\/\/www.noticiasradioreflejos.com.ar\/2021\/inauguran-el-nuevo-tren-que-recorre-la-republica-de-los-ninos\/#breadcrumb\"},\"inLanguage\":\"es\",\"potentialAction\":[{\"@type\":\"ReadAction\",\"target\":[\"https:\/\/www.noticiasradioreflejos.com.ar\/2021\/inauguran-el-nuevo-tren-que-recorre-la-republica-de-los-ninos\/\"]}]},{\"@type\":\"ImageObject\",\"inLanguage\":\"es\",\"@id\":\"https:\/\/www.noticiasradioreflejos.com.ar\/2021\/inauguran-el-nuevo-tren-que-recorre-la-republica-de-los-ninos\/#primaryimage\",\"url\":\"https:\/\/www.noticiastornquist.com.ar\/imagen.php?imagen=2022-07\/treen.jpg\",\"contentUrl\":\"https:\/\/www.noticiastornquist.com.ar\/imagen.php?imagen=2022-07\/treen.jpg\"},{\"@type\":\"BreadcrumbList\",\"@id\":\"https:\/\/www.noticiasradioreflejos.com.ar\/2021\/inauguran-el-nuevo-tren-que-recorre-la-republica-de-los-ninos\/#breadcrumb\",\"itemListElement\":[{\"@type\":\"ListItem\",\"position\":1,\"name\":\"Portada\",\"item\":\"https:\/\/www.noticiasradioreflejos.com.ar\/2021\/\"},{\"@type\":\"ListItem\",\"position\":2,\"name\":\"Inauguran el nuevo tren que recorre la Rep\u00fablica de los Ni\u00f1os\"}]},{\"@type\":\"WebSite\",\"@id\":\"https:\/\/www.noticiasradioreflejos.com.ar\/2021\/#website\",\"url\":\"https:\/\/www.noticiasradioreflejos.com.ar\/2021\/\",\"name\":\"Noticias Radio Reflejos\",\"description\":\"Las noticias de mi comarca\",\"potentialAction\":[{\"@type\":\"SearchAction\",\"target\":{\"@type\":\"EntryPoint\",\"urlTemplate\":\"https:\/\/www.noticiasradioreflejos.com.ar\/2021\/?s={search_term_string}\"},\"query-input\":{\"@type\":\"PropertyValueSpecification\",\"valueRequired\":true,\"valueName\":\"search_term_string\"}}],\"inLanguage\":\"es\"},{\"@type\":\"Person\",\"@id\":\"https:\/\/www.noticiasradioreflejos.com.ar\/2021\/#\/schema\/person\/ad82545263dcc5ec0996818884fd5fb1\",\"name\":\"Arnaldo Botto\",\"image\":{\"@type\":\"ImageObject\",\"inLanguage\":\"es\",\"@id\":\"https:\/\/www.noticiasradioreflejos.com.ar\/2021\/#\/schema\/person\/image\/\",\"url\":\"https:\/\/secure.gravatar.com\/avatar\/55cb5e37c1efa326397366e6974cb338056df65cb50e7d64d1cf314e87504837?s=96&d=mm&r=g\",\"contentUrl\":\"https:\/\/secure.gravatar.com\/avatar\/55cb5e37c1efa326397366e6974cb338056df65cb50e7d64d1cf314e87504837?s=96&d=mm&r=g\",\"caption\":\"Arnaldo Botto\"},\"url\":\"https:\/\/www.noticiasradioreflejos.com.ar\/2021\/author\/arnaldo\/\"}]}<\/script>\n<!-- \/ Yoast SEO plugin. -->","yoast_head_json":{"title":"Inauguran el nuevo tren que recorre la Rep\u00fablica de los Ni\u00f1os - Noticias Radio Reflejos","robots":{"index":"index","follow":"follow","max-snippet":"max-snippet:-1","max-image-preview":"max-image-preview:large","max-video-preview":"max-video-preview:-1"},"canonical":"https:\/\/www.noticiasradioreflejos.com.ar\/2021\/inauguran-el-nuevo-tren-que-recorre-la-republica-de-los-ninos\/","og_locale":"es_ES","og_type":"article","og_title":"Inauguran el nuevo tren que recorre la Rep\u00fablica de los Ni\u00f1os - Noticias Radio Reflejos","og_description":"La Rep\u00fablica de los Ni\u00f1os de la ciudad de La Plata, un predio con edificios p\u00fablicos a escala y varios castillos de cuentos que fue inaugurada en 1951 por el expresidente Juan Domingo Per\u00f3n, puso en funcionamiento un nuevo tren, con vagones modernos y accesibles, que recorre todo el lugar del tradicional paseo platense.","og_url":"https:\/\/www.noticiasradioreflejos.com.ar\/2021\/inauguran-el-nuevo-tren-que-recorre-la-republica-de-los-ninos\/","og_site_name":"Noticias Radio Reflejos","article_published_time":"2022-07-02T15:10:26+00:00","og_image":[{"url":"https:\/\/www.noticiastornquist.com.ar\/imagen.php?imagen=2022-07\/treen.jpg","type":"","width":"","height":""}],"author":"Arnaldo Botto","twitter_card":"summary_large_image","schema":{"@context":"https:\/\/schema.org","@graph":[{"@type":"WebPage","@id":"https:\/\/www.noticiasradioreflejos.com.ar\/2021\/inauguran-el-nuevo-tren-que-recorre-la-republica-de-los-ninos\/","url":"https:\/\/www.noticiasradioreflejos.com.ar\/2021\/inauguran-el-nuevo-tren-que-recorre-la-republica-de-los-ninos\/","name":"Inauguran el nuevo tren que recorre la Rep\u00fablica de los Ni\u00f1os - Noticias Radio Reflejos","isPartOf":{"@id":"https:\/\/www.noticiasradioreflejos.com.ar\/2021\/#website"},"primaryImageOfPage":{"@id":"https:\/\/www.noticiasradioreflejos.com.ar\/2021\/inauguran-el-nuevo-tren-que-recorre-la-republica-de-los-ninos\/#primaryimage"},"image":{"@id":"https:\/\/www.noticiasradioreflejos.com.ar\/2021\/inauguran-el-nuevo-tren-que-recorre-la-republica-de-los-ninos\/#primaryimage"},"thumbnailUrl":"https:\/\/www.noticiastornquist.com.ar\/imagen.php?imagen=2022-07\/treen.jpg","datePublished":"2022-07-02T15:10:26+00:00","author":{"@id":"https:\/\/www.noticiasradioreflejos.com.ar\/2021\/#\/schema\/person\/ad82545263dcc5ec0996818884fd5fb1"},"breadcrumb":{"@id":"https:\/\/www.noticiasradioreflejos.com.ar\/2021\/inauguran-el-nuevo-tren-que-recorre-la-republica-de-los-ninos\/#breadcrumb"},"inLanguage":"es","potentialAction":[{"@type":"ReadAction","target":["https:\/\/www.noticiasradioreflejos.com.ar\/2021\/inauguran-el-nuevo-tren-que-recorre-la-republica-de-los-ninos\/"]}]},{"@type":"ImageObject","inLanguage":"es","@id":"https:\/\/www.noticiasradioreflejos.com.ar\/2021\/inauguran-el-nuevo-tren-que-recorre-la-republica-de-los-ninos\/#primaryimage","url":"https:\/\/www.noticiastornquist.com.ar\/imagen.php?imagen=2022-07\/treen.jpg","contentUrl":"https:\/\/www.noticiastornquist.com.ar\/imagen.php?imagen=2022-07\/treen.jpg"},{"@type":"BreadcrumbList","@id":"https:\/\/www.noticiasradioreflejos.com.ar\/2021\/inauguran-el-nuevo-tren-que-recorre-la-republica-de-los-ninos\/#breadcrumb","itemListElement":[{"@type":"ListItem","position":1,"name":"Portada","item":"https:\/\/www.noticiasradioreflejos.com.ar\/2021\/"},{"@type":"ListItem","position":2,"name":"Inauguran el nuevo tren que recorre la Rep\u00fablica de los Ni\u00f1os"}]},{"@type":"WebSite","@id":"https:\/\/www.noticiasradioreflejos.com.ar\/2021\/#website","url":"https:\/\/www.noticiasradioreflejos.com.ar\/2021\/","name":"Noticias Radio Reflejos","description":"Las noticias de mi comarca","potentialAction":[{"@type":"SearchAction","target":{"@type":"EntryPoint","urlTemplate":"https:\/\/www.noticiasradioreflejos.com.ar\/2021\/?s={search_term_string}"},"query-input":{"@type":"PropertyValueSpecification","valueRequired":true,"valueName":"search_term_string"}}],"inLanguage":"es"},{"@type":"Person","@id":"https:\/\/www.noticiasradioreflejos.com.ar\/2021\/#\/schema\/person\/ad82545263dcc5ec0996818884fd5fb1","name":"Arnaldo Botto","image":{"@type":"ImageObject","inLanguage":"es","@id":"https:\/\/www.noticiasradioreflejos.com.ar\/2021\/#\/schema\/person\/image\/","url":"https:\/\/secure.gravatar.com\/avatar\/55cb5e37c1efa326397366e6974cb338056df65cb50e7d64d1cf314e87504837?s=96&d=mm&r=g","contentUrl":"https:\/\/secure.gravatar.com\/avatar\/55cb5e37c1efa326397366e6974cb338056df65cb50e7d64d1cf314e87504837?s=96&d=mm&r=g","caption":"Arnaldo Botto"},"url":"https:\/\/www.noticiasradioreflejos.com.ar\/2021\/author\/arnaldo\/"}]}},"_links":{"self":[{"href":"https:\/\/www.noticiasradioreflejos.com.ar\/2021\/wp-json\/wp\/v2\/posts\/74506","targetHints":{"allow":["GET"]}}],"collection":[{"href":"https:\/\/www.noticiasradioreflejos.com.ar\/2021\/wp-json\/wp\/v2\/posts"}],"about":[{"href":"https:\/\/www.noticiasradioreflejos.com.ar\/2021\/wp-json\/wp\/v2\/types\/post"}],"author":[{"embeddable":true,"href":"https:\/\/www.noticiasradioreflejos.com.ar\/2021\/wp-json\/wp\/v2\/users\/3"}],"replies":[{"embeddable":true,"href":"https:\/\/www.noticiasradioreflejos.com.ar\/2021\/wp-json\/wp\/v2\/comments?post=74506"}],"version-history":[{"count":1,"href":"https:\/\/www.noticiasradioreflejos.com.ar\/2021\/wp-json\/wp\/v2\/posts\/74506\/revisions"}],"predecessor-version":[{"id":74508,"href":"https:\/\/www.noticiasradioreflejos.com.ar\/2021\/wp-json\/wp\/v2\/posts\/74506\/revisions\/74508"}],"wp:attachment":[{"href":"https:\/\/www.noticiasradioreflejos.com.ar\/2021\/wp-json\/wp\/v2\/media?parent=74506"}],"wp:term":[{"taxonomy":"category","embeddable":true,"href":"https:\/\/www.noticiasradioreflejos.com.ar\/2021\/wp-json\/wp\/v2\/categories?post=74506"},{"taxonomy":"post_tag","embeddable":true,"href":"https:\/\/www.noticiasradioreflejos.com.ar\/2021\/wp-json\/wp\/v2\/tags?post=74506"}],"curies":[{"name":"wp","href":"https:\/\/api.w.org\/{rel}","templated":true}]}}