{"id":74503,"date":"2022-07-02T15:05:45","date_gmt":"2022-07-02T15:05:45","guid":{"rendered":"http:\/\/www.noticiasradioreflejos.com.ar\/2021\/?p=74503"},"modified":"2022-07-02T15:05:45","modified_gmt":"2022-07-02T15:05:45","slug":"etchecolatz-represor-de-21-centros-clandestinos-murio-a-los-93-anos-condenado-a-perpetua","status":"publish","type":"post","link":"https:\/\/www.noticiasradioreflejos.com.ar\/2021\/etchecolatz-represor-de-21-centros-clandestinos-murio-a-los-93-anos-condenado-a-perpetua\/","title":{"rendered":"Etchecolatz, represor de 21 centros clandestinos, muri\u00f3 a los 93 a\u00f1os condenado a perpetua"},"content":{"rendered":"<p>Fue sentenciado nueve veces a cadena perpetua por cr\u00edmenes de lesa humanidad, pero no por lo ocurrido con unas 500 v\u00edctimas por las que a\u00fan era juzgado. Nunca revel\u00f3 el destino de la nieta apropiada Clara Anah\u00ed Mariani, ni el de Jorge Julio L\u00f3pez.<!--more--><\/p>\n<figure class=\"mb-3\"><img decoding=\"async\" src=\"https:\/\/www.telam.com.ar\/thumbs\/bluesteel\/advf\/imagenes\/2022\/07\/62c02a03b21d4_900.jpg\" alt=\"Miguel Etchecolatz muri preso a los 93 aos\" width=\"100%\" height=\"100%\" \/><\/p>\n<div class=\"media-icons\"><\/div><figcaption>Miguel Etchecolatz muri\u00f3 preso a los 93 a\u00f1os.<\/figcaption><\/figure>\n<p>Miguel Osvaldo Etchecolatz, el represor que durante la \u00faltima dictadura militar orden\u00f3 la tortura y muerte en 21 centros clandestinos que funcionaron en la provincia de Buenos Aires, muri\u00f3 hoy a los 93 a\u00f1os, condenado nueve veces a cadena perpetua por cr\u00edmenes de lesa humanidad, y su figura ser\u00e1 recordada en la historia argentina por ser uno de los principales responsables y ejecutores del per\u00edodo m\u00e1s oscuro del pa\u00eds.<\/p>\n<p>No obstante, no lleg\u00f3 a ser condenado por lo ocurrido con unas 500 v\u00edctimas por las que a\u00fan era juzgado en sendos juicios en La Plata y sin revelar el destino de la nieta apropiada Clara Anah\u00ed Mariani, a quien retir\u00f3 en sus brazos tras acribillar a balazos a su madre, ni el del alba\u00f1il y militante Jorge Julio L\u00f3pez, cuyo testimonio fue clave para que Etchecolatz recibiera, por primera vez en la historia judicial argentina, una condena por genocida.<\/p>\n<p>Etchecolatz, quien falleci\u00f3 a las 5.30 de hoy en la Cl\u00ednica Sarmiento de la localidad bonaerense de San Miguel, donde se encontraba internado con custodia policial, parti\u00f3 sin arrepentirse de sus cr\u00edmenes ni pedir perd\u00f3n a sus v\u00edctimas; por el contrario, siempre justific\u00f3 su accionar ante los tribunales federales que lo juzgaban y cuya competencia rechazaba.<\/p>\n<figure class=\"mb-3\"><img decoding=\"async\" src=\"https:\/\/www.telam.com.ar\/thumbs\/bluesteel\/advf\/imagenes\/editadas\/62c051497ec3c_900.jpg\" alt=\"El papel con el nombre de Julio Lpez en las manos de Etchecolatz Foto Leo Vaca\" width=\"100%\" height=\"100%\" \/><\/p>\n<div class=\"media-icons\"><\/div><figcaption>El papel con el nombre de Julio L\u00f3pez en las manos de Etchecolatz. (Foto Leo Vaca)<\/figcaption><\/figure>\n<p>Sin titubear, mirando a los jueces con sus ojos peque\u00f1os y oscuros y sus labios finos curvados en una sonrisa sarc\u00e1stica que parec\u00eda una mueca,\u00a0aseguraba: \u00abDicen que yo mat\u00e9, usan esa palabra hiriente; y yo no mat\u00e9, yo bat\u00ed en combate que es distinto, yo respond\u00ed a la agresi\u00f3n con el personal que ten\u00eda, murieron muchos de los nuestros y de esos pobres j\u00f3venes equivocados o mal orientados\u00bb.<\/p>\n<p>Etchecolatz naci\u00f3 el 1 de mayo de 1929, en Nieves, una estaci\u00f3n ferroviaria del partido bonaerense de Azul.<\/p>\n<p>Tras un paso por la escuela p\u00fablica y de estar pupilo en un colegio religioso de Olavarr\u00eda, ingres\u00f3 a la Escuela de Polic\u00eda Juan Vucetich y poco despu\u00e9s comenz\u00f3 la carrera policial que lo acercar\u00eda al jefe de la Polic\u00eda Ram\u00f3n Camps, llegando a ser Director de Investigaciones de la Polic\u00eda de la provincia de Buenos Aires.<\/p>\n<p>Estaba casado y ten\u00eda tres hijos; una de ellas, Mariana, quien pidi\u00f3 y obtuvo el cambio de apellido en un acto de repudio a lo que hizo su progenitor tanto en su rol policial como por la violencia que ejerc\u00eda al interior de su familia, donde su sola presencia sembraba el terror; y ya como Mariana Dopazo no dud\u00f3 en calificar a su padre como \u00abla encarnaci\u00f3n del mal en todos los \u00e1mbitos\u00bb.<\/p>\n<figure class=\"right mb-3\"><img decoding=\"async\" src=\"https:\/\/www.telam.com.ar\/thumbs\/bluesteel\/advf\/imagenes\/2022\/07\/62c058b5d09df_450.jpg\" alt=\"Miguel Etchecolatz saludado el dictador Jorge Rafael Videla\" width=\"100%\" height=\"100%\" \/><\/p>\n<div class=\"media-icons\"><\/div><figcaption>Miguel Etchecolatz saludado el dictador Jorge Rafael Videla.<\/figcaption><\/figure>\n<p>Etchecolatz tuvo a su cargo 21 campos clandestinos de detenci\u00f3n que funcionaron en la provincia de Buenos Aires, donde orden\u00f3 la tortura y muerte de miles de hombres y mujeres alojados all\u00ed, como lo determinaron las nueve condenas a cadena perpetua que recibi\u00f3; la \u00faltima en mayo de este a\u00f1o.<\/p>\n<p>Fue el responsable de la desaparici\u00f3n de estudiantes secundarios de La Plata, en el hecho que se conoci\u00f3 como La Noche de los L\u00e1pices, y fue quien conoc\u00eda qu\u00e9 pas\u00f3 con Clara Anah\u00ed Mariani, apropiada a los tres meses de vida tras asesinar a su madre Diana Teruggi en un operativo de fuerzas conjuntas en la casa de la ni\u00f1a, en la ciudad de La Plata, el 24 de noviembre de 1976.<\/p>\n<p>Por varios testimonios se pudo saber que, tras la intensa balacera contra la casa -que incluy\u00f3 un ob\u00fas que destruy\u00f3 parte del frente-, un polic\u00eda retir\u00f3 a la beba de la vivienda y la entreg\u00f3 a Etchecolatz, que aguardaba en un veh\u00edculo y se la llev\u00f3, sin decir nunca a quien la entreg\u00f3.<\/p>\n<p>En 1986, Etchecolatz fue sentenciado a 23 a\u00f1os de c\u00e1rcel como responsable de haber ejecutado 91 tormentos pero la Corte Suprema de Justicia anul\u00f3 la sentencia por aplicaci\u00f3n de la Ley de Obediencia Debida.<\/p>\n<p>En el 2001 se lo detuvo por el robo de una beba hija de desaparecidos, Carmen Sanz, nacida en el Pozo de Banfield, y fue condenado a 7 a\u00f1os de prisi\u00f3n y por su estado de salud, se le aplic\u00f3 el beneficio del arresto domiciliario que le fue revocado en junio de 2006, al constatarse que pose\u00eda un arma de fuego en su domicilio.<\/p>\n<p>En el 2004, en el marco del juicio que se sigui\u00f3 al m\u00e9dico de la polic\u00eda Jorge Berg\u00e9s, Etchecolatz fue condenado a 7 a\u00f1os de prisi\u00f3n, sentencia que fue recurrida, reduci\u00e9ndose a 3 a\u00f1os.<\/p>\n<p>En el 2006 comenz\u00f3 a ser juzgado por el Tribunal Oral Federal 1 de La Plata, donde se oy\u00f3 uno de los testimonios m\u00e1s conmovedores y precisos sobre el accionar de Etchecolatz en los centros clandestinos a su cargo: fue el que brind\u00f3 el alba\u00f1il Jorge Julio L\u00f3pez.<\/p>\n<figure class=\"mb-3\"><img decoding=\"async\" src=\"https:\/\/www.telam.com.ar\/thumbs\/bluesteel\/advf\/imagenes\/2022\/07\/62c02f077afbc_900.jpg\" alt=\"El nombre de Etchecolatz qued asociado tambin con la desaparicin de Jorge Julio Lpez\" width=\"100%\" height=\"100%\" \/><\/p>\n<div class=\"media-icons\"><\/div><figcaption>El nombre de Etchecolatz qued\u00f3 asociado tambi\u00e9n con la desaparici\u00f3n de Jorge Julio L\u00f3pez.<\/figcaption><\/figure>\n<p>El alba\u00f1il, que desapareci\u00f3 en el marco de ese juicio el 18 de septiembre de 2006, cuando sali\u00f3 de su casa para ir a escuchar los alegatos del juicio, no dud\u00f3 en afirmar al declarar que Etchecolatz \u00abera un asesino serial, no ten\u00eda compasi\u00f3n\u00bb.<\/p>\n<p>El 19 de septiembre de 2006 fue condenado a reclusi\u00f3n perpetua por \u00abdelitos de lesa humanidad cometidos en el marco de un genocidio\u00bb, imputaci\u00f3n que se aplic\u00f3 por primera vez en el pa\u00eds.<\/p>\n<p>En el 2011 fue condenado por el accionar represivo y el genocidio aplicado en lo que se denomin\u00f3 Circuito Camps.<\/p>\n<p>En el 2013, el Tribunal Oral Federal 1 de La Plata unific\u00f3 estas tres condenas por delitos de lesa humanidad que recibi\u00f3 Miguel Etchecolatz en una \u00fanica de prisi\u00f3n perpetua e inhabilitaci\u00f3n absoluta perpetua.<\/p>\n<p>Mientras se le\u00eda la sentencia, Etchecolatz ten\u00eda en sus manos un papel donde se le\u00eda el nombre de Jorge Julio L\u00f3pez, una imagen que result\u00f3 escalofriante a m\u00e1s de dos d\u00e9cadas de retornada la democracia y en el marco del avance de los juicios de lesa humanidad.<\/p>\n<figure class=\"mb-3\"><img decoding=\"async\" src=\"https:\/\/www.telam.com.ar\/thumbs\/bluesteel\/advf\/imagenes\/editadas\/62c05151da19c_900.jpg\" alt=\"Mientras se lea la sentencia Etchecolatz tena en sus manos un papel donde se lea el nombre de Jorge Julio Lpez Foto Leo Vaca \" width=\"100%\" height=\"100%\" \/><\/p>\n<div class=\"media-icons\"><\/div><figcaption>Mientras se le\u00eda la sentencia, Etchecolatz ten\u00eda en sus manos un papel donde se le\u00eda el nombre de Jorge Julio L\u00f3pez. (Foto Leo Vaca)<\/figcaption><\/figure>\n<p>En marzo de 2016, el Tribunal Oral Federal 1 de La Plata conden\u00f3 a Etchecolatz a 25 a\u00f1os de prisi\u00f3n por el secuestro y desaparici\u00f3n en junio de 1977 de los militantes universitarios Daniel Favero y Mar\u00eda Paula \u00c1lvarez, aunque le fij\u00f3 una pena \u00fanica de prisi\u00f3n perpetua debido a las sentencias anteriores que ya existen en su contra.<\/p>\n<p>A pesar de tener tantas condenas por genocida, Ertchecolatz segu\u00eda siendo polic\u00eda de la provincia de Buenos Aires y reci\u00e9n en agosto de 2017 fue exonerado de la fuerza policial provincial. Cuando le fue notificada su exoneraci\u00f3n, Etchecolatz firm\u00f3 y debajo escribi\u00f3 \u00abprisionero de guerra\u00bb.<\/p>\n<p>En octubre de 2018 fue condenado a perpetua por los delitos cometidos en los centros clandestinos de detenci\u00f3n que funcionaron en la Divisi\u00f3n Cuatrerismo de la Brigada G\u00fcemes, en La Matanza, y en la Comisar\u00eda 1\u00b0 de Monte Grande, de Esteban Echeverr\u00eda.<\/p>\n<p>En el 2020 sum\u00f3 otra condena a perpetua por los secuestros, torturas y muertes a detenidos alojados en la Brigada San Justo y finalmente, en mayo de este a\u00f1o se lo conden\u00f3 a perpetua por los secuestros y torturas de siete personas en el excentro clandestino de Pozo Arana, entre ellas el alba\u00f1il Jorge Julio L\u00f3pez, y los asesinatos de cuatro de esas v\u00edctimas, entre las cuales est\u00e1 Francisco L\u00f3pez Muntaner, uno de los estudiantes secuestrados en el episodio conocido como La Noche de los L\u00e1pices.<\/p>\n<figure class=\"right mb-3\"><img decoding=\"async\" src=\"https:\/\/www.telam.com.ar\/thumbs\/bluesteel\/advf\/imagenes\/editadas\/62c02a134b68d_450.jpg\" alt=\"Etchecolatz condenado\" width=\"100%\" height=\"100%\" \/><\/p>\n<div class=\"media-icons\"><\/div><figcaption>Etchecolatz condenado.<\/figcaption><\/figure>\n<p>Etchecolatz se va impune de los delitos cometidos contra 500 v\u00edctimas en los centros clandestinos de Pozo de Banfield, Pozo de Quilmes y El Infierno, en Lan\u00fas y tambi\u00e9n quedar\u00e1 impune su participaci\u00f3n en los cr\u00edmenes de cinco personas, entre ellas una mujer Vicenta Orrego Meza, a quien le arrebataron sus tres hijos, que fueron entregados al Hogar Bel\u00e9n en Banfield, donde sufrieron maltratos y abusos sexuales por los que a\u00fan sufren secuelas psicol\u00f3gicas.<\/p>\n<p>Muri\u00f3 un hombre que fue s\u00edmbolo de la dictadura, de la sa\u00f1a y el terror sembrados en aquellos a\u00f1os y del silencio que mantuvo hasta el final en una perversa actualizaci\u00f3n de la tortura que supo aplicar a miles de v\u00edctimas y que segu\u00eda infligiendo a los familiares de \u00e9stas al negarles saber d\u00f3nde est\u00e1n enterrados o con quien est\u00e1n viviendo los bebes apropiados.<\/p>\n<p>Rub\u00e9n L\u00f3pez, uno de los hijos del alba\u00f1il y militante peronista Jorge Julio L\u00f3pez, expres\u00f3 con exactitud a T\u00e9lam la sensaci\u00f3n que deja esta muerte, donde no est\u00e1 presente el alivio.<\/p>\n<p>\u00abSiento una sensaci\u00f3n rara, como un dolor de est\u00f3mago cuando est\u00e1s nervioso por algo. Estoy nervioso y no es por tristeza y tampoco es por alegr\u00eda. Lamento que se haya muerto impune, sin decir d\u00f3nde est\u00e1 Clara Anahi y qu\u00e9 pas\u00f3 con mi viejo. Es un d\u00eda extra\u00f1o, raro\u00bb, afirm\u00f3.<\/p>\n<div class=\"card col-md-10 offset-md-1 mb-4\">\n<h3 class=\"pt-2\">Relacionadas<\/h3>\n<div class=\"card-body\">\n<ul>\n<li>\n<h4>Taty Almeida: \u00abEtchecolatz muri\u00f3 sin arrepentirse de todos los cr\u00edmenes que cometi\u00f3\u00bb<\/h4>\n<\/li>\n<\/ul>\n<\/div>\n<\/div>\n","protected":false},"excerpt":{"rendered":"<p>Fue sentenciado nueve veces a cadena perpetua por cr\u00edmenes de lesa humanidad, pero no por lo ocurrido con unas 500 v\u00edctimas por las que a\u00fan era juzgado. Nunca revel\u00f3 el destino de la nieta apropiada Clara Anah\u00ed Mariani, ni el de Jorge Julio L\u00f3pez.<\/p>\n","protected":false},"author":3,"featured_media":0,"comment_status":"closed","ping_status":"closed","sticky":false,"template":"","format":"standard","meta":{"footnotes":""},"categories":[57,24,26],"tags":[],"class_list":["post-74503","post","type-post","status-publish","format-standard","hentry","category-judiciales","category-politica","category-sociedad"],"yoast_head":"<!-- This site is optimized with the Yoast SEO plugin v25.9 - https:\/\/yoast.com\/wordpress\/plugins\/seo\/ -->\n<title>Etchecolatz, represor de 21 centros clandestinos, muri\u00f3 a los 93 a\u00f1os condenado a perpetua - Noticias Radio Reflejos<\/title>\n<meta name=\"robots\" content=\"index, follow, max-snippet:-1, max-image-preview:large, max-video-preview:-1\" \/>\n<link rel=\"canonical\" href=\"https:\/\/www.noticiasradioreflejos.com.ar\/2021\/etchecolatz-represor-de-21-centros-clandestinos-murio-a-los-93-anos-condenado-a-perpetua\/\" \/>\n<meta property=\"og:locale\" content=\"es_ES\" \/>\n<meta property=\"og:type\" content=\"article\" \/>\n<meta property=\"og:title\" content=\"Etchecolatz, represor de 21 centros clandestinos, muri\u00f3 a los 93 a\u00f1os condenado a perpetua - Noticias Radio Reflejos\" \/>\n<meta property=\"og:description\" content=\"Fue sentenciado nueve veces a cadena perpetua por cr\u00edmenes de lesa humanidad, pero no por lo ocurrido con unas 500 v\u00edctimas por las que a\u00fan era juzgado. Nunca revel\u00f3 el destino de la nieta apropiada Clara Anah\u00ed Mariani, ni el de Jorge Julio L\u00f3pez.\" \/>\n<meta property=\"og:url\" content=\"https:\/\/www.noticiasradioreflejos.com.ar\/2021\/etchecolatz-represor-de-21-centros-clandestinos-murio-a-los-93-anos-condenado-a-perpetua\/\" \/>\n<meta property=\"og:site_name\" content=\"Noticias Radio Reflejos\" \/>\n<meta property=\"article:published_time\" content=\"2022-07-02T15:05:45+00:00\" \/>\n<meta property=\"og:image\" content=\"https:\/\/www.telam.com.ar\/thumbs\/bluesteel\/advf\/imagenes\/2022\/07\/62c02a03b21d4_900.jpg\" \/>\n<meta name=\"author\" content=\"Arnaldo Botto\" \/>\n<meta name=\"twitter:card\" content=\"summary_large_image\" \/>\n<script type=\"application\/ld+json\" class=\"yoast-schema-graph\">{\"@context\":\"https:\/\/schema.org\",\"@graph\":[{\"@type\":\"WebPage\",\"@id\":\"https:\/\/www.noticiasradioreflejos.com.ar\/2021\/etchecolatz-represor-de-21-centros-clandestinos-murio-a-los-93-anos-condenado-a-perpetua\/\",\"url\":\"https:\/\/www.noticiasradioreflejos.com.ar\/2021\/etchecolatz-represor-de-21-centros-clandestinos-murio-a-los-93-anos-condenado-a-perpetua\/\",\"name\":\"Etchecolatz, represor de 21 centros clandestinos, muri\u00f3 a los 93 a\u00f1os condenado a perpetua - Noticias Radio Reflejos\",\"isPartOf\":{\"@id\":\"https:\/\/www.noticiasradioreflejos.com.ar\/2021\/#website\"},\"primaryImageOfPage\":{\"@id\":\"https:\/\/www.noticiasradioreflejos.com.ar\/2021\/etchecolatz-represor-de-21-centros-clandestinos-murio-a-los-93-anos-condenado-a-perpetua\/#primaryimage\"},\"image\":{\"@id\":\"https:\/\/www.noticiasradioreflejos.com.ar\/2021\/etchecolatz-represor-de-21-centros-clandestinos-murio-a-los-93-anos-condenado-a-perpetua\/#primaryimage\"},\"thumbnailUrl\":\"https:\/\/www.telam.com.ar\/thumbs\/bluesteel\/advf\/imagenes\/2022\/07\/62c02a03b21d4_900.jpg\",\"datePublished\":\"2022-07-02T15:05:45+00:00\",\"author\":{\"@id\":\"https:\/\/www.noticiasradioreflejos.com.ar\/2021\/#\/schema\/person\/ad82545263dcc5ec0996818884fd5fb1\"},\"breadcrumb\":{\"@id\":\"https:\/\/www.noticiasradioreflejos.com.ar\/2021\/etchecolatz-represor-de-21-centros-clandestinos-murio-a-los-93-anos-condenado-a-perpetua\/#breadcrumb\"},\"inLanguage\":\"es\",\"potentialAction\":[{\"@type\":\"ReadAction\",\"target\":[\"https:\/\/www.noticiasradioreflejos.com.ar\/2021\/etchecolatz-represor-de-21-centros-clandestinos-murio-a-los-93-anos-condenado-a-perpetua\/\"]}]},{\"@type\":\"ImageObject\",\"inLanguage\":\"es\",\"@id\":\"https:\/\/www.noticiasradioreflejos.com.ar\/2021\/etchecolatz-represor-de-21-centros-clandestinos-murio-a-los-93-anos-condenado-a-perpetua\/#primaryimage\",\"url\":\"https:\/\/www.telam.com.ar\/thumbs\/bluesteel\/advf\/imagenes\/2022\/07\/62c02a03b21d4_900.jpg\",\"contentUrl\":\"https:\/\/www.telam.com.ar\/thumbs\/bluesteel\/advf\/imagenes\/2022\/07\/62c02a03b21d4_900.jpg\"},{\"@type\":\"BreadcrumbList\",\"@id\":\"https:\/\/www.noticiasradioreflejos.com.ar\/2021\/etchecolatz-represor-de-21-centros-clandestinos-murio-a-los-93-anos-condenado-a-perpetua\/#breadcrumb\",\"itemListElement\":[{\"@type\":\"ListItem\",\"position\":1,\"name\":\"Portada\",\"item\":\"https:\/\/www.noticiasradioreflejos.com.ar\/2021\/\"},{\"@type\":\"ListItem\",\"position\":2,\"name\":\"Etchecolatz, represor de 21 centros clandestinos, muri\u00f3 a los 93 a\u00f1os condenado a perpetua\"}]},{\"@type\":\"WebSite\",\"@id\":\"https:\/\/www.noticiasradioreflejos.com.ar\/2021\/#website\",\"url\":\"https:\/\/www.noticiasradioreflejos.com.ar\/2021\/\",\"name\":\"Noticias Radio Reflejos\",\"description\":\"Las noticias de mi comarca\",\"potentialAction\":[{\"@type\":\"SearchAction\",\"target\":{\"@type\":\"EntryPoint\",\"urlTemplate\":\"https:\/\/www.noticiasradioreflejos.com.ar\/2021\/?s={search_term_string}\"},\"query-input\":{\"@type\":\"PropertyValueSpecification\",\"valueRequired\":true,\"valueName\":\"search_term_string\"}}],\"inLanguage\":\"es\"},{\"@type\":\"Person\",\"@id\":\"https:\/\/www.noticiasradioreflejos.com.ar\/2021\/#\/schema\/person\/ad82545263dcc5ec0996818884fd5fb1\",\"name\":\"Arnaldo Botto\",\"image\":{\"@type\":\"ImageObject\",\"inLanguage\":\"es\",\"@id\":\"https:\/\/www.noticiasradioreflejos.com.ar\/2021\/#\/schema\/person\/image\/\",\"url\":\"https:\/\/secure.gravatar.com\/avatar\/55cb5e37c1efa326397366e6974cb338056df65cb50e7d64d1cf314e87504837?s=96&d=mm&r=g\",\"contentUrl\":\"https:\/\/secure.gravatar.com\/avatar\/55cb5e37c1efa326397366e6974cb338056df65cb50e7d64d1cf314e87504837?s=96&d=mm&r=g\",\"caption\":\"Arnaldo Botto\"},\"url\":\"https:\/\/www.noticiasradioreflejos.com.ar\/2021\/author\/arnaldo\/\"}]}<\/script>\n<!-- \/ Yoast SEO plugin. -->","yoast_head_json":{"title":"Etchecolatz, represor de 21 centros clandestinos, muri\u00f3 a los 93 a\u00f1os condenado a perpetua - Noticias Radio Reflejos","robots":{"index":"index","follow":"follow","max-snippet":"max-snippet:-1","max-image-preview":"max-image-preview:large","max-video-preview":"max-video-preview:-1"},"canonical":"https:\/\/www.noticiasradioreflejos.com.ar\/2021\/etchecolatz-represor-de-21-centros-clandestinos-murio-a-los-93-anos-condenado-a-perpetua\/","og_locale":"es_ES","og_type":"article","og_title":"Etchecolatz, represor de 21 centros clandestinos, muri\u00f3 a los 93 a\u00f1os condenado a perpetua - Noticias Radio Reflejos","og_description":"Fue sentenciado nueve veces a cadena perpetua por cr\u00edmenes de lesa humanidad, pero no por lo ocurrido con unas 500 v\u00edctimas por las que a\u00fan era juzgado. Nunca revel\u00f3 el destino de la nieta apropiada Clara Anah\u00ed Mariani, ni el de Jorge Julio L\u00f3pez.","og_url":"https:\/\/www.noticiasradioreflejos.com.ar\/2021\/etchecolatz-represor-de-21-centros-clandestinos-murio-a-los-93-anos-condenado-a-perpetua\/","og_site_name":"Noticias Radio Reflejos","article_published_time":"2022-07-02T15:05:45+00:00","og_image":[{"url":"https:\/\/www.telam.com.ar\/thumbs\/bluesteel\/advf\/imagenes\/2022\/07\/62c02a03b21d4_900.jpg","type":"","width":"","height":""}],"author":"Arnaldo Botto","twitter_card":"summary_large_image","schema":{"@context":"https:\/\/schema.org","@graph":[{"@type":"WebPage","@id":"https:\/\/www.noticiasradioreflejos.com.ar\/2021\/etchecolatz-represor-de-21-centros-clandestinos-murio-a-los-93-anos-condenado-a-perpetua\/","url":"https:\/\/www.noticiasradioreflejos.com.ar\/2021\/etchecolatz-represor-de-21-centros-clandestinos-murio-a-los-93-anos-condenado-a-perpetua\/","name":"Etchecolatz, represor de 21 centros clandestinos, muri\u00f3 a los 93 a\u00f1os condenado a perpetua - Noticias Radio Reflejos","isPartOf":{"@id":"https:\/\/www.noticiasradioreflejos.com.ar\/2021\/#website"},"primaryImageOfPage":{"@id":"https:\/\/www.noticiasradioreflejos.com.ar\/2021\/etchecolatz-represor-de-21-centros-clandestinos-murio-a-los-93-anos-condenado-a-perpetua\/#primaryimage"},"image":{"@id":"https:\/\/www.noticiasradioreflejos.com.ar\/2021\/etchecolatz-represor-de-21-centros-clandestinos-murio-a-los-93-anos-condenado-a-perpetua\/#primaryimage"},"thumbnailUrl":"https:\/\/www.telam.com.ar\/thumbs\/bluesteel\/advf\/imagenes\/2022\/07\/62c02a03b21d4_900.jpg","datePublished":"2022-07-02T15:05:45+00:00","author":{"@id":"https:\/\/www.noticiasradioreflejos.com.ar\/2021\/#\/schema\/person\/ad82545263dcc5ec0996818884fd5fb1"},"breadcrumb":{"@id":"https:\/\/www.noticiasradioreflejos.com.ar\/2021\/etchecolatz-represor-de-21-centros-clandestinos-murio-a-los-93-anos-condenado-a-perpetua\/#breadcrumb"},"inLanguage":"es","potentialAction":[{"@type":"ReadAction","target":["https:\/\/www.noticiasradioreflejos.com.ar\/2021\/etchecolatz-represor-de-21-centros-clandestinos-murio-a-los-93-anos-condenado-a-perpetua\/"]}]},{"@type":"ImageObject","inLanguage":"es","@id":"https:\/\/www.noticiasradioreflejos.com.ar\/2021\/etchecolatz-represor-de-21-centros-clandestinos-murio-a-los-93-anos-condenado-a-perpetua\/#primaryimage","url":"https:\/\/www.telam.com.ar\/thumbs\/bluesteel\/advf\/imagenes\/2022\/07\/62c02a03b21d4_900.jpg","contentUrl":"https:\/\/www.telam.com.ar\/thumbs\/bluesteel\/advf\/imagenes\/2022\/07\/62c02a03b21d4_900.jpg"},{"@type":"BreadcrumbList","@id":"https:\/\/www.noticiasradioreflejos.com.ar\/2021\/etchecolatz-represor-de-21-centros-clandestinos-murio-a-los-93-anos-condenado-a-perpetua\/#breadcrumb","itemListElement":[{"@type":"ListItem","position":1,"name":"Portada","item":"https:\/\/www.noticiasradioreflejos.com.ar\/2021\/"},{"@type":"ListItem","position":2,"name":"Etchecolatz, represor de 21 centros clandestinos, muri\u00f3 a los 93 a\u00f1os condenado a perpetua"}]},{"@type":"WebSite","@id":"https:\/\/www.noticiasradioreflejos.com.ar\/2021\/#website","url":"https:\/\/www.noticiasradioreflejos.com.ar\/2021\/","name":"Noticias Radio Reflejos","description":"Las noticias de mi comarca","potentialAction":[{"@type":"SearchAction","target":{"@type":"EntryPoint","urlTemplate":"https:\/\/www.noticiasradioreflejos.com.ar\/2021\/?s={search_term_string}"},"query-input":{"@type":"PropertyValueSpecification","valueRequired":true,"valueName":"search_term_string"}}],"inLanguage":"es"},{"@type":"Person","@id":"https:\/\/www.noticiasradioreflejos.com.ar\/2021\/#\/schema\/person\/ad82545263dcc5ec0996818884fd5fb1","name":"Arnaldo Botto","image":{"@type":"ImageObject","inLanguage":"es","@id":"https:\/\/www.noticiasradioreflejos.com.ar\/2021\/#\/schema\/person\/image\/","url":"https:\/\/secure.gravatar.com\/avatar\/55cb5e37c1efa326397366e6974cb338056df65cb50e7d64d1cf314e87504837?s=96&d=mm&r=g","contentUrl":"https:\/\/secure.gravatar.com\/avatar\/55cb5e37c1efa326397366e6974cb338056df65cb50e7d64d1cf314e87504837?s=96&d=mm&r=g","caption":"Arnaldo Botto"},"url":"https:\/\/www.noticiasradioreflejos.com.ar\/2021\/author\/arnaldo\/"}]}},"_links":{"self":[{"href":"https:\/\/www.noticiasradioreflejos.com.ar\/2021\/wp-json\/wp\/v2\/posts\/74503","targetHints":{"allow":["GET"]}}],"collection":[{"href":"https:\/\/www.noticiasradioreflejos.com.ar\/2021\/wp-json\/wp\/v2\/posts"}],"about":[{"href":"https:\/\/www.noticiasradioreflejos.com.ar\/2021\/wp-json\/wp\/v2\/types\/post"}],"author":[{"embeddable":true,"href":"https:\/\/www.noticiasradioreflejos.com.ar\/2021\/wp-json\/wp\/v2\/users\/3"}],"replies":[{"embeddable":true,"href":"https:\/\/www.noticiasradioreflejos.com.ar\/2021\/wp-json\/wp\/v2\/comments?post=74503"}],"version-history":[{"count":1,"href":"https:\/\/www.noticiasradioreflejos.com.ar\/2021\/wp-json\/wp\/v2\/posts\/74503\/revisions"}],"predecessor-version":[{"id":74505,"href":"https:\/\/www.noticiasradioreflejos.com.ar\/2021\/wp-json\/wp\/v2\/posts\/74503\/revisions\/74505"}],"wp:attachment":[{"href":"https:\/\/www.noticiasradioreflejos.com.ar\/2021\/wp-json\/wp\/v2\/media?parent=74503"}],"wp:term":[{"taxonomy":"category","embeddable":true,"href":"https:\/\/www.noticiasradioreflejos.com.ar\/2021\/wp-json\/wp\/v2\/categories?post=74503"},{"taxonomy":"post_tag","embeddable":true,"href":"https:\/\/www.noticiasradioreflejos.com.ar\/2021\/wp-json\/wp\/v2\/tags?post=74503"}],"curies":[{"name":"wp","href":"https:\/\/api.w.org\/{rel}","templated":true}]}}