{"id":74500,"date":"2022-07-02T15:02:32","date_gmt":"2022-07-02T15:02:32","guid":{"rendered":"http:\/\/www.noticiasradioreflejos.com.ar\/2021\/?p=74500"},"modified":"2022-07-02T15:02:32","modified_gmt":"2022-07-02T15:02:32","slug":"avanzan-proyectos-para-la-construccion-de-terminales-de-micros-en-sierra-de-la-ventana-y-tornquist","status":"publish","type":"post","link":"https:\/\/www.noticiasradioreflejos.com.ar\/2021\/avanzan-proyectos-para-la-construccion-de-terminales-de-micros-en-sierra-de-la-ventana-y-tornquist\/","title":{"rendered":"Avanzan proyectos para la construcci\u00f3n de terminales de micros en Sierra de la Ventana y Tornquist"},"content":{"rendered":"<p>El Intendente municipal Sergio Bordoni y el Secretario de Obras P\u00fablicas, Bruno P\u00e1ez, hablaron sobre las futuras construcciones de las terminales de \u00f3mnibus en Sierra de la Ventana y Tornquist.<!--more--><\/p>\n<div class=\"text\">\n<p>\u201cHace poco hab\u00edamos informado que ya ten\u00edamos escriturado el lote para la futura Terminal y nos estuvieron visitando ingenieros y arquitectos del Ministerio de Transporte de la naci\u00f3n, para poder plasmar el proyecto en la parte territorial y se han encontrado con distintas sorpresas. Por ejemplo es un terreno que est\u00e1 m\u00e1s alto que la ruta. Hay que hacer una peque\u00f1a rotonda, pero no es nada que no se pueda solucionar\u201d, dijo el Intendente Sergio Bordoni.<\/p>\n<p>\u201cSe quedaron muy conformes igualmente por el lugar y el impacto paisaj\u00edstico que tiene. Ahora depende de nosotros para elaborar el proyecto. Tambi\u00e9n en Tornquist lo llevamos a ver un lugar que estar\u00eda detr\u00e1s de la pista de atletismo que tambi\u00e9n gusto mucho\u201d agreg\u00f3.<\/p>\n<p>La terminal se construir\u00eda, pasando el puente camino a Saldungaray, en el sector derecho donde comienzan Las Verbenas.<\/p>\n<p><strong>Bruno P\u00e1ez (secretario de obras p\u00fablicas)<\/strong><\/p>\n<p>A lo que dec\u00eda en la introducci\u00f3n Bordoni, agreg\u00f2 \u00abVinieron dos arquitectos y dos ingenieros del ministerio de transporte, ya ven\u00edamos manteniendo reuniones con ellos y ya ten\u00edan una especie de bosquejo de lo que quer\u00edan hacer. Cuando encontraron el lugar con la topograf\u00eda del terreno, y vieron la realidad, les cambi\u00f3 un poco el panorama, estuvimos charlando algunas propuestas, sobre todo el tema de la accesibilidad para los peatones, como dijo Sergio, est\u00e1 retirado el centro y es fundamental\u00a0 resolver primero esa parte, todo lo que es la obra anexo de la terminal y despu\u00e9s meterse en el proyecto de lo que es \u00a0la terminal en s\u00ed, qu\u00e9 es algo bastante sencillo de resolver y ser\u00eda lo que menos tiempo lleva, afirm\u00f3.<\/p>\n<p><strong>Fundamental es resolver una rotonda y el tema de la accesibilidad para los peatones.<\/strong><\/p>\n<p>\u00abDentro de la informaci\u00f3n que le pasamos , enviamos fotos de c\u00f3mo\u00a0 la gente toma los micros, hoy en d\u00eda y quedaron sorprendidos de que no hab\u00eda estructura para eso, as\u00ed que se pudieron escriturar esas tierras en Sierra la Ventana y le tenemos que meter para adelante con el proyecto\u00bb<\/p>\n<p><strong>En Sierra de la Ventana \u00a0se van a hacer cinco darsenas para \u00f3mnibus de larga distancia, tienen una propuesta para combis y remises y el estacionamiento para veh\u00edculos particulares.<\/strong><\/p>\n<p>\u00abEl proyecto de ellos lo planifican como para hacer en varias etapas, en una primera etapa ser\u00eda de estas dimensiones y en el caso que tengamos m\u00e1s servicios de transporte interurbano o de larga distancia, se puede llegar a ampliar, son modulares los proyectos. As\u00ed se puede ampliar y adem\u00e1s terrenos tenemos de sobra, una hect\u00e1rea y media.\u00bb a\u00f1adi\u00f2.<\/p>\n<p><strong>Sobre terminal en Tornquist<\/strong><\/p>\n<p>\u00abHoy estuvimos recorriendo un poco\u00a0 en Tornquist. Lo primero que vieron fue la terminal y no entend\u00edan c\u00f3mo funcionaba y recorrimos varios lugares y el que m\u00e1s le gust\u00f3 a ellos por un tema de espacio y que est\u00e1n los servicios muy cerquita es como dijo Sergio al lado de la pista de atletismo entre la pista y el parque Lainez, as\u00ed que ah\u00ed con la vista que tiene, ya empezaron a dimensionar todo lo que har\u00edan. Ser\u00eda una propuesta muy interesante, fue una posibilidad que surgi\u00f3 con este viaje y los chicos que vinieron, si podemos avanzar ah\u00ed tambi\u00e9n ser\u00eda fabuloso.\u00bb<\/p>\n<p><strong>Garita para trabajadores y turistas<\/strong><\/p>\n<p>\u00abEs un reclamo de mucho tiempo y \u00a0lo vamos a llevar a cabo, con personal municipal, se mostr\u00f3 el proyecto de lo que se quiere hacer y ya la semana que viene estamos iniciando ese trabajo, despues va a llevar una especie de puente o deck de madera para darle la conexi\u00f3n a la ruta. \u00a0La idea es seguir avanzando, estuvimos ayer hablando con los chicos del sindicato, la propuesta ser\u00eda hacerlo d\u00f3nde tienen la sede del sindicato, en el club papelero.\u00bb finaliz\u00f3.<\/p>\n<p>&nbsp;<\/p>\n<p><iframe loading=\"lazy\" src=\"https:\/\/w.soundcloud.com\/player\/?url=https%3A\/\/api.soundcloud.com\/tracks\/1298520988&amp;color=%23ff5500&amp;auto_play=false&amp;hide_related=false&amp;show_comments=true&amp;show_user=true&amp;show_reposts=false&amp;show_teaser=true\" width=\"100%\" height=\"166\" frameborder=\"no\" scrolling=\"no\"><\/iframe><\/p>\n<div style=\"font-size: 10px; color: #cccccc; line-break: anywhere; word-break: normal; overflow: hidden; white-space: nowrap; text-overflow: ellipsis; font-family: Interstate,Lucida Grande,Lucida Sans Unicode,Lucida Sans,Garuda,Verdana,Tahoma,sans-serif; font-weight: 100;\"><a style=\"color: #cccccc; text-decoration: none;\" title=\"fmreflejos 103.7\" href=\"https:\/\/soundcloud.com\/fmreflejos-103-7\" target=\"_blank\" rel=\"noopener\">fmreflejos 103.7<\/a> \u00b7 <a style=\"color: #cccccc; text-decoration: none;\" title=\"Bruno - Paez.mp3 Original\" href=\"https:\/\/soundcloud.com\/fmreflejos-103-7\/bruno-paezmp3-original\" target=\"_blank\" rel=\"noopener\">Bruno &#8211; Paez.mp3 Original<\/a><\/div>\n<\/div>\n","protected":false},"excerpt":{"rendered":"<p>El Intendente municipal Sergio Bordoni y el Secretario de Obras P\u00fablicas, Bruno P\u00e1ez, hablaron sobre las futuras construcciones de las terminales de \u00f3mnibus en Sierra de la Ventana y Tornquist.<\/p>\n","protected":false},"author":3,"featured_media":0,"comment_status":"closed","ping_status":"closed","sticky":false,"template":"","format":"standard","meta":{"footnotes":""},"categories":[28],"tags":[],"class_list":["post-74500","post","type-post","status-publish","format-standard","hentry","category-municipales"],"yoast_head":"<!-- This site is optimized with the Yoast SEO plugin v25.9 - https:\/\/yoast.com\/wordpress\/plugins\/seo\/ -->\n<title>Avanzan proyectos para la construcci\u00f3n de terminales de micros en Sierra de la Ventana y Tornquist - Noticias Radio Reflejos<\/title>\n<meta name=\"robots\" content=\"index, follow, max-snippet:-1, max-image-preview:large, max-video-preview:-1\" \/>\n<link rel=\"canonical\" href=\"https:\/\/www.noticiasradioreflejos.com.ar\/2021\/avanzan-proyectos-para-la-construccion-de-terminales-de-micros-en-sierra-de-la-ventana-y-tornquist\/\" \/>\n<meta property=\"og:locale\" content=\"es_ES\" \/>\n<meta property=\"og:type\" content=\"article\" \/>\n<meta property=\"og:title\" content=\"Avanzan proyectos para la construcci\u00f3n de terminales de micros en Sierra de la Ventana y Tornquist - Noticias Radio Reflejos\" \/>\n<meta property=\"og:description\" content=\"El Intendente municipal Sergio Bordoni y el Secretario de Obras P\u00fablicas, Bruno P\u00e1ez, hablaron sobre las futuras construcciones de las terminales de \u00f3mnibus en Sierra de la Ventana y Tornquist.\" \/>\n<meta property=\"og:url\" content=\"https:\/\/www.noticiasradioreflejos.com.ar\/2021\/avanzan-proyectos-para-la-construccion-de-terminales-de-micros-en-sierra-de-la-ventana-y-tornquist\/\" \/>\n<meta property=\"og:site_name\" content=\"Noticias Radio Reflejos\" \/>\n<meta property=\"article:published_time\" content=\"2022-07-02T15:02:32+00:00\" \/>\n<meta property=\"og:image\" content=\"https:\/\/www.noticiasradioreflejos.com.ar\/2021\/wp-content\/uploads\/2021\/07\/logosol300x200.png\" \/>\n\t<meta property=\"og:image:width\" content=\"300\" \/>\n\t<meta property=\"og:image:height\" content=\"200\" \/>\n\t<meta property=\"og:image:type\" content=\"image\/png\" \/>\n<meta name=\"author\" content=\"Arnaldo Botto\" \/>\n<meta name=\"twitter:card\" content=\"summary_large_image\" \/>\n<script type=\"application\/ld+json\" class=\"yoast-schema-graph\">{\"@context\":\"https:\/\/schema.org\",\"@graph\":[{\"@type\":\"WebPage\",\"@id\":\"https:\/\/www.noticiasradioreflejos.com.ar\/2021\/avanzan-proyectos-para-la-construccion-de-terminales-de-micros-en-sierra-de-la-ventana-y-tornquist\/\",\"url\":\"https:\/\/www.noticiasradioreflejos.com.ar\/2021\/avanzan-proyectos-para-la-construccion-de-terminales-de-micros-en-sierra-de-la-ventana-y-tornquist\/\",\"name\":\"Avanzan proyectos para la construcci\u00f3n de terminales de micros en Sierra de la Ventana y Tornquist - Noticias Radio Reflejos\",\"isPartOf\":{\"@id\":\"https:\/\/www.noticiasradioreflejos.com.ar\/2021\/#website\"},\"datePublished\":\"2022-07-02T15:02:32+00:00\",\"author\":{\"@id\":\"https:\/\/www.noticiasradioreflejos.com.ar\/2021\/#\/schema\/person\/ad82545263dcc5ec0996818884fd5fb1\"},\"breadcrumb\":{\"@id\":\"https:\/\/www.noticiasradioreflejos.com.ar\/2021\/avanzan-proyectos-para-la-construccion-de-terminales-de-micros-en-sierra-de-la-ventana-y-tornquist\/#breadcrumb\"},\"inLanguage\":\"es\",\"potentialAction\":[{\"@type\":\"ReadAction\",\"target\":[\"https:\/\/www.noticiasradioreflejos.com.ar\/2021\/avanzan-proyectos-para-la-construccion-de-terminales-de-micros-en-sierra-de-la-ventana-y-tornquist\/\"]}]},{\"@type\":\"BreadcrumbList\",\"@id\":\"https:\/\/www.noticiasradioreflejos.com.ar\/2021\/avanzan-proyectos-para-la-construccion-de-terminales-de-micros-en-sierra-de-la-ventana-y-tornquist\/#breadcrumb\",\"itemListElement\":[{\"@type\":\"ListItem\",\"position\":1,\"name\":\"Portada\",\"item\":\"https:\/\/www.noticiasradioreflejos.com.ar\/2021\/\"},{\"@type\":\"ListItem\",\"position\":2,\"name\":\"Avanzan proyectos para la construcci\u00f3n de terminales de micros en Sierra de la Ventana y Tornquist\"}]},{\"@type\":\"WebSite\",\"@id\":\"https:\/\/www.noticiasradioreflejos.com.ar\/2021\/#website\",\"url\":\"https:\/\/www.noticiasradioreflejos.com.ar\/2021\/\",\"name\":\"Noticias Radio Reflejos\",\"description\":\"Las noticias de mi comarca\",\"potentialAction\":[{\"@type\":\"SearchAction\",\"target\":{\"@type\":\"EntryPoint\",\"urlTemplate\":\"https:\/\/www.noticiasradioreflejos.com.ar\/2021\/?s={search_term_string}\"},\"query-input\":{\"@type\":\"PropertyValueSpecification\",\"valueRequired\":true,\"valueName\":\"search_term_string\"}}],\"inLanguage\":\"es\"},{\"@type\":\"Person\",\"@id\":\"https:\/\/www.noticiasradioreflejos.com.ar\/2021\/#\/schema\/person\/ad82545263dcc5ec0996818884fd5fb1\",\"name\":\"Arnaldo Botto\",\"image\":{\"@type\":\"ImageObject\",\"inLanguage\":\"es\",\"@id\":\"https:\/\/www.noticiasradioreflejos.com.ar\/2021\/#\/schema\/person\/image\/\",\"url\":\"https:\/\/secure.gravatar.com\/avatar\/55cb5e37c1efa326397366e6974cb338056df65cb50e7d64d1cf314e87504837?s=96&d=mm&r=g\",\"contentUrl\":\"https:\/\/secure.gravatar.com\/avatar\/55cb5e37c1efa326397366e6974cb338056df65cb50e7d64d1cf314e87504837?s=96&d=mm&r=g\",\"caption\":\"Arnaldo Botto\"},\"url\":\"https:\/\/www.noticiasradioreflejos.com.ar\/2021\/author\/arnaldo\/\"}]}<\/script>\n<!-- \/ Yoast SEO plugin. -->","yoast_head_json":{"title":"Avanzan proyectos para la construcci\u00f3n de terminales de micros en Sierra de la Ventana y Tornquist - Noticias Radio Reflejos","robots":{"index":"index","follow":"follow","max-snippet":"max-snippet:-1","max-image-preview":"max-image-preview:large","max-video-preview":"max-video-preview:-1"},"canonical":"https:\/\/www.noticiasradioreflejos.com.ar\/2021\/avanzan-proyectos-para-la-construccion-de-terminales-de-micros-en-sierra-de-la-ventana-y-tornquist\/","og_locale":"es_ES","og_type":"article","og_title":"Avanzan proyectos para la construcci\u00f3n de terminales de micros en Sierra de la Ventana y Tornquist - Noticias Radio Reflejos","og_description":"El Intendente municipal Sergio Bordoni y el Secretario de Obras P\u00fablicas, Bruno P\u00e1ez, hablaron sobre las futuras construcciones de las terminales de \u00f3mnibus en Sierra de la Ventana y Tornquist.","og_url":"https:\/\/www.noticiasradioreflejos.com.ar\/2021\/avanzan-proyectos-para-la-construccion-de-terminales-de-micros-en-sierra-de-la-ventana-y-tornquist\/","og_site_name":"Noticias Radio Reflejos","article_published_time":"2022-07-02T15:02:32+00:00","og_image":[{"width":300,"height":200,"url":"https:\/\/www.noticiasradioreflejos.com.ar\/2021\/wp-content\/uploads\/2021\/07\/logosol300x200.png","type":"image\/png"}],"author":"Arnaldo Botto","twitter_card":"summary_large_image","schema":{"@context":"https:\/\/schema.org","@graph":[{"@type":"WebPage","@id":"https:\/\/www.noticiasradioreflejos.com.ar\/2021\/avanzan-proyectos-para-la-construccion-de-terminales-de-micros-en-sierra-de-la-ventana-y-tornquist\/","url":"https:\/\/www.noticiasradioreflejos.com.ar\/2021\/avanzan-proyectos-para-la-construccion-de-terminales-de-micros-en-sierra-de-la-ventana-y-tornquist\/","name":"Avanzan proyectos para la construcci\u00f3n de terminales de micros en Sierra de la Ventana y Tornquist - Noticias Radio Reflejos","isPartOf":{"@id":"https:\/\/www.noticiasradioreflejos.com.ar\/2021\/#website"},"datePublished":"2022-07-02T15:02:32+00:00","author":{"@id":"https:\/\/www.noticiasradioreflejos.com.ar\/2021\/#\/schema\/person\/ad82545263dcc5ec0996818884fd5fb1"},"breadcrumb":{"@id":"https:\/\/www.noticiasradioreflejos.com.ar\/2021\/avanzan-proyectos-para-la-construccion-de-terminales-de-micros-en-sierra-de-la-ventana-y-tornquist\/#breadcrumb"},"inLanguage":"es","potentialAction":[{"@type":"ReadAction","target":["https:\/\/www.noticiasradioreflejos.com.ar\/2021\/avanzan-proyectos-para-la-construccion-de-terminales-de-micros-en-sierra-de-la-ventana-y-tornquist\/"]}]},{"@type":"BreadcrumbList","@id":"https:\/\/www.noticiasradioreflejos.com.ar\/2021\/avanzan-proyectos-para-la-construccion-de-terminales-de-micros-en-sierra-de-la-ventana-y-tornquist\/#breadcrumb","itemListElement":[{"@type":"ListItem","position":1,"name":"Portada","item":"https:\/\/www.noticiasradioreflejos.com.ar\/2021\/"},{"@type":"ListItem","position":2,"name":"Avanzan proyectos para la construcci\u00f3n de terminales de micros en Sierra de la Ventana y Tornquist"}]},{"@type":"WebSite","@id":"https:\/\/www.noticiasradioreflejos.com.ar\/2021\/#website","url":"https:\/\/www.noticiasradioreflejos.com.ar\/2021\/","name":"Noticias Radio Reflejos","description":"Las noticias de mi comarca","potentialAction":[{"@type":"SearchAction","target":{"@type":"EntryPoint","urlTemplate":"https:\/\/www.noticiasradioreflejos.com.ar\/2021\/?s={search_term_string}"},"query-input":{"@type":"PropertyValueSpecification","valueRequired":true,"valueName":"search_term_string"}}],"inLanguage":"es"},{"@type":"Person","@id":"https:\/\/www.noticiasradioreflejos.com.ar\/2021\/#\/schema\/person\/ad82545263dcc5ec0996818884fd5fb1","name":"Arnaldo Botto","image":{"@type":"ImageObject","inLanguage":"es","@id":"https:\/\/www.noticiasradioreflejos.com.ar\/2021\/#\/schema\/person\/image\/","url":"https:\/\/secure.gravatar.com\/avatar\/55cb5e37c1efa326397366e6974cb338056df65cb50e7d64d1cf314e87504837?s=96&d=mm&r=g","contentUrl":"https:\/\/secure.gravatar.com\/avatar\/55cb5e37c1efa326397366e6974cb338056df65cb50e7d64d1cf314e87504837?s=96&d=mm&r=g","caption":"Arnaldo Botto"},"url":"https:\/\/www.noticiasradioreflejos.com.ar\/2021\/author\/arnaldo\/"}]}},"_links":{"self":[{"href":"https:\/\/www.noticiasradioreflejos.com.ar\/2021\/wp-json\/wp\/v2\/posts\/74500","targetHints":{"allow":["GET"]}}],"collection":[{"href":"https:\/\/www.noticiasradioreflejos.com.ar\/2021\/wp-json\/wp\/v2\/posts"}],"about":[{"href":"https:\/\/www.noticiasradioreflejos.com.ar\/2021\/wp-json\/wp\/v2\/types\/post"}],"author":[{"embeddable":true,"href":"https:\/\/www.noticiasradioreflejos.com.ar\/2021\/wp-json\/wp\/v2\/users\/3"}],"replies":[{"embeddable":true,"href":"https:\/\/www.noticiasradioreflejos.com.ar\/2021\/wp-json\/wp\/v2\/comments?post=74500"}],"version-history":[{"count":1,"href":"https:\/\/www.noticiasradioreflejos.com.ar\/2021\/wp-json\/wp\/v2\/posts\/74500\/revisions"}],"predecessor-version":[{"id":74502,"href":"https:\/\/www.noticiasradioreflejos.com.ar\/2021\/wp-json\/wp\/v2\/posts\/74500\/revisions\/74502"}],"wp:attachment":[{"href":"https:\/\/www.noticiasradioreflejos.com.ar\/2021\/wp-json\/wp\/v2\/media?parent=74500"}],"wp:term":[{"taxonomy":"category","embeddable":true,"href":"https:\/\/www.noticiasradioreflejos.com.ar\/2021\/wp-json\/wp\/v2\/categories?post=74500"},{"taxonomy":"post_tag","embeddable":true,"href":"https:\/\/www.noticiasradioreflejos.com.ar\/2021\/wp-json\/wp\/v2\/tags?post=74500"}],"curies":[{"name":"wp","href":"https:\/\/api.w.org\/{rel}","templated":true}]}}