{"id":74496,"date":"2022-07-01T20:48:23","date_gmt":"2022-07-01T20:48:23","guid":{"rendered":"http:\/\/www.noticiasradioreflejos.com.ar\/2021\/?p=74496"},"modified":"2022-07-01T20:48:23","modified_gmt":"2022-07-01T20:48:23","slug":"encuentro-y-concierto-provincial-de-coros-infantiles-en-mar-del-plata","status":"publish","type":"post","link":"https:\/\/www.noticiasradioreflejos.com.ar\/2021\/encuentro-y-concierto-provincial-de-coros-infantiles-en-mar-del-plata\/","title":{"rendered":"Encuentro y concierto Provincial de Coros infantiles en Mar del Plata\u00a0"},"content":{"rendered":"<p><span style=\"font-weight: 400;\">El 5, 6, y 7 de julio se realizar\u00e1 el Encuentro Provincial de Coros, del Programa de Coros y Orquestas de la Provincia de Buenos Aires, en la ciudad de Mar del Plata. Durante el mismo m\u00e1s de 300 ni\u00f1os, ni\u00f1as y adolescentes de diferentes coros ubicados en toda la provincia se preparar\u00e1n junto a docentes del Programa para un concierto de cierre a realizarse el jueves 7 de julio a las 14hs en el Teatro Auditorium, Centro Provincial de las Artes.<\/span><!--more--><\/p>\n<p><span style=\"font-weight: 400;\">El Programa Coros y Orquestas perteneciente a la Direcci\u00f3n de Pol\u00edticas Socioeducativas de la Subsecretar\u00eda de Educaci\u00f3n, Direcci\u00f3n General de Cultura y Educaci\u00f3n de la Provincia de Buenos Aires, cuenta con m\u00e1s de 10.000 estudiantes repartidos en 68 orquestas y 21 coros en diferentes localidades bonaerenses. En cada una de las sedes se\u00a0<\/span><\/p>\n<p><span style=\"font-weight: 400;\">Los coros y las orquestas son espacios educativos que cuentan con clases de diversos instrumentos, educaci\u00f3n vocal y lenguaje musical a contraturno del horario escolar en la semana, para no superponerse con la escolaridad de las y los estudiantes, teniendo el s\u00e1bado como el d\u00eda fundamental de ensayo general.\u00a0<\/span><\/p>\n<p>&nbsp;<\/p>\n<p><span style=\"font-weight: 400;\">Las sedes de las formaciones musicales est\u00e1n ubicadas en escuelas, centros educativos o espacios propios <\/span><a href=\"https:\/\/www.google.com\/maps\/d\/u\/0\/viewer?mid=1EU-kDBsEDMxtSOT9padv3EfLWFZ8nt5j&amp;ll=-36.423604987416%2C-57.462496426456724&amp;z=7\"><span style=\"font-weight: 400;\">a lo largo y a lo ancho de la provincia de Buenos Aires<\/span><\/a><span style=\"font-weight: 400;\">: La Plata (Los Hornos), Berisso, Punta Indio (Ver\u00f3nica), Avellaneda, Lomas De Zamora, Lan\u00fas, Quilmes, Berazategui, Florencio Varela, Almirante Brown, Esteban Echeverria, San Vicente, Vicente Lopez, San Isidro, Tigre, Hurlingham, General San Mart\u00edn, Moreno, Luj\u00e1n, Mercedes, General Rodriguez, Marcos Paz, Campana, Pergamino, Lincoln, General Belgrano, Chascom\u00f9s, Lezama, Dolores, Santa Teresita, San Clemente, Gonzales Chaves, Bah\u00eda Blanca, Coronel Su\u00e1rez, Daireaux, Tornquist, Lobos y Bol\u00edvar.<\/span><\/p>\n<p>&nbsp;<\/p>\n<p><span style=\"font-weight: 400;\">En el Encuentro Provincial de Coros tendr\u00e1n participaci\u00f3n las siguientes Sedes:<\/span><\/p>\n<p><span style=\"font-weight: 400;\">Coro de la Orquesta Escuela de Berisso<\/span><\/p>\n<p><span style=\"font-weight: 400;\">Coro Grillos Cantores de Dock Sud &#8211; Avellaneda<\/span><\/p>\n<p><span style=\"font-weight: 400;\">Coro Huellas &#8211; Villa Dominico &#8211; Avellaneda<\/span><\/p>\n<p><span style=\"font-weight: 400;\">Coro Juvenil de Lan\u00fas<\/span><\/p>\n<p><span style=\"font-weight: 400;\">Coro Plato Volador &#8211; Lomas de Zamora<\/span><\/p>\n<p><span style=\"font-weight: 400;\">Coro de Isidro Casanova- La Matanza<\/span><\/p>\n<p><span style=\"font-weight: 400;\">Coro de La Tablada- La Matanza<\/span><\/p>\n<p><span style=\"font-weight: 400;\">Coro de Ramos Mej\u00eda &#8211; La Matanza<\/span><\/p>\n<p><span style=\"font-weight: 400;\">Coro Juvenil de Rafael Castillo &#8211; La Matanza<\/span><\/p>\n<p><span style=\"font-weight: 400;\">Coro del Pony &#8211; Berazategui<\/span><\/p>\n<p><span style=\"font-weight: 400;\">Coro Claves de Sol &#8211; Florencio Varela<\/span><\/p>\n<p><span style=\"font-weight: 400;\">Coro de la Orquesta Escuela de Florencio Varela<\/span><\/p>\n<p><span style=\"font-weight: 400;\">Coro ReSuena de Ardig\u00f3 &#8211; Florencio Varela\u00a0<\/span><\/p>\n<p><span style=\"font-weight: 400;\">Coro Llover\u00e1n Cantares de Bernal &#8211; Quilmes<\/span><\/p>\n<p><span style=\"font-weight: 400;\">Coro del Nacio de Adrogu\u00e9 &#8211; Almirante Brown<\/span><\/p>\n<p><span style=\"font-weight: 400;\">Coro Meraki &#8211; Esteban Echeverr\u00eda<\/span><\/p>\n<p><span style=\"font-weight: 400;\">Coro Infantil de Alejandro Korn &#8211; San Vicente<\/span><\/p>\n<p><span style=\"font-weight: 400;\">Coropachay &#8211; Vicente L\u00f3pez<\/span><\/p>\n<p><span style=\"font-weight: 400;\">Coro Costa Esperanza &#8211; Loma Hermosa &#8211; Gral. San Mart\u00edn<\/span><\/p>\n<p><span style=\"font-weight: 400;\">Coro Villa Hidalgo &#8211; Jos\u00e9 Le\u00f3n Suarez &#8211; Gral. San Mart\u00edn<\/span><\/p>\n<p><span style=\"font-weight: 400;\">Coro Canto Moreno &#8211; Moreno<\/span><\/p>\n<p><span style=\"font-weight: 400;\">Coro Voces Libres de La Reja &#8211; Moreno<\/span><\/p>\n<p><span style=\"font-weight: 400;\">Coro de la Orquesta Escuela de Chascom\u00fas\u00a0<\/span><\/p>\n<p>&nbsp;<\/p>\n<p><b>Repertorio del concierto de cierre:<\/b><span style=\"font-weight: 400;\">\u00a0<\/span><\/p>\n<p><span style=\"font-weight: 400;\">\u201cCarnavalero\u201d , \u201cLa luna y el carnaval\u201d, \u201cPlantita de alel\u00ed\u201d, \u201cInconsciente colectivo\u201d, \u201cShosholoza\u201d, \u201cBALIA DI SEHU\u201d, \u201cDo\u00f1a Ubenza\u201d, \u201cSur\u201d, \u201cLa arenosa\u201d y \u201cSariri\u201d.<\/span><\/p>\n","protected":false},"excerpt":{"rendered":"<p>El 5, 6, y 7 de julio se realizar\u00e1 el Encuentro Provincial de Coros, del Programa de Coros y Orquestas de la Provincia de Buenos Aires, en la ciudad de Mar del Plata. Durante el mismo m\u00e1s de 300 ni\u00f1os, ni\u00f1as y adolescentes de diferentes coros ubicados en toda la provincia se preparar\u00e1n junto a [&hellip;]<\/p>\n","protected":false},"author":3,"featured_media":0,"comment_status":"closed","ping_status":"closed","sticky":false,"template":"","format":"standard","meta":{"footnotes":""},"categories":[35,34,24],"tags":[],"class_list":["post-74496","post","type-post","status-publish","format-standard","hentry","category-cultura","category-educacion","category-politica"],"yoast_head":"<!-- This site is optimized with the Yoast SEO plugin v25.9 - https:\/\/yoast.com\/wordpress\/plugins\/seo\/ -->\n<title>Encuentro y concierto Provincial de Coros infantiles en Mar del Plata\u00a0 - Noticias Radio Reflejos<\/title>\n<meta name=\"robots\" content=\"index, follow, max-snippet:-1, max-image-preview:large, max-video-preview:-1\" \/>\n<link rel=\"canonical\" href=\"https:\/\/www.noticiasradioreflejos.com.ar\/2021\/encuentro-y-concierto-provincial-de-coros-infantiles-en-mar-del-plata\/\" \/>\n<meta property=\"og:locale\" content=\"es_ES\" \/>\n<meta property=\"og:type\" content=\"article\" \/>\n<meta property=\"og:title\" content=\"Encuentro y concierto Provincial de Coros infantiles en Mar del Plata\u00a0 - Noticias Radio Reflejos\" \/>\n<meta property=\"og:description\" content=\"El 5, 6, y 7 de julio se realizar\u00e1 el Encuentro Provincial de Coros, del Programa de Coros y Orquestas de la Provincia de Buenos Aires, en la ciudad de Mar del Plata. Durante el mismo m\u00e1s de 300 ni\u00f1os, ni\u00f1as y adolescentes de diferentes coros ubicados en toda la provincia se preparar\u00e1n junto a [&hellip;]\" \/>\n<meta property=\"og:url\" content=\"https:\/\/www.noticiasradioreflejos.com.ar\/2021\/encuentro-y-concierto-provincial-de-coros-infantiles-en-mar-del-plata\/\" \/>\n<meta property=\"og:site_name\" content=\"Noticias Radio Reflejos\" \/>\n<meta property=\"article:published_time\" content=\"2022-07-01T20:48:23+00:00\" \/>\n<meta property=\"og:image\" content=\"https:\/\/www.noticiasradioreflejos.com.ar\/2021\/wp-content\/uploads\/2021\/07\/logosol300x200.png\" \/>\n\t<meta property=\"og:image:width\" content=\"300\" \/>\n\t<meta property=\"og:image:height\" content=\"200\" \/>\n\t<meta property=\"og:image:type\" content=\"image\/png\" \/>\n<meta name=\"author\" content=\"Arnaldo Botto\" \/>\n<meta name=\"twitter:card\" content=\"summary_large_image\" \/>\n<script type=\"application\/ld+json\" class=\"yoast-schema-graph\">{\"@context\":\"https:\/\/schema.org\",\"@graph\":[{\"@type\":\"WebPage\",\"@id\":\"https:\/\/www.noticiasradioreflejos.com.ar\/2021\/encuentro-y-concierto-provincial-de-coros-infantiles-en-mar-del-plata\/\",\"url\":\"https:\/\/www.noticiasradioreflejos.com.ar\/2021\/encuentro-y-concierto-provincial-de-coros-infantiles-en-mar-del-plata\/\",\"name\":\"Encuentro y concierto Provincial de Coros infantiles en Mar del Plata\u00a0 - Noticias Radio Reflejos\",\"isPartOf\":{\"@id\":\"https:\/\/www.noticiasradioreflejos.com.ar\/2021\/#website\"},\"datePublished\":\"2022-07-01T20:48:23+00:00\",\"author\":{\"@id\":\"https:\/\/www.noticiasradioreflejos.com.ar\/2021\/#\/schema\/person\/ad82545263dcc5ec0996818884fd5fb1\"},\"breadcrumb\":{\"@id\":\"https:\/\/www.noticiasradioreflejos.com.ar\/2021\/encuentro-y-concierto-provincial-de-coros-infantiles-en-mar-del-plata\/#breadcrumb\"},\"inLanguage\":\"es\",\"potentialAction\":[{\"@type\":\"ReadAction\",\"target\":[\"https:\/\/www.noticiasradioreflejos.com.ar\/2021\/encuentro-y-concierto-provincial-de-coros-infantiles-en-mar-del-plata\/\"]}]},{\"@type\":\"BreadcrumbList\",\"@id\":\"https:\/\/www.noticiasradioreflejos.com.ar\/2021\/encuentro-y-concierto-provincial-de-coros-infantiles-en-mar-del-plata\/#breadcrumb\",\"itemListElement\":[{\"@type\":\"ListItem\",\"position\":1,\"name\":\"Portada\",\"item\":\"https:\/\/www.noticiasradioreflejos.com.ar\/2021\/\"},{\"@type\":\"ListItem\",\"position\":2,\"name\":\"Encuentro y concierto Provincial de Coros infantiles en Mar del Plata\u00a0\"}]},{\"@type\":\"WebSite\",\"@id\":\"https:\/\/www.noticiasradioreflejos.com.ar\/2021\/#website\",\"url\":\"https:\/\/www.noticiasradioreflejos.com.ar\/2021\/\",\"name\":\"Noticias Radio Reflejos\",\"description\":\"Las noticias de mi comarca\",\"potentialAction\":[{\"@type\":\"SearchAction\",\"target\":{\"@type\":\"EntryPoint\",\"urlTemplate\":\"https:\/\/www.noticiasradioreflejos.com.ar\/2021\/?s={search_term_string}\"},\"query-input\":{\"@type\":\"PropertyValueSpecification\",\"valueRequired\":true,\"valueName\":\"search_term_string\"}}],\"inLanguage\":\"es\"},{\"@type\":\"Person\",\"@id\":\"https:\/\/www.noticiasradioreflejos.com.ar\/2021\/#\/schema\/person\/ad82545263dcc5ec0996818884fd5fb1\",\"name\":\"Arnaldo Botto\",\"image\":{\"@type\":\"ImageObject\",\"inLanguage\":\"es\",\"@id\":\"https:\/\/www.noticiasradioreflejos.com.ar\/2021\/#\/schema\/person\/image\/\",\"url\":\"https:\/\/secure.gravatar.com\/avatar\/55cb5e37c1efa326397366e6974cb338056df65cb50e7d64d1cf314e87504837?s=96&d=mm&r=g\",\"contentUrl\":\"https:\/\/secure.gravatar.com\/avatar\/55cb5e37c1efa326397366e6974cb338056df65cb50e7d64d1cf314e87504837?s=96&d=mm&r=g\",\"caption\":\"Arnaldo Botto\"},\"url\":\"https:\/\/www.noticiasradioreflejos.com.ar\/2021\/author\/arnaldo\/\"}]}<\/script>\n<!-- \/ Yoast SEO plugin. -->","yoast_head_json":{"title":"Encuentro y concierto Provincial de Coros infantiles en Mar del Plata\u00a0 - Noticias Radio Reflejos","robots":{"index":"index","follow":"follow","max-snippet":"max-snippet:-1","max-image-preview":"max-image-preview:large","max-video-preview":"max-video-preview:-1"},"canonical":"https:\/\/www.noticiasradioreflejos.com.ar\/2021\/encuentro-y-concierto-provincial-de-coros-infantiles-en-mar-del-plata\/","og_locale":"es_ES","og_type":"article","og_title":"Encuentro y concierto Provincial de Coros infantiles en Mar del Plata\u00a0 - Noticias Radio Reflejos","og_description":"El 5, 6, y 7 de julio se realizar\u00e1 el Encuentro Provincial de Coros, del Programa de Coros y Orquestas de la Provincia de Buenos Aires, en la ciudad de Mar del Plata. Durante el mismo m\u00e1s de 300 ni\u00f1os, ni\u00f1as y adolescentes de diferentes coros ubicados en toda la provincia se preparar\u00e1n junto a [&hellip;]","og_url":"https:\/\/www.noticiasradioreflejos.com.ar\/2021\/encuentro-y-concierto-provincial-de-coros-infantiles-en-mar-del-plata\/","og_site_name":"Noticias Radio Reflejos","article_published_time":"2022-07-01T20:48:23+00:00","og_image":[{"width":300,"height":200,"url":"https:\/\/www.noticiasradioreflejos.com.ar\/2021\/wp-content\/uploads\/2021\/07\/logosol300x200.png","type":"image\/png"}],"author":"Arnaldo Botto","twitter_card":"summary_large_image","schema":{"@context":"https:\/\/schema.org","@graph":[{"@type":"WebPage","@id":"https:\/\/www.noticiasradioreflejos.com.ar\/2021\/encuentro-y-concierto-provincial-de-coros-infantiles-en-mar-del-plata\/","url":"https:\/\/www.noticiasradioreflejos.com.ar\/2021\/encuentro-y-concierto-provincial-de-coros-infantiles-en-mar-del-plata\/","name":"Encuentro y concierto Provincial de Coros infantiles en Mar del Plata\u00a0 - Noticias Radio Reflejos","isPartOf":{"@id":"https:\/\/www.noticiasradioreflejos.com.ar\/2021\/#website"},"datePublished":"2022-07-01T20:48:23+00:00","author":{"@id":"https:\/\/www.noticiasradioreflejos.com.ar\/2021\/#\/schema\/person\/ad82545263dcc5ec0996818884fd5fb1"},"breadcrumb":{"@id":"https:\/\/www.noticiasradioreflejos.com.ar\/2021\/encuentro-y-concierto-provincial-de-coros-infantiles-en-mar-del-plata\/#breadcrumb"},"inLanguage":"es","potentialAction":[{"@type":"ReadAction","target":["https:\/\/www.noticiasradioreflejos.com.ar\/2021\/encuentro-y-concierto-provincial-de-coros-infantiles-en-mar-del-plata\/"]}]},{"@type":"BreadcrumbList","@id":"https:\/\/www.noticiasradioreflejos.com.ar\/2021\/encuentro-y-concierto-provincial-de-coros-infantiles-en-mar-del-plata\/#breadcrumb","itemListElement":[{"@type":"ListItem","position":1,"name":"Portada","item":"https:\/\/www.noticiasradioreflejos.com.ar\/2021\/"},{"@type":"ListItem","position":2,"name":"Encuentro y concierto Provincial de Coros infantiles en Mar del Plata\u00a0"}]},{"@type":"WebSite","@id":"https:\/\/www.noticiasradioreflejos.com.ar\/2021\/#website","url":"https:\/\/www.noticiasradioreflejos.com.ar\/2021\/","name":"Noticias Radio Reflejos","description":"Las noticias de mi comarca","potentialAction":[{"@type":"SearchAction","target":{"@type":"EntryPoint","urlTemplate":"https:\/\/www.noticiasradioreflejos.com.ar\/2021\/?s={search_term_string}"},"query-input":{"@type":"PropertyValueSpecification","valueRequired":true,"valueName":"search_term_string"}}],"inLanguage":"es"},{"@type":"Person","@id":"https:\/\/www.noticiasradioreflejos.com.ar\/2021\/#\/schema\/person\/ad82545263dcc5ec0996818884fd5fb1","name":"Arnaldo Botto","image":{"@type":"ImageObject","inLanguage":"es","@id":"https:\/\/www.noticiasradioreflejos.com.ar\/2021\/#\/schema\/person\/image\/","url":"https:\/\/secure.gravatar.com\/avatar\/55cb5e37c1efa326397366e6974cb338056df65cb50e7d64d1cf314e87504837?s=96&d=mm&r=g","contentUrl":"https:\/\/secure.gravatar.com\/avatar\/55cb5e37c1efa326397366e6974cb338056df65cb50e7d64d1cf314e87504837?s=96&d=mm&r=g","caption":"Arnaldo Botto"},"url":"https:\/\/www.noticiasradioreflejos.com.ar\/2021\/author\/arnaldo\/"}]}},"_links":{"self":[{"href":"https:\/\/www.noticiasradioreflejos.com.ar\/2021\/wp-json\/wp\/v2\/posts\/74496","targetHints":{"allow":["GET"]}}],"collection":[{"href":"https:\/\/www.noticiasradioreflejos.com.ar\/2021\/wp-json\/wp\/v2\/posts"}],"about":[{"href":"https:\/\/www.noticiasradioreflejos.com.ar\/2021\/wp-json\/wp\/v2\/types\/post"}],"author":[{"embeddable":true,"href":"https:\/\/www.noticiasradioreflejos.com.ar\/2021\/wp-json\/wp\/v2\/users\/3"}],"replies":[{"embeddable":true,"href":"https:\/\/www.noticiasradioreflejos.com.ar\/2021\/wp-json\/wp\/v2\/comments?post=74496"}],"version-history":[{"count":1,"href":"https:\/\/www.noticiasradioreflejos.com.ar\/2021\/wp-json\/wp\/v2\/posts\/74496\/revisions"}],"predecessor-version":[{"id":74499,"href":"https:\/\/www.noticiasradioreflejos.com.ar\/2021\/wp-json\/wp\/v2\/posts\/74496\/revisions\/74499"}],"wp:attachment":[{"href":"https:\/\/www.noticiasradioreflejos.com.ar\/2021\/wp-json\/wp\/v2\/media?parent=74496"}],"wp:term":[{"taxonomy":"category","embeddable":true,"href":"https:\/\/www.noticiasradioreflejos.com.ar\/2021\/wp-json\/wp\/v2\/categories?post=74496"},{"taxonomy":"post_tag","embeddable":true,"href":"https:\/\/www.noticiasradioreflejos.com.ar\/2021\/wp-json\/wp\/v2\/tags?post=74496"}],"curies":[{"name":"wp","href":"https:\/\/api.w.org\/{rel}","templated":true}]}}