{"id":74493,"date":"2022-07-01T20:26:16","date_gmt":"2022-07-01T20:26:16","guid":{"rendered":"http:\/\/www.noticiasradioreflejos.com.ar\/2021\/?p=74493"},"modified":"2022-07-01T20:26:16","modified_gmt":"2022-07-01T20:26:16","slug":"declararon-sitio-sagrado-al-cerro-colorado","status":"publish","type":"post","link":"https:\/\/www.noticiasradioreflejos.com.ar\/2021\/declararon-sitio-sagrado-al-cerro-colorado\/","title":{"rendered":"Declararon \u00abSitio Sagrado\u00bb al Cerro Colorado"},"content":{"rendered":"<p>En la resoluci\u00f3n del Instituto Nacional de Asuntos Ind\u00edgenas se reconoce que los pueblos originarios \u00abtienen un rol protag\u00f3nico en las \u00e1reas protegidas en las que habitan y constituyen una parte indisociable, habida cuenta que han vivido en ellas ancestralmente\u00bb. El pedido lo hab\u00eda formulado la Comunidad Ind\u00edgena Comeching\u00f3n-Sanavir\u00f3n Cerro Colorado.<!--more--><\/p>\n<figure class=\"mb-3\"><img decoding=\"async\" src=\"https:\/\/www.telam.com.ar\/thumbs\/bluesteel\/advf\/imagenes\/2022\/07\/62bf43d2dc1d4_900.jpg\" alt=\"Foto Gentileza Fernando Pepe\" width=\"100%\" height=\"100%\" \/><\/p>\n<div class=\"media-icons\"><\/div><figcaption>Foto: Gentileza Fernando Pepe<\/figcaption><\/figure>\n<p>El Instituto Nacional de Asuntos Ind\u00edgenas (INAI) declar\u00f3 \u00absitio sagrado\u00bb al ancestral\u00a0<strong>centro ceremonial y de entierros Cerro Colorado<\/strong>, de la provincia de C\u00f3rdoba, inform\u00f3 el organismo nacional.<\/p>\n<p>As\u00ed se dispuso por resoluci\u00f3n 113 del INAI, en la que se reconoce que los pueblos originarios \u00abtienen un rol protag\u00f3nico en las \u00e1reas protegidas en las que habitan y constituyen una parte indisociable habida cuenta que han vivido en ellas ancestralmente, y por tanto,\u00a0<strong>se reconocen los conocimientos, innovaciones y pr\u00e1cticas de las comunidades ind\u00edgenas que ocupan estas \u00e1reas<\/strong>\u00a0y entra\u00f1an estilos tradicionales de vida pertinentes para la conservaci\u00f3n y utilizaci\u00f3n sostenible de la diversidad biol\u00f3gica\u00bb.<\/p>\n<p>\u00abNumerosas comunidades originarias, organizaciones ind\u00edgenas, reconocidos l\u00edderes y lideresas espirituales y filos\u00f3ficas, a lo largo de d\u00e9cadas, han solicitado la declaraci\u00f3n de Sitio Sagrado al centro ceremonial ancestral y a los enterratorios de Cerro Colorado, ubicados en la provincia de C\u00f3rdoba\u00bb, destaca la resoluci\u00f3n a la que accedi\u00f3 T\u00e9lam.<\/p>\n<blockquote class=\"\"><p>\u00abCerro Colorado es uno de los centros ceremoniales ancestrales m\u00e1s conocidos de Argentina, por su riqueza inmaterial y por la difusi\u00f3n que le dio la obra de Atahualpa Yupanqui\u00bb &#8211; <cite class=\"author\">Fernando Pepe, antrop\u00f3logo del INAI<\/cite><\/p><\/blockquote>\n<p>La Comunidad Ind\u00edgena Comeching\u00f3n- Sanavir\u00f3n Cerro Colorado, en C\u00f3rdoba, hab\u00eda pedido al INAI, por nota firmada por sus representantes Gabriela Lujan y Roberto Mart\u00ednez, que se declare sitio sagrado al mencionado Cerro ya que, aseguraban \u00abancestralmente se han tendido canales de comunicaci\u00f3n entre nuestros ancestros a trav\u00e9s de las pictograf\u00edas del Cerro Colorado\u00bb.<\/p>\n<p>\u00abConsideramos que al conseguir la declaraci\u00f3n de nuestro pueblo como &#8216;Sitio Sagrado&#8217; podremos proteger el espacio territorial com\u00fan que<strong>\u00a0constituye la clave de la reproducci\u00f3n social de nuestra comunidad<\/strong>\u00ab, planteaban en esa nota que deriv\u00f3 en la aprobaci\u00f3n de la declaraci\u00f3n por parte del INAI.<\/p>\n<p>El antrop\u00f3logo del INAI, Fernando Pepe, explic\u00f3 a esta agencia que \u00abCerro Colorado es uno de los centros ceremoniales ancestrales m\u00e1s conocidos de Argentina, por su riqueza inmaterial y por la difusi\u00f3n que le dio la obra de Atahualpa Yupanqui\u00bb.<\/p>\n<p>\u00abEn el cerro encontramos las escenas con los shamanes con los c\u00f3ndores, los yaguares y otros animales elaborados, los guerreros emplumados, las escenas de guerra contra los espa\u00f1oles, los signos geom\u00e9tricos complejos, entonces\u00a0<strong>vemos en Cerro Colorado la historia escrita de las comunidades ind\u00edgenas durante cientos de a\u00f1os hasta casi el presente\u00bb<\/strong>, destac\u00f3 el antrop\u00f3logo en referencia a las pinturas rupestres existentes en el lugar.<\/p>\n<p><iframe loading=\"lazy\" src=\"https:\/\/www.google.com\/maps\/embed?pb=!1m18!1m12!1m3!1d6903.863952303054!2d-63.93090005!3d-30.09613445!2m3!1f0!2f0!3f0!3m2!1i1024!2i768!4f13.1!3m3!1m2!1s0x9431931a1726e7e5%3A0x1c4e5d16ee5040f!2sCerro%20Colorado%2C%20C%C3%B3rdoba!5e0!3m2!1ses-419!2sar!4v1656702225464!5m2!1ses-419!2sar\" width=\"600\" height=\"450\" allowfullscreen=\"allowfullscreen\" data-mce-fragment=\"1\"><\/iframe><br \/>\nPepe sostuvo que \u00abes la primera narrativa de la regi\u00f3n incluyendo la provincia de Santiago del Estero. Si sumamos todo esto nos da cuenta que es un centro ceremonial ancestral \u00fanico en el centro del pa\u00eds que irradia su influencia m\u00e1s all\u00e1 de los limites provinciales actuales\u00bb.<\/p>\n<p>\u00abLos m\u00faltiples entierros hallados en Cerro Colorado, la \u00faltima excavaci\u00f3n retir\u00f3 88 esqueletos, tambi\u00e9n dan cuenta de la importancia que ten\u00eda y tiene para las comunidades ind\u00edgenas, que producto del genocidio perdieron la custodia de sus ancestros y ancestras que pasaron a ser patrimonio del Estado\u00bb, precis\u00f3.<\/p>\n<p>El \u00c1rea de Protecci\u00f3n de Sitios Sagrados creada por la presidenta del INAI Magdalena Odarda hace un a\u00f1o declar\u00f3, en este per\u00edodo, 11 sitios sagrados de los pueblos originarios, en 5 provincias: R\u00edo Negro, Chubut, Buenos Aires, Chaco y Salta. De los pueblos Mapuche, Tehuelche, Querand\u00ed, Qom, Mocoit, Wich\u00ed y Kolla.<\/p>\n","protected":false},"excerpt":{"rendered":"<p>En la resoluci\u00f3n del Instituto Nacional de Asuntos Ind\u00edgenas se reconoce que los pueblos originarios \u00abtienen un rol protag\u00f3nico en las \u00e1reas protegidas en las que habitan y constituyen una parte indisociable, habida cuenta que han vivido en ellas ancestralmente\u00bb. El pedido lo hab\u00eda formulado la Comunidad Ind\u00edgena Comeching\u00f3n-Sanavir\u00f3n Cerro Colorado.<\/p>\n","protected":false},"author":3,"featured_media":0,"comment_status":"closed","ping_status":"closed","sticky":false,"template":"","format":"standard","meta":{"footnotes":""},"categories":[35,24,26],"tags":[],"class_list":["post-74493","post","type-post","status-publish","format-standard","hentry","category-cultura","category-politica","category-sociedad"],"yoast_head":"<!-- This site is optimized with the Yoast SEO plugin v25.9 - https:\/\/yoast.com\/wordpress\/plugins\/seo\/ -->\n<title>Declararon &quot;Sitio Sagrado&quot; al Cerro Colorado - Noticias Radio Reflejos<\/title>\n<meta name=\"robots\" content=\"index, follow, max-snippet:-1, max-image-preview:large, max-video-preview:-1\" \/>\n<link rel=\"canonical\" href=\"https:\/\/www.noticiasradioreflejos.com.ar\/2021\/declararon-sitio-sagrado-al-cerro-colorado\/\" \/>\n<meta property=\"og:locale\" content=\"es_ES\" \/>\n<meta property=\"og:type\" content=\"article\" \/>\n<meta property=\"og:title\" content=\"Declararon &quot;Sitio Sagrado&quot; al Cerro Colorado - Noticias Radio Reflejos\" \/>\n<meta property=\"og:description\" content=\"En la resoluci\u00f3n del Instituto Nacional de Asuntos Ind\u00edgenas se reconoce que los pueblos originarios \u00abtienen un rol protag\u00f3nico en las \u00e1reas protegidas en las que habitan y constituyen una parte indisociable, habida cuenta que han vivido en ellas ancestralmente\u00bb. El pedido lo hab\u00eda formulado la Comunidad Ind\u00edgena Comeching\u00f3n-Sanavir\u00f3n Cerro Colorado.\" \/>\n<meta property=\"og:url\" content=\"https:\/\/www.noticiasradioreflejos.com.ar\/2021\/declararon-sitio-sagrado-al-cerro-colorado\/\" \/>\n<meta property=\"og:site_name\" content=\"Noticias Radio Reflejos\" \/>\n<meta property=\"article:published_time\" content=\"2022-07-01T20:26:16+00:00\" \/>\n<meta property=\"og:image\" content=\"https:\/\/www.telam.com.ar\/thumbs\/bluesteel\/advf\/imagenes\/2022\/07\/62bf43d2dc1d4_900.jpg\" \/>\n<meta name=\"author\" content=\"Arnaldo Botto\" \/>\n<meta name=\"twitter:card\" content=\"summary_large_image\" \/>\n<script type=\"application\/ld+json\" class=\"yoast-schema-graph\">{\"@context\":\"https:\/\/schema.org\",\"@graph\":[{\"@type\":\"WebPage\",\"@id\":\"https:\/\/www.noticiasradioreflejos.com.ar\/2021\/declararon-sitio-sagrado-al-cerro-colorado\/\",\"url\":\"https:\/\/www.noticiasradioreflejos.com.ar\/2021\/declararon-sitio-sagrado-al-cerro-colorado\/\",\"name\":\"Declararon \\\"Sitio Sagrado\\\" al Cerro Colorado - Noticias Radio Reflejos\",\"isPartOf\":{\"@id\":\"https:\/\/www.noticiasradioreflejos.com.ar\/2021\/#website\"},\"primaryImageOfPage\":{\"@id\":\"https:\/\/www.noticiasradioreflejos.com.ar\/2021\/declararon-sitio-sagrado-al-cerro-colorado\/#primaryimage\"},\"image\":{\"@id\":\"https:\/\/www.noticiasradioreflejos.com.ar\/2021\/declararon-sitio-sagrado-al-cerro-colorado\/#primaryimage\"},\"thumbnailUrl\":\"https:\/\/www.telam.com.ar\/thumbs\/bluesteel\/advf\/imagenes\/2022\/07\/62bf43d2dc1d4_900.jpg\",\"datePublished\":\"2022-07-01T20:26:16+00:00\",\"author\":{\"@id\":\"https:\/\/www.noticiasradioreflejos.com.ar\/2021\/#\/schema\/person\/ad82545263dcc5ec0996818884fd5fb1\"},\"breadcrumb\":{\"@id\":\"https:\/\/www.noticiasradioreflejos.com.ar\/2021\/declararon-sitio-sagrado-al-cerro-colorado\/#breadcrumb\"},\"inLanguage\":\"es\",\"potentialAction\":[{\"@type\":\"ReadAction\",\"target\":[\"https:\/\/www.noticiasradioreflejos.com.ar\/2021\/declararon-sitio-sagrado-al-cerro-colorado\/\"]}]},{\"@type\":\"ImageObject\",\"inLanguage\":\"es\",\"@id\":\"https:\/\/www.noticiasradioreflejos.com.ar\/2021\/declararon-sitio-sagrado-al-cerro-colorado\/#primaryimage\",\"url\":\"https:\/\/www.telam.com.ar\/thumbs\/bluesteel\/advf\/imagenes\/2022\/07\/62bf43d2dc1d4_900.jpg\",\"contentUrl\":\"https:\/\/www.telam.com.ar\/thumbs\/bluesteel\/advf\/imagenes\/2022\/07\/62bf43d2dc1d4_900.jpg\"},{\"@type\":\"BreadcrumbList\",\"@id\":\"https:\/\/www.noticiasradioreflejos.com.ar\/2021\/declararon-sitio-sagrado-al-cerro-colorado\/#breadcrumb\",\"itemListElement\":[{\"@type\":\"ListItem\",\"position\":1,\"name\":\"Portada\",\"item\":\"https:\/\/www.noticiasradioreflejos.com.ar\/2021\/\"},{\"@type\":\"ListItem\",\"position\":2,\"name\":\"Declararon \u00abSitio Sagrado\u00bb al Cerro Colorado\"}]},{\"@type\":\"WebSite\",\"@id\":\"https:\/\/www.noticiasradioreflejos.com.ar\/2021\/#website\",\"url\":\"https:\/\/www.noticiasradioreflejos.com.ar\/2021\/\",\"name\":\"Noticias Radio Reflejos\",\"description\":\"Las noticias de mi comarca\",\"potentialAction\":[{\"@type\":\"SearchAction\",\"target\":{\"@type\":\"EntryPoint\",\"urlTemplate\":\"https:\/\/www.noticiasradioreflejos.com.ar\/2021\/?s={search_term_string}\"},\"query-input\":{\"@type\":\"PropertyValueSpecification\",\"valueRequired\":true,\"valueName\":\"search_term_string\"}}],\"inLanguage\":\"es\"},{\"@type\":\"Person\",\"@id\":\"https:\/\/www.noticiasradioreflejos.com.ar\/2021\/#\/schema\/person\/ad82545263dcc5ec0996818884fd5fb1\",\"name\":\"Arnaldo Botto\",\"image\":{\"@type\":\"ImageObject\",\"inLanguage\":\"es\",\"@id\":\"https:\/\/www.noticiasradioreflejos.com.ar\/2021\/#\/schema\/person\/image\/\",\"url\":\"https:\/\/secure.gravatar.com\/avatar\/55cb5e37c1efa326397366e6974cb338056df65cb50e7d64d1cf314e87504837?s=96&d=mm&r=g\",\"contentUrl\":\"https:\/\/secure.gravatar.com\/avatar\/55cb5e37c1efa326397366e6974cb338056df65cb50e7d64d1cf314e87504837?s=96&d=mm&r=g\",\"caption\":\"Arnaldo Botto\"},\"url\":\"https:\/\/www.noticiasradioreflejos.com.ar\/2021\/author\/arnaldo\/\"}]}<\/script>\n<!-- \/ Yoast SEO plugin. -->","yoast_head_json":{"title":"Declararon \"Sitio Sagrado\" al Cerro Colorado - Noticias Radio Reflejos","robots":{"index":"index","follow":"follow","max-snippet":"max-snippet:-1","max-image-preview":"max-image-preview:large","max-video-preview":"max-video-preview:-1"},"canonical":"https:\/\/www.noticiasradioreflejos.com.ar\/2021\/declararon-sitio-sagrado-al-cerro-colorado\/","og_locale":"es_ES","og_type":"article","og_title":"Declararon \"Sitio Sagrado\" al Cerro Colorado - Noticias Radio Reflejos","og_description":"En la resoluci\u00f3n del Instituto Nacional de Asuntos Ind\u00edgenas se reconoce que los pueblos originarios \u00abtienen un rol protag\u00f3nico en las \u00e1reas protegidas en las que habitan y constituyen una parte indisociable, habida cuenta que han vivido en ellas ancestralmente\u00bb. El pedido lo hab\u00eda formulado la Comunidad Ind\u00edgena Comeching\u00f3n-Sanavir\u00f3n Cerro Colorado.","og_url":"https:\/\/www.noticiasradioreflejos.com.ar\/2021\/declararon-sitio-sagrado-al-cerro-colorado\/","og_site_name":"Noticias Radio Reflejos","article_published_time":"2022-07-01T20:26:16+00:00","og_image":[{"url":"https:\/\/www.telam.com.ar\/thumbs\/bluesteel\/advf\/imagenes\/2022\/07\/62bf43d2dc1d4_900.jpg","type":"","width":"","height":""}],"author":"Arnaldo Botto","twitter_card":"summary_large_image","schema":{"@context":"https:\/\/schema.org","@graph":[{"@type":"WebPage","@id":"https:\/\/www.noticiasradioreflejos.com.ar\/2021\/declararon-sitio-sagrado-al-cerro-colorado\/","url":"https:\/\/www.noticiasradioreflejos.com.ar\/2021\/declararon-sitio-sagrado-al-cerro-colorado\/","name":"Declararon \"Sitio Sagrado\" al Cerro Colorado - Noticias Radio Reflejos","isPartOf":{"@id":"https:\/\/www.noticiasradioreflejos.com.ar\/2021\/#website"},"primaryImageOfPage":{"@id":"https:\/\/www.noticiasradioreflejos.com.ar\/2021\/declararon-sitio-sagrado-al-cerro-colorado\/#primaryimage"},"image":{"@id":"https:\/\/www.noticiasradioreflejos.com.ar\/2021\/declararon-sitio-sagrado-al-cerro-colorado\/#primaryimage"},"thumbnailUrl":"https:\/\/www.telam.com.ar\/thumbs\/bluesteel\/advf\/imagenes\/2022\/07\/62bf43d2dc1d4_900.jpg","datePublished":"2022-07-01T20:26:16+00:00","author":{"@id":"https:\/\/www.noticiasradioreflejos.com.ar\/2021\/#\/schema\/person\/ad82545263dcc5ec0996818884fd5fb1"},"breadcrumb":{"@id":"https:\/\/www.noticiasradioreflejos.com.ar\/2021\/declararon-sitio-sagrado-al-cerro-colorado\/#breadcrumb"},"inLanguage":"es","potentialAction":[{"@type":"ReadAction","target":["https:\/\/www.noticiasradioreflejos.com.ar\/2021\/declararon-sitio-sagrado-al-cerro-colorado\/"]}]},{"@type":"ImageObject","inLanguage":"es","@id":"https:\/\/www.noticiasradioreflejos.com.ar\/2021\/declararon-sitio-sagrado-al-cerro-colorado\/#primaryimage","url":"https:\/\/www.telam.com.ar\/thumbs\/bluesteel\/advf\/imagenes\/2022\/07\/62bf43d2dc1d4_900.jpg","contentUrl":"https:\/\/www.telam.com.ar\/thumbs\/bluesteel\/advf\/imagenes\/2022\/07\/62bf43d2dc1d4_900.jpg"},{"@type":"BreadcrumbList","@id":"https:\/\/www.noticiasradioreflejos.com.ar\/2021\/declararon-sitio-sagrado-al-cerro-colorado\/#breadcrumb","itemListElement":[{"@type":"ListItem","position":1,"name":"Portada","item":"https:\/\/www.noticiasradioreflejos.com.ar\/2021\/"},{"@type":"ListItem","position":2,"name":"Declararon \u00abSitio Sagrado\u00bb al Cerro Colorado"}]},{"@type":"WebSite","@id":"https:\/\/www.noticiasradioreflejos.com.ar\/2021\/#website","url":"https:\/\/www.noticiasradioreflejos.com.ar\/2021\/","name":"Noticias Radio Reflejos","description":"Las noticias de mi comarca","potentialAction":[{"@type":"SearchAction","target":{"@type":"EntryPoint","urlTemplate":"https:\/\/www.noticiasradioreflejos.com.ar\/2021\/?s={search_term_string}"},"query-input":{"@type":"PropertyValueSpecification","valueRequired":true,"valueName":"search_term_string"}}],"inLanguage":"es"},{"@type":"Person","@id":"https:\/\/www.noticiasradioreflejos.com.ar\/2021\/#\/schema\/person\/ad82545263dcc5ec0996818884fd5fb1","name":"Arnaldo Botto","image":{"@type":"ImageObject","inLanguage":"es","@id":"https:\/\/www.noticiasradioreflejos.com.ar\/2021\/#\/schema\/person\/image\/","url":"https:\/\/secure.gravatar.com\/avatar\/55cb5e37c1efa326397366e6974cb338056df65cb50e7d64d1cf314e87504837?s=96&d=mm&r=g","contentUrl":"https:\/\/secure.gravatar.com\/avatar\/55cb5e37c1efa326397366e6974cb338056df65cb50e7d64d1cf314e87504837?s=96&d=mm&r=g","caption":"Arnaldo Botto"},"url":"https:\/\/www.noticiasradioreflejos.com.ar\/2021\/author\/arnaldo\/"}]}},"_links":{"self":[{"href":"https:\/\/www.noticiasradioreflejos.com.ar\/2021\/wp-json\/wp\/v2\/posts\/74493","targetHints":{"allow":["GET"]}}],"collection":[{"href":"https:\/\/www.noticiasradioreflejos.com.ar\/2021\/wp-json\/wp\/v2\/posts"}],"about":[{"href":"https:\/\/www.noticiasradioreflejos.com.ar\/2021\/wp-json\/wp\/v2\/types\/post"}],"author":[{"embeddable":true,"href":"https:\/\/www.noticiasradioreflejos.com.ar\/2021\/wp-json\/wp\/v2\/users\/3"}],"replies":[{"embeddable":true,"href":"https:\/\/www.noticiasradioreflejos.com.ar\/2021\/wp-json\/wp\/v2\/comments?post=74493"}],"version-history":[{"count":1,"href":"https:\/\/www.noticiasradioreflejos.com.ar\/2021\/wp-json\/wp\/v2\/posts\/74493\/revisions"}],"predecessor-version":[{"id":74495,"href":"https:\/\/www.noticiasradioreflejos.com.ar\/2021\/wp-json\/wp\/v2\/posts\/74493\/revisions\/74495"}],"wp:attachment":[{"href":"https:\/\/www.noticiasradioreflejos.com.ar\/2021\/wp-json\/wp\/v2\/media?parent=74493"}],"wp:term":[{"taxonomy":"category","embeddable":true,"href":"https:\/\/www.noticiasradioreflejos.com.ar\/2021\/wp-json\/wp\/v2\/categories?post=74493"},{"taxonomy":"post_tag","embeddable":true,"href":"https:\/\/www.noticiasradioreflejos.com.ar\/2021\/wp-json\/wp\/v2\/tags?post=74493"}],"curies":[{"name":"wp","href":"https:\/\/api.w.org\/{rel}","templated":true}]}}