{"id":74485,"date":"2022-07-01T20:05:28","date_gmt":"2022-07-01T20:05:28","guid":{"rendered":"http:\/\/www.noticiasradioreflejos.com.ar\/2021\/?p=74485"},"modified":"2022-07-01T20:05:28","modified_gmt":"2022-07-01T20:05:28","slug":"tres-procesados-como-instigadores-de-los-ultimos-atentados-en-bahia","status":"publish","type":"post","link":"https:\/\/www.noticiasradioreflejos.com.ar\/2021\/tres-procesados-como-instigadores-de-los-ultimos-atentados-en-bahia\/","title":{"rendered":"Tres procesados como instigadores de los \u00faltimos atentados en Bah\u00eda"},"content":{"rendered":"<header id=\"mvp-post-head\" class=\"left relative\">Se trata de Anal\u00eda Gladys C\u00f3nsoli, Cristian C\u00e9sar Ondicola, y Cristina Brian Coronel, a quienes se los acusa, entre otros delitos, de intimidaci\u00f3n p\u00fablica.<\/p>\n<\/header>\n<p><!--more--><\/p>\n<div class=\"mvp-post-main-out left relative\">\n<div class=\"mvp-post-main-in\">\n<div id=\"mvp-post-content\" class=\"left relative\">\n<div id=\"mvp-post-feat-img\" class=\"left relative mvp-post-feat-img-wide2\"><picture><source srcset=\"https:\/\/www.labrujula24.com\/wp-content\/webp-express\/webp-images\/uploads\/2022\/07\/Untitled-1-4-768x461.jpg.webp 768w, https:\/\/www.labrujula24.com\/wp-content\/webp-express\/webp-images\/uploads\/2022\/07\/Untitled-1-4-1000x600.jpg.webp 1000w, https:\/\/www.labrujula24.com\/wp-content\/webp-express\/webp-images\/uploads\/2022\/07\/Untitled-1-4-590x354.jpg.webp 590w, https:\/\/www.labrujula24.com\/wp-content\/webp-express\/webp-images\/uploads\/2022\/07\/Untitled-1-4-400x240.jpg.webp 400w\" type=\"image\/webp\" sizes=\"(max-width: 1200px) 100vw, 1200px\" \/><img loading=\"lazy\" decoding=\"async\" class=\"attachment- size- wp-post-image webpexpress-processed\" src=\"https:\/\/www.labrujula24.com\/wp-content\/uploads\/2022\/07\/Untitled-1-4.jpg\" sizes=\"auto, (max-width: 1200px) 100vw, 1200px\" srcset=\"https:\/\/www.labrujula24.com\/wp-content\/uploads\/2022\/07\/Untitled-1-4.jpg 1200w, https:\/\/www.labrujula24.com\/wp-content\/uploads\/2022\/07\/Untitled-1-4-768x461.jpg 768w, https:\/\/www.labrujula24.com\/wp-content\/uploads\/2022\/07\/Untitled-1-4-1000x600.jpg 1000w, https:\/\/www.labrujula24.com\/wp-content\/uploads\/2022\/07\/Untitled-1-4-590x354.jpg 590w, https:\/\/www.labrujula24.com\/wp-content\/uploads\/2022\/07\/Untitled-1-4-400x240.jpg 400w\" alt=\"\" width=\"1200\" height=\"720\" \/><\/picture><\/div>\n<div id=\"mvp-content-wrap\" class=\"left relative\">\n<div class=\"mvp-post-soc-out right relative\">\n<div class=\"mvp-post-soc-in\">\n<div id=\"mvp-content-body\" class=\"left relative\">\n<div id=\"mvp-content-body-top\" class=\"left relative\">\n<div id=\"mvp-content-main\" class=\"left relative\">\n<div id=\"textbody\">\n<div class=\"at-above-post addthis_tool\" data-url=\"https:\/\/www.labrujula24.com\/notas\/2022\/07\/01\/procesan-a-tres-personas-como-instigadores-de-los-ultimos-atentados-en-bahia-n224749\/\"><\/div>\n<p>La Justicia Federal proces\u00f3 en las \u00faltimas horas a tres de los involucrados en la causa que investiga los graves hechos que ocurrieron el a\u00f1o pasado en la ciudad, entre los que se encuentran los atentados a las viviendas de la\u00a0<a href=\"https:\/\/www.labrujula24.com\/notas\/2021\/11\/26\/atentado-y-amenazas-contra-una-referente-mapuche-de-bahia-blanca-n174486\/\"><strong>referente mapuche Olga Curipan<\/strong><\/a>, al\u00a0<a href=\"https:\/\/www.labrujula24.com\/notas\/2022\/01\/08\/ponen-un-explosivo-en-la-puerta-de-la-casa-de-uno-de-los-directores-de-region-sanitaria-n184844\/\"><strong>director de Regi\u00f3n Sanitaria, Maximiliano N\u00fa\u00f1ez Fari\u00f1a<\/strong><\/a>, y el caso de intimidaci\u00f3n p\u00fablica por la aparici\u00f3n de\u00a0<strong><a href=\"https:\/\/www.labrujula24.com\/notas\/2021\/11\/30\/megaoperativo-por-un-artefacto-sospechoso-en-el-local-del-frente-de-todos-n175494\/\">un aparato similar a un explosivo<\/a><\/strong>\u00a0en un local del Frente de Todos, ubicado en calle Lavalle al 300. En este \u00faltimo caso, se encontr\u00f3 una foto del periodista Germ\u00e1n Sasso, en el momento en el que les entrega una copia del libro Operaci\u00f3n Facundo a distintos dirigentes pol\u00edticos, tanto del oficialismo como de la oposici\u00f3n.<\/p>\n<p>Adem\u00e1s, la juez Mar\u00eda Gabriela Marr\u00f3n entendi\u00f3 que deb\u00eda procesarlos por formar parte de una asociaci\u00f3n il\u00edcita que promueve la violencia, y por la confecci\u00f3n de pases sanitarios truchos de vacunaci\u00f3n contra el coronavirus. En al misma resoluci\u00f3n se defini\u00f3 la falta de m\u00e9rito para la abogada Romina Helena Buamscha, quien seguir\u00e1 siendo investigada.\u00a0<strong>La Justicia entiende que se tata de un grupo de \u201cultraderecha\u201d que se dedica a cometer este tipo de hechos.<\/strong><\/p>\n<div id=\"sm-it-main-container-1656705746806\" class=\"sm-it-main-container\" data-it=\"88868243-bf49-4dfa-95e6-44ae351effec\" data-device=\"desktop\" data-index=\"0\">\n<div id=\"sm-reference-1656705746806\" class=\"sm-reference\"><\/div>\n<\/div>\n<figure class=\"wp-block-image size-full\"><picture><source srcset=\"https:\/\/www.labrujula24.com\/wp-content\/webp-express\/webp-images\/uploads\/2022\/07\/f44a9acc-530d-40ef-952f-d60a6c2de0e7.jpg.webp 1036w, https:\/\/www.labrujula24.com\/wp-content\/webp-express\/webp-images\/uploads\/2022\/07\/f44a9acc-530d-40ef-952f-d60a6c2de0e7-768x824.jpg.webp 768w, https:\/\/www.labrujula24.com\/wp-content\/webp-express\/webp-images\/uploads\/2022\/07\/f44a9acc-530d-40ef-952f-d60a6c2de0e7-560x600.jpg.webp 560w\" type=\"image\/webp\" sizes=\"(max-width: 1036px) 100vw, 1036px\" \/><img loading=\"lazy\" decoding=\"async\" class=\"wp-image-224764 webpexpress-processed\" src=\"https:\/\/www.labrujula24.com\/wp-content\/uploads\/2022\/07\/f44a9acc-530d-40ef-952f-d60a6c2de0e7.jpg\" sizes=\"auto, (max-width: 1036px) 100vw, 1036px\" srcset=\"https:\/\/www.labrujula24.com\/wp-content\/uploads\/2022\/07\/f44a9acc-530d-40ef-952f-d60a6c2de0e7.jpg 1036w, https:\/\/www.labrujula24.com\/wp-content\/uploads\/2022\/07\/f44a9acc-530d-40ef-952f-d60a6c2de0e7-768x824.jpg 768w, https:\/\/www.labrujula24.com\/wp-content\/uploads\/2022\/07\/f44a9acc-530d-40ef-952f-d60a6c2de0e7-560x600.jpg 560w\" alt=\"\" width=\"1036\" height=\"1112\" \/><\/picture><figcaption>El aparato simil explosivo en Lavalle al 300.<\/figcaption><\/figure>\n<p><strong>En el escrito firmado por Marr\u00f3n<\/strong>, se dispuso el procesamiento de Anal\u00eda Gladys C\u00f3nsoli, de Cristian C\u00e9sar Ondicola, y de Cristina Brian Coronel, por resultar coautores del delito de intimidaci\u00f3n p\u00fablica; y por ser instigadores del delito de incendio, en concurso real con los delitos de intimidaci\u00f3n p\u00fablica, incitaci\u00f3n p\u00fablica a la violencia colectiva, y amenazas coactivas agravadas. A pesar de ello, por ahora seguir\u00e1n en libertad, y no se los acusa de ser los autores materiales de los incendios en las propiedades de Curipan y N\u00fa\u00f1ez Fari\u00f1a.<\/p>\n<figure class=\"wp-block-image size-full\"><img loading=\"lazy\" decoding=\"async\" class=\"wp-image-224779\" src=\"https:\/\/www.labrujula24.com\/wp-content\/uploads\/2022\/07\/consoli.jpg.webp\" sizes=\"auto, (max-width: 1200px) 100vw, 1200px\" srcset=\"https:\/\/www.labrujula24.com\/wp-content\/uploads\/2022\/07\/consoli.jpg.webp 1200w, https:\/\/www.labrujula24.com\/wp-content\/uploads\/2022\/07\/consoli.jpg-768x461.webp 768w, https:\/\/www.labrujula24.com\/wp-content\/uploads\/2022\/07\/consoli.jpg-1000x600.webp 1000w, https:\/\/www.labrujula24.com\/wp-content\/uploads\/2022\/07\/consoli.jpg-590x354.webp 590w, https:\/\/www.labrujula24.com\/wp-content\/uploads\/2022\/07\/consoli.jpg-400x240.webp 400w\" alt=\"\" width=\"1200\" height=\"720\" \/><figcaption>Anal\u00eda Gladys C\u00f3nsoli<\/figcaption><\/figure>\n<p>Adem\u00e1s, la jueza decidi\u00f3 procesar a Coronel por ser instigador del delito de intimidaci\u00f3n p\u00fablica en concurso real, con el delito de amenazas agravadas; y a C\u00f3nsoli y a Ondicola como part\u00edcipes secundarios.<\/p>\n<div class=\"code-block code-block-1\"><\/div>\n<p><strong>Falta de m\u00e9rito para la abogada<\/strong><\/p>\n<p>En cuanto a la causa derivada de la principal en la que se investigan los atentados, que es la de \u00a0falsificaci\u00f3n de documento p\u00fablico, por la provisi\u00f3n de certificados falsos de vacunaci\u00f3n contra el coronavirus, la Justicia proces\u00f3 a Santiago Carlos Pereyra C\u00f3nsoli (hijo de Anal\u00eda C\u00f3nsoli), a M\u00f3nica Elizabeth Bonzini, y a Jes\u00fas Javier B\u00f3rcano Coronel. Este \u00faltimo tambi\u00e9n es acusado de ser miembro de una asociaci\u00f3n il\u00edcita.<\/p>\n<p>Con respecto a la abogada Romina Helena Buamscha, a quien en su momento la Justicia\u00a0<a href=\"https:\/\/www.labrujula24.com\/notas\/2022\/02\/17\/causa-atentados-multiples-allanamientos-en-bahia-y-la-region-n193567\/\"><strong>le allan\u00f3 su oficina c\u00e9ntrica<\/strong><\/a>, se est\u00e1 a la espera de poder obtener informaci\u00f3n de un tel\u00e9fono para saber si se la puede procesar, o sobreseer definitivamente. Por ahora, se le declar\u00f3 la falta de m\u00e9rito, lo que significa que seguir\u00e1 siendo investigada. Seg\u00fan ella misma declar\u00f3, no confeccionaba certificados truchos, solo recib\u00eda preguntas relacionadas a lo legal, y prestaba asesoramiento a las personas involucradas.<\/p>\n<div id=\"itb_mobile_intext_div6\"><\/div>\n<figure class=\"wp-block-image size-full\"><img loading=\"lazy\" decoding=\"async\" class=\"wp-image-224773\" src=\"https:\/\/www.labrujula24.com\/wp-content\/uploads\/2022\/07\/buamscha1.jpg.webp\" sizes=\"auto, (max-width: 1200px) 100vw, 1200px\" srcset=\"https:\/\/www.labrujula24.com\/wp-content\/uploads\/2022\/07\/buamscha1.jpg.webp 1200w, https:\/\/www.labrujula24.com\/wp-content\/uploads\/2022\/07\/buamscha1.jpg-768x461.webp 768w, https:\/\/www.labrujula24.com\/wp-content\/uploads\/2022\/07\/buamscha1.jpg-1000x600.webp 1000w, https:\/\/www.labrujula24.com\/wp-content\/uploads\/2022\/07\/buamscha1.jpg-590x354.webp 590w, https:\/\/www.labrujula24.com\/wp-content\/uploads\/2022\/07\/buamscha1.jpg-400x240.webp 400w\" alt=\"\" width=\"1200\" height=\"720\" \/><figcaption>Romina Buamscha.<\/figcaption><\/figure>\n<p>En el momento de ser allanada,<strong><a href=\"https:\/\/www.labrujula24.com\/notas\/2022\/02\/17\/la-cobarde-agresion-del-esposo-de-la-gestora-contra-un-camarografo-de-tv-n193609\/\">su pareja agredi\u00f3 a los periodistas que estaban cubriendo la noticia y golpe\u00f3 a un camar\u00f3grafo del canal Somos Bah\u00eda.<\/a><\/strong><\/p>\n<p>Por otra parte, la doctora Marr\u00f3n determin\u00f3 la falta de m\u00e9rito para Roberto Eduardo Marino, quien en su momento trascendi\u00f3 por un<strong><a href=\"https:\/\/www.labrujula24.com\/notas\/2022\/02\/21\/uno-de-los-investigados-decia-que-el-penna-era-un-campo-de-concentracion-y-exterminio-n194296\/\">video que se film\u00f3 en la puerta del Hospital Penna<\/a><\/strong>, en el que se presentaba un discurso radicalizado, en contra de la cuarentena y la vacunaci\u00f3n contra el coronavirus.<\/p>\n<\/div>\n<\/div>\n<\/div>\n<\/div>\n<\/div>\n<\/div>\n<\/div>\n<\/div>\n<\/div>\n<\/div>\n<p>&nbsp;<\/p>\n<p><strong>Fuente La Br\u00fajula<\/strong><\/p>\n","protected":false},"excerpt":{"rendered":"<p>Se trata de Anal\u00eda Gladys C\u00f3nsoli, Cristian C\u00e9sar Ondicola, y Cristina Brian Coronel, a quienes se los acusa, entre otros delitos, de intimidaci\u00f3n p\u00fablica.<\/p>\n","protected":false},"author":3,"featured_media":0,"comment_status":"closed","ping_status":"closed","sticky":false,"template":"","format":"standard","meta":{"footnotes":""},"categories":[57,24],"tags":[],"class_list":["post-74485","post","type-post","status-publish","format-standard","hentry","category-judiciales","category-politica"],"yoast_head":"<!-- This site is optimized with the Yoast SEO plugin v25.9 - https:\/\/yoast.com\/wordpress\/plugins\/seo\/ -->\n<title>Tres procesados como instigadores de los \u00faltimos atentados en Bah\u00eda - Noticias Radio Reflejos<\/title>\n<meta name=\"robots\" content=\"index, follow, max-snippet:-1, max-image-preview:large, max-video-preview:-1\" \/>\n<link rel=\"canonical\" href=\"https:\/\/www.noticiasradioreflejos.com.ar\/2021\/tres-procesados-como-instigadores-de-los-ultimos-atentados-en-bahia\/\" \/>\n<meta property=\"og:locale\" content=\"es_ES\" \/>\n<meta property=\"og:type\" content=\"article\" \/>\n<meta property=\"og:title\" content=\"Tres procesados como instigadores de los \u00faltimos atentados en Bah\u00eda - Noticias Radio Reflejos\" \/>\n<meta property=\"og:description\" content=\"Se trata de Anal\u00eda Gladys C\u00f3nsoli, Cristian C\u00e9sar Ondicola, y Cristina Brian Coronel, a quienes se los acusa, entre otros delitos, de intimidaci\u00f3n p\u00fablica.\" \/>\n<meta property=\"og:url\" content=\"https:\/\/www.noticiasradioreflejos.com.ar\/2021\/tres-procesados-como-instigadores-de-los-ultimos-atentados-en-bahia\/\" \/>\n<meta property=\"og:site_name\" content=\"Noticias Radio Reflejos\" \/>\n<meta property=\"article:published_time\" content=\"2022-07-01T20:05:28+00:00\" \/>\n<meta property=\"og:image\" content=\"https:\/\/www.labrujula24.com\/wp-content\/uploads\/2022\/07\/Untitled-1-4.jpg\" \/>\n<meta name=\"author\" content=\"Arnaldo Botto\" \/>\n<meta name=\"twitter:card\" content=\"summary_large_image\" \/>\n<script type=\"application\/ld+json\" class=\"yoast-schema-graph\">{\"@context\":\"https:\/\/schema.org\",\"@graph\":[{\"@type\":\"WebPage\",\"@id\":\"https:\/\/www.noticiasradioreflejos.com.ar\/2021\/tres-procesados-como-instigadores-de-los-ultimos-atentados-en-bahia\/\",\"url\":\"https:\/\/www.noticiasradioreflejos.com.ar\/2021\/tres-procesados-como-instigadores-de-los-ultimos-atentados-en-bahia\/\",\"name\":\"Tres procesados como instigadores de los \u00faltimos atentados en Bah\u00eda - Noticias Radio Reflejos\",\"isPartOf\":{\"@id\":\"https:\/\/www.noticiasradioreflejos.com.ar\/2021\/#website\"},\"primaryImageOfPage\":{\"@id\":\"https:\/\/www.noticiasradioreflejos.com.ar\/2021\/tres-procesados-como-instigadores-de-los-ultimos-atentados-en-bahia\/#primaryimage\"},\"image\":{\"@id\":\"https:\/\/www.noticiasradioreflejos.com.ar\/2021\/tres-procesados-como-instigadores-de-los-ultimos-atentados-en-bahia\/#primaryimage\"},\"thumbnailUrl\":\"https:\/\/www.labrujula24.com\/wp-content\/uploads\/2022\/07\/Untitled-1-4.jpg\",\"datePublished\":\"2022-07-01T20:05:28+00:00\",\"author\":{\"@id\":\"https:\/\/www.noticiasradioreflejos.com.ar\/2021\/#\/schema\/person\/ad82545263dcc5ec0996818884fd5fb1\"},\"breadcrumb\":{\"@id\":\"https:\/\/www.noticiasradioreflejos.com.ar\/2021\/tres-procesados-como-instigadores-de-los-ultimos-atentados-en-bahia\/#breadcrumb\"},\"inLanguage\":\"es\",\"potentialAction\":[{\"@type\":\"ReadAction\",\"target\":[\"https:\/\/www.noticiasradioreflejos.com.ar\/2021\/tres-procesados-como-instigadores-de-los-ultimos-atentados-en-bahia\/\"]}]},{\"@type\":\"ImageObject\",\"inLanguage\":\"es\",\"@id\":\"https:\/\/www.noticiasradioreflejos.com.ar\/2021\/tres-procesados-como-instigadores-de-los-ultimos-atentados-en-bahia\/#primaryimage\",\"url\":\"https:\/\/www.labrujula24.com\/wp-content\/uploads\/2022\/07\/Untitled-1-4.jpg\",\"contentUrl\":\"https:\/\/www.labrujula24.com\/wp-content\/uploads\/2022\/07\/Untitled-1-4.jpg\"},{\"@type\":\"BreadcrumbList\",\"@id\":\"https:\/\/www.noticiasradioreflejos.com.ar\/2021\/tres-procesados-como-instigadores-de-los-ultimos-atentados-en-bahia\/#breadcrumb\",\"itemListElement\":[{\"@type\":\"ListItem\",\"position\":1,\"name\":\"Portada\",\"item\":\"https:\/\/www.noticiasradioreflejos.com.ar\/2021\/\"},{\"@type\":\"ListItem\",\"position\":2,\"name\":\"Tres procesados como instigadores de los \u00faltimos atentados en Bah\u00eda\"}]},{\"@type\":\"WebSite\",\"@id\":\"https:\/\/www.noticiasradioreflejos.com.ar\/2021\/#website\",\"url\":\"https:\/\/www.noticiasradioreflejos.com.ar\/2021\/\",\"name\":\"Noticias Radio Reflejos\",\"description\":\"Las noticias de mi comarca\",\"potentialAction\":[{\"@type\":\"SearchAction\",\"target\":{\"@type\":\"EntryPoint\",\"urlTemplate\":\"https:\/\/www.noticiasradioreflejos.com.ar\/2021\/?s={search_term_string}\"},\"query-input\":{\"@type\":\"PropertyValueSpecification\",\"valueRequired\":true,\"valueName\":\"search_term_string\"}}],\"inLanguage\":\"es\"},{\"@type\":\"Person\",\"@id\":\"https:\/\/www.noticiasradioreflejos.com.ar\/2021\/#\/schema\/person\/ad82545263dcc5ec0996818884fd5fb1\",\"name\":\"Arnaldo Botto\",\"image\":{\"@type\":\"ImageObject\",\"inLanguage\":\"es\",\"@id\":\"https:\/\/www.noticiasradioreflejos.com.ar\/2021\/#\/schema\/person\/image\/\",\"url\":\"https:\/\/secure.gravatar.com\/avatar\/55cb5e37c1efa326397366e6974cb338056df65cb50e7d64d1cf314e87504837?s=96&d=mm&r=g\",\"contentUrl\":\"https:\/\/secure.gravatar.com\/avatar\/55cb5e37c1efa326397366e6974cb338056df65cb50e7d64d1cf314e87504837?s=96&d=mm&r=g\",\"caption\":\"Arnaldo Botto\"},\"url\":\"https:\/\/www.noticiasradioreflejos.com.ar\/2021\/author\/arnaldo\/\"}]}<\/script>\n<!-- \/ Yoast SEO plugin. -->","yoast_head_json":{"title":"Tres procesados como instigadores de los \u00faltimos atentados en Bah\u00eda - Noticias Radio Reflejos","robots":{"index":"index","follow":"follow","max-snippet":"max-snippet:-1","max-image-preview":"max-image-preview:large","max-video-preview":"max-video-preview:-1"},"canonical":"https:\/\/www.noticiasradioreflejos.com.ar\/2021\/tres-procesados-como-instigadores-de-los-ultimos-atentados-en-bahia\/","og_locale":"es_ES","og_type":"article","og_title":"Tres procesados como instigadores de los \u00faltimos atentados en Bah\u00eda - Noticias Radio Reflejos","og_description":"Se trata de Anal\u00eda Gladys C\u00f3nsoli, Cristian C\u00e9sar Ondicola, y Cristina Brian Coronel, a quienes se los acusa, entre otros delitos, de intimidaci\u00f3n p\u00fablica.","og_url":"https:\/\/www.noticiasradioreflejos.com.ar\/2021\/tres-procesados-como-instigadores-de-los-ultimos-atentados-en-bahia\/","og_site_name":"Noticias Radio Reflejos","article_published_time":"2022-07-01T20:05:28+00:00","og_image":[{"url":"https:\/\/www.labrujula24.com\/wp-content\/uploads\/2022\/07\/Untitled-1-4.jpg","type":"","width":"","height":""}],"author":"Arnaldo Botto","twitter_card":"summary_large_image","schema":{"@context":"https:\/\/schema.org","@graph":[{"@type":"WebPage","@id":"https:\/\/www.noticiasradioreflejos.com.ar\/2021\/tres-procesados-como-instigadores-de-los-ultimos-atentados-en-bahia\/","url":"https:\/\/www.noticiasradioreflejos.com.ar\/2021\/tres-procesados-como-instigadores-de-los-ultimos-atentados-en-bahia\/","name":"Tres procesados como instigadores de los \u00faltimos atentados en Bah\u00eda - Noticias Radio Reflejos","isPartOf":{"@id":"https:\/\/www.noticiasradioreflejos.com.ar\/2021\/#website"},"primaryImageOfPage":{"@id":"https:\/\/www.noticiasradioreflejos.com.ar\/2021\/tres-procesados-como-instigadores-de-los-ultimos-atentados-en-bahia\/#primaryimage"},"image":{"@id":"https:\/\/www.noticiasradioreflejos.com.ar\/2021\/tres-procesados-como-instigadores-de-los-ultimos-atentados-en-bahia\/#primaryimage"},"thumbnailUrl":"https:\/\/www.labrujula24.com\/wp-content\/uploads\/2022\/07\/Untitled-1-4.jpg","datePublished":"2022-07-01T20:05:28+00:00","author":{"@id":"https:\/\/www.noticiasradioreflejos.com.ar\/2021\/#\/schema\/person\/ad82545263dcc5ec0996818884fd5fb1"},"breadcrumb":{"@id":"https:\/\/www.noticiasradioreflejos.com.ar\/2021\/tres-procesados-como-instigadores-de-los-ultimos-atentados-en-bahia\/#breadcrumb"},"inLanguage":"es","potentialAction":[{"@type":"ReadAction","target":["https:\/\/www.noticiasradioreflejos.com.ar\/2021\/tres-procesados-como-instigadores-de-los-ultimos-atentados-en-bahia\/"]}]},{"@type":"ImageObject","inLanguage":"es","@id":"https:\/\/www.noticiasradioreflejos.com.ar\/2021\/tres-procesados-como-instigadores-de-los-ultimos-atentados-en-bahia\/#primaryimage","url":"https:\/\/www.labrujula24.com\/wp-content\/uploads\/2022\/07\/Untitled-1-4.jpg","contentUrl":"https:\/\/www.labrujula24.com\/wp-content\/uploads\/2022\/07\/Untitled-1-4.jpg"},{"@type":"BreadcrumbList","@id":"https:\/\/www.noticiasradioreflejos.com.ar\/2021\/tres-procesados-como-instigadores-de-los-ultimos-atentados-en-bahia\/#breadcrumb","itemListElement":[{"@type":"ListItem","position":1,"name":"Portada","item":"https:\/\/www.noticiasradioreflejos.com.ar\/2021\/"},{"@type":"ListItem","position":2,"name":"Tres procesados como instigadores de los \u00faltimos atentados en Bah\u00eda"}]},{"@type":"WebSite","@id":"https:\/\/www.noticiasradioreflejos.com.ar\/2021\/#website","url":"https:\/\/www.noticiasradioreflejos.com.ar\/2021\/","name":"Noticias Radio Reflejos","description":"Las noticias de mi comarca","potentialAction":[{"@type":"SearchAction","target":{"@type":"EntryPoint","urlTemplate":"https:\/\/www.noticiasradioreflejos.com.ar\/2021\/?s={search_term_string}"},"query-input":{"@type":"PropertyValueSpecification","valueRequired":true,"valueName":"search_term_string"}}],"inLanguage":"es"},{"@type":"Person","@id":"https:\/\/www.noticiasradioreflejos.com.ar\/2021\/#\/schema\/person\/ad82545263dcc5ec0996818884fd5fb1","name":"Arnaldo Botto","image":{"@type":"ImageObject","inLanguage":"es","@id":"https:\/\/www.noticiasradioreflejos.com.ar\/2021\/#\/schema\/person\/image\/","url":"https:\/\/secure.gravatar.com\/avatar\/55cb5e37c1efa326397366e6974cb338056df65cb50e7d64d1cf314e87504837?s=96&d=mm&r=g","contentUrl":"https:\/\/secure.gravatar.com\/avatar\/55cb5e37c1efa326397366e6974cb338056df65cb50e7d64d1cf314e87504837?s=96&d=mm&r=g","caption":"Arnaldo Botto"},"url":"https:\/\/www.noticiasradioreflejos.com.ar\/2021\/author\/arnaldo\/"}]}},"_links":{"self":[{"href":"https:\/\/www.noticiasradioreflejos.com.ar\/2021\/wp-json\/wp\/v2\/posts\/74485","targetHints":{"allow":["GET"]}}],"collection":[{"href":"https:\/\/www.noticiasradioreflejos.com.ar\/2021\/wp-json\/wp\/v2\/posts"}],"about":[{"href":"https:\/\/www.noticiasradioreflejos.com.ar\/2021\/wp-json\/wp\/v2\/types\/post"}],"author":[{"embeddable":true,"href":"https:\/\/www.noticiasradioreflejos.com.ar\/2021\/wp-json\/wp\/v2\/users\/3"}],"replies":[{"embeddable":true,"href":"https:\/\/www.noticiasradioreflejos.com.ar\/2021\/wp-json\/wp\/v2\/comments?post=74485"}],"version-history":[{"count":1,"href":"https:\/\/www.noticiasradioreflejos.com.ar\/2021\/wp-json\/wp\/v2\/posts\/74485\/revisions"}],"predecessor-version":[{"id":74487,"href":"https:\/\/www.noticiasradioreflejos.com.ar\/2021\/wp-json\/wp\/v2\/posts\/74485\/revisions\/74487"}],"wp:attachment":[{"href":"https:\/\/www.noticiasradioreflejos.com.ar\/2021\/wp-json\/wp\/v2\/media?parent=74485"}],"wp:term":[{"taxonomy":"category","embeddable":true,"href":"https:\/\/www.noticiasradioreflejos.com.ar\/2021\/wp-json\/wp\/v2\/categories?post=74485"},{"taxonomy":"post_tag","embeddable":true,"href":"https:\/\/www.noticiasradioreflejos.com.ar\/2021\/wp-json\/wp\/v2\/tags?post=74485"}],"curies":[{"name":"wp","href":"https:\/\/api.w.org\/{rel}","templated":true}]}}