{"id":74396,"date":"2022-06-30T19:26:36","date_gmt":"2022-06-30T19:26:36","guid":{"rendered":"http:\/\/www.noticiasradioreflejos.com.ar\/2021\/?p=74396"},"modified":"2022-06-30T19:26:36","modified_gmt":"2022-06-30T19:26:36","slug":"el-consejo-escolar-de-tornquist-informa-a-la-comunidad-los-trabajos-realizados-durante-el-mes-de-junio","status":"publish","type":"post","link":"https:\/\/www.noticiasradioreflejos.com.ar\/2021\/el-consejo-escolar-de-tornquist-informa-a-la-comunidad-los-trabajos-realizados-durante-el-mes-de-junio\/","title":{"rendered":"El Consejo Escolar de Tornquist informa a la comunidad los trabajos realizados durante el mes de junio"},"content":{"rendered":"<p>Dichos trabajos son financiados con Fondos Presupuestario, Educativo, Compensador y PEED (Programa de Emergencia Educativa), en los siguientes establecimientos educativos:<!--more--><\/p>\n<p>EP N\u00b024 Chasic\u00f3: Se finaliz\u00f3 con la reparaci\u00f3n del techo del establecimiento.<br \/>\nJI N\u00b0901 Tornquist: Se instalaron dos equipos de aires acondicionado.<br \/>\nJI N\u00b0906 Villa Ventana: Se contin\u00faa la colocaci\u00f3n de aberturas del aula nueva, se ejecutaron parte de los revoques gruesos y finos. Se est\u00e1 colocando el revestimiento en el ba\u00f1o.<br \/>\nEP N\u00b017 Fort\u00edn Chaco:  Se repar\u00f3, se pint\u00f3 y se colocaron nuevas pizarras en el aula principal del establecimiento.<br \/>\nCATDI N\u00b01 Tornquist: Se est\u00e1 construyendo un alero en la entrada principal.<br \/>\nEP N\u00b06 Sierra de la Ventana: Se coloc\u00f3 un tejido perimetral en el play\u00f3n del patio.<br \/>\nEP N\u00b027 Paraje Sauce Chico: Se instalaron estanter\u00edas para el dep\u00f3sito de mercader\u00edas. Se repar\u00f3 rajadura de pared de la cocina. Resta pintura exterior.<br \/>\nES N\u00b03\/ EP N\u00b028 Tornquist: Se finalizaron las tareas de arreglo del techo. Resta la colocaci\u00f3n de babetas. Se realiz\u00f3, a medida, un canasto para residuos y un bicicletero.<br \/>\nES N\u00b04 Saldungaray: Se coloc\u00f3 una mampara para separar los mingitorios con la puerta de entrada.<br \/>\nJI N\u00b0905Tornquist:  Se realiz\u00f3 la cobertura del tiro balanceado en los calefactores.<br \/>\nES N\u00b02 Sierra de la Ventana: Se ejecut\u00f3 el llenado del contrapiso y se contin\u00faa con el armado de la losa.<br \/>\nEP N\u00b03 y JI N\u00b0909 Tres Picos: Construcci\u00f3n de un cerco para el zepel\u00edn.<br \/>\nAsimismo, les informamos que en las pr\u00f3ximas semanas estaremos en obras en la EP N\u00b02 Saldungaray (cambio de 21 ventanas), ES N\u00b06 Chasic\u00f3 (cambio de 4 ventanas), EP N\u00b025 y JIRIMM N\u00b05 Berraondo (puesta en valor del edificio), ES N\u00b03 Tornquist (cambio de 2 persianas de la biblioteca), ESA N\u00b01 Tornquist (puerta de acceso al patio desde la preceptor\u00eda) y JI N\u00b0904 Chasic\u00f3 (construcci\u00f3n de un dep\u00f3sito).<\/p>\n<p><a data-flickr-embed=\"true\" href=\"https:\/\/www.flickr.com\/photos\/182279889@N02\/52184693766\/in\/dateposted-public\/\" title=\"EP 27.\"><img loading=\"lazy\" decoding=\"async\" src=\"https:\/\/live.staticflickr.com\/65535\/52184693766_2fe6645526.jpg\" width=\"376\" height=\"500\" alt=\"EP 27.\"><\/a><script async src=\"\/\/embedr.flickr.com\/assets\/client-code.js\" charset=\"utf-8\"><\/script><\/p>\n<p><a data-flickr-embed=\"true\" href=\"https:\/\/www.flickr.com\/photos\/182279889@N02\/52183669807\/in\/dateposted-public\/\" title=\"ES 4\"><img loading=\"lazy\" decoding=\"async\" src=\"https:\/\/live.staticflickr.com\/65535\/52183669807_81fbde661e.jpg\" width=\"375\" height=\"500\" alt=\"ES 4\"><\/a><script async src=\"\/\/embedr.flickr.com\/assets\/client-code.js\" charset=\"utf-8\"><\/script><\/p>\n<p><a data-flickr-embed=\"true\" href=\"https:\/\/www.flickr.com\/photos\/182279889@N02\/52184693821\/in\/dateposted-public\/\" title=\"EP 6.\"><img loading=\"lazy\" decoding=\"async\" src=\"https:\/\/live.staticflickr.com\/65535\/52184693821_c8e14aea05.jpg\" width=\"500\" height=\"231\" alt=\"EP 6.\"><\/a><script async src=\"\/\/embedr.flickr.com\/assets\/client-code.js\" charset=\"utf-8\"><\/script><\/p>\n<p><a data-flickr-embed=\"true\" href=\"https:\/\/www.flickr.com\/photos\/182279889@N02\/52184693846\/in\/dateposted-public\/\" title=\"EP 6\"><img loading=\"lazy\" decoding=\"async\" src=\"https:\/\/live.staticflickr.com\/65535\/52184693846_10af538a57.jpg\" width=\"231\" height=\"500\" alt=\"EP 6\"><\/a><script async src=\"\/\/embedr.flickr.com\/assets\/client-code.js\" charset=\"utf-8\"><\/script><\/p>\n<p><a data-flickr-embed=\"true\" href=\"https:\/\/www.flickr.com\/photos\/182279889@N02\/52184693896\/in\/dateposted-public\/\" title=\"EP 17.\"><img loading=\"lazy\" decoding=\"async\" src=\"https:\/\/live.staticflickr.com\/65535\/52184693896_ef92524c93.jpg\" width=\"500\" height=\"375\" alt=\"EP 17.\"><\/a><script async src=\"\/\/embedr.flickr.com\/assets\/client-code.js\" charset=\"utf-8\"><\/script><\/p>\n<p><a data-flickr-embed=\"true\" href=\"https:\/\/www.flickr.com\/photos\/182279889@N02\/52184940939\/in\/dateposted-public\/\" title=\"EP 27\"><img loading=\"lazy\" decoding=\"async\" src=\"https:\/\/live.staticflickr.com\/65535\/52184940939_f958061637.jpg\" width=\"376\" height=\"500\" alt=\"EP 27\"><\/a><script async src=\"\/\/embedr.flickr.com\/assets\/client-code.js\" charset=\"utf-8\"><\/script><\/p>\n<p><a data-flickr-embed=\"true\" href=\"https:\/\/www.flickr.com\/photos\/182279889@N02\/52184940959\/in\/dateposted-public\/\" title=\"EP 17\"><img loading=\"lazy\" decoding=\"async\" src=\"https:\/\/live.staticflickr.com\/65535\/52184940959_02b1e8d5e1.jpg\" width=\"500\" height=\"375\" alt=\"EP 17\"><\/a><script async src=\"\/\/embedr.flickr.com\/assets\/client-code.js\" charset=\"utf-8\"><\/script><\/p>\n<p><a data-flickr-embed=\"true\" href=\"https:\/\/www.flickr.com\/photos\/182279889@N02\/52185175015\/in\/dateposted-public\/\" title=\"JI 905\"><img loading=\"lazy\" decoding=\"async\" src=\"https:\/\/live.staticflickr.com\/65535\/52185175015_7dfb4aa0a2.jpg\" width=\"375\" height=\"500\" alt=\"JI 905\"><\/a><script async src=\"\/\/embedr.flickr.com\/assets\/client-code.js\" charset=\"utf-8\"><\/script><\/p>\n","protected":false},"excerpt":{"rendered":"<p>Dichos trabajos son financiados con Fondos Presupuestario, Educativo, Compensador y PEED (Programa de Emergencia Educativa), en los siguientes establecimientos educativos:<\/p>\n","protected":false},"author":3,"featured_media":0,"comment_status":"closed","ping_status":"closed","sticky":false,"template":"","format":"standard","meta":{"footnotes":""},"categories":[1],"tags":[],"class_list":["post-74396","post","type-post","status-publish","format-standard","hentry","category-sin-categoria"],"yoast_head":"<!-- This site is optimized with the Yoast SEO plugin v25.9 - https:\/\/yoast.com\/wordpress\/plugins\/seo\/ -->\n<title>El Consejo Escolar de Tornquist informa a la comunidad los trabajos realizados durante el mes de junio - Noticias Radio Reflejos<\/title>\n<meta name=\"robots\" content=\"index, follow, max-snippet:-1, max-image-preview:large, max-video-preview:-1\" \/>\n<link rel=\"canonical\" href=\"https:\/\/www.noticiasradioreflejos.com.ar\/2021\/el-consejo-escolar-de-tornquist-informa-a-la-comunidad-los-trabajos-realizados-durante-el-mes-de-junio\/\" \/>\n<meta property=\"og:locale\" content=\"es_ES\" \/>\n<meta property=\"og:type\" content=\"article\" \/>\n<meta property=\"og:title\" content=\"El Consejo Escolar de Tornquist informa a la comunidad los trabajos realizados durante el mes de junio - Noticias Radio Reflejos\" \/>\n<meta property=\"og:description\" content=\"Dichos trabajos son financiados con Fondos Presupuestario, Educativo, Compensador y PEED (Programa de Emergencia Educativa), en los siguientes establecimientos educativos:\" \/>\n<meta property=\"og:url\" content=\"https:\/\/www.noticiasradioreflejos.com.ar\/2021\/el-consejo-escolar-de-tornquist-informa-a-la-comunidad-los-trabajos-realizados-durante-el-mes-de-junio\/\" \/>\n<meta property=\"og:site_name\" content=\"Noticias Radio Reflejos\" \/>\n<meta property=\"article:published_time\" content=\"2022-06-30T19:26:36+00:00\" \/>\n<meta property=\"og:image\" content=\"https:\/\/live.staticflickr.com\/65535\/52184693766_2fe6645526.jpg\" \/>\n<meta name=\"author\" content=\"Arnaldo Botto\" \/>\n<meta name=\"twitter:card\" content=\"summary_large_image\" \/>\n<script type=\"application\/ld+json\" class=\"yoast-schema-graph\">{\"@context\":\"https:\/\/schema.org\",\"@graph\":[{\"@type\":\"WebPage\",\"@id\":\"https:\/\/www.noticiasradioreflejos.com.ar\/2021\/el-consejo-escolar-de-tornquist-informa-a-la-comunidad-los-trabajos-realizados-durante-el-mes-de-junio\/\",\"url\":\"https:\/\/www.noticiasradioreflejos.com.ar\/2021\/el-consejo-escolar-de-tornquist-informa-a-la-comunidad-los-trabajos-realizados-durante-el-mes-de-junio\/\",\"name\":\"El Consejo Escolar de Tornquist informa a la comunidad los trabajos realizados durante el mes de junio - Noticias Radio Reflejos\",\"isPartOf\":{\"@id\":\"https:\/\/www.noticiasradioreflejos.com.ar\/2021\/#website\"},\"primaryImageOfPage\":{\"@id\":\"https:\/\/www.noticiasradioreflejos.com.ar\/2021\/el-consejo-escolar-de-tornquist-informa-a-la-comunidad-los-trabajos-realizados-durante-el-mes-de-junio\/#primaryimage\"},\"image\":{\"@id\":\"https:\/\/www.noticiasradioreflejos.com.ar\/2021\/el-consejo-escolar-de-tornquist-informa-a-la-comunidad-los-trabajos-realizados-durante-el-mes-de-junio\/#primaryimage\"},\"thumbnailUrl\":\"https:\/\/live.staticflickr.com\/65535\/52184693766_2fe6645526.jpg\",\"datePublished\":\"2022-06-30T19:26:36+00:00\",\"author\":{\"@id\":\"https:\/\/www.noticiasradioreflejos.com.ar\/2021\/#\/schema\/person\/ad82545263dcc5ec0996818884fd5fb1\"},\"breadcrumb\":{\"@id\":\"https:\/\/www.noticiasradioreflejos.com.ar\/2021\/el-consejo-escolar-de-tornquist-informa-a-la-comunidad-los-trabajos-realizados-durante-el-mes-de-junio\/#breadcrumb\"},\"inLanguage\":\"es\",\"potentialAction\":[{\"@type\":\"ReadAction\",\"target\":[\"https:\/\/www.noticiasradioreflejos.com.ar\/2021\/el-consejo-escolar-de-tornquist-informa-a-la-comunidad-los-trabajos-realizados-durante-el-mes-de-junio\/\"]}]},{\"@type\":\"ImageObject\",\"inLanguage\":\"es\",\"@id\":\"https:\/\/www.noticiasradioreflejos.com.ar\/2021\/el-consejo-escolar-de-tornquist-informa-a-la-comunidad-los-trabajos-realizados-durante-el-mes-de-junio\/#primaryimage\",\"url\":\"https:\/\/live.staticflickr.com\/65535\/52184693766_2fe6645526.jpg\",\"contentUrl\":\"https:\/\/live.staticflickr.com\/65535\/52184693766_2fe6645526.jpg\"},{\"@type\":\"BreadcrumbList\",\"@id\":\"https:\/\/www.noticiasradioreflejos.com.ar\/2021\/el-consejo-escolar-de-tornquist-informa-a-la-comunidad-los-trabajos-realizados-durante-el-mes-de-junio\/#breadcrumb\",\"itemListElement\":[{\"@type\":\"ListItem\",\"position\":1,\"name\":\"Portada\",\"item\":\"https:\/\/www.noticiasradioreflejos.com.ar\/2021\/\"},{\"@type\":\"ListItem\",\"position\":2,\"name\":\"El Consejo Escolar de Tornquist informa a la comunidad los trabajos realizados durante el mes de junio\"}]},{\"@type\":\"WebSite\",\"@id\":\"https:\/\/www.noticiasradioreflejos.com.ar\/2021\/#website\",\"url\":\"https:\/\/www.noticiasradioreflejos.com.ar\/2021\/\",\"name\":\"Noticias Radio Reflejos\",\"description\":\"Las noticias de mi comarca\",\"potentialAction\":[{\"@type\":\"SearchAction\",\"target\":{\"@type\":\"EntryPoint\",\"urlTemplate\":\"https:\/\/www.noticiasradioreflejos.com.ar\/2021\/?s={search_term_string}\"},\"query-input\":{\"@type\":\"PropertyValueSpecification\",\"valueRequired\":true,\"valueName\":\"search_term_string\"}}],\"inLanguage\":\"es\"},{\"@type\":\"Person\",\"@id\":\"https:\/\/www.noticiasradioreflejos.com.ar\/2021\/#\/schema\/person\/ad82545263dcc5ec0996818884fd5fb1\",\"name\":\"Arnaldo Botto\",\"image\":{\"@type\":\"ImageObject\",\"inLanguage\":\"es\",\"@id\":\"https:\/\/www.noticiasradioreflejos.com.ar\/2021\/#\/schema\/person\/image\/\",\"url\":\"https:\/\/secure.gravatar.com\/avatar\/55cb5e37c1efa326397366e6974cb338056df65cb50e7d64d1cf314e87504837?s=96&d=mm&r=g\",\"contentUrl\":\"https:\/\/secure.gravatar.com\/avatar\/55cb5e37c1efa326397366e6974cb338056df65cb50e7d64d1cf314e87504837?s=96&d=mm&r=g\",\"caption\":\"Arnaldo Botto\"},\"url\":\"https:\/\/www.noticiasradioreflejos.com.ar\/2021\/author\/arnaldo\/\"}]}<\/script>\n<!-- \/ Yoast SEO plugin. -->","yoast_head_json":{"title":"El Consejo Escolar de Tornquist informa a la comunidad los trabajos realizados durante el mes de junio - Noticias Radio Reflejos","robots":{"index":"index","follow":"follow","max-snippet":"max-snippet:-1","max-image-preview":"max-image-preview:large","max-video-preview":"max-video-preview:-1"},"canonical":"https:\/\/www.noticiasradioreflejos.com.ar\/2021\/el-consejo-escolar-de-tornquist-informa-a-la-comunidad-los-trabajos-realizados-durante-el-mes-de-junio\/","og_locale":"es_ES","og_type":"article","og_title":"El Consejo Escolar de Tornquist informa a la comunidad los trabajos realizados durante el mes de junio - Noticias Radio Reflejos","og_description":"Dichos trabajos son financiados con Fondos Presupuestario, Educativo, Compensador y PEED (Programa de Emergencia Educativa), en los siguientes establecimientos educativos:","og_url":"https:\/\/www.noticiasradioreflejos.com.ar\/2021\/el-consejo-escolar-de-tornquist-informa-a-la-comunidad-los-trabajos-realizados-durante-el-mes-de-junio\/","og_site_name":"Noticias Radio Reflejos","article_published_time":"2022-06-30T19:26:36+00:00","og_image":[{"url":"https:\/\/live.staticflickr.com\/65535\/52184693766_2fe6645526.jpg","type":"","width":"","height":""}],"author":"Arnaldo Botto","twitter_card":"summary_large_image","schema":{"@context":"https:\/\/schema.org","@graph":[{"@type":"WebPage","@id":"https:\/\/www.noticiasradioreflejos.com.ar\/2021\/el-consejo-escolar-de-tornquist-informa-a-la-comunidad-los-trabajos-realizados-durante-el-mes-de-junio\/","url":"https:\/\/www.noticiasradioreflejos.com.ar\/2021\/el-consejo-escolar-de-tornquist-informa-a-la-comunidad-los-trabajos-realizados-durante-el-mes-de-junio\/","name":"El Consejo Escolar de Tornquist informa a la comunidad los trabajos realizados durante el mes de junio - Noticias Radio Reflejos","isPartOf":{"@id":"https:\/\/www.noticiasradioreflejos.com.ar\/2021\/#website"},"primaryImageOfPage":{"@id":"https:\/\/www.noticiasradioreflejos.com.ar\/2021\/el-consejo-escolar-de-tornquist-informa-a-la-comunidad-los-trabajos-realizados-durante-el-mes-de-junio\/#primaryimage"},"image":{"@id":"https:\/\/www.noticiasradioreflejos.com.ar\/2021\/el-consejo-escolar-de-tornquist-informa-a-la-comunidad-los-trabajos-realizados-durante-el-mes-de-junio\/#primaryimage"},"thumbnailUrl":"https:\/\/live.staticflickr.com\/65535\/52184693766_2fe6645526.jpg","datePublished":"2022-06-30T19:26:36+00:00","author":{"@id":"https:\/\/www.noticiasradioreflejos.com.ar\/2021\/#\/schema\/person\/ad82545263dcc5ec0996818884fd5fb1"},"breadcrumb":{"@id":"https:\/\/www.noticiasradioreflejos.com.ar\/2021\/el-consejo-escolar-de-tornquist-informa-a-la-comunidad-los-trabajos-realizados-durante-el-mes-de-junio\/#breadcrumb"},"inLanguage":"es","potentialAction":[{"@type":"ReadAction","target":["https:\/\/www.noticiasradioreflejos.com.ar\/2021\/el-consejo-escolar-de-tornquist-informa-a-la-comunidad-los-trabajos-realizados-durante-el-mes-de-junio\/"]}]},{"@type":"ImageObject","inLanguage":"es","@id":"https:\/\/www.noticiasradioreflejos.com.ar\/2021\/el-consejo-escolar-de-tornquist-informa-a-la-comunidad-los-trabajos-realizados-durante-el-mes-de-junio\/#primaryimage","url":"https:\/\/live.staticflickr.com\/65535\/52184693766_2fe6645526.jpg","contentUrl":"https:\/\/live.staticflickr.com\/65535\/52184693766_2fe6645526.jpg"},{"@type":"BreadcrumbList","@id":"https:\/\/www.noticiasradioreflejos.com.ar\/2021\/el-consejo-escolar-de-tornquist-informa-a-la-comunidad-los-trabajos-realizados-durante-el-mes-de-junio\/#breadcrumb","itemListElement":[{"@type":"ListItem","position":1,"name":"Portada","item":"https:\/\/www.noticiasradioreflejos.com.ar\/2021\/"},{"@type":"ListItem","position":2,"name":"El Consejo Escolar de Tornquist informa a la comunidad los trabajos realizados durante el mes de junio"}]},{"@type":"WebSite","@id":"https:\/\/www.noticiasradioreflejos.com.ar\/2021\/#website","url":"https:\/\/www.noticiasradioreflejos.com.ar\/2021\/","name":"Noticias Radio Reflejos","description":"Las noticias de mi comarca","potentialAction":[{"@type":"SearchAction","target":{"@type":"EntryPoint","urlTemplate":"https:\/\/www.noticiasradioreflejos.com.ar\/2021\/?s={search_term_string}"},"query-input":{"@type":"PropertyValueSpecification","valueRequired":true,"valueName":"search_term_string"}}],"inLanguage":"es"},{"@type":"Person","@id":"https:\/\/www.noticiasradioreflejos.com.ar\/2021\/#\/schema\/person\/ad82545263dcc5ec0996818884fd5fb1","name":"Arnaldo Botto","image":{"@type":"ImageObject","inLanguage":"es","@id":"https:\/\/www.noticiasradioreflejos.com.ar\/2021\/#\/schema\/person\/image\/","url":"https:\/\/secure.gravatar.com\/avatar\/55cb5e37c1efa326397366e6974cb338056df65cb50e7d64d1cf314e87504837?s=96&d=mm&r=g","contentUrl":"https:\/\/secure.gravatar.com\/avatar\/55cb5e37c1efa326397366e6974cb338056df65cb50e7d64d1cf314e87504837?s=96&d=mm&r=g","caption":"Arnaldo Botto"},"url":"https:\/\/www.noticiasradioreflejos.com.ar\/2021\/author\/arnaldo\/"}]}},"_links":{"self":[{"href":"https:\/\/www.noticiasradioreflejos.com.ar\/2021\/wp-json\/wp\/v2\/posts\/74396","targetHints":{"allow":["GET"]}}],"collection":[{"href":"https:\/\/www.noticiasradioreflejos.com.ar\/2021\/wp-json\/wp\/v2\/posts"}],"about":[{"href":"https:\/\/www.noticiasradioreflejos.com.ar\/2021\/wp-json\/wp\/v2\/types\/post"}],"author":[{"embeddable":true,"href":"https:\/\/www.noticiasradioreflejos.com.ar\/2021\/wp-json\/wp\/v2\/users\/3"}],"replies":[{"embeddable":true,"href":"https:\/\/www.noticiasradioreflejos.com.ar\/2021\/wp-json\/wp\/v2\/comments?post=74396"}],"version-history":[{"count":1,"href":"https:\/\/www.noticiasradioreflejos.com.ar\/2021\/wp-json\/wp\/v2\/posts\/74396\/revisions"}],"predecessor-version":[{"id":74398,"href":"https:\/\/www.noticiasradioreflejos.com.ar\/2021\/wp-json\/wp\/v2\/posts\/74396\/revisions\/74398"}],"wp:attachment":[{"href":"https:\/\/www.noticiasradioreflejos.com.ar\/2021\/wp-json\/wp\/v2\/media?parent=74396"}],"wp:term":[{"taxonomy":"category","embeddable":true,"href":"https:\/\/www.noticiasradioreflejos.com.ar\/2021\/wp-json\/wp\/v2\/categories?post=74396"},{"taxonomy":"post_tag","embeddable":true,"href":"https:\/\/www.noticiasradioreflejos.com.ar\/2021\/wp-json\/wp\/v2\/tags?post=74396"}],"curies":[{"name":"wp","href":"https:\/\/api.w.org\/{rel}","templated":true}]}}