{"id":74389,"date":"2022-06-30T17:10:47","date_gmt":"2022-06-30T17:10:47","guid":{"rendered":"http:\/\/www.noticiasradioreflejos.com.ar\/2021\/?p=74389"},"modified":"2022-06-30T17:25:19","modified_gmt":"2022-06-30T17:25:19","slug":"rock-con-remedio-para-melancolicos-desembarca-en-el-puesto","status":"publish","type":"post","link":"https:\/\/www.noticiasradioreflejos.com.ar\/2021\/rock-con-remedio-para-melancolicos-desembarca-en-el-puesto\/","title":{"rendered":"Rock con Remedio para Melanc\u00f3licos desembarca en El Puesto"},"content":{"rendered":"<p>La cervecer\u00eda estrella de la comarca tendr\u00e1 una banda de rock para todos los gustos este s\u00e1bado. No te la podes perder.<!--more--><\/p>\n<p><a title=\"Remedio para melanc\u00f3licos (1)\" href=\"https:\/\/www.flickr.com\/photos\/182279889@N02\/52184940945\/in\/dateposted-public\/\" data-flickr-embed=\"true\"><img loading=\"lazy\" decoding=\"async\" src=\"https:\/\/live.staticflickr.com\/65535\/52184940945_db1ae79935_c.jpg\" alt=\"Remedio para melanc\u00f3licos (1)\" width=\"800\" height=\"444\" \/><\/a><\/p>\n<p>En la voz de Carlos Rodr\u00edguez Vida ya\u00a0 se siente la ansiedad. Si bien no es la primera vez que estar\u00e1 en Sierra de la Ventana, la gala que se aproxima ser\u00e1 especial, y de all\u00ed las ansias de acelerar el tiempo para que cuanto antes llegue el s\u00e1bado por la noche.<\/p>\n<p>En ese momento preciso Rock con Remedio para Melanc\u00f3licos se presentar\u00e1 en la cervecer\u00eda estrella de la comarca, El Puesto, trayendo un repertorio infalible en donde cualquier amante de la m\u00fasica se sentir\u00e1 representado.<\/p>\n<p>Al respecto, Carlos coment\u00f3 que \u201cla banda tiene unos diez a\u00f1os de formaci\u00f3n, aunque los que nos presentaremos tenemos menos tiempo juntos, ya que el batero se sum\u00f3 hace unos siete meses. Pero con el resto nos conocemos hace mucho\u201d.<\/p>\n<p>Sobre los temas que abordan, mencion\u00f3 que \u201chacemos temas de rock nacional e internacional pero con versiones propias. Tratamos de no hacer el tema tal cual la versi\u00f3n original. Hay veces que la versi\u00f3n original es mejor, pero no es lo que hacemos habitualmente\u201d.<\/p>\n<p><a title=\"Remedio para melanc\u00f3licos (2)\" href=\"https:\/\/www.flickr.com\/photos\/182279889@N02\/52184465668\/in\/dateposted-public\/\" data-flickr-embed=\"true\"><img loading=\"lazy\" decoding=\"async\" src=\"https:\/\/live.staticflickr.com\/65535\/52184465668_9895f737e5_c.jpg\" alt=\"Remedio para melanc\u00f3licos (2)\" width=\"800\" height=\"533\" \/><\/a><\/p>\n<p>Al mismo tiempo reconoci\u00f3 que \u201clo otro que nos gusta es mezclar temas que aparentemente no tienen nada que ver r\u00edtmicamente o mel\u00f3dicamente. Un tema de los Beatles con uno de los Redondos, por ejemplo\u201d.<\/p>\n<p>De igual manera, y para contagiar esas ganas que ya transmiten v\u00eda telef\u00f3nica, adelant\u00f3 que \u201charemos temas de Pescado Rabioso, de Ser\u00fa, de Fito, de Soda\u2026 e internacionales Pink Floyd, Clapton, Beatles\u2026\u201d<\/p>\n<p>Por \u00faltimo, admiti\u00f3 que \u201cel nombre est\u00e1 sacado un libro de Bradbury, y como somos gente grande, nos gusta tocar m\u00fasica vieja\u2026 por eso la conjunci\u00f3n del nombre\u201d.<\/p>\n<p>La invitaci\u00f3n est\u00e1 hecha. El s\u00e1bado desde las 00 Rock con Remedio para Melanc\u00f3licos se presentar\u00e1 en El Puesto y vos no te lo podes perder.<\/p>\n<p>&nbsp;<\/p>\n<p>&nbsp;<\/p>\n<p><iframe loading=\"lazy\" src=\"https:\/\/w.soundcloud.com\/player\/?url=https%3A\/\/api.soundcloud.com\/tracks\/1297365655&amp;color=%23ff5500&amp;auto_play=false&amp;hide_related=false&amp;show_comments=true&amp;show_user=true&amp;show_reposts=false&amp;show_teaser=true\" width=\"100%\" height=\"166\" frameborder=\"no\" scrolling=\"no\"><\/iframe><\/p>\n<div style=\"font-size: 10px; color: #cccccc; line-break: anywhere; word-break: normal; overflow: hidden; white-space: nowrap; text-overflow: ellipsis; font-family: Interstate,Lucida Grande,Lucida Sans Unicode,Lucida Sans,Garuda,Verdana,Tahoma,sans-serif; font-weight: 100;\"><a style=\"color: #cccccc; text-decoration: none;\" title=\"fmreflejos 103.7\" href=\"https:\/\/soundcloud.com\/fmreflejos-103-7\" target=\"_blank\" rel=\"noopener\">fmreflejos 103.7<\/a> \u00b7 <a style=\"color: #cccccc; text-decoration: none;\" title=\"Carlos Rodriguez Vida\" href=\"https:\/\/soundcloud.com\/fmreflejos-103-7\/carlos-rodriguez-vida\" target=\"_blank\" rel=\"noopener\">Carlos Rodriguez Vida<\/a><\/div>\n","protected":false},"excerpt":{"rendered":"<p>La cervecer\u00eda estrella de la comarca tendr\u00e1 una banda de rock para todos los gustos este s\u00e1bado. No te la podes perder.<\/p>\n","protected":false},"author":3,"featured_media":0,"comment_status":"closed","ping_status":"closed","sticky":false,"template":"","format":"standard","meta":{"footnotes":""},"categories":[35,26,33],"tags":[48],"class_list":["post-74389","post","type-post","status-publish","format-standard","hentry","category-cultura","category-sociedad","category-turismo","tag-destacada"],"yoast_head":"<!-- This site is optimized with the Yoast SEO plugin v25.9 - https:\/\/yoast.com\/wordpress\/plugins\/seo\/ -->\n<title>Rock con Remedio para Melanc\u00f3licos desembarca en El Puesto - Noticias Radio Reflejos<\/title>\n<meta name=\"robots\" content=\"index, follow, max-snippet:-1, max-image-preview:large, max-video-preview:-1\" \/>\n<link rel=\"canonical\" href=\"https:\/\/www.noticiasradioreflejos.com.ar\/2021\/rock-con-remedio-para-melancolicos-desembarca-en-el-puesto\/\" \/>\n<meta property=\"og:locale\" content=\"es_ES\" \/>\n<meta property=\"og:type\" content=\"article\" \/>\n<meta property=\"og:title\" content=\"Rock con Remedio para Melanc\u00f3licos desembarca en El Puesto - Noticias Radio Reflejos\" \/>\n<meta property=\"og:description\" content=\"La cervecer\u00eda estrella de la comarca tendr\u00e1 una banda de rock para todos los gustos este s\u00e1bado. No te la podes perder.\" \/>\n<meta property=\"og:url\" content=\"https:\/\/www.noticiasradioreflejos.com.ar\/2021\/rock-con-remedio-para-melancolicos-desembarca-en-el-puesto\/\" \/>\n<meta property=\"og:site_name\" content=\"Noticias Radio Reflejos\" \/>\n<meta property=\"article:published_time\" content=\"2022-06-30T17:10:47+00:00\" \/>\n<meta property=\"article:modified_time\" content=\"2022-06-30T17:25:19+00:00\" \/>\n<meta property=\"og:image\" content=\"https:\/\/live.staticflickr.com\/65535\/52184940945_db1ae79935_c.jpg\" \/>\n<meta name=\"author\" content=\"Arnaldo Botto\" \/>\n<meta name=\"twitter:card\" content=\"summary_large_image\" \/>\n<script type=\"application\/ld+json\" class=\"yoast-schema-graph\">{\"@context\":\"https:\/\/schema.org\",\"@graph\":[{\"@type\":\"WebPage\",\"@id\":\"https:\/\/www.noticiasradioreflejos.com.ar\/2021\/rock-con-remedio-para-melancolicos-desembarca-en-el-puesto\/\",\"url\":\"https:\/\/www.noticiasradioreflejos.com.ar\/2021\/rock-con-remedio-para-melancolicos-desembarca-en-el-puesto\/\",\"name\":\"Rock con Remedio para Melanc\u00f3licos desembarca en El Puesto - Noticias Radio Reflejos\",\"isPartOf\":{\"@id\":\"https:\/\/www.noticiasradioreflejos.com.ar\/2021\/#website\"},\"primaryImageOfPage\":{\"@id\":\"https:\/\/www.noticiasradioreflejos.com.ar\/2021\/rock-con-remedio-para-melancolicos-desembarca-en-el-puesto\/#primaryimage\"},\"image\":{\"@id\":\"https:\/\/www.noticiasradioreflejos.com.ar\/2021\/rock-con-remedio-para-melancolicos-desembarca-en-el-puesto\/#primaryimage\"},\"thumbnailUrl\":\"https:\/\/live.staticflickr.com\/65535\/52184940945_db1ae79935_c.jpg\",\"datePublished\":\"2022-06-30T17:10:47+00:00\",\"dateModified\":\"2022-06-30T17:25:19+00:00\",\"author\":{\"@id\":\"https:\/\/www.noticiasradioreflejos.com.ar\/2021\/#\/schema\/person\/ad82545263dcc5ec0996818884fd5fb1\"},\"breadcrumb\":{\"@id\":\"https:\/\/www.noticiasradioreflejos.com.ar\/2021\/rock-con-remedio-para-melancolicos-desembarca-en-el-puesto\/#breadcrumb\"},\"inLanguage\":\"es\",\"potentialAction\":[{\"@type\":\"ReadAction\",\"target\":[\"https:\/\/www.noticiasradioreflejos.com.ar\/2021\/rock-con-remedio-para-melancolicos-desembarca-en-el-puesto\/\"]}]},{\"@type\":\"ImageObject\",\"inLanguage\":\"es\",\"@id\":\"https:\/\/www.noticiasradioreflejos.com.ar\/2021\/rock-con-remedio-para-melancolicos-desembarca-en-el-puesto\/#primaryimage\",\"url\":\"https:\/\/live.staticflickr.com\/65535\/52184940945_db1ae79935_c.jpg\",\"contentUrl\":\"https:\/\/live.staticflickr.com\/65535\/52184940945_db1ae79935_c.jpg\"},{\"@type\":\"BreadcrumbList\",\"@id\":\"https:\/\/www.noticiasradioreflejos.com.ar\/2021\/rock-con-remedio-para-melancolicos-desembarca-en-el-puesto\/#breadcrumb\",\"itemListElement\":[{\"@type\":\"ListItem\",\"position\":1,\"name\":\"Portada\",\"item\":\"https:\/\/www.noticiasradioreflejos.com.ar\/2021\/\"},{\"@type\":\"ListItem\",\"position\":2,\"name\":\"Rock con Remedio para Melanc\u00f3licos desembarca en El Puesto\"}]},{\"@type\":\"WebSite\",\"@id\":\"https:\/\/www.noticiasradioreflejos.com.ar\/2021\/#website\",\"url\":\"https:\/\/www.noticiasradioreflejos.com.ar\/2021\/\",\"name\":\"Noticias Radio Reflejos\",\"description\":\"Las noticias de mi comarca\",\"potentialAction\":[{\"@type\":\"SearchAction\",\"target\":{\"@type\":\"EntryPoint\",\"urlTemplate\":\"https:\/\/www.noticiasradioreflejos.com.ar\/2021\/?s={search_term_string}\"},\"query-input\":{\"@type\":\"PropertyValueSpecification\",\"valueRequired\":true,\"valueName\":\"search_term_string\"}}],\"inLanguage\":\"es\"},{\"@type\":\"Person\",\"@id\":\"https:\/\/www.noticiasradioreflejos.com.ar\/2021\/#\/schema\/person\/ad82545263dcc5ec0996818884fd5fb1\",\"name\":\"Arnaldo Botto\",\"image\":{\"@type\":\"ImageObject\",\"inLanguage\":\"es\",\"@id\":\"https:\/\/www.noticiasradioreflejos.com.ar\/2021\/#\/schema\/person\/image\/\",\"url\":\"https:\/\/secure.gravatar.com\/avatar\/55cb5e37c1efa326397366e6974cb338056df65cb50e7d64d1cf314e87504837?s=96&d=mm&r=g\",\"contentUrl\":\"https:\/\/secure.gravatar.com\/avatar\/55cb5e37c1efa326397366e6974cb338056df65cb50e7d64d1cf314e87504837?s=96&d=mm&r=g\",\"caption\":\"Arnaldo Botto\"},\"url\":\"https:\/\/www.noticiasradioreflejos.com.ar\/2021\/author\/arnaldo\/\"}]}<\/script>\n<!-- \/ Yoast SEO plugin. -->","yoast_head_json":{"title":"Rock con Remedio para Melanc\u00f3licos desembarca en El Puesto - Noticias Radio Reflejos","robots":{"index":"index","follow":"follow","max-snippet":"max-snippet:-1","max-image-preview":"max-image-preview:large","max-video-preview":"max-video-preview:-1"},"canonical":"https:\/\/www.noticiasradioreflejos.com.ar\/2021\/rock-con-remedio-para-melancolicos-desembarca-en-el-puesto\/","og_locale":"es_ES","og_type":"article","og_title":"Rock con Remedio para Melanc\u00f3licos desembarca en El Puesto - Noticias Radio Reflejos","og_description":"La cervecer\u00eda estrella de la comarca tendr\u00e1 una banda de rock para todos los gustos este s\u00e1bado. No te la podes perder.","og_url":"https:\/\/www.noticiasradioreflejos.com.ar\/2021\/rock-con-remedio-para-melancolicos-desembarca-en-el-puesto\/","og_site_name":"Noticias Radio Reflejos","article_published_time":"2022-06-30T17:10:47+00:00","article_modified_time":"2022-06-30T17:25:19+00:00","og_image":[{"url":"https:\/\/live.staticflickr.com\/65535\/52184940945_db1ae79935_c.jpg","type":"","width":"","height":""}],"author":"Arnaldo Botto","twitter_card":"summary_large_image","schema":{"@context":"https:\/\/schema.org","@graph":[{"@type":"WebPage","@id":"https:\/\/www.noticiasradioreflejos.com.ar\/2021\/rock-con-remedio-para-melancolicos-desembarca-en-el-puesto\/","url":"https:\/\/www.noticiasradioreflejos.com.ar\/2021\/rock-con-remedio-para-melancolicos-desembarca-en-el-puesto\/","name":"Rock con Remedio para Melanc\u00f3licos desembarca en El Puesto - Noticias Radio Reflejos","isPartOf":{"@id":"https:\/\/www.noticiasradioreflejos.com.ar\/2021\/#website"},"primaryImageOfPage":{"@id":"https:\/\/www.noticiasradioreflejos.com.ar\/2021\/rock-con-remedio-para-melancolicos-desembarca-en-el-puesto\/#primaryimage"},"image":{"@id":"https:\/\/www.noticiasradioreflejos.com.ar\/2021\/rock-con-remedio-para-melancolicos-desembarca-en-el-puesto\/#primaryimage"},"thumbnailUrl":"https:\/\/live.staticflickr.com\/65535\/52184940945_db1ae79935_c.jpg","datePublished":"2022-06-30T17:10:47+00:00","dateModified":"2022-06-30T17:25:19+00:00","author":{"@id":"https:\/\/www.noticiasradioreflejos.com.ar\/2021\/#\/schema\/person\/ad82545263dcc5ec0996818884fd5fb1"},"breadcrumb":{"@id":"https:\/\/www.noticiasradioreflejos.com.ar\/2021\/rock-con-remedio-para-melancolicos-desembarca-en-el-puesto\/#breadcrumb"},"inLanguage":"es","potentialAction":[{"@type":"ReadAction","target":["https:\/\/www.noticiasradioreflejos.com.ar\/2021\/rock-con-remedio-para-melancolicos-desembarca-en-el-puesto\/"]}]},{"@type":"ImageObject","inLanguage":"es","@id":"https:\/\/www.noticiasradioreflejos.com.ar\/2021\/rock-con-remedio-para-melancolicos-desembarca-en-el-puesto\/#primaryimage","url":"https:\/\/live.staticflickr.com\/65535\/52184940945_db1ae79935_c.jpg","contentUrl":"https:\/\/live.staticflickr.com\/65535\/52184940945_db1ae79935_c.jpg"},{"@type":"BreadcrumbList","@id":"https:\/\/www.noticiasradioreflejos.com.ar\/2021\/rock-con-remedio-para-melancolicos-desembarca-en-el-puesto\/#breadcrumb","itemListElement":[{"@type":"ListItem","position":1,"name":"Portada","item":"https:\/\/www.noticiasradioreflejos.com.ar\/2021\/"},{"@type":"ListItem","position":2,"name":"Rock con Remedio para Melanc\u00f3licos desembarca en El Puesto"}]},{"@type":"WebSite","@id":"https:\/\/www.noticiasradioreflejos.com.ar\/2021\/#website","url":"https:\/\/www.noticiasradioreflejos.com.ar\/2021\/","name":"Noticias Radio Reflejos","description":"Las noticias de mi comarca","potentialAction":[{"@type":"SearchAction","target":{"@type":"EntryPoint","urlTemplate":"https:\/\/www.noticiasradioreflejos.com.ar\/2021\/?s={search_term_string}"},"query-input":{"@type":"PropertyValueSpecification","valueRequired":true,"valueName":"search_term_string"}}],"inLanguage":"es"},{"@type":"Person","@id":"https:\/\/www.noticiasradioreflejos.com.ar\/2021\/#\/schema\/person\/ad82545263dcc5ec0996818884fd5fb1","name":"Arnaldo Botto","image":{"@type":"ImageObject","inLanguage":"es","@id":"https:\/\/www.noticiasradioreflejos.com.ar\/2021\/#\/schema\/person\/image\/","url":"https:\/\/secure.gravatar.com\/avatar\/55cb5e37c1efa326397366e6974cb338056df65cb50e7d64d1cf314e87504837?s=96&d=mm&r=g","contentUrl":"https:\/\/secure.gravatar.com\/avatar\/55cb5e37c1efa326397366e6974cb338056df65cb50e7d64d1cf314e87504837?s=96&d=mm&r=g","caption":"Arnaldo Botto"},"url":"https:\/\/www.noticiasradioreflejos.com.ar\/2021\/author\/arnaldo\/"}]}},"_links":{"self":[{"href":"https:\/\/www.noticiasradioreflejos.com.ar\/2021\/wp-json\/wp\/v2\/posts\/74389","targetHints":{"allow":["GET"]}}],"collection":[{"href":"https:\/\/www.noticiasradioreflejos.com.ar\/2021\/wp-json\/wp\/v2\/posts"}],"about":[{"href":"https:\/\/www.noticiasradioreflejos.com.ar\/2021\/wp-json\/wp\/v2\/types\/post"}],"author":[{"embeddable":true,"href":"https:\/\/www.noticiasradioreflejos.com.ar\/2021\/wp-json\/wp\/v2\/users\/3"}],"replies":[{"embeddable":true,"href":"https:\/\/www.noticiasradioreflejos.com.ar\/2021\/wp-json\/wp\/v2\/comments?post=74389"}],"version-history":[{"count":2,"href":"https:\/\/www.noticiasradioreflejos.com.ar\/2021\/wp-json\/wp\/v2\/posts\/74389\/revisions"}],"predecessor-version":[{"id":74393,"href":"https:\/\/www.noticiasradioreflejos.com.ar\/2021\/wp-json\/wp\/v2\/posts\/74389\/revisions\/74393"}],"wp:attachment":[{"href":"https:\/\/www.noticiasradioreflejos.com.ar\/2021\/wp-json\/wp\/v2\/media?parent=74389"}],"wp:term":[{"taxonomy":"category","embeddable":true,"href":"https:\/\/www.noticiasradioreflejos.com.ar\/2021\/wp-json\/wp\/v2\/categories?post=74389"},{"taxonomy":"post_tag","embeddable":true,"href":"https:\/\/www.noticiasradioreflejos.com.ar\/2021\/wp-json\/wp\/v2\/tags?post=74389"}],"curies":[{"name":"wp","href":"https:\/\/api.w.org\/{rel}","templated":true}]}}