{"id":74387,"date":"2022-06-30T17:23:00","date_gmt":"2022-06-30T17:23:00","guid":{"rendered":"http:\/\/www.noticiasradioreflejos.com.ar\/2021\/?p=74387"},"modified":"2022-06-30T17:23:00","modified_gmt":"2022-06-30T17:23:00","slug":"compartiendo-pinceles-lo-rico-del-taller-es-aprender-entre-todos-y-compartir","status":"publish","type":"post","link":"https:\/\/www.noticiasradioreflejos.com.ar\/2021\/compartiendo-pinceles-lo-rico-del-taller-es-aprender-entre-todos-y-compartir\/","title":{"rendered":"\u00abCompartiendo Pinceles\u00bb:  \u00abLo rico del taller es aprender entre todos y compartir\u201d"},"content":{"rendered":"<p>La Segunda edici\u00f3n del Taller intensivo de dibujo y pintura \u00abCompartiendo Pinceles\u00bb, se dar\u00e1 este s\u00e1bado y domingo, de 10 a 18. La inscripci\u00f3n es libre y gratuita para todos aquellos mayores de 15 a\u00f1os. Deben llevar los materiales con los que deseen trabajar, dijo<strong> Carlos Giusti.<\/strong><!--more--><\/p>\n<p><a title=\"WhatsApp Image 2022-06-29 at 10.51.24 AM\" href=\"https:\/\/www.flickr.com\/photos\/182279889@N02\/52183452697\/in\/dateposted-public\/\" data-flickr-embed=\"true\"><img loading=\"lazy\" decoding=\"async\" src=\"https:\/\/live.staticflickr.com\/65535\/52183452697_a42565d4e3_c.jpg\" alt=\"WhatsApp Image 2022-06-29 at 10.51.24 AM\" width=\"800\" height=\"671\" \/><\/a><\/p>\n<p>Tras el gran suceso que caus\u00f3 la primera edici\u00f3n, este fin de semana en el Centro Cultural de Sierra de la Ventana se llevar\u00e1 adelante el segundo encuentro de Compartiendo Pinceles, un taller de pintura llevado adelante por el artista Carlos Giusti.<\/p>\n<p>Al respecto, el art\u00edfice de esta idea mencion\u00f3 que \u201cel taller pasado fue el 23 y 24 de abril. No fue hace tanto. Ahora estaremos el 2 y 3 de julio, de 10 a 18, totalmente libre para toda la comunidad. Van a venir amigos de Viedma y La Plata. Esperamos que sea un encuentro muy fruct\u00edfero\u201d.<\/p>\n<p>Del mismo modo, y recapitulando lo ocurrido meses atr\u00e1s, reconoci\u00f3 que \u201cla muestra Hasta el Hueso fue algo muy lindo en todo aspecto. Se hicieron muchas cosas m\u00e1s all\u00e1 de los cuadros expuestos. Hubo muchas acciones. Hubo m\u00fasica, homenajes, vino la murga de Saldungaray, hicimos intervenciones de pintura\u2026 en esos dos meses pasaron muchas cosas\u201d.<\/p>\n<p>Del mismo modo reafirm\u00f3 que \u201ceste taller lo auspicia la municipalidad de Tornquist. Voy a dar un total de tres talleres al a\u00f1o. El \u00faltimo ser\u00e1 para primavera, entre octubre y noviembre\u201d.<\/p>\n<p>Por \u00faltimo, y apuntando a lo que ocurrir\u00e1 este fin de semana, mencion\u00f3 que \u201ces a partir de los 15 a\u00f1os. Los que vengan pueden sacarles los \u00fatiles a los hijos. T\u00e9mperas comunes, l\u00e1pices de colores, tinta china, papeles\u2026 las cosas b\u00e1sicas. No se necesita tener experiencia. Lo rico del taller es aprender entre todos y compartir\u201d.<\/p>\n<p>&nbsp;<\/p>\n<p>&nbsp;<\/p>\n<p><iframe loading=\"lazy\" src=\"https:\/\/w.soundcloud.com\/player\/?url=https%3A\/\/api.soundcloud.com\/tracks\/1297316080&amp;color=%23ff5500&amp;auto_play=false&amp;hide_related=false&amp;show_comments=true&amp;show_user=true&amp;show_reposts=false&amp;show_teaser=true\" width=\"100%\" height=\"166\" frameborder=\"no\" scrolling=\"no\"><\/iframe><\/p>\n<div style=\"font-size: 10px; color: #cccccc; line-break: anywhere; word-break: normal; overflow: hidden; white-space: nowrap; text-overflow: ellipsis; font-family: Interstate,Lucida Grande,Lucida Sans Unicode,Lucida Sans,Garuda,Verdana,Tahoma,sans-serif; font-weight: 100;\"><a style=\"color: #cccccc; text-decoration: none;\" title=\"fmreflejos 103.7\" href=\"https:\/\/soundcloud.com\/fmreflejos-103-7\" target=\"_blank\" rel=\"noopener\">fmreflejos 103.7<\/a> \u00b7 <a style=\"color: #cccccc; text-decoration: none;\" title=\"Carlos Giusti\" href=\"https:\/\/soundcloud.com\/fmreflejos-103-7\/carlos-giusti-5\" target=\"_blank\" rel=\"noopener\">Carlos Giusti<\/a><\/div>\n","protected":false},"excerpt":{"rendered":"<p>La Segunda edici\u00f3n del Taller intensivo de dibujo y pintura \u00abCompartiendo Pinceles\u00bb, se dar\u00e1 este s\u00e1bado y domingo, de 10 a 18. La inscripci\u00f3n es libre y gratuita para todos aquellos mayores de 15 a\u00f1os. Deben llevar los materiales con los que deseen trabajar, dijo Carlos Giusti.<\/p>\n","protected":false},"author":3,"featured_media":0,"comment_status":"closed","ping_status":"closed","sticky":false,"template":"","format":"standard","meta":{"footnotes":""},"categories":[35,34,26],"tags":[48],"class_list":["post-74387","post","type-post","status-publish","format-standard","hentry","category-cultura","category-educacion","category-sociedad","tag-destacada"],"yoast_head":"<!-- This site is optimized with the Yoast SEO plugin v25.9 - https:\/\/yoast.com\/wordpress\/plugins\/seo\/ -->\n<title>&quot;Compartiendo Pinceles&quot;: &quot;Lo rico del taller es aprender entre todos y compartir\u201d - Noticias Radio Reflejos<\/title>\n<meta name=\"robots\" content=\"index, follow, max-snippet:-1, max-image-preview:large, max-video-preview:-1\" \/>\n<link rel=\"canonical\" href=\"https:\/\/www.noticiasradioreflejos.com.ar\/2021\/compartiendo-pinceles-lo-rico-del-taller-es-aprender-entre-todos-y-compartir\/\" \/>\n<meta property=\"og:locale\" content=\"es_ES\" \/>\n<meta property=\"og:type\" content=\"article\" \/>\n<meta property=\"og:title\" content=\"&quot;Compartiendo Pinceles&quot;: &quot;Lo rico del taller es aprender entre todos y compartir\u201d - Noticias Radio Reflejos\" \/>\n<meta property=\"og:description\" content=\"La Segunda edici\u00f3n del Taller intensivo de dibujo y pintura \u00abCompartiendo Pinceles\u00bb, se dar\u00e1 este s\u00e1bado y domingo, de 10 a 18. La inscripci\u00f3n es libre y gratuita para todos aquellos mayores de 15 a\u00f1os. Deben llevar los materiales con los que deseen trabajar, dijo Carlos Giusti.\" \/>\n<meta property=\"og:url\" content=\"https:\/\/www.noticiasradioreflejos.com.ar\/2021\/compartiendo-pinceles-lo-rico-del-taller-es-aprender-entre-todos-y-compartir\/\" \/>\n<meta property=\"og:site_name\" content=\"Noticias Radio Reflejos\" \/>\n<meta property=\"article:published_time\" content=\"2022-06-30T17:23:00+00:00\" \/>\n<meta property=\"og:image\" content=\"https:\/\/live.staticflickr.com\/65535\/52183452697_a42565d4e3_c.jpg\" \/>\n<meta name=\"author\" content=\"Arnaldo Botto\" \/>\n<meta name=\"twitter:card\" content=\"summary_large_image\" \/>\n<script type=\"application\/ld+json\" class=\"yoast-schema-graph\">{\"@context\":\"https:\/\/schema.org\",\"@graph\":[{\"@type\":\"WebPage\",\"@id\":\"https:\/\/www.noticiasradioreflejos.com.ar\/2021\/compartiendo-pinceles-lo-rico-del-taller-es-aprender-entre-todos-y-compartir\/\",\"url\":\"https:\/\/www.noticiasradioreflejos.com.ar\/2021\/compartiendo-pinceles-lo-rico-del-taller-es-aprender-entre-todos-y-compartir\/\",\"name\":\"\\\"Compartiendo Pinceles\\\": \\\"Lo rico del taller es aprender entre todos y compartir\u201d - Noticias Radio Reflejos\",\"isPartOf\":{\"@id\":\"https:\/\/www.noticiasradioreflejos.com.ar\/2021\/#website\"},\"primaryImageOfPage\":{\"@id\":\"https:\/\/www.noticiasradioreflejos.com.ar\/2021\/compartiendo-pinceles-lo-rico-del-taller-es-aprender-entre-todos-y-compartir\/#primaryimage\"},\"image\":{\"@id\":\"https:\/\/www.noticiasradioreflejos.com.ar\/2021\/compartiendo-pinceles-lo-rico-del-taller-es-aprender-entre-todos-y-compartir\/#primaryimage\"},\"thumbnailUrl\":\"https:\/\/live.staticflickr.com\/65535\/52183452697_a42565d4e3_c.jpg\",\"datePublished\":\"2022-06-30T17:23:00+00:00\",\"author\":{\"@id\":\"https:\/\/www.noticiasradioreflejos.com.ar\/2021\/#\/schema\/person\/ad82545263dcc5ec0996818884fd5fb1\"},\"breadcrumb\":{\"@id\":\"https:\/\/www.noticiasradioreflejos.com.ar\/2021\/compartiendo-pinceles-lo-rico-del-taller-es-aprender-entre-todos-y-compartir\/#breadcrumb\"},\"inLanguage\":\"es\",\"potentialAction\":[{\"@type\":\"ReadAction\",\"target\":[\"https:\/\/www.noticiasradioreflejos.com.ar\/2021\/compartiendo-pinceles-lo-rico-del-taller-es-aprender-entre-todos-y-compartir\/\"]}]},{\"@type\":\"ImageObject\",\"inLanguage\":\"es\",\"@id\":\"https:\/\/www.noticiasradioreflejos.com.ar\/2021\/compartiendo-pinceles-lo-rico-del-taller-es-aprender-entre-todos-y-compartir\/#primaryimage\",\"url\":\"https:\/\/live.staticflickr.com\/65535\/52183452697_a42565d4e3_c.jpg\",\"contentUrl\":\"https:\/\/live.staticflickr.com\/65535\/52183452697_a42565d4e3_c.jpg\"},{\"@type\":\"BreadcrumbList\",\"@id\":\"https:\/\/www.noticiasradioreflejos.com.ar\/2021\/compartiendo-pinceles-lo-rico-del-taller-es-aprender-entre-todos-y-compartir\/#breadcrumb\",\"itemListElement\":[{\"@type\":\"ListItem\",\"position\":1,\"name\":\"Portada\",\"item\":\"https:\/\/www.noticiasradioreflejos.com.ar\/2021\/\"},{\"@type\":\"ListItem\",\"position\":2,\"name\":\"\u00abCompartiendo Pinceles\u00bb: \u00abLo rico del taller es aprender entre todos y compartir\u201d\"}]},{\"@type\":\"WebSite\",\"@id\":\"https:\/\/www.noticiasradioreflejos.com.ar\/2021\/#website\",\"url\":\"https:\/\/www.noticiasradioreflejos.com.ar\/2021\/\",\"name\":\"Noticias Radio Reflejos\",\"description\":\"Las noticias de mi comarca\",\"potentialAction\":[{\"@type\":\"SearchAction\",\"target\":{\"@type\":\"EntryPoint\",\"urlTemplate\":\"https:\/\/www.noticiasradioreflejos.com.ar\/2021\/?s={search_term_string}\"},\"query-input\":{\"@type\":\"PropertyValueSpecification\",\"valueRequired\":true,\"valueName\":\"search_term_string\"}}],\"inLanguage\":\"es\"},{\"@type\":\"Person\",\"@id\":\"https:\/\/www.noticiasradioreflejos.com.ar\/2021\/#\/schema\/person\/ad82545263dcc5ec0996818884fd5fb1\",\"name\":\"Arnaldo Botto\",\"image\":{\"@type\":\"ImageObject\",\"inLanguage\":\"es\",\"@id\":\"https:\/\/www.noticiasradioreflejos.com.ar\/2021\/#\/schema\/person\/image\/\",\"url\":\"https:\/\/secure.gravatar.com\/avatar\/55cb5e37c1efa326397366e6974cb338056df65cb50e7d64d1cf314e87504837?s=96&d=mm&r=g\",\"contentUrl\":\"https:\/\/secure.gravatar.com\/avatar\/55cb5e37c1efa326397366e6974cb338056df65cb50e7d64d1cf314e87504837?s=96&d=mm&r=g\",\"caption\":\"Arnaldo Botto\"},\"url\":\"https:\/\/www.noticiasradioreflejos.com.ar\/2021\/author\/arnaldo\/\"}]}<\/script>\n<!-- \/ Yoast SEO plugin. -->","yoast_head_json":{"title":"\"Compartiendo Pinceles\": \"Lo rico del taller es aprender entre todos y compartir\u201d - Noticias Radio Reflejos","robots":{"index":"index","follow":"follow","max-snippet":"max-snippet:-1","max-image-preview":"max-image-preview:large","max-video-preview":"max-video-preview:-1"},"canonical":"https:\/\/www.noticiasradioreflejos.com.ar\/2021\/compartiendo-pinceles-lo-rico-del-taller-es-aprender-entre-todos-y-compartir\/","og_locale":"es_ES","og_type":"article","og_title":"\"Compartiendo Pinceles\": \"Lo rico del taller es aprender entre todos y compartir\u201d - Noticias Radio Reflejos","og_description":"La Segunda edici\u00f3n del Taller intensivo de dibujo y pintura \u00abCompartiendo Pinceles\u00bb, se dar\u00e1 este s\u00e1bado y domingo, de 10 a 18. La inscripci\u00f3n es libre y gratuita para todos aquellos mayores de 15 a\u00f1os. Deben llevar los materiales con los que deseen trabajar, dijo Carlos Giusti.","og_url":"https:\/\/www.noticiasradioreflejos.com.ar\/2021\/compartiendo-pinceles-lo-rico-del-taller-es-aprender-entre-todos-y-compartir\/","og_site_name":"Noticias Radio Reflejos","article_published_time":"2022-06-30T17:23:00+00:00","og_image":[{"url":"https:\/\/live.staticflickr.com\/65535\/52183452697_a42565d4e3_c.jpg","type":"","width":"","height":""}],"author":"Arnaldo Botto","twitter_card":"summary_large_image","schema":{"@context":"https:\/\/schema.org","@graph":[{"@type":"WebPage","@id":"https:\/\/www.noticiasradioreflejos.com.ar\/2021\/compartiendo-pinceles-lo-rico-del-taller-es-aprender-entre-todos-y-compartir\/","url":"https:\/\/www.noticiasradioreflejos.com.ar\/2021\/compartiendo-pinceles-lo-rico-del-taller-es-aprender-entre-todos-y-compartir\/","name":"\"Compartiendo Pinceles\": \"Lo rico del taller es aprender entre todos y compartir\u201d - Noticias Radio Reflejos","isPartOf":{"@id":"https:\/\/www.noticiasradioreflejos.com.ar\/2021\/#website"},"primaryImageOfPage":{"@id":"https:\/\/www.noticiasradioreflejos.com.ar\/2021\/compartiendo-pinceles-lo-rico-del-taller-es-aprender-entre-todos-y-compartir\/#primaryimage"},"image":{"@id":"https:\/\/www.noticiasradioreflejos.com.ar\/2021\/compartiendo-pinceles-lo-rico-del-taller-es-aprender-entre-todos-y-compartir\/#primaryimage"},"thumbnailUrl":"https:\/\/live.staticflickr.com\/65535\/52183452697_a42565d4e3_c.jpg","datePublished":"2022-06-30T17:23:00+00:00","author":{"@id":"https:\/\/www.noticiasradioreflejos.com.ar\/2021\/#\/schema\/person\/ad82545263dcc5ec0996818884fd5fb1"},"breadcrumb":{"@id":"https:\/\/www.noticiasradioreflejos.com.ar\/2021\/compartiendo-pinceles-lo-rico-del-taller-es-aprender-entre-todos-y-compartir\/#breadcrumb"},"inLanguage":"es","potentialAction":[{"@type":"ReadAction","target":["https:\/\/www.noticiasradioreflejos.com.ar\/2021\/compartiendo-pinceles-lo-rico-del-taller-es-aprender-entre-todos-y-compartir\/"]}]},{"@type":"ImageObject","inLanguage":"es","@id":"https:\/\/www.noticiasradioreflejos.com.ar\/2021\/compartiendo-pinceles-lo-rico-del-taller-es-aprender-entre-todos-y-compartir\/#primaryimage","url":"https:\/\/live.staticflickr.com\/65535\/52183452697_a42565d4e3_c.jpg","contentUrl":"https:\/\/live.staticflickr.com\/65535\/52183452697_a42565d4e3_c.jpg"},{"@type":"BreadcrumbList","@id":"https:\/\/www.noticiasradioreflejos.com.ar\/2021\/compartiendo-pinceles-lo-rico-del-taller-es-aprender-entre-todos-y-compartir\/#breadcrumb","itemListElement":[{"@type":"ListItem","position":1,"name":"Portada","item":"https:\/\/www.noticiasradioreflejos.com.ar\/2021\/"},{"@type":"ListItem","position":2,"name":"\u00abCompartiendo Pinceles\u00bb: \u00abLo rico del taller es aprender entre todos y compartir\u201d"}]},{"@type":"WebSite","@id":"https:\/\/www.noticiasradioreflejos.com.ar\/2021\/#website","url":"https:\/\/www.noticiasradioreflejos.com.ar\/2021\/","name":"Noticias Radio Reflejos","description":"Las noticias de mi comarca","potentialAction":[{"@type":"SearchAction","target":{"@type":"EntryPoint","urlTemplate":"https:\/\/www.noticiasradioreflejos.com.ar\/2021\/?s={search_term_string}"},"query-input":{"@type":"PropertyValueSpecification","valueRequired":true,"valueName":"search_term_string"}}],"inLanguage":"es"},{"@type":"Person","@id":"https:\/\/www.noticiasradioreflejos.com.ar\/2021\/#\/schema\/person\/ad82545263dcc5ec0996818884fd5fb1","name":"Arnaldo Botto","image":{"@type":"ImageObject","inLanguage":"es","@id":"https:\/\/www.noticiasradioreflejos.com.ar\/2021\/#\/schema\/person\/image\/","url":"https:\/\/secure.gravatar.com\/avatar\/55cb5e37c1efa326397366e6974cb338056df65cb50e7d64d1cf314e87504837?s=96&d=mm&r=g","contentUrl":"https:\/\/secure.gravatar.com\/avatar\/55cb5e37c1efa326397366e6974cb338056df65cb50e7d64d1cf314e87504837?s=96&d=mm&r=g","caption":"Arnaldo Botto"},"url":"https:\/\/www.noticiasradioreflejos.com.ar\/2021\/author\/arnaldo\/"}]}},"_links":{"self":[{"href":"https:\/\/www.noticiasradioreflejos.com.ar\/2021\/wp-json\/wp\/v2\/posts\/74387","targetHints":{"allow":["GET"]}}],"collection":[{"href":"https:\/\/www.noticiasradioreflejos.com.ar\/2021\/wp-json\/wp\/v2\/posts"}],"about":[{"href":"https:\/\/www.noticiasradioreflejos.com.ar\/2021\/wp-json\/wp\/v2\/types\/post"}],"author":[{"embeddable":true,"href":"https:\/\/www.noticiasradioreflejos.com.ar\/2021\/wp-json\/wp\/v2\/users\/3"}],"replies":[{"embeddable":true,"href":"https:\/\/www.noticiasradioreflejos.com.ar\/2021\/wp-json\/wp\/v2\/comments?post=74387"}],"version-history":[{"count":2,"href":"https:\/\/www.noticiasradioreflejos.com.ar\/2021\/wp-json\/wp\/v2\/posts\/74387\/revisions"}],"predecessor-version":[{"id":74395,"href":"https:\/\/www.noticiasradioreflejos.com.ar\/2021\/wp-json\/wp\/v2\/posts\/74387\/revisions\/74395"}],"wp:attachment":[{"href":"https:\/\/www.noticiasradioreflejos.com.ar\/2021\/wp-json\/wp\/v2\/media?parent=74387"}],"wp:term":[{"taxonomy":"category","embeddable":true,"href":"https:\/\/www.noticiasradioreflejos.com.ar\/2021\/wp-json\/wp\/v2\/categories?post=74387"},{"taxonomy":"post_tag","embeddable":true,"href":"https:\/\/www.noticiasradioreflejos.com.ar\/2021\/wp-json\/wp\/v2\/tags?post=74387"}],"curies":[{"name":"wp","href":"https:\/\/api.w.org\/{rel}","templated":true}]}}