{"id":74381,"date":"2022-06-30T12:06:58","date_gmt":"2022-06-30T12:06:58","guid":{"rendered":"http:\/\/www.noticiasradioreflejos.com.ar\/2021\/?p=74381"},"modified":"2022-06-30T12:06:58","modified_gmt":"2022-06-30T12:06:58","slug":"aumentan-reintegro-para-compras-con-debito","status":"publish","type":"post","link":"https:\/\/www.noticiasradioreflejos.com.ar\/2021\/aumentan-reintegro-para-compras-con-debito\/","title":{"rendered":"Aumentan reintegro para compras con d\u00e9bito"},"content":{"rendered":"<header id=\"mvp-post-head\" class=\"left relative\">La AFIP inform\u00f3 que el nuevo monto ser\u00e1 $2.028 mensuales. La medida est\u00e1 vigente hasta el 31 de diciembre.<\/p>\n<\/header>\n<p><!--more--><\/p>\n<div class=\"mvp-post-main-out left relative\">\n<div class=\"mvp-post-main-in\">\n<div id=\"mvp-post-content\" class=\"left relative\">\n<div id=\"mvp-post-feat-img\" class=\"left relative mvp-post-feat-img-wide2\"><picture><source srcset=\"https:\/\/www.labrujula24.com\/wp-content\/webp-express\/webp-images\/uploads\/2022\/06\/tarjetadebito.jpg.webp 1200w, https:\/\/www.labrujula24.com\/wp-content\/webp-express\/webp-images\/uploads\/2022\/06\/tarjetadebito-768x461.jpg.webp 768w, https:\/\/www.labrujula24.com\/wp-content\/webp-express\/webp-images\/uploads\/2022\/06\/tarjetadebito-1000x600.jpg.webp 1000w, https:\/\/www.labrujula24.com\/wp-content\/webp-express\/webp-images\/uploads\/2022\/06\/tarjetadebito-590x354.jpg.webp 590w, https:\/\/www.labrujula24.com\/wp-content\/webp-express\/webp-images\/uploads\/2022\/06\/tarjetadebito-400x240.jpg.webp 400w\" type=\"image\/webp\" sizes=\"(max-width: 1200px) 100vw, 1200px\" \/><img loading=\"lazy\" decoding=\"async\" class=\"attachment- size- wp-post-image webpexpress-processed\" src=\"https:\/\/www.labrujula24.com\/wp-content\/uploads\/2022\/06\/tarjetadebito.jpg\" sizes=\"auto, (max-width: 1200px) 100vw, 1200px\" srcset=\"https:\/\/www.labrujula24.com\/wp-content\/uploads\/2022\/06\/tarjetadebito.jpg 1200w, https:\/\/www.labrujula24.com\/wp-content\/uploads\/2022\/06\/tarjetadebito-768x461.jpg 768w, https:\/\/www.labrujula24.com\/wp-content\/uploads\/2022\/06\/tarjetadebito-1000x600.jpg 1000w, https:\/\/www.labrujula24.com\/wp-content\/uploads\/2022\/06\/tarjetadebito-590x354.jpg 590w, https:\/\/www.labrujula24.com\/wp-content\/uploads\/2022\/06\/tarjetadebito-400x240.jpg 400w\" alt=\"\" width=\"1200\" height=\"720\" \/><\/picture><\/div>\n<div id=\"mvp-content-wrap\" class=\"left relative\">\n<div class=\"mvp-post-soc-out right relative\">\n<div class=\"mvp-post-soc-in\">\n<div id=\"mvp-content-body\" class=\"left relative\">\n<div id=\"mvp-content-body-top\" class=\"left relative\">\n<div id=\"mvp-content-main\" class=\"left relative\">\n<div id=\"textbody\">\n<div class=\"at-above-post addthis_tool\" data-url=\"https:\/\/www.labrujula24.com\/notas\/2022\/06\/30\/aumentan-reintegro-para-compras-con-debito-n224367\/\"><\/div>\n<p>La Administraci\u00f3n Federal de Ingresos P\u00fablicos (AFIP) increment\u00f3 69% el reintegro a sectores vulnerados por consumos realizados con tarjeta de d\u00e9bito. El nuevo monto ser\u00e1 $2.028 mensuales y estar\u00e1 vigente hasta el 31 de diciembre.<\/p>\n<p>El organismo que conduce Mercedes Marc\u00f3 del Pont inform\u00f3 a trav\u00e9s de la Resoluci\u00f3n General 5221\/2022 que el beneficio \u201calcanza a las personas cuyo \u00fanico ingreso sea una jubilaci\u00f3n o pensi\u00f3n de haber m\u00ednimo y titulares de AUH y la Asignaci\u00f3n Universal por Embarazo\u201d.<\/p>\n<p>La extensi\u00f3n del beneficio estar\u00e1 vigente hasta el 31 de diciembre. Seg\u00fan inform\u00f3 AFIP, el objetivo es ofrecer \u201cun impulso adicional a los consumos que realizan todos los meses m\u00e1s de 2 millones de personas\u201d.<\/p>\n<figure class=\"wp-block-image size-full\"><img loading=\"lazy\" decoding=\"async\" class=\"wp-image-224368\" src=\"https:\/\/www.labrujula24.com\/wp-content\/uploads\/2022\/06\/debito1.webp\" alt=\"\" width=\"730\" height=\"410\" \/><\/figure>\n<h2>Qu\u00e9 comercios est\u00e1n alcanzados<\/h2>\n<p>El nuevo monto asciende hasta $2.028 mensuales por beneficiario y alcanza a las compras realizadas en farmacias, comercios de cercan\u00eda, mini, s\u00faper e hipermercados, kioscos y almacenes. Asimismo, el valor m\u00e1ximo para titulares de la AUH con 2 o m\u00e1s hijos ser\u00e1 de de $4.057.<\/p>\n<div class=\"code-block code-block-1\"><\/div>\n<p>\u201cEl reintegro se acredita en forma autom\u00e1tica cuando las personas beneficiarias realizan sus compras con tarjeta de d\u00e9bito mientras que tambi\u00e9n est\u00e1n alcanzadas las operaciones abonadas con esas tarjetas bajo la modalidad de Pago Electr\u00f3nico Inmediato (PEI) o c\u00f3digos de respuesta r\u00e1pida (QR)\u201d, comunic\u00f3 el organismo esta noche.<\/p>\n<p>Adem\u00e1s de fortalecer el consumo, la herramienta tiene por objetivo favorecer el acceso a servicios financieros para contribuir a la reducci\u00f3n de las brechas sociales, territoriales y de g\u00e9nero. \u201cEs importante destacar que por tratarse de un r\u00e9gimen financiado con una partida presupuestaria asignada a tales efectos por el Ministerio de Econom\u00eda, no afecta a la coparticipaci\u00f3n federal\u201d, concluyeron.<\/p>\n<p><strong>Fuente:<\/strong>\u00a0LB24 \/ \u00c1mbito.<\/p>\n<\/div>\n<\/div>\n<\/div>\n<\/div>\n<\/div>\n<\/div>\n<\/div>\n<\/div>\n<\/div>\n<\/div>\n","protected":false},"excerpt":{"rendered":"<p>La AFIP inform\u00f3 que el nuevo monto ser\u00e1 $2.028 mensuales. La medida est\u00e1 vigente hasta el 31 de diciembre.<\/p>\n","protected":false},"author":3,"featured_media":0,"comment_status":"closed","ping_status":"closed","sticky":false,"template":"","format":"standard","meta":{"footnotes":""},"categories":[36,24,26],"tags":[],"class_list":["post-74381","post","type-post","status-publish","format-standard","hentry","category-economia","category-politica","category-sociedad"],"yoast_head":"<!-- This site is optimized with the Yoast SEO plugin v25.9 - https:\/\/yoast.com\/wordpress\/plugins\/seo\/ -->\n<title>Aumentan reintegro para compras con d\u00e9bito - Noticias Radio Reflejos<\/title>\n<meta name=\"robots\" content=\"index, follow, max-snippet:-1, max-image-preview:large, max-video-preview:-1\" \/>\n<link rel=\"canonical\" href=\"https:\/\/www.noticiasradioreflejos.com.ar\/2021\/aumentan-reintegro-para-compras-con-debito\/\" \/>\n<meta property=\"og:locale\" content=\"es_ES\" \/>\n<meta property=\"og:type\" content=\"article\" \/>\n<meta property=\"og:title\" content=\"Aumentan reintegro para compras con d\u00e9bito - Noticias Radio Reflejos\" \/>\n<meta property=\"og:description\" content=\"La AFIP inform\u00f3 que el nuevo monto ser\u00e1 $2.028 mensuales. La medida est\u00e1 vigente hasta el 31 de diciembre.\" \/>\n<meta property=\"og:url\" content=\"https:\/\/www.noticiasradioreflejos.com.ar\/2021\/aumentan-reintegro-para-compras-con-debito\/\" \/>\n<meta property=\"og:site_name\" content=\"Noticias Radio Reflejos\" \/>\n<meta property=\"article:published_time\" content=\"2022-06-30T12:06:58+00:00\" \/>\n<meta property=\"og:image\" content=\"https:\/\/www.labrujula24.com\/wp-content\/uploads\/2022\/06\/tarjetadebito.jpg\" \/>\n<meta name=\"author\" content=\"Arnaldo Botto\" \/>\n<meta name=\"twitter:card\" content=\"summary_large_image\" \/>\n<script type=\"application\/ld+json\" class=\"yoast-schema-graph\">{\"@context\":\"https:\/\/schema.org\",\"@graph\":[{\"@type\":\"WebPage\",\"@id\":\"https:\/\/www.noticiasradioreflejos.com.ar\/2021\/aumentan-reintegro-para-compras-con-debito\/\",\"url\":\"https:\/\/www.noticiasradioreflejos.com.ar\/2021\/aumentan-reintegro-para-compras-con-debito\/\",\"name\":\"Aumentan reintegro para compras con d\u00e9bito - Noticias Radio Reflejos\",\"isPartOf\":{\"@id\":\"https:\/\/www.noticiasradioreflejos.com.ar\/2021\/#website\"},\"primaryImageOfPage\":{\"@id\":\"https:\/\/www.noticiasradioreflejos.com.ar\/2021\/aumentan-reintegro-para-compras-con-debito\/#primaryimage\"},\"image\":{\"@id\":\"https:\/\/www.noticiasradioreflejos.com.ar\/2021\/aumentan-reintegro-para-compras-con-debito\/#primaryimage\"},\"thumbnailUrl\":\"https:\/\/www.labrujula24.com\/wp-content\/uploads\/2022\/06\/tarjetadebito.jpg\",\"datePublished\":\"2022-06-30T12:06:58+00:00\",\"author\":{\"@id\":\"https:\/\/www.noticiasradioreflejos.com.ar\/2021\/#\/schema\/person\/ad82545263dcc5ec0996818884fd5fb1\"},\"breadcrumb\":{\"@id\":\"https:\/\/www.noticiasradioreflejos.com.ar\/2021\/aumentan-reintegro-para-compras-con-debito\/#breadcrumb\"},\"inLanguage\":\"es\",\"potentialAction\":[{\"@type\":\"ReadAction\",\"target\":[\"https:\/\/www.noticiasradioreflejos.com.ar\/2021\/aumentan-reintegro-para-compras-con-debito\/\"]}]},{\"@type\":\"ImageObject\",\"inLanguage\":\"es\",\"@id\":\"https:\/\/www.noticiasradioreflejos.com.ar\/2021\/aumentan-reintegro-para-compras-con-debito\/#primaryimage\",\"url\":\"https:\/\/www.labrujula24.com\/wp-content\/uploads\/2022\/06\/tarjetadebito.jpg\",\"contentUrl\":\"https:\/\/www.labrujula24.com\/wp-content\/uploads\/2022\/06\/tarjetadebito.jpg\"},{\"@type\":\"BreadcrumbList\",\"@id\":\"https:\/\/www.noticiasradioreflejos.com.ar\/2021\/aumentan-reintegro-para-compras-con-debito\/#breadcrumb\",\"itemListElement\":[{\"@type\":\"ListItem\",\"position\":1,\"name\":\"Portada\",\"item\":\"https:\/\/www.noticiasradioreflejos.com.ar\/2021\/\"},{\"@type\":\"ListItem\",\"position\":2,\"name\":\"Aumentan reintegro para compras con d\u00e9bito\"}]},{\"@type\":\"WebSite\",\"@id\":\"https:\/\/www.noticiasradioreflejos.com.ar\/2021\/#website\",\"url\":\"https:\/\/www.noticiasradioreflejos.com.ar\/2021\/\",\"name\":\"Noticias Radio Reflejos\",\"description\":\"Las noticias de mi comarca\",\"potentialAction\":[{\"@type\":\"SearchAction\",\"target\":{\"@type\":\"EntryPoint\",\"urlTemplate\":\"https:\/\/www.noticiasradioreflejos.com.ar\/2021\/?s={search_term_string}\"},\"query-input\":{\"@type\":\"PropertyValueSpecification\",\"valueRequired\":true,\"valueName\":\"search_term_string\"}}],\"inLanguage\":\"es\"},{\"@type\":\"Person\",\"@id\":\"https:\/\/www.noticiasradioreflejos.com.ar\/2021\/#\/schema\/person\/ad82545263dcc5ec0996818884fd5fb1\",\"name\":\"Arnaldo Botto\",\"image\":{\"@type\":\"ImageObject\",\"inLanguage\":\"es\",\"@id\":\"https:\/\/www.noticiasradioreflejos.com.ar\/2021\/#\/schema\/person\/image\/\",\"url\":\"https:\/\/secure.gravatar.com\/avatar\/55cb5e37c1efa326397366e6974cb338056df65cb50e7d64d1cf314e87504837?s=96&d=mm&r=g\",\"contentUrl\":\"https:\/\/secure.gravatar.com\/avatar\/55cb5e37c1efa326397366e6974cb338056df65cb50e7d64d1cf314e87504837?s=96&d=mm&r=g\",\"caption\":\"Arnaldo Botto\"},\"url\":\"https:\/\/www.noticiasradioreflejos.com.ar\/2021\/author\/arnaldo\/\"}]}<\/script>\n<!-- \/ Yoast SEO plugin. -->","yoast_head_json":{"title":"Aumentan reintegro para compras con d\u00e9bito - Noticias Radio Reflejos","robots":{"index":"index","follow":"follow","max-snippet":"max-snippet:-1","max-image-preview":"max-image-preview:large","max-video-preview":"max-video-preview:-1"},"canonical":"https:\/\/www.noticiasradioreflejos.com.ar\/2021\/aumentan-reintegro-para-compras-con-debito\/","og_locale":"es_ES","og_type":"article","og_title":"Aumentan reintegro para compras con d\u00e9bito - Noticias Radio Reflejos","og_description":"La AFIP inform\u00f3 que el nuevo monto ser\u00e1 $2.028 mensuales. La medida est\u00e1 vigente hasta el 31 de diciembre.","og_url":"https:\/\/www.noticiasradioreflejos.com.ar\/2021\/aumentan-reintegro-para-compras-con-debito\/","og_site_name":"Noticias Radio Reflejos","article_published_time":"2022-06-30T12:06:58+00:00","og_image":[{"url":"https:\/\/www.labrujula24.com\/wp-content\/uploads\/2022\/06\/tarjetadebito.jpg","type":"","width":"","height":""}],"author":"Arnaldo Botto","twitter_card":"summary_large_image","schema":{"@context":"https:\/\/schema.org","@graph":[{"@type":"WebPage","@id":"https:\/\/www.noticiasradioreflejos.com.ar\/2021\/aumentan-reintegro-para-compras-con-debito\/","url":"https:\/\/www.noticiasradioreflejos.com.ar\/2021\/aumentan-reintegro-para-compras-con-debito\/","name":"Aumentan reintegro para compras con d\u00e9bito - Noticias Radio Reflejos","isPartOf":{"@id":"https:\/\/www.noticiasradioreflejos.com.ar\/2021\/#website"},"primaryImageOfPage":{"@id":"https:\/\/www.noticiasradioreflejos.com.ar\/2021\/aumentan-reintegro-para-compras-con-debito\/#primaryimage"},"image":{"@id":"https:\/\/www.noticiasradioreflejos.com.ar\/2021\/aumentan-reintegro-para-compras-con-debito\/#primaryimage"},"thumbnailUrl":"https:\/\/www.labrujula24.com\/wp-content\/uploads\/2022\/06\/tarjetadebito.jpg","datePublished":"2022-06-30T12:06:58+00:00","author":{"@id":"https:\/\/www.noticiasradioreflejos.com.ar\/2021\/#\/schema\/person\/ad82545263dcc5ec0996818884fd5fb1"},"breadcrumb":{"@id":"https:\/\/www.noticiasradioreflejos.com.ar\/2021\/aumentan-reintegro-para-compras-con-debito\/#breadcrumb"},"inLanguage":"es","potentialAction":[{"@type":"ReadAction","target":["https:\/\/www.noticiasradioreflejos.com.ar\/2021\/aumentan-reintegro-para-compras-con-debito\/"]}]},{"@type":"ImageObject","inLanguage":"es","@id":"https:\/\/www.noticiasradioreflejos.com.ar\/2021\/aumentan-reintegro-para-compras-con-debito\/#primaryimage","url":"https:\/\/www.labrujula24.com\/wp-content\/uploads\/2022\/06\/tarjetadebito.jpg","contentUrl":"https:\/\/www.labrujula24.com\/wp-content\/uploads\/2022\/06\/tarjetadebito.jpg"},{"@type":"BreadcrumbList","@id":"https:\/\/www.noticiasradioreflejos.com.ar\/2021\/aumentan-reintegro-para-compras-con-debito\/#breadcrumb","itemListElement":[{"@type":"ListItem","position":1,"name":"Portada","item":"https:\/\/www.noticiasradioreflejos.com.ar\/2021\/"},{"@type":"ListItem","position":2,"name":"Aumentan reintegro para compras con d\u00e9bito"}]},{"@type":"WebSite","@id":"https:\/\/www.noticiasradioreflejos.com.ar\/2021\/#website","url":"https:\/\/www.noticiasradioreflejos.com.ar\/2021\/","name":"Noticias Radio Reflejos","description":"Las noticias de mi comarca","potentialAction":[{"@type":"SearchAction","target":{"@type":"EntryPoint","urlTemplate":"https:\/\/www.noticiasradioreflejos.com.ar\/2021\/?s={search_term_string}"},"query-input":{"@type":"PropertyValueSpecification","valueRequired":true,"valueName":"search_term_string"}}],"inLanguage":"es"},{"@type":"Person","@id":"https:\/\/www.noticiasradioreflejos.com.ar\/2021\/#\/schema\/person\/ad82545263dcc5ec0996818884fd5fb1","name":"Arnaldo Botto","image":{"@type":"ImageObject","inLanguage":"es","@id":"https:\/\/www.noticiasradioreflejos.com.ar\/2021\/#\/schema\/person\/image\/","url":"https:\/\/secure.gravatar.com\/avatar\/55cb5e37c1efa326397366e6974cb338056df65cb50e7d64d1cf314e87504837?s=96&d=mm&r=g","contentUrl":"https:\/\/secure.gravatar.com\/avatar\/55cb5e37c1efa326397366e6974cb338056df65cb50e7d64d1cf314e87504837?s=96&d=mm&r=g","caption":"Arnaldo Botto"},"url":"https:\/\/www.noticiasradioreflejos.com.ar\/2021\/author\/arnaldo\/"}]}},"_links":{"self":[{"href":"https:\/\/www.noticiasradioreflejos.com.ar\/2021\/wp-json\/wp\/v2\/posts\/74381","targetHints":{"allow":["GET"]}}],"collection":[{"href":"https:\/\/www.noticiasradioreflejos.com.ar\/2021\/wp-json\/wp\/v2\/posts"}],"about":[{"href":"https:\/\/www.noticiasradioreflejos.com.ar\/2021\/wp-json\/wp\/v2\/types\/post"}],"author":[{"embeddable":true,"href":"https:\/\/www.noticiasradioreflejos.com.ar\/2021\/wp-json\/wp\/v2\/users\/3"}],"replies":[{"embeddable":true,"href":"https:\/\/www.noticiasradioreflejos.com.ar\/2021\/wp-json\/wp\/v2\/comments?post=74381"}],"version-history":[{"count":1,"href":"https:\/\/www.noticiasradioreflejos.com.ar\/2021\/wp-json\/wp\/v2\/posts\/74381\/revisions"}],"predecessor-version":[{"id":74382,"href":"https:\/\/www.noticiasradioreflejos.com.ar\/2021\/wp-json\/wp\/v2\/posts\/74381\/revisions\/74382"}],"wp:attachment":[{"href":"https:\/\/www.noticiasradioreflejos.com.ar\/2021\/wp-json\/wp\/v2\/media?parent=74381"}],"wp:term":[{"taxonomy":"category","embeddable":true,"href":"https:\/\/www.noticiasradioreflejos.com.ar\/2021\/wp-json\/wp\/v2\/categories?post=74381"},{"taxonomy":"post_tag","embeddable":true,"href":"https:\/\/www.noticiasradioreflejos.com.ar\/2021\/wp-json\/wp\/v2\/tags?post=74381"}],"curies":[{"name":"wp","href":"https:\/\/api.w.org\/{rel}","templated":true}]}}