{"id":74375,"date":"2022-06-30T11:17:29","date_gmt":"2022-06-30T11:17:29","guid":{"rendered":"http:\/\/www.noticiasradioreflejos.com.ar\/2021\/?p=74375"},"modified":"2022-06-30T11:17:29","modified_gmt":"2022-06-30T11:17:29","slug":"luego-de-leves-lloviznas-llegaron-las-bajas-temperaturas-y-heladas-a-la-comarca","status":"publish","type":"post","link":"https:\/\/www.noticiasradioreflejos.com.ar\/2021\/luego-de-leves-lloviznas-llegaron-las-bajas-temperaturas-y-heladas-a-la-comarca\/","title":{"rendered":"Luego de leves lloviznas llegaron las bajas temperaturas y heladas a la comarca."},"content":{"rendered":"<p>Finaliz\u00f3 el \u00abVeranito\u00bb de junio en la regi\u00f3n con leves lloviznas, temperaturas bajo cero y heladas para este \u00faltimo d\u00eda del mes.<!--more--><\/p>\n<p>Esta semana nuestra comarca vivi\u00f3 un veranito en junio; las temperaturas alcanzaron durante lunes martes y mi\u00e9rcoles pasados los 18.5\u00b0 de m\u00e1xima, pero durante la madrugada de hoy, el mercurio cay\u00f3 estrepitosamente y el amanecer se registra -2\u00b0. Ayer, tuvimos una jornada inestable, con escasas precipitaciones en toda la zona.<\/p>\n<p><a data-flickr-embed=\"true\" href=\"https:\/\/www.flickr.com\/photos\/182279889@N02\/52182813627\/in\/dateposted-public\/\" title=\"Helada 30 6 (1)\"><img loading=\"lazy\" decoding=\"async\" src=\"https:\/\/live.staticflickr.com\/65535\/52182813627_a01bee5f98_c.jpg\" width=\"800\" height=\"360\" alt=\"Helada 30 6 (1)\"><\/a><script async src=\"\/\/embedr.flickr.com\/assets\/client-code.js\" charset=\"utf-8\"><\/script><\/p>\n<p>En Sierra de la Ventana tuvimos solo 1.5 mm en tanto el lugar que mas llovi\u00f3 del distrito fue Tres Picos con 5 mm.<\/p>\n<p>Para hoy jueves se espera una ma\u00f1ana soleada, nubl\u00e1ndose totalmente por la tarde, vientos en calma y una m\u00e1xima de 8 a 9 grados. Ma\u00f1ana viernes soplaran vientos muy intensos del norte, los cielos permanecer\u00e1n totalmente cubiertos con la m\u00ednima en los 4\u00b0 y la m\u00e1xima en 9\u00b0.<\/p>\n<p>Para s\u00e1bado y domingo tendremos jornadas soleadas con vientos moderados del NO, y la temperatura que oscilar\u00e1 entre los 4 y los 10\u00b0.<\/p>\n<p>&nbsp;<\/p>\n<p><strong>Totales de lluvias\u00a0<\/strong><\/p>\n<p>1.5 mm en Sierra de la Ventana<br \/>\n1.00 mm en Villa Ventana<br \/>\n1.4 mm en Saldungaray<br \/>\n3 mm en Tornquist<br \/>\n5 mm en Tres Picos<br \/>\n1.6 mm en el Pantanoso<br \/>\n2 mm en Frapal<br \/>\n0.5 mm en San Eloy<br \/>\n3.8 mm en Cabildo<br \/>\n1.4 mm en Cnel Pringles<br \/>\n4.2 mm en Bajo Hondo<br \/>\n1.8 mm en Dufaur<\/p>\n","protected":false},"excerpt":{"rendered":"<p>Finaliz\u00f3 el \u00abVeranito\u00bb de junio en la regi\u00f3n con leves lloviznas, temperaturas bajo cero y heladas para este \u00faltimo d\u00eda del mes.<\/p>\n","protected":false},"author":3,"featured_media":0,"comment_status":"closed","ping_status":"closed","sticky":false,"template":"","format":"standard","meta":{"footnotes":""},"categories":[46,26],"tags":[],"class_list":["post-74375","post","type-post","status-publish","format-standard","hentry","category-ciencia-y-tecnologia","category-sociedad"],"yoast_head":"<!-- This site is optimized with the Yoast SEO plugin v25.9 - https:\/\/yoast.com\/wordpress\/plugins\/seo\/ -->\n<title>Luego de leves lloviznas llegaron las bajas temperaturas y heladas a la comarca. - Noticias Radio Reflejos<\/title>\n<meta name=\"robots\" content=\"index, follow, max-snippet:-1, max-image-preview:large, max-video-preview:-1\" \/>\n<link rel=\"canonical\" href=\"https:\/\/www.noticiasradioreflejos.com.ar\/2021\/luego-de-leves-lloviznas-llegaron-las-bajas-temperaturas-y-heladas-a-la-comarca\/\" \/>\n<meta property=\"og:locale\" content=\"es_ES\" \/>\n<meta property=\"og:type\" content=\"article\" \/>\n<meta property=\"og:title\" content=\"Luego de leves lloviznas llegaron las bajas temperaturas y heladas a la comarca. - Noticias Radio Reflejos\" \/>\n<meta property=\"og:description\" content=\"Finaliz\u00f3 el \u00abVeranito\u00bb de junio en la regi\u00f3n con leves lloviznas, temperaturas bajo cero y heladas para este \u00faltimo d\u00eda del mes.\" \/>\n<meta property=\"og:url\" content=\"https:\/\/www.noticiasradioreflejos.com.ar\/2021\/luego-de-leves-lloviznas-llegaron-las-bajas-temperaturas-y-heladas-a-la-comarca\/\" \/>\n<meta property=\"og:site_name\" content=\"Noticias Radio Reflejos\" \/>\n<meta property=\"article:published_time\" content=\"2022-06-30T11:17:29+00:00\" \/>\n<meta property=\"og:image\" content=\"https:\/\/live.staticflickr.com\/65535\/52182813627_a01bee5f98_c.jpg\" \/>\n<meta name=\"author\" content=\"Arnaldo Botto\" \/>\n<meta name=\"twitter:card\" content=\"summary_large_image\" \/>\n<script type=\"application\/ld+json\" class=\"yoast-schema-graph\">{\"@context\":\"https:\/\/schema.org\",\"@graph\":[{\"@type\":\"WebPage\",\"@id\":\"https:\/\/www.noticiasradioreflejos.com.ar\/2021\/luego-de-leves-lloviznas-llegaron-las-bajas-temperaturas-y-heladas-a-la-comarca\/\",\"url\":\"https:\/\/www.noticiasradioreflejos.com.ar\/2021\/luego-de-leves-lloviznas-llegaron-las-bajas-temperaturas-y-heladas-a-la-comarca\/\",\"name\":\"Luego de leves lloviznas llegaron las bajas temperaturas y heladas a la comarca. - Noticias Radio Reflejos\",\"isPartOf\":{\"@id\":\"https:\/\/www.noticiasradioreflejos.com.ar\/2021\/#website\"},\"primaryImageOfPage\":{\"@id\":\"https:\/\/www.noticiasradioreflejos.com.ar\/2021\/luego-de-leves-lloviznas-llegaron-las-bajas-temperaturas-y-heladas-a-la-comarca\/#primaryimage\"},\"image\":{\"@id\":\"https:\/\/www.noticiasradioreflejos.com.ar\/2021\/luego-de-leves-lloviznas-llegaron-las-bajas-temperaturas-y-heladas-a-la-comarca\/#primaryimage\"},\"thumbnailUrl\":\"https:\/\/live.staticflickr.com\/65535\/52182813627_a01bee5f98_c.jpg\",\"datePublished\":\"2022-06-30T11:17:29+00:00\",\"author\":{\"@id\":\"https:\/\/www.noticiasradioreflejos.com.ar\/2021\/#\/schema\/person\/ad82545263dcc5ec0996818884fd5fb1\"},\"breadcrumb\":{\"@id\":\"https:\/\/www.noticiasradioreflejos.com.ar\/2021\/luego-de-leves-lloviznas-llegaron-las-bajas-temperaturas-y-heladas-a-la-comarca\/#breadcrumb\"},\"inLanguage\":\"es\",\"potentialAction\":[{\"@type\":\"ReadAction\",\"target\":[\"https:\/\/www.noticiasradioreflejos.com.ar\/2021\/luego-de-leves-lloviznas-llegaron-las-bajas-temperaturas-y-heladas-a-la-comarca\/\"]}]},{\"@type\":\"ImageObject\",\"inLanguage\":\"es\",\"@id\":\"https:\/\/www.noticiasradioreflejos.com.ar\/2021\/luego-de-leves-lloviznas-llegaron-las-bajas-temperaturas-y-heladas-a-la-comarca\/#primaryimage\",\"url\":\"https:\/\/live.staticflickr.com\/65535\/52182813627_a01bee5f98_c.jpg\",\"contentUrl\":\"https:\/\/live.staticflickr.com\/65535\/52182813627_a01bee5f98_c.jpg\"},{\"@type\":\"BreadcrumbList\",\"@id\":\"https:\/\/www.noticiasradioreflejos.com.ar\/2021\/luego-de-leves-lloviznas-llegaron-las-bajas-temperaturas-y-heladas-a-la-comarca\/#breadcrumb\",\"itemListElement\":[{\"@type\":\"ListItem\",\"position\":1,\"name\":\"Portada\",\"item\":\"https:\/\/www.noticiasradioreflejos.com.ar\/2021\/\"},{\"@type\":\"ListItem\",\"position\":2,\"name\":\"Luego de leves lloviznas llegaron las bajas temperaturas y heladas a la comarca.\"}]},{\"@type\":\"WebSite\",\"@id\":\"https:\/\/www.noticiasradioreflejos.com.ar\/2021\/#website\",\"url\":\"https:\/\/www.noticiasradioreflejos.com.ar\/2021\/\",\"name\":\"Noticias Radio Reflejos\",\"description\":\"Las noticias de mi comarca\",\"potentialAction\":[{\"@type\":\"SearchAction\",\"target\":{\"@type\":\"EntryPoint\",\"urlTemplate\":\"https:\/\/www.noticiasradioreflejos.com.ar\/2021\/?s={search_term_string}\"},\"query-input\":{\"@type\":\"PropertyValueSpecification\",\"valueRequired\":true,\"valueName\":\"search_term_string\"}}],\"inLanguage\":\"es\"},{\"@type\":\"Person\",\"@id\":\"https:\/\/www.noticiasradioreflejos.com.ar\/2021\/#\/schema\/person\/ad82545263dcc5ec0996818884fd5fb1\",\"name\":\"Arnaldo Botto\",\"image\":{\"@type\":\"ImageObject\",\"inLanguage\":\"es\",\"@id\":\"https:\/\/www.noticiasradioreflejos.com.ar\/2021\/#\/schema\/person\/image\/\",\"url\":\"https:\/\/secure.gravatar.com\/avatar\/55cb5e37c1efa326397366e6974cb338056df65cb50e7d64d1cf314e87504837?s=96&d=mm&r=g\",\"contentUrl\":\"https:\/\/secure.gravatar.com\/avatar\/55cb5e37c1efa326397366e6974cb338056df65cb50e7d64d1cf314e87504837?s=96&d=mm&r=g\",\"caption\":\"Arnaldo Botto\"},\"url\":\"https:\/\/www.noticiasradioreflejos.com.ar\/2021\/author\/arnaldo\/\"}]}<\/script>\n<!-- \/ Yoast SEO plugin. -->","yoast_head_json":{"title":"Luego de leves lloviznas llegaron las bajas temperaturas y heladas a la comarca. - Noticias Radio Reflejos","robots":{"index":"index","follow":"follow","max-snippet":"max-snippet:-1","max-image-preview":"max-image-preview:large","max-video-preview":"max-video-preview:-1"},"canonical":"https:\/\/www.noticiasradioreflejos.com.ar\/2021\/luego-de-leves-lloviznas-llegaron-las-bajas-temperaturas-y-heladas-a-la-comarca\/","og_locale":"es_ES","og_type":"article","og_title":"Luego de leves lloviznas llegaron las bajas temperaturas y heladas a la comarca. - Noticias Radio Reflejos","og_description":"Finaliz\u00f3 el \u00abVeranito\u00bb de junio en la regi\u00f3n con leves lloviznas, temperaturas bajo cero y heladas para este \u00faltimo d\u00eda del mes.","og_url":"https:\/\/www.noticiasradioreflejos.com.ar\/2021\/luego-de-leves-lloviznas-llegaron-las-bajas-temperaturas-y-heladas-a-la-comarca\/","og_site_name":"Noticias Radio Reflejos","article_published_time":"2022-06-30T11:17:29+00:00","og_image":[{"url":"https:\/\/live.staticflickr.com\/65535\/52182813627_a01bee5f98_c.jpg","type":"","width":"","height":""}],"author":"Arnaldo Botto","twitter_card":"summary_large_image","schema":{"@context":"https:\/\/schema.org","@graph":[{"@type":"WebPage","@id":"https:\/\/www.noticiasradioreflejos.com.ar\/2021\/luego-de-leves-lloviznas-llegaron-las-bajas-temperaturas-y-heladas-a-la-comarca\/","url":"https:\/\/www.noticiasradioreflejos.com.ar\/2021\/luego-de-leves-lloviznas-llegaron-las-bajas-temperaturas-y-heladas-a-la-comarca\/","name":"Luego de leves lloviznas llegaron las bajas temperaturas y heladas a la comarca. - Noticias Radio Reflejos","isPartOf":{"@id":"https:\/\/www.noticiasradioreflejos.com.ar\/2021\/#website"},"primaryImageOfPage":{"@id":"https:\/\/www.noticiasradioreflejos.com.ar\/2021\/luego-de-leves-lloviznas-llegaron-las-bajas-temperaturas-y-heladas-a-la-comarca\/#primaryimage"},"image":{"@id":"https:\/\/www.noticiasradioreflejos.com.ar\/2021\/luego-de-leves-lloviznas-llegaron-las-bajas-temperaturas-y-heladas-a-la-comarca\/#primaryimage"},"thumbnailUrl":"https:\/\/live.staticflickr.com\/65535\/52182813627_a01bee5f98_c.jpg","datePublished":"2022-06-30T11:17:29+00:00","author":{"@id":"https:\/\/www.noticiasradioreflejos.com.ar\/2021\/#\/schema\/person\/ad82545263dcc5ec0996818884fd5fb1"},"breadcrumb":{"@id":"https:\/\/www.noticiasradioreflejos.com.ar\/2021\/luego-de-leves-lloviznas-llegaron-las-bajas-temperaturas-y-heladas-a-la-comarca\/#breadcrumb"},"inLanguage":"es","potentialAction":[{"@type":"ReadAction","target":["https:\/\/www.noticiasradioreflejos.com.ar\/2021\/luego-de-leves-lloviznas-llegaron-las-bajas-temperaturas-y-heladas-a-la-comarca\/"]}]},{"@type":"ImageObject","inLanguage":"es","@id":"https:\/\/www.noticiasradioreflejos.com.ar\/2021\/luego-de-leves-lloviznas-llegaron-las-bajas-temperaturas-y-heladas-a-la-comarca\/#primaryimage","url":"https:\/\/live.staticflickr.com\/65535\/52182813627_a01bee5f98_c.jpg","contentUrl":"https:\/\/live.staticflickr.com\/65535\/52182813627_a01bee5f98_c.jpg"},{"@type":"BreadcrumbList","@id":"https:\/\/www.noticiasradioreflejos.com.ar\/2021\/luego-de-leves-lloviznas-llegaron-las-bajas-temperaturas-y-heladas-a-la-comarca\/#breadcrumb","itemListElement":[{"@type":"ListItem","position":1,"name":"Portada","item":"https:\/\/www.noticiasradioreflejos.com.ar\/2021\/"},{"@type":"ListItem","position":2,"name":"Luego de leves lloviznas llegaron las bajas temperaturas y heladas a la comarca."}]},{"@type":"WebSite","@id":"https:\/\/www.noticiasradioreflejos.com.ar\/2021\/#website","url":"https:\/\/www.noticiasradioreflejos.com.ar\/2021\/","name":"Noticias Radio Reflejos","description":"Las noticias de mi comarca","potentialAction":[{"@type":"SearchAction","target":{"@type":"EntryPoint","urlTemplate":"https:\/\/www.noticiasradioreflejos.com.ar\/2021\/?s={search_term_string}"},"query-input":{"@type":"PropertyValueSpecification","valueRequired":true,"valueName":"search_term_string"}}],"inLanguage":"es"},{"@type":"Person","@id":"https:\/\/www.noticiasradioreflejos.com.ar\/2021\/#\/schema\/person\/ad82545263dcc5ec0996818884fd5fb1","name":"Arnaldo Botto","image":{"@type":"ImageObject","inLanguage":"es","@id":"https:\/\/www.noticiasradioreflejos.com.ar\/2021\/#\/schema\/person\/image\/","url":"https:\/\/secure.gravatar.com\/avatar\/55cb5e37c1efa326397366e6974cb338056df65cb50e7d64d1cf314e87504837?s=96&d=mm&r=g","contentUrl":"https:\/\/secure.gravatar.com\/avatar\/55cb5e37c1efa326397366e6974cb338056df65cb50e7d64d1cf314e87504837?s=96&d=mm&r=g","caption":"Arnaldo Botto"},"url":"https:\/\/www.noticiasradioreflejos.com.ar\/2021\/author\/arnaldo\/"}]}},"_links":{"self":[{"href":"https:\/\/www.noticiasradioreflejos.com.ar\/2021\/wp-json\/wp\/v2\/posts\/74375","targetHints":{"allow":["GET"]}}],"collection":[{"href":"https:\/\/www.noticiasradioreflejos.com.ar\/2021\/wp-json\/wp\/v2\/posts"}],"about":[{"href":"https:\/\/www.noticiasradioreflejos.com.ar\/2021\/wp-json\/wp\/v2\/types\/post"}],"author":[{"embeddable":true,"href":"https:\/\/www.noticiasradioreflejos.com.ar\/2021\/wp-json\/wp\/v2\/users\/3"}],"replies":[{"embeddable":true,"href":"https:\/\/www.noticiasradioreflejos.com.ar\/2021\/wp-json\/wp\/v2\/comments?post=74375"}],"version-history":[{"count":2,"href":"https:\/\/www.noticiasradioreflejos.com.ar\/2021\/wp-json\/wp\/v2\/posts\/74375\/revisions"}],"predecessor-version":[{"id":74378,"href":"https:\/\/www.noticiasradioreflejos.com.ar\/2021\/wp-json\/wp\/v2\/posts\/74375\/revisions\/74378"}],"wp:attachment":[{"href":"https:\/\/www.noticiasradioreflejos.com.ar\/2021\/wp-json\/wp\/v2\/media?parent=74375"}],"wp:term":[{"taxonomy":"category","embeddable":true,"href":"https:\/\/www.noticiasradioreflejos.com.ar\/2021\/wp-json\/wp\/v2\/categories?post=74375"},{"taxonomy":"post_tag","embeddable":true,"href":"https:\/\/www.noticiasradioreflejos.com.ar\/2021\/wp-json\/wp\/v2\/tags?post=74375"}],"curies":[{"name":"wp","href":"https:\/\/api.w.org\/{rel}","templated":true}]}}