{"id":74347,"date":"2022-06-29T21:44:24","date_gmt":"2022-06-29T21:44:24","guid":{"rendered":"http:\/\/www.noticiasradioreflejos.com.ar\/2021\/?p=74347"},"modified":"2022-06-29T21:44:24","modified_gmt":"2022-06-29T21:44:24","slug":"por-reparacion-de-caneria-podria-verse-afectado-el-servicio-de-agua-en-un-sector-de-tornquist","status":"publish","type":"post","link":"https:\/\/www.noticiasradioreflejos.com.ar\/2021\/por-reparacion-de-caneria-podria-verse-afectado-el-servicio-de-agua-en-un-sector-de-tornquist\/","title":{"rendered":"Por reparaci\u00f3n de ca\u00f1er\u00eda, podr\u00eda verse afectado el servicio de agua en un sector de Tornquist"},"content":{"rendered":"<p>Aguas Corrientes informa que, por tareas de reparaci\u00f3n de ca\u00f1er\u00eda, este mi\u00e9rcoles se podr\u00e1 ver afectado el servicio de agua en el sector sur de Tornquist. Si bien la conexi\u00f3n no se cortar\u00e1 totalmente, podr\u00eda haber poco caudal. <!--more--><\/p>\n<p>El cuadrante comprendido es entre las calles Lavalle e Irigoyen, entre Brown y Combatientes de Malvinas. <\/p>\n","protected":false},"excerpt":{"rendered":"<p>Aguas Corrientes informa que, por tareas de reparaci\u00f3n de ca\u00f1er\u00eda, este mi\u00e9rcoles se podr\u00e1 ver afectado el servicio de agua en el sector sur de Tornquist. Si bien la conexi\u00f3n no se cortar\u00e1 totalmente, podr\u00eda haber poco caudal.<\/p>\n","protected":false},"author":3,"featured_media":68827,"comment_status":"closed","ping_status":"closed","sticky":false,"template":"","format":"standard","meta":{"footnotes":""},"categories":[28],"tags":[],"class_list":["post-74347","post","type-post","status-publish","format-standard","has-post-thumbnail","hentry","category-municipales"],"yoast_head":"<!-- This site is optimized with the Yoast SEO plugin v25.9 - https:\/\/yoast.com\/wordpress\/plugins\/seo\/ -->\n<title>Por reparaci\u00f3n de ca\u00f1er\u00eda, podr\u00eda verse afectado el servicio de agua en un sector de Tornquist - Noticias Radio Reflejos<\/title>\n<meta name=\"robots\" content=\"index, follow, max-snippet:-1, max-image-preview:large, max-video-preview:-1\" \/>\n<link rel=\"canonical\" href=\"https:\/\/www.noticiasradioreflejos.com.ar\/2021\/por-reparacion-de-caneria-podria-verse-afectado-el-servicio-de-agua-en-un-sector-de-tornquist\/\" \/>\n<meta property=\"og:locale\" content=\"es_ES\" \/>\n<meta property=\"og:type\" content=\"article\" \/>\n<meta property=\"og:title\" content=\"Por reparaci\u00f3n de ca\u00f1er\u00eda, podr\u00eda verse afectado el servicio de agua en un sector de Tornquist - Noticias Radio Reflejos\" \/>\n<meta property=\"og:description\" content=\"Aguas Corrientes informa que, por tareas de reparaci\u00f3n de ca\u00f1er\u00eda, este mi\u00e9rcoles se podr\u00e1 ver afectado el servicio de agua en el sector sur de Tornquist. Si bien la conexi\u00f3n no se cortar\u00e1 totalmente, podr\u00eda haber poco caudal.\" \/>\n<meta property=\"og:url\" content=\"https:\/\/www.noticiasradioreflejos.com.ar\/2021\/por-reparacion-de-caneria-podria-verse-afectado-el-servicio-de-agua-en-un-sector-de-tornquist\/\" \/>\n<meta property=\"og:site_name\" content=\"Noticias Radio Reflejos\" \/>\n<meta property=\"article:published_time\" content=\"2022-06-29T21:44:24+00:00\" \/>\n<meta property=\"og:image\" content=\"https:\/\/www.noticiasradioreflejos.com.ar\/2021\/wp-content\/uploads\/2022\/03\/Falta-de-agua.jpg\" \/>\n\t<meta property=\"og:image:width\" content=\"630\" \/>\n\t<meta property=\"og:image:height\" content=\"394\" \/>\n\t<meta property=\"og:image:type\" content=\"image\/jpeg\" \/>\n<meta name=\"author\" content=\"Arnaldo Botto\" \/>\n<meta name=\"twitter:card\" content=\"summary_large_image\" \/>\n<script type=\"application\/ld+json\" class=\"yoast-schema-graph\">{\"@context\":\"https:\/\/schema.org\",\"@graph\":[{\"@type\":\"WebPage\",\"@id\":\"https:\/\/www.noticiasradioreflejos.com.ar\/2021\/por-reparacion-de-caneria-podria-verse-afectado-el-servicio-de-agua-en-un-sector-de-tornquist\/\",\"url\":\"https:\/\/www.noticiasradioreflejos.com.ar\/2021\/por-reparacion-de-caneria-podria-verse-afectado-el-servicio-de-agua-en-un-sector-de-tornquist\/\",\"name\":\"Por reparaci\u00f3n de ca\u00f1er\u00eda, podr\u00eda verse afectado el servicio de agua en un sector de Tornquist - Noticias Radio Reflejos\",\"isPartOf\":{\"@id\":\"https:\/\/www.noticiasradioreflejos.com.ar\/2021\/#website\"},\"primaryImageOfPage\":{\"@id\":\"https:\/\/www.noticiasradioreflejos.com.ar\/2021\/por-reparacion-de-caneria-podria-verse-afectado-el-servicio-de-agua-en-un-sector-de-tornquist\/#primaryimage\"},\"image\":{\"@id\":\"https:\/\/www.noticiasradioreflejos.com.ar\/2021\/por-reparacion-de-caneria-podria-verse-afectado-el-servicio-de-agua-en-un-sector-de-tornquist\/#primaryimage\"},\"thumbnailUrl\":\"https:\/\/www.noticiasradioreflejos.com.ar\/2021\/wp-content\/uploads\/2022\/03\/Falta-de-agua.jpg\",\"datePublished\":\"2022-06-29T21:44:24+00:00\",\"author\":{\"@id\":\"https:\/\/www.noticiasradioreflejos.com.ar\/2021\/#\/schema\/person\/ad82545263dcc5ec0996818884fd5fb1\"},\"breadcrumb\":{\"@id\":\"https:\/\/www.noticiasradioreflejos.com.ar\/2021\/por-reparacion-de-caneria-podria-verse-afectado-el-servicio-de-agua-en-un-sector-de-tornquist\/#breadcrumb\"},\"inLanguage\":\"es\",\"potentialAction\":[{\"@type\":\"ReadAction\",\"target\":[\"https:\/\/www.noticiasradioreflejos.com.ar\/2021\/por-reparacion-de-caneria-podria-verse-afectado-el-servicio-de-agua-en-un-sector-de-tornquist\/\"]}]},{\"@type\":\"ImageObject\",\"inLanguage\":\"es\",\"@id\":\"https:\/\/www.noticiasradioreflejos.com.ar\/2021\/por-reparacion-de-caneria-podria-verse-afectado-el-servicio-de-agua-en-un-sector-de-tornquist\/#primaryimage\",\"url\":\"https:\/\/www.noticiasradioreflejos.com.ar\/2021\/wp-content\/uploads\/2022\/03\/Falta-de-agua.jpg\",\"contentUrl\":\"https:\/\/www.noticiasradioreflejos.com.ar\/2021\/wp-content\/uploads\/2022\/03\/Falta-de-agua.jpg\",\"width\":630,\"height\":394},{\"@type\":\"BreadcrumbList\",\"@id\":\"https:\/\/www.noticiasradioreflejos.com.ar\/2021\/por-reparacion-de-caneria-podria-verse-afectado-el-servicio-de-agua-en-un-sector-de-tornquist\/#breadcrumb\",\"itemListElement\":[{\"@type\":\"ListItem\",\"position\":1,\"name\":\"Portada\",\"item\":\"https:\/\/www.noticiasradioreflejos.com.ar\/2021\/\"},{\"@type\":\"ListItem\",\"position\":2,\"name\":\"Por reparaci\u00f3n de ca\u00f1er\u00eda, podr\u00eda verse afectado el servicio de agua en un sector de Tornquist\"}]},{\"@type\":\"WebSite\",\"@id\":\"https:\/\/www.noticiasradioreflejos.com.ar\/2021\/#website\",\"url\":\"https:\/\/www.noticiasradioreflejos.com.ar\/2021\/\",\"name\":\"Noticias Radio Reflejos\",\"description\":\"Las noticias de mi comarca\",\"potentialAction\":[{\"@type\":\"SearchAction\",\"target\":{\"@type\":\"EntryPoint\",\"urlTemplate\":\"https:\/\/www.noticiasradioreflejos.com.ar\/2021\/?s={search_term_string}\"},\"query-input\":{\"@type\":\"PropertyValueSpecification\",\"valueRequired\":true,\"valueName\":\"search_term_string\"}}],\"inLanguage\":\"es\"},{\"@type\":\"Person\",\"@id\":\"https:\/\/www.noticiasradioreflejos.com.ar\/2021\/#\/schema\/person\/ad82545263dcc5ec0996818884fd5fb1\",\"name\":\"Arnaldo Botto\",\"image\":{\"@type\":\"ImageObject\",\"inLanguage\":\"es\",\"@id\":\"https:\/\/www.noticiasradioreflejos.com.ar\/2021\/#\/schema\/person\/image\/\",\"url\":\"https:\/\/secure.gravatar.com\/avatar\/55cb5e37c1efa326397366e6974cb338056df65cb50e7d64d1cf314e87504837?s=96&d=mm&r=g\",\"contentUrl\":\"https:\/\/secure.gravatar.com\/avatar\/55cb5e37c1efa326397366e6974cb338056df65cb50e7d64d1cf314e87504837?s=96&d=mm&r=g\",\"caption\":\"Arnaldo Botto\"},\"url\":\"https:\/\/www.noticiasradioreflejos.com.ar\/2021\/author\/arnaldo\/\"}]}<\/script>\n<!-- \/ Yoast SEO plugin. -->","yoast_head_json":{"title":"Por reparaci\u00f3n de ca\u00f1er\u00eda, podr\u00eda verse afectado el servicio de agua en un sector de Tornquist - Noticias Radio Reflejos","robots":{"index":"index","follow":"follow","max-snippet":"max-snippet:-1","max-image-preview":"max-image-preview:large","max-video-preview":"max-video-preview:-1"},"canonical":"https:\/\/www.noticiasradioreflejos.com.ar\/2021\/por-reparacion-de-caneria-podria-verse-afectado-el-servicio-de-agua-en-un-sector-de-tornquist\/","og_locale":"es_ES","og_type":"article","og_title":"Por reparaci\u00f3n de ca\u00f1er\u00eda, podr\u00eda verse afectado el servicio de agua en un sector de Tornquist - Noticias Radio Reflejos","og_description":"Aguas Corrientes informa que, por tareas de reparaci\u00f3n de ca\u00f1er\u00eda, este mi\u00e9rcoles se podr\u00e1 ver afectado el servicio de agua en el sector sur de Tornquist. Si bien la conexi\u00f3n no se cortar\u00e1 totalmente, podr\u00eda haber poco caudal.","og_url":"https:\/\/www.noticiasradioreflejos.com.ar\/2021\/por-reparacion-de-caneria-podria-verse-afectado-el-servicio-de-agua-en-un-sector-de-tornquist\/","og_site_name":"Noticias Radio Reflejos","article_published_time":"2022-06-29T21:44:24+00:00","og_image":[{"width":630,"height":394,"url":"https:\/\/www.noticiasradioreflejos.com.ar\/2021\/wp-content\/uploads\/2022\/03\/Falta-de-agua.jpg","type":"image\/jpeg"}],"author":"Arnaldo Botto","twitter_card":"summary_large_image","schema":{"@context":"https:\/\/schema.org","@graph":[{"@type":"WebPage","@id":"https:\/\/www.noticiasradioreflejos.com.ar\/2021\/por-reparacion-de-caneria-podria-verse-afectado-el-servicio-de-agua-en-un-sector-de-tornquist\/","url":"https:\/\/www.noticiasradioreflejos.com.ar\/2021\/por-reparacion-de-caneria-podria-verse-afectado-el-servicio-de-agua-en-un-sector-de-tornquist\/","name":"Por reparaci\u00f3n de ca\u00f1er\u00eda, podr\u00eda verse afectado el servicio de agua en un sector de Tornquist - Noticias Radio Reflejos","isPartOf":{"@id":"https:\/\/www.noticiasradioreflejos.com.ar\/2021\/#website"},"primaryImageOfPage":{"@id":"https:\/\/www.noticiasradioreflejos.com.ar\/2021\/por-reparacion-de-caneria-podria-verse-afectado-el-servicio-de-agua-en-un-sector-de-tornquist\/#primaryimage"},"image":{"@id":"https:\/\/www.noticiasradioreflejos.com.ar\/2021\/por-reparacion-de-caneria-podria-verse-afectado-el-servicio-de-agua-en-un-sector-de-tornquist\/#primaryimage"},"thumbnailUrl":"https:\/\/www.noticiasradioreflejos.com.ar\/2021\/wp-content\/uploads\/2022\/03\/Falta-de-agua.jpg","datePublished":"2022-06-29T21:44:24+00:00","author":{"@id":"https:\/\/www.noticiasradioreflejos.com.ar\/2021\/#\/schema\/person\/ad82545263dcc5ec0996818884fd5fb1"},"breadcrumb":{"@id":"https:\/\/www.noticiasradioreflejos.com.ar\/2021\/por-reparacion-de-caneria-podria-verse-afectado-el-servicio-de-agua-en-un-sector-de-tornquist\/#breadcrumb"},"inLanguage":"es","potentialAction":[{"@type":"ReadAction","target":["https:\/\/www.noticiasradioreflejos.com.ar\/2021\/por-reparacion-de-caneria-podria-verse-afectado-el-servicio-de-agua-en-un-sector-de-tornquist\/"]}]},{"@type":"ImageObject","inLanguage":"es","@id":"https:\/\/www.noticiasradioreflejos.com.ar\/2021\/por-reparacion-de-caneria-podria-verse-afectado-el-servicio-de-agua-en-un-sector-de-tornquist\/#primaryimage","url":"https:\/\/www.noticiasradioreflejos.com.ar\/2021\/wp-content\/uploads\/2022\/03\/Falta-de-agua.jpg","contentUrl":"https:\/\/www.noticiasradioreflejos.com.ar\/2021\/wp-content\/uploads\/2022\/03\/Falta-de-agua.jpg","width":630,"height":394},{"@type":"BreadcrumbList","@id":"https:\/\/www.noticiasradioreflejos.com.ar\/2021\/por-reparacion-de-caneria-podria-verse-afectado-el-servicio-de-agua-en-un-sector-de-tornquist\/#breadcrumb","itemListElement":[{"@type":"ListItem","position":1,"name":"Portada","item":"https:\/\/www.noticiasradioreflejos.com.ar\/2021\/"},{"@type":"ListItem","position":2,"name":"Por reparaci\u00f3n de ca\u00f1er\u00eda, podr\u00eda verse afectado el servicio de agua en un sector de Tornquist"}]},{"@type":"WebSite","@id":"https:\/\/www.noticiasradioreflejos.com.ar\/2021\/#website","url":"https:\/\/www.noticiasradioreflejos.com.ar\/2021\/","name":"Noticias Radio Reflejos","description":"Las noticias de mi comarca","potentialAction":[{"@type":"SearchAction","target":{"@type":"EntryPoint","urlTemplate":"https:\/\/www.noticiasradioreflejos.com.ar\/2021\/?s={search_term_string}"},"query-input":{"@type":"PropertyValueSpecification","valueRequired":true,"valueName":"search_term_string"}}],"inLanguage":"es"},{"@type":"Person","@id":"https:\/\/www.noticiasradioreflejos.com.ar\/2021\/#\/schema\/person\/ad82545263dcc5ec0996818884fd5fb1","name":"Arnaldo Botto","image":{"@type":"ImageObject","inLanguage":"es","@id":"https:\/\/www.noticiasradioreflejos.com.ar\/2021\/#\/schema\/person\/image\/","url":"https:\/\/secure.gravatar.com\/avatar\/55cb5e37c1efa326397366e6974cb338056df65cb50e7d64d1cf314e87504837?s=96&d=mm&r=g","contentUrl":"https:\/\/secure.gravatar.com\/avatar\/55cb5e37c1efa326397366e6974cb338056df65cb50e7d64d1cf314e87504837?s=96&d=mm&r=g","caption":"Arnaldo Botto"},"url":"https:\/\/www.noticiasradioreflejos.com.ar\/2021\/author\/arnaldo\/"}]}},"_links":{"self":[{"href":"https:\/\/www.noticiasradioreflejos.com.ar\/2021\/wp-json\/wp\/v2\/posts\/74347","targetHints":{"allow":["GET"]}}],"collection":[{"href":"https:\/\/www.noticiasradioreflejos.com.ar\/2021\/wp-json\/wp\/v2\/posts"}],"about":[{"href":"https:\/\/www.noticiasradioreflejos.com.ar\/2021\/wp-json\/wp\/v2\/types\/post"}],"author":[{"embeddable":true,"href":"https:\/\/www.noticiasradioreflejos.com.ar\/2021\/wp-json\/wp\/v2\/users\/3"}],"replies":[{"embeddable":true,"href":"https:\/\/www.noticiasradioreflejos.com.ar\/2021\/wp-json\/wp\/v2\/comments?post=74347"}],"version-history":[{"count":1,"href":"https:\/\/www.noticiasradioreflejos.com.ar\/2021\/wp-json\/wp\/v2\/posts\/74347\/revisions"}],"predecessor-version":[{"id":74348,"href":"https:\/\/www.noticiasradioreflejos.com.ar\/2021\/wp-json\/wp\/v2\/posts\/74347\/revisions\/74348"}],"wp:featuredmedia":[{"embeddable":true,"href":"https:\/\/www.noticiasradioreflejos.com.ar\/2021\/wp-json\/wp\/v2\/media\/68827"}],"wp:attachment":[{"href":"https:\/\/www.noticiasradioreflejos.com.ar\/2021\/wp-json\/wp\/v2\/media?parent=74347"}],"wp:term":[{"taxonomy":"category","embeddable":true,"href":"https:\/\/www.noticiasradioreflejos.com.ar\/2021\/wp-json\/wp\/v2\/categories?post=74347"},{"taxonomy":"post_tag","embeddable":true,"href":"https:\/\/www.noticiasradioreflejos.com.ar\/2021\/wp-json\/wp\/v2\/tags?post=74347"}],"curies":[{"name":"wp","href":"https:\/\/api.w.org\/{rel}","templated":true}]}}