{"id":74344,"date":"2022-06-29T21:39:36","date_gmt":"2022-06-29T21:39:36","guid":{"rendered":"http:\/\/www.noticiasradioreflejos.com.ar\/2021\/?p=74344"},"modified":"2022-06-29T21:39:36","modified_gmt":"2022-06-29T21:39:36","slug":"el-intendente-participo-de-la-reinauguracion-de-la-pileta-climatizada-del-centro-de-jubilados","status":"publish","type":"post","link":"https:\/\/www.noticiasradioreflejos.com.ar\/2021\/el-intendente-participo-de-la-reinauguracion-de-la-pileta-climatizada-del-centro-de-jubilados\/","title":{"rendered":"El intendente particip\u00f3 de la reinauguraci\u00f3n de la pileta climatizada del Centro de Jubilados"},"content":{"rendered":"<p>Este martes, el intendente Sergio Bordoni y el Secretario de Gobierno y Seguridad, Ezequiel Gabella, visitaron el Centro de Jubilados y Pensionados de Tornquist, donde recorrieron las instalaciones junto a Roberto Mutti, presidente de la instituci\u00f3n. <!--more--><\/p>\n<p>Luego de dos a\u00f1os de inactividad debido a la pandemia de Covid-19; y gracias al compromiso del jefe comunal para con la instituci\u00f3n de poner en valor el natatorio, se retomaron el d\u00eda de ayer las actividades en la piscina.<br \/>\nDentro de las tareas que se llevaron a cabo, se acondicionaron los equipos de climatizaci\u00f3n de agua, calefacci\u00f3n del ambiente y la pintura del natatorio. <\/p>\n<p>Con m\u00e1s de 100 personas inscriptas, la pileta funcionar\u00e1 de lunes a viernes con distintas actividades, para adultos y ni\u00f1os. <\/p>\n<p>Este espacio, que se recupera gracias al compromiso del municipio y a las gestiones realizadas, que sirvieron para conseguir importantes donaciones de privados, cumple un rol de suma importancia en nuestra comunidad, no solo para los jubilados, sino para todos aquellos que puedan acercarse y utilizar las prestaciones, siendo este un espacio terap\u00e9utico y de rehabilitaci\u00f3n. <\/p>\n<p>Por su parte el jefe comunal expreso: \u201cEl estado tiene que estar presente en instituciones de este tipo, que cumplen un fuerte rol social, acompa\u00f1ando, en este caso y por sobre todo, a la tercera edad, que ha contribuido trabajando tanto para el distrito\u201d. \u201cMucha gente ha puesto su granito de arena, trabajando codo a codo con el municipio para que el Centro de Jubilados siga creciendo como hasta ahora\u201d, afirm\u00f3 Bordoni. <\/p>\n","protected":false},"excerpt":{"rendered":"<p>Este martes, el intendente Sergio Bordoni y el Secretario de Gobierno y Seguridad, Ezequiel Gabella, visitaron el Centro de Jubilados y Pensionados de Tornquist, donde recorrieron las instalaciones junto a Roberto Mutti, presidente de la instituci\u00f3n.<\/p>\n","protected":false},"author":3,"featured_media":0,"comment_status":"closed","ping_status":"closed","sticky":false,"template":"","format":"standard","meta":{"footnotes":""},"categories":[27,28],"tags":[],"class_list":["post-74344","post","type-post","status-publish","format-standard","hentry","category-deportes","category-municipales"],"yoast_head":"<!-- This site is optimized with the Yoast SEO plugin v25.9 - https:\/\/yoast.com\/wordpress\/plugins\/seo\/ -->\n<title>El intendente particip\u00f3 de la reinauguraci\u00f3n de la pileta climatizada del Centro de Jubilados - Noticias Radio Reflejos<\/title>\n<meta name=\"robots\" content=\"index, follow, max-snippet:-1, max-image-preview:large, max-video-preview:-1\" \/>\n<link rel=\"canonical\" href=\"https:\/\/www.noticiasradioreflejos.com.ar\/2021\/el-intendente-participo-de-la-reinauguracion-de-la-pileta-climatizada-del-centro-de-jubilados\/\" \/>\n<meta property=\"og:locale\" content=\"es_ES\" \/>\n<meta property=\"og:type\" content=\"article\" \/>\n<meta property=\"og:title\" content=\"El intendente particip\u00f3 de la reinauguraci\u00f3n de la pileta climatizada del Centro de Jubilados - Noticias Radio Reflejos\" \/>\n<meta property=\"og:description\" content=\"Este martes, el intendente Sergio Bordoni y el Secretario de Gobierno y Seguridad, Ezequiel Gabella, visitaron el Centro de Jubilados y Pensionados de Tornquist, donde recorrieron las instalaciones junto a Roberto Mutti, presidente de la instituci\u00f3n.\" \/>\n<meta property=\"og:url\" content=\"https:\/\/www.noticiasradioreflejos.com.ar\/2021\/el-intendente-participo-de-la-reinauguracion-de-la-pileta-climatizada-del-centro-de-jubilados\/\" \/>\n<meta property=\"og:site_name\" content=\"Noticias Radio Reflejos\" \/>\n<meta property=\"article:published_time\" content=\"2022-06-29T21:39:36+00:00\" \/>\n<meta property=\"og:image\" content=\"https:\/\/www.noticiasradioreflejos.com.ar\/2021\/wp-content\/uploads\/2021\/07\/logosol300x200.png\" \/>\n\t<meta property=\"og:image:width\" content=\"300\" \/>\n\t<meta property=\"og:image:height\" content=\"200\" \/>\n\t<meta property=\"og:image:type\" content=\"image\/png\" \/>\n<meta name=\"author\" content=\"Arnaldo Botto\" \/>\n<meta name=\"twitter:card\" content=\"summary_large_image\" \/>\n<script type=\"application\/ld+json\" class=\"yoast-schema-graph\">{\"@context\":\"https:\/\/schema.org\",\"@graph\":[{\"@type\":\"WebPage\",\"@id\":\"https:\/\/www.noticiasradioreflejos.com.ar\/2021\/el-intendente-participo-de-la-reinauguracion-de-la-pileta-climatizada-del-centro-de-jubilados\/\",\"url\":\"https:\/\/www.noticiasradioreflejos.com.ar\/2021\/el-intendente-participo-de-la-reinauguracion-de-la-pileta-climatizada-del-centro-de-jubilados\/\",\"name\":\"El intendente particip\u00f3 de la reinauguraci\u00f3n de la pileta climatizada del Centro de Jubilados - Noticias Radio Reflejos\",\"isPartOf\":{\"@id\":\"https:\/\/www.noticiasradioreflejos.com.ar\/2021\/#website\"},\"datePublished\":\"2022-06-29T21:39:36+00:00\",\"author\":{\"@id\":\"https:\/\/www.noticiasradioreflejos.com.ar\/2021\/#\/schema\/person\/ad82545263dcc5ec0996818884fd5fb1\"},\"breadcrumb\":{\"@id\":\"https:\/\/www.noticiasradioreflejos.com.ar\/2021\/el-intendente-participo-de-la-reinauguracion-de-la-pileta-climatizada-del-centro-de-jubilados\/#breadcrumb\"},\"inLanguage\":\"es\",\"potentialAction\":[{\"@type\":\"ReadAction\",\"target\":[\"https:\/\/www.noticiasradioreflejos.com.ar\/2021\/el-intendente-participo-de-la-reinauguracion-de-la-pileta-climatizada-del-centro-de-jubilados\/\"]}]},{\"@type\":\"BreadcrumbList\",\"@id\":\"https:\/\/www.noticiasradioreflejos.com.ar\/2021\/el-intendente-participo-de-la-reinauguracion-de-la-pileta-climatizada-del-centro-de-jubilados\/#breadcrumb\",\"itemListElement\":[{\"@type\":\"ListItem\",\"position\":1,\"name\":\"Portada\",\"item\":\"https:\/\/www.noticiasradioreflejos.com.ar\/2021\/\"},{\"@type\":\"ListItem\",\"position\":2,\"name\":\"El intendente particip\u00f3 de la reinauguraci\u00f3n de la pileta climatizada del Centro de Jubilados\"}]},{\"@type\":\"WebSite\",\"@id\":\"https:\/\/www.noticiasradioreflejos.com.ar\/2021\/#website\",\"url\":\"https:\/\/www.noticiasradioreflejos.com.ar\/2021\/\",\"name\":\"Noticias Radio Reflejos\",\"description\":\"Las noticias de mi comarca\",\"potentialAction\":[{\"@type\":\"SearchAction\",\"target\":{\"@type\":\"EntryPoint\",\"urlTemplate\":\"https:\/\/www.noticiasradioreflejos.com.ar\/2021\/?s={search_term_string}\"},\"query-input\":{\"@type\":\"PropertyValueSpecification\",\"valueRequired\":true,\"valueName\":\"search_term_string\"}}],\"inLanguage\":\"es\"},{\"@type\":\"Person\",\"@id\":\"https:\/\/www.noticiasradioreflejos.com.ar\/2021\/#\/schema\/person\/ad82545263dcc5ec0996818884fd5fb1\",\"name\":\"Arnaldo Botto\",\"image\":{\"@type\":\"ImageObject\",\"inLanguage\":\"es\",\"@id\":\"https:\/\/www.noticiasradioreflejos.com.ar\/2021\/#\/schema\/person\/image\/\",\"url\":\"https:\/\/secure.gravatar.com\/avatar\/55cb5e37c1efa326397366e6974cb338056df65cb50e7d64d1cf314e87504837?s=96&d=mm&r=g\",\"contentUrl\":\"https:\/\/secure.gravatar.com\/avatar\/55cb5e37c1efa326397366e6974cb338056df65cb50e7d64d1cf314e87504837?s=96&d=mm&r=g\",\"caption\":\"Arnaldo Botto\"},\"url\":\"https:\/\/www.noticiasradioreflejos.com.ar\/2021\/author\/arnaldo\/\"}]}<\/script>\n<!-- \/ Yoast SEO plugin. -->","yoast_head_json":{"title":"El intendente particip\u00f3 de la reinauguraci\u00f3n de la pileta climatizada del Centro de Jubilados - Noticias Radio Reflejos","robots":{"index":"index","follow":"follow","max-snippet":"max-snippet:-1","max-image-preview":"max-image-preview:large","max-video-preview":"max-video-preview:-1"},"canonical":"https:\/\/www.noticiasradioreflejos.com.ar\/2021\/el-intendente-participo-de-la-reinauguracion-de-la-pileta-climatizada-del-centro-de-jubilados\/","og_locale":"es_ES","og_type":"article","og_title":"El intendente particip\u00f3 de la reinauguraci\u00f3n de la pileta climatizada del Centro de Jubilados - Noticias Radio Reflejos","og_description":"Este martes, el intendente Sergio Bordoni y el Secretario de Gobierno y Seguridad, Ezequiel Gabella, visitaron el Centro de Jubilados y Pensionados de Tornquist, donde recorrieron las instalaciones junto a Roberto Mutti, presidente de la instituci\u00f3n.","og_url":"https:\/\/www.noticiasradioreflejos.com.ar\/2021\/el-intendente-participo-de-la-reinauguracion-de-la-pileta-climatizada-del-centro-de-jubilados\/","og_site_name":"Noticias Radio Reflejos","article_published_time":"2022-06-29T21:39:36+00:00","og_image":[{"width":300,"height":200,"url":"https:\/\/www.noticiasradioreflejos.com.ar\/2021\/wp-content\/uploads\/2021\/07\/logosol300x200.png","type":"image\/png"}],"author":"Arnaldo Botto","twitter_card":"summary_large_image","schema":{"@context":"https:\/\/schema.org","@graph":[{"@type":"WebPage","@id":"https:\/\/www.noticiasradioreflejos.com.ar\/2021\/el-intendente-participo-de-la-reinauguracion-de-la-pileta-climatizada-del-centro-de-jubilados\/","url":"https:\/\/www.noticiasradioreflejos.com.ar\/2021\/el-intendente-participo-de-la-reinauguracion-de-la-pileta-climatizada-del-centro-de-jubilados\/","name":"El intendente particip\u00f3 de la reinauguraci\u00f3n de la pileta climatizada del Centro de Jubilados - Noticias Radio Reflejos","isPartOf":{"@id":"https:\/\/www.noticiasradioreflejos.com.ar\/2021\/#website"},"datePublished":"2022-06-29T21:39:36+00:00","author":{"@id":"https:\/\/www.noticiasradioreflejos.com.ar\/2021\/#\/schema\/person\/ad82545263dcc5ec0996818884fd5fb1"},"breadcrumb":{"@id":"https:\/\/www.noticiasradioreflejos.com.ar\/2021\/el-intendente-participo-de-la-reinauguracion-de-la-pileta-climatizada-del-centro-de-jubilados\/#breadcrumb"},"inLanguage":"es","potentialAction":[{"@type":"ReadAction","target":["https:\/\/www.noticiasradioreflejos.com.ar\/2021\/el-intendente-participo-de-la-reinauguracion-de-la-pileta-climatizada-del-centro-de-jubilados\/"]}]},{"@type":"BreadcrumbList","@id":"https:\/\/www.noticiasradioreflejos.com.ar\/2021\/el-intendente-participo-de-la-reinauguracion-de-la-pileta-climatizada-del-centro-de-jubilados\/#breadcrumb","itemListElement":[{"@type":"ListItem","position":1,"name":"Portada","item":"https:\/\/www.noticiasradioreflejos.com.ar\/2021\/"},{"@type":"ListItem","position":2,"name":"El intendente particip\u00f3 de la reinauguraci\u00f3n de la pileta climatizada del Centro de Jubilados"}]},{"@type":"WebSite","@id":"https:\/\/www.noticiasradioreflejos.com.ar\/2021\/#website","url":"https:\/\/www.noticiasradioreflejos.com.ar\/2021\/","name":"Noticias Radio Reflejos","description":"Las noticias de mi comarca","potentialAction":[{"@type":"SearchAction","target":{"@type":"EntryPoint","urlTemplate":"https:\/\/www.noticiasradioreflejos.com.ar\/2021\/?s={search_term_string}"},"query-input":{"@type":"PropertyValueSpecification","valueRequired":true,"valueName":"search_term_string"}}],"inLanguage":"es"},{"@type":"Person","@id":"https:\/\/www.noticiasradioreflejos.com.ar\/2021\/#\/schema\/person\/ad82545263dcc5ec0996818884fd5fb1","name":"Arnaldo Botto","image":{"@type":"ImageObject","inLanguage":"es","@id":"https:\/\/www.noticiasradioreflejos.com.ar\/2021\/#\/schema\/person\/image\/","url":"https:\/\/secure.gravatar.com\/avatar\/55cb5e37c1efa326397366e6974cb338056df65cb50e7d64d1cf314e87504837?s=96&d=mm&r=g","contentUrl":"https:\/\/secure.gravatar.com\/avatar\/55cb5e37c1efa326397366e6974cb338056df65cb50e7d64d1cf314e87504837?s=96&d=mm&r=g","caption":"Arnaldo Botto"},"url":"https:\/\/www.noticiasradioreflejos.com.ar\/2021\/author\/arnaldo\/"}]}},"_links":{"self":[{"href":"https:\/\/www.noticiasradioreflejos.com.ar\/2021\/wp-json\/wp\/v2\/posts\/74344","targetHints":{"allow":["GET"]}}],"collection":[{"href":"https:\/\/www.noticiasradioreflejos.com.ar\/2021\/wp-json\/wp\/v2\/posts"}],"about":[{"href":"https:\/\/www.noticiasradioreflejos.com.ar\/2021\/wp-json\/wp\/v2\/types\/post"}],"author":[{"embeddable":true,"href":"https:\/\/www.noticiasradioreflejos.com.ar\/2021\/wp-json\/wp\/v2\/users\/3"}],"replies":[{"embeddable":true,"href":"https:\/\/www.noticiasradioreflejos.com.ar\/2021\/wp-json\/wp\/v2\/comments?post=74344"}],"version-history":[{"count":1,"href":"https:\/\/www.noticiasradioreflejos.com.ar\/2021\/wp-json\/wp\/v2\/posts\/74344\/revisions"}],"predecessor-version":[{"id":74346,"href":"https:\/\/www.noticiasradioreflejos.com.ar\/2021\/wp-json\/wp\/v2\/posts\/74344\/revisions\/74346"}],"wp:attachment":[{"href":"https:\/\/www.noticiasradioreflejos.com.ar\/2021\/wp-json\/wp\/v2\/media?parent=74344"}],"wp:term":[{"taxonomy":"category","embeddable":true,"href":"https:\/\/www.noticiasradioreflejos.com.ar\/2021\/wp-json\/wp\/v2\/categories?post=74344"},{"taxonomy":"post_tag","embeddable":true,"href":"https:\/\/www.noticiasradioreflejos.com.ar\/2021\/wp-json\/wp\/v2\/tags?post=74344"}],"curies":[{"name":"wp","href":"https:\/\/api.w.org\/{rel}","templated":true}]}}