{"id":74337,"date":"2022-06-29T20:45:26","date_gmt":"2022-06-29T20:45:26","guid":{"rendered":"http:\/\/www.noticiasradioreflejos.com.ar\/2021\/?p=74337"},"modified":"2022-06-29T20:45:26","modified_gmt":"2022-06-29T20:45:26","slug":"a-los-115-anos-murio-la-mujer-mas-longeva-de-la-argentina","status":"publish","type":"post","link":"https:\/\/www.noticiasradioreflejos.com.ar\/2021\/a-los-115-anos-murio-la-mujer-mas-longeva-de-la-argentina\/","title":{"rendered":"A los 115 a\u00f1os, muri\u00f3 la mujer m\u00e1s longeva de la Argentina"},"content":{"rendered":"<p>Casilda Benegas de Gallego, la persona de mayor edad en haber superado el virus del Covid-19 durante la pandemia, vivi\u00f3 sus \u00faltimos d\u00edas en una Residencia Geri\u00e1trica de la ciudad balnearia, donde era visitada por sus dos hijos, ocho nietos, ocho bisnietos y tres tataranietos.<!--more--><\/p>\n<div class=\"wrapper-editable-content\">\n<div>\n<div class=\"wrapper-editable-content\">\n<div>\n<div class=\"container-md\">\n<div class=\"row\">\n<div class=\"col-md-12 speak\">\n<div class=\"paragraph\">\n<figure class=\"mb-3\"><img decoding=\"async\" src=\"https:\/\/www.telam.com.ar\/thumbs\/bluesteel\/advf\/imagenes\/2022\/06\/62bcadc129e66_900.jpg\" alt=\"En 2021 el Concejo Deliberante local la haba declarado ciudadana destacada de la ciudad Foto TW\" width=\"100%\" height=\"100%\" \/><\/figure>\n<\/div>\n<\/div>\n<\/div>\n<\/div>\n<\/div>\n<\/div>\n<\/div>\n<\/div>\n<p><span style=\"color: #ff6600;\"><em>En 2021, el Concejo Deliberante local la hab\u00eda declarado ciudadana destacada de la ciudad \/ Foto: TW.<\/em><\/span><\/p>\n<p>&nbsp;<\/p>\n<p>Casilda Benegas de Gallego, la mujer m\u00e1s longeva del pa\u00eds y tambi\u00e9n la de mayor edad en haber superado el virus del coronavirus durante la pandemia, muri\u00f3 el martes en la ciudad de Mar del Plata a los 115 a\u00f1os y 80 d\u00edas.<\/p>\n<p>Al confirmar la noticia, su bisnieta Mayra Blanco la despidi\u00f3 por las redes sociales: \u00abYo te voy a recordar de esta manera, ri\u00e9ndote. Es dif\u00edcil no sentir un dolor enorme por saber que ya no te vamos a tener m\u00e1s con nosotros y a la vez me pone feliz saber que te amamos y disfrutamos much\u00edsimo\u00bb.<\/p>\n<p>Casilda Benegas era la mujer m\u00e1s longeva del pa\u00eds y, desde enero \u00faltimo cuando muri\u00f3 la brasile\u00f1a Antonia da Santa Cruz, tambi\u00e9n de Am\u00e9rica Latina, seg\u00fan el sitio especializado Gerontology Wiki.<\/p>\n<p>Adem\u00e1s,<strong>\u00a0al momento de su fallecimiento era la cuarta de mayor edad en todo el mundo<\/strong>, seg\u00fan la misma fuente.<\/p>\n<p>Casilda vivi\u00f3 sus \u00faltimos d\u00edas en una Residencia Geri\u00e1trica en la zona norte de Mar del Plata, donde era visitada por sus dos hijos, ocho nietos, ocho bisnietos y tres tataranietos.<\/p>\n<p>El a\u00f1o pasado, el Concejo Deliberante local la hab\u00eda declarado ciudadana destacada de la ciudad.<\/p>\n<p>Previo a la Navidad de 2020,\u00a0<strong>Casilda se enferm\u00f3 de Covid cuando ten\u00eda 113 a\u00f1os y fue la persona con mayor edad en recuperarse.<\/strong><\/p>\n<p>Tambi\u00e9n se hab\u00eda convertido en la cuarta persona m\u00e1s longeva del mundo en recibir la vacuna contra el coronavirus por parte de profesionales del PAMI.<\/p>\n<p><iframe id=\"instagram-embed-0\" class=\"instagram-media instagram-media-rendered\" src=\"https:\/\/www.instagram.com\/p\/CfWlJtdrwE7\/embed\/captioned\/?cr=1&amp;v=14&amp;wp=540&amp;rd=https%3A%2F%2Fwww.telam.com.ar&amp;rp=%2Fnotas%2F202206%2F596985-mujer-mas-longeva-argentina-murio-115-anos.html#%7B%22ci%22%3A0%2C%22os%22%3A1763.7000000011176%2C%22ls%22%3A678.8000000007451%2C%22le%22%3A1758.4000000003725%7D\" height=\"1141\" frameborder=\"0\" scrolling=\"no\" allowfullscreen=\"allowfullscreen\" data-instgrm-payload-id=\"instagram-media-payload-0\"><\/iframe><br \/>\nLa mujer hab\u00eda nacido el 8 de abril de 1907 en el departamento de Itap\u00faa, Paraguay, donde se cas\u00f3 con un hombre de nacionalidad espa\u00f1ola, y en 1945 se mud\u00f3 a la Argentina: primero vivi\u00f3 en Jujuy, luego en Corrientes y posteriormente en Chaco.<\/p>\n<p>M\u00e1s tarde, Casilda se instal\u00f3 con su familia en Buenos Aires, hasta que en la d\u00e9cada del &#8217;70 decidi\u00f3 seguir los pasos de su hijo, que se mud\u00f3 a Mar del Plata por cuestiones laborales.<\/p>\n<p>Inicialmente vivi\u00f3 en el barrio Don Bosco y posteriormente en la zona de Pompeya.<\/p>\n<p>A principios del 2000, Casilda junto a su familia emigr\u00f3 a Espa\u00f1a, pero trece a\u00f1os despu\u00e9s regres\u00f3 para volverse a instalar en Mar del Plata.<\/p>\n","protected":false},"excerpt":{"rendered":"<p>Casilda Benegas de Gallego, la persona de mayor edad en haber superado el virus del Covid-19 durante la pandemia, vivi\u00f3 sus \u00faltimos d\u00edas en una Residencia Geri\u00e1trica de la ciudad balnearia, donde era visitada por sus dos hijos, ocho nietos, ocho bisnietos y tres tataranietos.<\/p>\n","protected":false},"author":3,"featured_media":0,"comment_status":"closed","ping_status":"closed","sticky":false,"template":"","format":"standard","meta":{"footnotes":""},"categories":[1],"tags":[],"class_list":["post-74337","post","type-post","status-publish","format-standard","hentry","category-sin-categoria"],"yoast_head":"<!-- This site is optimized with the Yoast SEO plugin v25.9 - https:\/\/yoast.com\/wordpress\/plugins\/seo\/ -->\n<title>A los 115 a\u00f1os, muri\u00f3 la mujer m\u00e1s longeva de la Argentina - Noticias Radio Reflejos<\/title>\n<meta name=\"robots\" content=\"index, follow, max-snippet:-1, max-image-preview:large, max-video-preview:-1\" \/>\n<link rel=\"canonical\" href=\"https:\/\/www.noticiasradioreflejos.com.ar\/2021\/a-los-115-anos-murio-la-mujer-mas-longeva-de-la-argentina\/\" \/>\n<meta property=\"og:locale\" content=\"es_ES\" \/>\n<meta property=\"og:type\" content=\"article\" \/>\n<meta property=\"og:title\" content=\"A los 115 a\u00f1os, muri\u00f3 la mujer m\u00e1s longeva de la Argentina - Noticias Radio Reflejos\" \/>\n<meta property=\"og:description\" content=\"Casilda Benegas de Gallego, la persona de mayor edad en haber superado el virus del Covid-19 durante la pandemia, vivi\u00f3 sus \u00faltimos d\u00edas en una Residencia Geri\u00e1trica de la ciudad balnearia, donde era visitada por sus dos hijos, ocho nietos, ocho bisnietos y tres tataranietos.\" \/>\n<meta property=\"og:url\" content=\"https:\/\/www.noticiasradioreflejos.com.ar\/2021\/a-los-115-anos-murio-la-mujer-mas-longeva-de-la-argentina\/\" \/>\n<meta property=\"og:site_name\" content=\"Noticias Radio Reflejos\" \/>\n<meta property=\"article:published_time\" content=\"2022-06-29T20:45:26+00:00\" \/>\n<meta property=\"og:image\" content=\"https:\/\/www.telam.com.ar\/thumbs\/bluesteel\/advf\/imagenes\/2022\/06\/62bcadc129e66_900.jpg\" \/>\n<meta name=\"author\" content=\"Arnaldo Botto\" \/>\n<meta name=\"twitter:card\" content=\"summary_large_image\" \/>\n<script type=\"application\/ld+json\" class=\"yoast-schema-graph\">{\"@context\":\"https:\/\/schema.org\",\"@graph\":[{\"@type\":\"WebPage\",\"@id\":\"https:\/\/www.noticiasradioreflejos.com.ar\/2021\/a-los-115-anos-murio-la-mujer-mas-longeva-de-la-argentina\/\",\"url\":\"https:\/\/www.noticiasradioreflejos.com.ar\/2021\/a-los-115-anos-murio-la-mujer-mas-longeva-de-la-argentina\/\",\"name\":\"A los 115 a\u00f1os, muri\u00f3 la mujer m\u00e1s longeva de la Argentina - Noticias Radio Reflejos\",\"isPartOf\":{\"@id\":\"https:\/\/www.noticiasradioreflejos.com.ar\/2021\/#website\"},\"primaryImageOfPage\":{\"@id\":\"https:\/\/www.noticiasradioreflejos.com.ar\/2021\/a-los-115-anos-murio-la-mujer-mas-longeva-de-la-argentina\/#primaryimage\"},\"image\":{\"@id\":\"https:\/\/www.noticiasradioreflejos.com.ar\/2021\/a-los-115-anos-murio-la-mujer-mas-longeva-de-la-argentina\/#primaryimage\"},\"thumbnailUrl\":\"https:\/\/www.telam.com.ar\/thumbs\/bluesteel\/advf\/imagenes\/2022\/06\/62bcadc129e66_900.jpg\",\"datePublished\":\"2022-06-29T20:45:26+00:00\",\"author\":{\"@id\":\"https:\/\/www.noticiasradioreflejos.com.ar\/2021\/#\/schema\/person\/ad82545263dcc5ec0996818884fd5fb1\"},\"breadcrumb\":{\"@id\":\"https:\/\/www.noticiasradioreflejos.com.ar\/2021\/a-los-115-anos-murio-la-mujer-mas-longeva-de-la-argentina\/#breadcrumb\"},\"inLanguage\":\"es\",\"potentialAction\":[{\"@type\":\"ReadAction\",\"target\":[\"https:\/\/www.noticiasradioreflejos.com.ar\/2021\/a-los-115-anos-murio-la-mujer-mas-longeva-de-la-argentina\/\"]}]},{\"@type\":\"ImageObject\",\"inLanguage\":\"es\",\"@id\":\"https:\/\/www.noticiasradioreflejos.com.ar\/2021\/a-los-115-anos-murio-la-mujer-mas-longeva-de-la-argentina\/#primaryimage\",\"url\":\"https:\/\/www.telam.com.ar\/thumbs\/bluesteel\/advf\/imagenes\/2022\/06\/62bcadc129e66_900.jpg\",\"contentUrl\":\"https:\/\/www.telam.com.ar\/thumbs\/bluesteel\/advf\/imagenes\/2022\/06\/62bcadc129e66_900.jpg\"},{\"@type\":\"BreadcrumbList\",\"@id\":\"https:\/\/www.noticiasradioreflejos.com.ar\/2021\/a-los-115-anos-murio-la-mujer-mas-longeva-de-la-argentina\/#breadcrumb\",\"itemListElement\":[{\"@type\":\"ListItem\",\"position\":1,\"name\":\"Portada\",\"item\":\"https:\/\/www.noticiasradioreflejos.com.ar\/2021\/\"},{\"@type\":\"ListItem\",\"position\":2,\"name\":\"A los 115 a\u00f1os, muri\u00f3 la mujer m\u00e1s longeva de la Argentina\"}]},{\"@type\":\"WebSite\",\"@id\":\"https:\/\/www.noticiasradioreflejos.com.ar\/2021\/#website\",\"url\":\"https:\/\/www.noticiasradioreflejos.com.ar\/2021\/\",\"name\":\"Noticias Radio Reflejos\",\"description\":\"Las noticias de mi comarca\",\"potentialAction\":[{\"@type\":\"SearchAction\",\"target\":{\"@type\":\"EntryPoint\",\"urlTemplate\":\"https:\/\/www.noticiasradioreflejos.com.ar\/2021\/?s={search_term_string}\"},\"query-input\":{\"@type\":\"PropertyValueSpecification\",\"valueRequired\":true,\"valueName\":\"search_term_string\"}}],\"inLanguage\":\"es\"},{\"@type\":\"Person\",\"@id\":\"https:\/\/www.noticiasradioreflejos.com.ar\/2021\/#\/schema\/person\/ad82545263dcc5ec0996818884fd5fb1\",\"name\":\"Arnaldo Botto\",\"image\":{\"@type\":\"ImageObject\",\"inLanguage\":\"es\",\"@id\":\"https:\/\/www.noticiasradioreflejos.com.ar\/2021\/#\/schema\/person\/image\/\",\"url\":\"https:\/\/secure.gravatar.com\/avatar\/55cb5e37c1efa326397366e6974cb338056df65cb50e7d64d1cf314e87504837?s=96&d=mm&r=g\",\"contentUrl\":\"https:\/\/secure.gravatar.com\/avatar\/55cb5e37c1efa326397366e6974cb338056df65cb50e7d64d1cf314e87504837?s=96&d=mm&r=g\",\"caption\":\"Arnaldo Botto\"},\"url\":\"https:\/\/www.noticiasradioreflejos.com.ar\/2021\/author\/arnaldo\/\"}]}<\/script>\n<!-- \/ Yoast SEO plugin. -->","yoast_head_json":{"title":"A los 115 a\u00f1os, muri\u00f3 la mujer m\u00e1s longeva de la Argentina - Noticias Radio Reflejos","robots":{"index":"index","follow":"follow","max-snippet":"max-snippet:-1","max-image-preview":"max-image-preview:large","max-video-preview":"max-video-preview:-1"},"canonical":"https:\/\/www.noticiasradioreflejos.com.ar\/2021\/a-los-115-anos-murio-la-mujer-mas-longeva-de-la-argentina\/","og_locale":"es_ES","og_type":"article","og_title":"A los 115 a\u00f1os, muri\u00f3 la mujer m\u00e1s longeva de la Argentina - Noticias Radio Reflejos","og_description":"Casilda Benegas de Gallego, la persona de mayor edad en haber superado el virus del Covid-19 durante la pandemia, vivi\u00f3 sus \u00faltimos d\u00edas en una Residencia Geri\u00e1trica de la ciudad balnearia, donde era visitada por sus dos hijos, ocho nietos, ocho bisnietos y tres tataranietos.","og_url":"https:\/\/www.noticiasradioreflejos.com.ar\/2021\/a-los-115-anos-murio-la-mujer-mas-longeva-de-la-argentina\/","og_site_name":"Noticias Radio Reflejos","article_published_time":"2022-06-29T20:45:26+00:00","og_image":[{"url":"https:\/\/www.telam.com.ar\/thumbs\/bluesteel\/advf\/imagenes\/2022\/06\/62bcadc129e66_900.jpg","type":"","width":"","height":""}],"author":"Arnaldo Botto","twitter_card":"summary_large_image","schema":{"@context":"https:\/\/schema.org","@graph":[{"@type":"WebPage","@id":"https:\/\/www.noticiasradioreflejos.com.ar\/2021\/a-los-115-anos-murio-la-mujer-mas-longeva-de-la-argentina\/","url":"https:\/\/www.noticiasradioreflejos.com.ar\/2021\/a-los-115-anos-murio-la-mujer-mas-longeva-de-la-argentina\/","name":"A los 115 a\u00f1os, muri\u00f3 la mujer m\u00e1s longeva de la Argentina - Noticias Radio Reflejos","isPartOf":{"@id":"https:\/\/www.noticiasradioreflejos.com.ar\/2021\/#website"},"primaryImageOfPage":{"@id":"https:\/\/www.noticiasradioreflejos.com.ar\/2021\/a-los-115-anos-murio-la-mujer-mas-longeva-de-la-argentina\/#primaryimage"},"image":{"@id":"https:\/\/www.noticiasradioreflejos.com.ar\/2021\/a-los-115-anos-murio-la-mujer-mas-longeva-de-la-argentina\/#primaryimage"},"thumbnailUrl":"https:\/\/www.telam.com.ar\/thumbs\/bluesteel\/advf\/imagenes\/2022\/06\/62bcadc129e66_900.jpg","datePublished":"2022-06-29T20:45:26+00:00","author":{"@id":"https:\/\/www.noticiasradioreflejos.com.ar\/2021\/#\/schema\/person\/ad82545263dcc5ec0996818884fd5fb1"},"breadcrumb":{"@id":"https:\/\/www.noticiasradioreflejos.com.ar\/2021\/a-los-115-anos-murio-la-mujer-mas-longeva-de-la-argentina\/#breadcrumb"},"inLanguage":"es","potentialAction":[{"@type":"ReadAction","target":["https:\/\/www.noticiasradioreflejos.com.ar\/2021\/a-los-115-anos-murio-la-mujer-mas-longeva-de-la-argentina\/"]}]},{"@type":"ImageObject","inLanguage":"es","@id":"https:\/\/www.noticiasradioreflejos.com.ar\/2021\/a-los-115-anos-murio-la-mujer-mas-longeva-de-la-argentina\/#primaryimage","url":"https:\/\/www.telam.com.ar\/thumbs\/bluesteel\/advf\/imagenes\/2022\/06\/62bcadc129e66_900.jpg","contentUrl":"https:\/\/www.telam.com.ar\/thumbs\/bluesteel\/advf\/imagenes\/2022\/06\/62bcadc129e66_900.jpg"},{"@type":"BreadcrumbList","@id":"https:\/\/www.noticiasradioreflejos.com.ar\/2021\/a-los-115-anos-murio-la-mujer-mas-longeva-de-la-argentina\/#breadcrumb","itemListElement":[{"@type":"ListItem","position":1,"name":"Portada","item":"https:\/\/www.noticiasradioreflejos.com.ar\/2021\/"},{"@type":"ListItem","position":2,"name":"A los 115 a\u00f1os, muri\u00f3 la mujer m\u00e1s longeva de la Argentina"}]},{"@type":"WebSite","@id":"https:\/\/www.noticiasradioreflejos.com.ar\/2021\/#website","url":"https:\/\/www.noticiasradioreflejos.com.ar\/2021\/","name":"Noticias Radio Reflejos","description":"Las noticias de mi comarca","potentialAction":[{"@type":"SearchAction","target":{"@type":"EntryPoint","urlTemplate":"https:\/\/www.noticiasradioreflejos.com.ar\/2021\/?s={search_term_string}"},"query-input":{"@type":"PropertyValueSpecification","valueRequired":true,"valueName":"search_term_string"}}],"inLanguage":"es"},{"@type":"Person","@id":"https:\/\/www.noticiasradioreflejos.com.ar\/2021\/#\/schema\/person\/ad82545263dcc5ec0996818884fd5fb1","name":"Arnaldo Botto","image":{"@type":"ImageObject","inLanguage":"es","@id":"https:\/\/www.noticiasradioreflejos.com.ar\/2021\/#\/schema\/person\/image\/","url":"https:\/\/secure.gravatar.com\/avatar\/55cb5e37c1efa326397366e6974cb338056df65cb50e7d64d1cf314e87504837?s=96&d=mm&r=g","contentUrl":"https:\/\/secure.gravatar.com\/avatar\/55cb5e37c1efa326397366e6974cb338056df65cb50e7d64d1cf314e87504837?s=96&d=mm&r=g","caption":"Arnaldo Botto"},"url":"https:\/\/www.noticiasradioreflejos.com.ar\/2021\/author\/arnaldo\/"}]}},"_links":{"self":[{"href":"https:\/\/www.noticiasradioreflejos.com.ar\/2021\/wp-json\/wp\/v2\/posts\/74337","targetHints":{"allow":["GET"]}}],"collection":[{"href":"https:\/\/www.noticiasradioreflejos.com.ar\/2021\/wp-json\/wp\/v2\/posts"}],"about":[{"href":"https:\/\/www.noticiasradioreflejos.com.ar\/2021\/wp-json\/wp\/v2\/types\/post"}],"author":[{"embeddable":true,"href":"https:\/\/www.noticiasradioreflejos.com.ar\/2021\/wp-json\/wp\/v2\/users\/3"}],"replies":[{"embeddable":true,"href":"https:\/\/www.noticiasradioreflejos.com.ar\/2021\/wp-json\/wp\/v2\/comments?post=74337"}],"version-history":[{"count":1,"href":"https:\/\/www.noticiasradioreflejos.com.ar\/2021\/wp-json\/wp\/v2\/posts\/74337\/revisions"}],"predecessor-version":[{"id":74339,"href":"https:\/\/www.noticiasradioreflejos.com.ar\/2021\/wp-json\/wp\/v2\/posts\/74337\/revisions\/74339"}],"wp:attachment":[{"href":"https:\/\/www.noticiasradioreflejos.com.ar\/2021\/wp-json\/wp\/v2\/media?parent=74337"}],"wp:term":[{"taxonomy":"category","embeddable":true,"href":"https:\/\/www.noticiasradioreflejos.com.ar\/2021\/wp-json\/wp\/v2\/categories?post=74337"},{"taxonomy":"post_tag","embeddable":true,"href":"https:\/\/www.noticiasradioreflejos.com.ar\/2021\/wp-json\/wp\/v2\/tags?post=74337"}],"curies":[{"name":"wp","href":"https:\/\/api.w.org\/{rel}","templated":true}]}}