{"id":74313,"date":"2022-06-29T13:07:53","date_gmt":"2022-06-29T13:07:53","guid":{"rendered":"http:\/\/www.noticiasradioreflejos.com.ar\/2021\/?p=74313"},"modified":"2022-06-29T13:07:53","modified_gmt":"2022-06-29T13:07:53","slug":"conductor-muy-grave-tras-dar-varios-tumbos-y-terminar-chocando-contra-un-monte","status":"publish","type":"post","link":"https:\/\/www.noticiasradioreflejos.com.ar\/2021\/conductor-muy-grave-tras-dar-varios-tumbos-y-terminar-chocando-contra-un-monte\/","title":{"rendered":"Conductor muy grave tras dar varios tumbos y terminar chocando contra un monte"},"content":{"rendered":"<header id=\"mvp-post-head\" class=\"left relative\">El herido fue identificado como <strong>Iv\u00e1n Schwerdt<\/strong>, de 30 a\u00f1os. Su Ford Focus termin\u00f3 completamente destruido.<\/p>\n<\/header>\n<p><!--more--><\/p>\n<div class=\"mvp-post-main-out left relative\">\n<div class=\"mvp-post-main-in\">\n<div id=\"mvp-post-content\" class=\"left relative\">\n<div id=\"mvp-post-feat-img\" class=\"left relative mvp-post-feat-img-wide2\"><picture><source srcset=\"https:\/\/www.labrujula24.com\/wp-content\/webp-express\/webp-images\/uploads\/2022\/06\/vuelco-4.jpg.webp 1600w, https:\/\/www.labrujula24.com\/wp-content\/webp-express\/webp-images\/uploads\/2022\/06\/vuelco-4-768x576.jpg.webp 768w, https:\/\/www.labrujula24.com\/wp-content\/webp-express\/webp-images\/uploads\/2022\/06\/vuelco-4-1536x1152.jpg.webp 1536w\" type=\"image\/webp\" sizes=\"(max-width: 1600px) 100vw, 1600px\" \/><img loading=\"lazy\" decoding=\"async\" class=\"attachment- size- wp-post-image webpexpress-processed\" src=\"https:\/\/www.labrujula24.com\/wp-content\/uploads\/2022\/06\/vuelco-4.jpg\" sizes=\"auto, (max-width: 1600px) 100vw, 1600px\" srcset=\"https:\/\/www.labrujula24.com\/wp-content\/uploads\/2022\/06\/vuelco-4.jpg 1600w, https:\/\/www.labrujula24.com\/wp-content\/uploads\/2022\/06\/vuelco-4-768x576.jpg 768w, https:\/\/www.labrujula24.com\/wp-content\/uploads\/2022\/06\/vuelco-4-1536x1152.jpg 1536w\" alt=\"\" width=\"1600\" height=\"1200\" \/><\/picture><\/div>\n<p><span class=\"mvp-feat-caption\">Foto: Nuevo D\u00eda.<\/span><\/p>\n<div id=\"mvp-content-wrap\" class=\"left relative\">\n<div class=\"mvp-post-soc-out right relative\">\n<div class=\"mvp-post-soc-in\">\n<div id=\"mvp-content-body\" class=\"left relative\">\n<div id=\"mvp-content-body-top\" class=\"left relative\">\n<div id=\"mvp-content-main\" class=\"left relative\">\n<div id=\"textbody\">\n<div class=\"at-above-post addthis_tool\" data-url=\"https:\/\/www.labrujula24.com\/notas\/2022\/06\/29\/esta-muy-grave-luego-de-dar-varios-tumbos-y-terminar-chocando-contra-un-monte-n224103\/\"><\/div>\n<p>Iv\u00e1n Schwerdt, de 30 a\u00f1os, se encuentra internado con pron\u00f3stico reservado en el Hospital Municipal de Coronel Su\u00e1rez como consecuencia de las graves heridas sufridas en un impactante accidente automovil\u00edstico.<\/p>\n<p>Seg\u00fan publica el portal\u00a0<strong><em>SuarezAlD\u00eda<\/em><\/strong>, minutos despu\u00e9s de las 22, Schwerdt perdi\u00f3 el control de su veh\u00edculo en la Ruta 67 a pocos kil\u00f3metros del cruce con la ruta 85, en proximidades a la planta de silos de la firma Bertolami.<\/p>\n<p>Se trata de un Ford Focus que qued\u00f3 totalmente destruido al volcar varias veces y terminar chocando contra un monte.<\/p>\n<p>En el lugar trabaj\u00f3 una ambulancia del SAME, la Polic\u00eda Comunal y Bomberos Voluntarios que establecieron un rastrillaje preventivo en el lugar del hecho, encontrando partes de la carrocer\u00eda del veh\u00edculo esparcidas en varios metros a la redonda de la posici\u00f3n final del rodado.<\/p>\n<p>El paciente permanece internado con pron\u00f3stico reservado en la Unidad de Cuidados Intensivos, certificando heridas de car\u00e1cter graves por fracturas m\u00faltiples de costillas, v\u00e9rtebras y brazos.<\/p>\n<\/div>\n<\/div>\n<\/div>\n<\/div>\n<\/div>\n<\/div>\n<\/div>\n<\/div>\n<\/div>\n<\/div>\n","protected":false},"excerpt":{"rendered":"<p>El herido fue identificado como Iv\u00e1n Schwerdt, de 30 a\u00f1os. Su Ford Focus termin\u00f3 completamente destruido.<\/p>\n","protected":false},"author":3,"featured_media":0,"comment_status":"closed","ping_status":"closed","sticky":false,"template":"","format":"standard","meta":{"footnotes":""},"categories":[1],"tags":[],"class_list":["post-74313","post","type-post","status-publish","format-standard","hentry","category-sin-categoria"],"yoast_head":"<!-- This site is optimized with the Yoast SEO plugin v25.9 - https:\/\/yoast.com\/wordpress\/plugins\/seo\/ -->\n<title>Conductor muy grave tras dar varios tumbos y terminar chocando contra un monte - Noticias Radio Reflejos<\/title>\n<meta name=\"robots\" content=\"index, follow, max-snippet:-1, max-image-preview:large, max-video-preview:-1\" \/>\n<link rel=\"canonical\" href=\"https:\/\/www.noticiasradioreflejos.com.ar\/2021\/conductor-muy-grave-tras-dar-varios-tumbos-y-terminar-chocando-contra-un-monte\/\" \/>\n<meta property=\"og:locale\" content=\"es_ES\" \/>\n<meta property=\"og:type\" content=\"article\" \/>\n<meta property=\"og:title\" content=\"Conductor muy grave tras dar varios tumbos y terminar chocando contra un monte - Noticias Radio Reflejos\" \/>\n<meta property=\"og:description\" content=\"El herido fue identificado como Iv\u00e1n Schwerdt, de 30 a\u00f1os. Su Ford Focus termin\u00f3 completamente destruido.\" \/>\n<meta property=\"og:url\" content=\"https:\/\/www.noticiasradioreflejos.com.ar\/2021\/conductor-muy-grave-tras-dar-varios-tumbos-y-terminar-chocando-contra-un-monte\/\" \/>\n<meta property=\"og:site_name\" content=\"Noticias Radio Reflejos\" \/>\n<meta property=\"article:published_time\" content=\"2022-06-29T13:07:53+00:00\" \/>\n<meta property=\"og:image\" content=\"https:\/\/www.labrujula24.com\/wp-content\/uploads\/2022\/06\/vuelco-4.jpg\" \/>\n<meta name=\"author\" content=\"Arnaldo Botto\" \/>\n<meta name=\"twitter:card\" content=\"summary_large_image\" \/>\n<script type=\"application\/ld+json\" class=\"yoast-schema-graph\">{\"@context\":\"https:\/\/schema.org\",\"@graph\":[{\"@type\":\"WebPage\",\"@id\":\"https:\/\/www.noticiasradioreflejos.com.ar\/2021\/conductor-muy-grave-tras-dar-varios-tumbos-y-terminar-chocando-contra-un-monte\/\",\"url\":\"https:\/\/www.noticiasradioreflejos.com.ar\/2021\/conductor-muy-grave-tras-dar-varios-tumbos-y-terminar-chocando-contra-un-monte\/\",\"name\":\"Conductor muy grave tras dar varios tumbos y terminar chocando contra un monte - Noticias Radio Reflejos\",\"isPartOf\":{\"@id\":\"https:\/\/www.noticiasradioreflejos.com.ar\/2021\/#website\"},\"primaryImageOfPage\":{\"@id\":\"https:\/\/www.noticiasradioreflejos.com.ar\/2021\/conductor-muy-grave-tras-dar-varios-tumbos-y-terminar-chocando-contra-un-monte\/#primaryimage\"},\"image\":{\"@id\":\"https:\/\/www.noticiasradioreflejos.com.ar\/2021\/conductor-muy-grave-tras-dar-varios-tumbos-y-terminar-chocando-contra-un-monte\/#primaryimage\"},\"thumbnailUrl\":\"https:\/\/www.labrujula24.com\/wp-content\/uploads\/2022\/06\/vuelco-4.jpg\",\"datePublished\":\"2022-06-29T13:07:53+00:00\",\"author\":{\"@id\":\"https:\/\/www.noticiasradioreflejos.com.ar\/2021\/#\/schema\/person\/ad82545263dcc5ec0996818884fd5fb1\"},\"breadcrumb\":{\"@id\":\"https:\/\/www.noticiasradioreflejos.com.ar\/2021\/conductor-muy-grave-tras-dar-varios-tumbos-y-terminar-chocando-contra-un-monte\/#breadcrumb\"},\"inLanguage\":\"es\",\"potentialAction\":[{\"@type\":\"ReadAction\",\"target\":[\"https:\/\/www.noticiasradioreflejos.com.ar\/2021\/conductor-muy-grave-tras-dar-varios-tumbos-y-terminar-chocando-contra-un-monte\/\"]}]},{\"@type\":\"ImageObject\",\"inLanguage\":\"es\",\"@id\":\"https:\/\/www.noticiasradioreflejos.com.ar\/2021\/conductor-muy-grave-tras-dar-varios-tumbos-y-terminar-chocando-contra-un-monte\/#primaryimage\",\"url\":\"https:\/\/www.labrujula24.com\/wp-content\/uploads\/2022\/06\/vuelco-4.jpg\",\"contentUrl\":\"https:\/\/www.labrujula24.com\/wp-content\/uploads\/2022\/06\/vuelco-4.jpg\"},{\"@type\":\"BreadcrumbList\",\"@id\":\"https:\/\/www.noticiasradioreflejos.com.ar\/2021\/conductor-muy-grave-tras-dar-varios-tumbos-y-terminar-chocando-contra-un-monte\/#breadcrumb\",\"itemListElement\":[{\"@type\":\"ListItem\",\"position\":1,\"name\":\"Portada\",\"item\":\"https:\/\/www.noticiasradioreflejos.com.ar\/2021\/\"},{\"@type\":\"ListItem\",\"position\":2,\"name\":\"Conductor muy grave tras dar varios tumbos y terminar chocando contra un monte\"}]},{\"@type\":\"WebSite\",\"@id\":\"https:\/\/www.noticiasradioreflejos.com.ar\/2021\/#website\",\"url\":\"https:\/\/www.noticiasradioreflejos.com.ar\/2021\/\",\"name\":\"Noticias Radio Reflejos\",\"description\":\"Las noticias de mi comarca\",\"potentialAction\":[{\"@type\":\"SearchAction\",\"target\":{\"@type\":\"EntryPoint\",\"urlTemplate\":\"https:\/\/www.noticiasradioreflejos.com.ar\/2021\/?s={search_term_string}\"},\"query-input\":{\"@type\":\"PropertyValueSpecification\",\"valueRequired\":true,\"valueName\":\"search_term_string\"}}],\"inLanguage\":\"es\"},{\"@type\":\"Person\",\"@id\":\"https:\/\/www.noticiasradioreflejos.com.ar\/2021\/#\/schema\/person\/ad82545263dcc5ec0996818884fd5fb1\",\"name\":\"Arnaldo Botto\",\"image\":{\"@type\":\"ImageObject\",\"inLanguage\":\"es\",\"@id\":\"https:\/\/www.noticiasradioreflejos.com.ar\/2021\/#\/schema\/person\/image\/\",\"url\":\"https:\/\/secure.gravatar.com\/avatar\/55cb5e37c1efa326397366e6974cb338056df65cb50e7d64d1cf314e87504837?s=96&d=mm&r=g\",\"contentUrl\":\"https:\/\/secure.gravatar.com\/avatar\/55cb5e37c1efa326397366e6974cb338056df65cb50e7d64d1cf314e87504837?s=96&d=mm&r=g\",\"caption\":\"Arnaldo Botto\"},\"url\":\"https:\/\/www.noticiasradioreflejos.com.ar\/2021\/author\/arnaldo\/\"}]}<\/script>\n<!-- \/ Yoast SEO plugin. -->","yoast_head_json":{"title":"Conductor muy grave tras dar varios tumbos y terminar chocando contra un monte - Noticias Radio Reflejos","robots":{"index":"index","follow":"follow","max-snippet":"max-snippet:-1","max-image-preview":"max-image-preview:large","max-video-preview":"max-video-preview:-1"},"canonical":"https:\/\/www.noticiasradioreflejos.com.ar\/2021\/conductor-muy-grave-tras-dar-varios-tumbos-y-terminar-chocando-contra-un-monte\/","og_locale":"es_ES","og_type":"article","og_title":"Conductor muy grave tras dar varios tumbos y terminar chocando contra un monte - Noticias Radio Reflejos","og_description":"El herido fue identificado como Iv\u00e1n Schwerdt, de 30 a\u00f1os. Su Ford Focus termin\u00f3 completamente destruido.","og_url":"https:\/\/www.noticiasradioreflejos.com.ar\/2021\/conductor-muy-grave-tras-dar-varios-tumbos-y-terminar-chocando-contra-un-monte\/","og_site_name":"Noticias Radio Reflejos","article_published_time":"2022-06-29T13:07:53+00:00","og_image":[{"url":"https:\/\/www.labrujula24.com\/wp-content\/uploads\/2022\/06\/vuelco-4.jpg","type":"","width":"","height":""}],"author":"Arnaldo Botto","twitter_card":"summary_large_image","schema":{"@context":"https:\/\/schema.org","@graph":[{"@type":"WebPage","@id":"https:\/\/www.noticiasradioreflejos.com.ar\/2021\/conductor-muy-grave-tras-dar-varios-tumbos-y-terminar-chocando-contra-un-monte\/","url":"https:\/\/www.noticiasradioreflejos.com.ar\/2021\/conductor-muy-grave-tras-dar-varios-tumbos-y-terminar-chocando-contra-un-monte\/","name":"Conductor muy grave tras dar varios tumbos y terminar chocando contra un monte - Noticias Radio Reflejos","isPartOf":{"@id":"https:\/\/www.noticiasradioreflejos.com.ar\/2021\/#website"},"primaryImageOfPage":{"@id":"https:\/\/www.noticiasradioreflejos.com.ar\/2021\/conductor-muy-grave-tras-dar-varios-tumbos-y-terminar-chocando-contra-un-monte\/#primaryimage"},"image":{"@id":"https:\/\/www.noticiasradioreflejos.com.ar\/2021\/conductor-muy-grave-tras-dar-varios-tumbos-y-terminar-chocando-contra-un-monte\/#primaryimage"},"thumbnailUrl":"https:\/\/www.labrujula24.com\/wp-content\/uploads\/2022\/06\/vuelco-4.jpg","datePublished":"2022-06-29T13:07:53+00:00","author":{"@id":"https:\/\/www.noticiasradioreflejos.com.ar\/2021\/#\/schema\/person\/ad82545263dcc5ec0996818884fd5fb1"},"breadcrumb":{"@id":"https:\/\/www.noticiasradioreflejos.com.ar\/2021\/conductor-muy-grave-tras-dar-varios-tumbos-y-terminar-chocando-contra-un-monte\/#breadcrumb"},"inLanguage":"es","potentialAction":[{"@type":"ReadAction","target":["https:\/\/www.noticiasradioreflejos.com.ar\/2021\/conductor-muy-grave-tras-dar-varios-tumbos-y-terminar-chocando-contra-un-monte\/"]}]},{"@type":"ImageObject","inLanguage":"es","@id":"https:\/\/www.noticiasradioreflejos.com.ar\/2021\/conductor-muy-grave-tras-dar-varios-tumbos-y-terminar-chocando-contra-un-monte\/#primaryimage","url":"https:\/\/www.labrujula24.com\/wp-content\/uploads\/2022\/06\/vuelco-4.jpg","contentUrl":"https:\/\/www.labrujula24.com\/wp-content\/uploads\/2022\/06\/vuelco-4.jpg"},{"@type":"BreadcrumbList","@id":"https:\/\/www.noticiasradioreflejos.com.ar\/2021\/conductor-muy-grave-tras-dar-varios-tumbos-y-terminar-chocando-contra-un-monte\/#breadcrumb","itemListElement":[{"@type":"ListItem","position":1,"name":"Portada","item":"https:\/\/www.noticiasradioreflejos.com.ar\/2021\/"},{"@type":"ListItem","position":2,"name":"Conductor muy grave tras dar varios tumbos y terminar chocando contra un monte"}]},{"@type":"WebSite","@id":"https:\/\/www.noticiasradioreflejos.com.ar\/2021\/#website","url":"https:\/\/www.noticiasradioreflejos.com.ar\/2021\/","name":"Noticias Radio Reflejos","description":"Las noticias de mi comarca","potentialAction":[{"@type":"SearchAction","target":{"@type":"EntryPoint","urlTemplate":"https:\/\/www.noticiasradioreflejos.com.ar\/2021\/?s={search_term_string}"},"query-input":{"@type":"PropertyValueSpecification","valueRequired":true,"valueName":"search_term_string"}}],"inLanguage":"es"},{"@type":"Person","@id":"https:\/\/www.noticiasradioreflejos.com.ar\/2021\/#\/schema\/person\/ad82545263dcc5ec0996818884fd5fb1","name":"Arnaldo Botto","image":{"@type":"ImageObject","inLanguage":"es","@id":"https:\/\/www.noticiasradioreflejos.com.ar\/2021\/#\/schema\/person\/image\/","url":"https:\/\/secure.gravatar.com\/avatar\/55cb5e37c1efa326397366e6974cb338056df65cb50e7d64d1cf314e87504837?s=96&d=mm&r=g","contentUrl":"https:\/\/secure.gravatar.com\/avatar\/55cb5e37c1efa326397366e6974cb338056df65cb50e7d64d1cf314e87504837?s=96&d=mm&r=g","caption":"Arnaldo Botto"},"url":"https:\/\/www.noticiasradioreflejos.com.ar\/2021\/author\/arnaldo\/"}]}},"_links":{"self":[{"href":"https:\/\/www.noticiasradioreflejos.com.ar\/2021\/wp-json\/wp\/v2\/posts\/74313","targetHints":{"allow":["GET"]}}],"collection":[{"href":"https:\/\/www.noticiasradioreflejos.com.ar\/2021\/wp-json\/wp\/v2\/posts"}],"about":[{"href":"https:\/\/www.noticiasradioreflejos.com.ar\/2021\/wp-json\/wp\/v2\/types\/post"}],"author":[{"embeddable":true,"href":"https:\/\/www.noticiasradioreflejos.com.ar\/2021\/wp-json\/wp\/v2\/users\/3"}],"replies":[{"embeddable":true,"href":"https:\/\/www.noticiasradioreflejos.com.ar\/2021\/wp-json\/wp\/v2\/comments?post=74313"}],"version-history":[{"count":1,"href":"https:\/\/www.noticiasradioreflejos.com.ar\/2021\/wp-json\/wp\/v2\/posts\/74313\/revisions"}],"predecessor-version":[{"id":74315,"href":"https:\/\/www.noticiasradioreflejos.com.ar\/2021\/wp-json\/wp\/v2\/posts\/74313\/revisions\/74315"}],"wp:attachment":[{"href":"https:\/\/www.noticiasradioreflejos.com.ar\/2021\/wp-json\/wp\/v2\/media?parent=74313"}],"wp:term":[{"taxonomy":"category","embeddable":true,"href":"https:\/\/www.noticiasradioreflejos.com.ar\/2021\/wp-json\/wp\/v2\/categories?post=74313"},{"taxonomy":"post_tag","embeddable":true,"href":"https:\/\/www.noticiasradioreflejos.com.ar\/2021\/wp-json\/wp\/v2\/tags?post=74313"}],"curies":[{"name":"wp","href":"https:\/\/api.w.org\/{rel}","templated":true}]}}