{"id":74295,"date":"2022-06-29T11:00:40","date_gmt":"2022-06-29T11:00:40","guid":{"rendered":"http:\/\/www.noticiasradioreflejos.com.ar\/2021\/?p=74295"},"modified":"2022-06-29T11:00:40","modified_gmt":"2022-06-29T11:00:40","slug":"la-despidieron-por-fea-llevo-el-caso-a-la-justicia-y-sera-indemnizada-por-violencia-laboral","status":"publish","type":"post","link":"https:\/\/www.noticiasradioreflejos.com.ar\/2021\/la-despidieron-por-fea-llevo-el-caso-a-la-justicia-y-sera-indemnizada-por-violencia-laboral\/","title":{"rendered":"La despidieron por \u00abfea\u00bb, llev\u00f3 el caso a la Justicia y ser\u00e1 indemnizada por violencia laboral"},"content":{"rendered":"<p>En junio de 2017, una mujer fue despedida de la hamburgueser\u00eda Williamsburg. La joven asegur\u00f3 que sufr\u00eda malos tratos, no estaba efectivizada y que el encargado le recrimin\u00f3 que ella \u00abno pod\u00eda ser la cara\u00bb del local de comida r\u00e1pida.<!--more--><\/p>\n<div class=\"section-2-col article-main-image\">\n<div class=\"col 2-col\">\n<div class=\"article-main-media-image__container\">\n<div class=\"image-wrapper\">\n<figure>\n<figure class=\"object-fit-block--contain intrinsic-container intrinsic-container-3x2\"><img decoding=\"async\" class=\" \" src=\"https:\/\/images.pagina12.com.ar\/styles\/focal_3_2_960x640\/public\/2022-06\/563666-105-509660006.jpg?itok=4InJMFaJ\" alt=\"La empresa rechaz\u00f3 el v\u00ednculo laboral, que era en negro.\u00a0 (Fuente: Gentileza Restaurant Guru)\" \/><\/figure><figcaption>La empresa rechaz\u00f3 el v\u00ednculo laboral, que era en negro.\u00a0. Imagen: Gentileza Restaurant Guru<\/figcaption><\/figure>\n<\/div>\n<\/div>\n<\/div>\n<\/div>\n<div class=\"section-2-col article-main-content\">\n<div class=\"col 1-col\"><\/div>\n<div class=\"col 2-col\">\n<div class=\"article-main-content article-text \">\n<p>La C\u00e1mara Nacional de Apelaciones del Trabajo\u00a0<b>determin\u00f3 que un establecimiento gastron\u00f3mico\u00a0<\/b><b>indemnice<\/b><b>\u00a0a una exempleada a la que se ech\u00f3 \u00abpor fea\u00bb<\/b>. Se trata de una mujer que fue despedida en junio de 2017 de\u00a0<b>la hamburgueser\u00eda Williamsburg<\/b>.<\/p>\n<p>La demandante asegur\u00f3 haber\u00a0<b>sufrido malos tratos y una paga menor a 25 mil pesos por una jornada laboral de jueves a domingos, de 10 a 18 horas, y en negro<\/b>. En la querella adujo que el encargado la ech\u00f3 delante de un grupo de clientes\u00a0 porque \u201cuna persona fea no puede ser la cara de Williamsburg\u201d. Al ser increpado por el motivo del despido, insisti\u00f3: \u201c<b>Te echo por fea\u201d<\/b>. Al d\u00eda siguiente no la dejaron ingresar y no obtuvo respuesta de la empresa.<\/p>\n<div id=\"talkFireEvent\"><\/div>\n<p>Al iniciarse la demanda, la firma Ahumar S. A., licenciataria de la marca, desconoci\u00f3 el v\u00ednculo. As\u00ed, el juez determin\u00f3 que la situaci\u00f3n de despido indirecto en que se coloc\u00f3 la empleada,\u00a0<b>fue \u201cajustada a derecho ante la negativa de la demandada a registrar la relaci\u00f3n laboral\u201d<\/b>. La empresa resalt\u00f3 que era a la empleada a quien le correspond\u00eda probar el v\u00ednculo de trabajo.<\/p>\n<p>En la apelaci\u00f3n, la C\u00e1mara manifest\u00f3 que<b>\u00a0 \u201ccontrariamente a lo afirmado por Ahumar S. A., una vez acreditada la prestaci\u00f3n no es exigible a la persona trabajadora la acreditaci\u00f3n del car\u00e1cter de dependiente de la relaci\u00f3n, extremo que se encuentra alcanzado por la presunci\u00f3n legal\u201d<\/b>.<\/p>\n<p>De ese modo, y con los testimonios de testigos, se conden\u00f3 a la empresa por despido indirecto y violencia laboral.\u00a0<b>En su fallo, los camaristas hicieron hincapi\u00e9 en el informe psicol\u00f3gico. All\u00ed se detalla que el estado de la mujer \u201cal momento de la evaluaci\u00f3n es de angustia y verg\u00fcenza, a causa de haber sido sometida durante meses a constantes humillaciones<\/b>, denostaciones y violencia ps\u00edquica en su lugar de trabajo, hasta llevar al violento despido; con el consecuente impacto de todo ello en su psiquismo\u201d.<\/p>\n<p>Tambi\u00e9n se lee que \u201cla situaci\u00f3n sufrida ha llevado a que la capacidad de humor-goce-sublimaci\u00f3n de la accionante sea escaso, que presenta un disturbio que afecta su esfera afectiva, limitando su capacidad de goce individual, social y recreativo\u00bb;\u00a0<b>y subrayaron que hubo acoso laboral y que la v\u00edctima \u00abrequiere tratamiento psicol\u00f3gico por no menos de dos a\u00f1os\u201d<\/b>.<\/p>\n<p>En la sentencia, las juezas Gabriela V\u00e1zquez y Mar\u00eda Cecilia Hocki apuntaron: \u201cDebemos remitirnos a la ley 26.485 de protecci\u00f3n integral para prevenir, sancionar y erradicar la violencia contra las mujeres en los \u00e1mbitos que desarrollen sus relaciones interpersonales\u00a0<b>que encuentra sustento en pactos internacionales de derechos humanos como la Convenci\u00f3n sobre la Eliminaci\u00f3n de Todas las Formas de Discriminaci\u00f3n contra la Mujer (CEDAW) o la Convenci\u00f3n Interamericana para Prevenir, Sancionar y Erradicar la Violencia contra la Mujer\u201d<\/b>.<\/p>\n<p>En tal sentido, remarcaron que\u00a0<b>\u201cel maltrato psicol\u00f3gico en el lugar de trabajo constituye violencia contra la mujer\u00a0<\/b>y los da\u00f1os que tal ilicitud produce deben ser reparados plenamente, ya sean patrimoniales o no patrimoniales.<\/p>\n<\/div>\n<\/div>\n<\/div>\n<div class=\"section\">\n<div class=\"section-2-col margin-bottom\">\n<div class=\"col 2-col\">\n<div class=\"talk-wrapper\"><span style=\"color: #000080;\"><strong>Fuente P\u00e1gina 12<\/strong><\/span><\/div>\n<\/div>\n<\/div>\n<\/div>\n","protected":false},"excerpt":{"rendered":"<p>En junio de 2017, una mujer fue despedida de la hamburgueser\u00eda Williamsburg. La joven asegur\u00f3 que sufr\u00eda malos tratos, no estaba efectivizada y que el encargado le recrimin\u00f3 que ella \u00abno pod\u00eda ser la cara\u00bb del local de comida r\u00e1pida.<\/p>\n","protected":false},"author":3,"featured_media":0,"comment_status":"closed","ping_status":"closed","sticky":false,"template":"","format":"standard","meta":{"footnotes":""},"categories":[57,26],"tags":[],"class_list":["post-74295","post","type-post","status-publish","format-standard","hentry","category-judiciales","category-sociedad"],"yoast_head":"<!-- This site is optimized with the Yoast SEO plugin v25.9 - https:\/\/yoast.com\/wordpress\/plugins\/seo\/ -->\n<title>La despidieron por &quot;fea&quot;, llev\u00f3 el caso a la Justicia y ser\u00e1 indemnizada por violencia laboral - Noticias Radio Reflejos<\/title>\n<meta name=\"robots\" content=\"index, follow, max-snippet:-1, max-image-preview:large, max-video-preview:-1\" \/>\n<link rel=\"canonical\" href=\"https:\/\/www.noticiasradioreflejos.com.ar\/2021\/la-despidieron-por-fea-llevo-el-caso-a-la-justicia-y-sera-indemnizada-por-violencia-laboral\/\" \/>\n<meta property=\"og:locale\" content=\"es_ES\" \/>\n<meta property=\"og:type\" content=\"article\" \/>\n<meta property=\"og:title\" content=\"La despidieron por &quot;fea&quot;, llev\u00f3 el caso a la Justicia y ser\u00e1 indemnizada por violencia laboral - Noticias Radio Reflejos\" \/>\n<meta property=\"og:description\" content=\"En junio de 2017, una mujer fue despedida de la hamburgueser\u00eda Williamsburg. La joven asegur\u00f3 que sufr\u00eda malos tratos, no estaba efectivizada y que el encargado le recrimin\u00f3 que ella \u00abno pod\u00eda ser la cara\u00bb del local de comida r\u00e1pida.\" \/>\n<meta property=\"og:url\" content=\"https:\/\/www.noticiasradioreflejos.com.ar\/2021\/la-despidieron-por-fea-llevo-el-caso-a-la-justicia-y-sera-indemnizada-por-violencia-laboral\/\" \/>\n<meta property=\"og:site_name\" content=\"Noticias Radio Reflejos\" \/>\n<meta property=\"article:published_time\" content=\"2022-06-29T11:00:40+00:00\" \/>\n<meta property=\"og:image\" content=\"https:\/\/images.pagina12.com.ar\/styles\/focal_3_2_960x640\/public\/2022-06\/563666-105-509660006.jpg?itok=4InJMFaJ\" \/>\n<meta name=\"author\" content=\"Arnaldo Botto\" \/>\n<meta name=\"twitter:card\" content=\"summary_large_image\" \/>\n<script type=\"application\/ld+json\" class=\"yoast-schema-graph\">{\"@context\":\"https:\/\/schema.org\",\"@graph\":[{\"@type\":\"WebPage\",\"@id\":\"https:\/\/www.noticiasradioreflejos.com.ar\/2021\/la-despidieron-por-fea-llevo-el-caso-a-la-justicia-y-sera-indemnizada-por-violencia-laboral\/\",\"url\":\"https:\/\/www.noticiasradioreflejos.com.ar\/2021\/la-despidieron-por-fea-llevo-el-caso-a-la-justicia-y-sera-indemnizada-por-violencia-laboral\/\",\"name\":\"La despidieron por \\\"fea\\\", llev\u00f3 el caso a la Justicia y ser\u00e1 indemnizada por violencia laboral - Noticias Radio Reflejos\",\"isPartOf\":{\"@id\":\"https:\/\/www.noticiasradioreflejos.com.ar\/2021\/#website\"},\"primaryImageOfPage\":{\"@id\":\"https:\/\/www.noticiasradioreflejos.com.ar\/2021\/la-despidieron-por-fea-llevo-el-caso-a-la-justicia-y-sera-indemnizada-por-violencia-laboral\/#primaryimage\"},\"image\":{\"@id\":\"https:\/\/www.noticiasradioreflejos.com.ar\/2021\/la-despidieron-por-fea-llevo-el-caso-a-la-justicia-y-sera-indemnizada-por-violencia-laboral\/#primaryimage\"},\"thumbnailUrl\":\"https:\/\/images.pagina12.com.ar\/styles\/focal_3_2_960x640\/public\/2022-06\/563666-105-509660006.jpg?itok=4InJMFaJ\",\"datePublished\":\"2022-06-29T11:00:40+00:00\",\"author\":{\"@id\":\"https:\/\/www.noticiasradioreflejos.com.ar\/2021\/#\/schema\/person\/ad82545263dcc5ec0996818884fd5fb1\"},\"breadcrumb\":{\"@id\":\"https:\/\/www.noticiasradioreflejos.com.ar\/2021\/la-despidieron-por-fea-llevo-el-caso-a-la-justicia-y-sera-indemnizada-por-violencia-laboral\/#breadcrumb\"},\"inLanguage\":\"es\",\"potentialAction\":[{\"@type\":\"ReadAction\",\"target\":[\"https:\/\/www.noticiasradioreflejos.com.ar\/2021\/la-despidieron-por-fea-llevo-el-caso-a-la-justicia-y-sera-indemnizada-por-violencia-laboral\/\"]}]},{\"@type\":\"ImageObject\",\"inLanguage\":\"es\",\"@id\":\"https:\/\/www.noticiasradioreflejos.com.ar\/2021\/la-despidieron-por-fea-llevo-el-caso-a-la-justicia-y-sera-indemnizada-por-violencia-laboral\/#primaryimage\",\"url\":\"https:\/\/images.pagina12.com.ar\/styles\/focal_3_2_960x640\/public\/2022-06\/563666-105-509660006.jpg?itok=4InJMFaJ\",\"contentUrl\":\"https:\/\/images.pagina12.com.ar\/styles\/focal_3_2_960x640\/public\/2022-06\/563666-105-509660006.jpg?itok=4InJMFaJ\"},{\"@type\":\"BreadcrumbList\",\"@id\":\"https:\/\/www.noticiasradioreflejos.com.ar\/2021\/la-despidieron-por-fea-llevo-el-caso-a-la-justicia-y-sera-indemnizada-por-violencia-laboral\/#breadcrumb\",\"itemListElement\":[{\"@type\":\"ListItem\",\"position\":1,\"name\":\"Portada\",\"item\":\"https:\/\/www.noticiasradioreflejos.com.ar\/2021\/\"},{\"@type\":\"ListItem\",\"position\":2,\"name\":\"La despidieron por \u00abfea\u00bb, llev\u00f3 el caso a la Justicia y ser\u00e1 indemnizada por violencia laboral\"}]},{\"@type\":\"WebSite\",\"@id\":\"https:\/\/www.noticiasradioreflejos.com.ar\/2021\/#website\",\"url\":\"https:\/\/www.noticiasradioreflejos.com.ar\/2021\/\",\"name\":\"Noticias Radio Reflejos\",\"description\":\"Las noticias de mi comarca\",\"potentialAction\":[{\"@type\":\"SearchAction\",\"target\":{\"@type\":\"EntryPoint\",\"urlTemplate\":\"https:\/\/www.noticiasradioreflejos.com.ar\/2021\/?s={search_term_string}\"},\"query-input\":{\"@type\":\"PropertyValueSpecification\",\"valueRequired\":true,\"valueName\":\"search_term_string\"}}],\"inLanguage\":\"es\"},{\"@type\":\"Person\",\"@id\":\"https:\/\/www.noticiasradioreflejos.com.ar\/2021\/#\/schema\/person\/ad82545263dcc5ec0996818884fd5fb1\",\"name\":\"Arnaldo Botto\",\"image\":{\"@type\":\"ImageObject\",\"inLanguage\":\"es\",\"@id\":\"https:\/\/www.noticiasradioreflejos.com.ar\/2021\/#\/schema\/person\/image\/\",\"url\":\"https:\/\/secure.gravatar.com\/avatar\/55cb5e37c1efa326397366e6974cb338056df65cb50e7d64d1cf314e87504837?s=96&d=mm&r=g\",\"contentUrl\":\"https:\/\/secure.gravatar.com\/avatar\/55cb5e37c1efa326397366e6974cb338056df65cb50e7d64d1cf314e87504837?s=96&d=mm&r=g\",\"caption\":\"Arnaldo Botto\"},\"url\":\"https:\/\/www.noticiasradioreflejos.com.ar\/2021\/author\/arnaldo\/\"}]}<\/script>\n<!-- \/ Yoast SEO plugin. -->","yoast_head_json":{"title":"La despidieron por \"fea\", llev\u00f3 el caso a la Justicia y ser\u00e1 indemnizada por violencia laboral - Noticias Radio Reflejos","robots":{"index":"index","follow":"follow","max-snippet":"max-snippet:-1","max-image-preview":"max-image-preview:large","max-video-preview":"max-video-preview:-1"},"canonical":"https:\/\/www.noticiasradioreflejos.com.ar\/2021\/la-despidieron-por-fea-llevo-el-caso-a-la-justicia-y-sera-indemnizada-por-violencia-laboral\/","og_locale":"es_ES","og_type":"article","og_title":"La despidieron por \"fea\", llev\u00f3 el caso a la Justicia y ser\u00e1 indemnizada por violencia laboral - Noticias Radio Reflejos","og_description":"En junio de 2017, una mujer fue despedida de la hamburgueser\u00eda Williamsburg. La joven asegur\u00f3 que sufr\u00eda malos tratos, no estaba efectivizada y que el encargado le recrimin\u00f3 que ella \u00abno pod\u00eda ser la cara\u00bb del local de comida r\u00e1pida.","og_url":"https:\/\/www.noticiasradioreflejos.com.ar\/2021\/la-despidieron-por-fea-llevo-el-caso-a-la-justicia-y-sera-indemnizada-por-violencia-laboral\/","og_site_name":"Noticias Radio Reflejos","article_published_time":"2022-06-29T11:00:40+00:00","og_image":[{"url":"https:\/\/images.pagina12.com.ar\/styles\/focal_3_2_960x640\/public\/2022-06\/563666-105-509660006.jpg?itok=4InJMFaJ","type":"","width":"","height":""}],"author":"Arnaldo Botto","twitter_card":"summary_large_image","schema":{"@context":"https:\/\/schema.org","@graph":[{"@type":"WebPage","@id":"https:\/\/www.noticiasradioreflejos.com.ar\/2021\/la-despidieron-por-fea-llevo-el-caso-a-la-justicia-y-sera-indemnizada-por-violencia-laboral\/","url":"https:\/\/www.noticiasradioreflejos.com.ar\/2021\/la-despidieron-por-fea-llevo-el-caso-a-la-justicia-y-sera-indemnizada-por-violencia-laboral\/","name":"La despidieron por \"fea\", llev\u00f3 el caso a la Justicia y ser\u00e1 indemnizada por violencia laboral - Noticias Radio Reflejos","isPartOf":{"@id":"https:\/\/www.noticiasradioreflejos.com.ar\/2021\/#website"},"primaryImageOfPage":{"@id":"https:\/\/www.noticiasradioreflejos.com.ar\/2021\/la-despidieron-por-fea-llevo-el-caso-a-la-justicia-y-sera-indemnizada-por-violencia-laboral\/#primaryimage"},"image":{"@id":"https:\/\/www.noticiasradioreflejos.com.ar\/2021\/la-despidieron-por-fea-llevo-el-caso-a-la-justicia-y-sera-indemnizada-por-violencia-laboral\/#primaryimage"},"thumbnailUrl":"https:\/\/images.pagina12.com.ar\/styles\/focal_3_2_960x640\/public\/2022-06\/563666-105-509660006.jpg?itok=4InJMFaJ","datePublished":"2022-06-29T11:00:40+00:00","author":{"@id":"https:\/\/www.noticiasradioreflejos.com.ar\/2021\/#\/schema\/person\/ad82545263dcc5ec0996818884fd5fb1"},"breadcrumb":{"@id":"https:\/\/www.noticiasradioreflejos.com.ar\/2021\/la-despidieron-por-fea-llevo-el-caso-a-la-justicia-y-sera-indemnizada-por-violencia-laboral\/#breadcrumb"},"inLanguage":"es","potentialAction":[{"@type":"ReadAction","target":["https:\/\/www.noticiasradioreflejos.com.ar\/2021\/la-despidieron-por-fea-llevo-el-caso-a-la-justicia-y-sera-indemnizada-por-violencia-laboral\/"]}]},{"@type":"ImageObject","inLanguage":"es","@id":"https:\/\/www.noticiasradioreflejos.com.ar\/2021\/la-despidieron-por-fea-llevo-el-caso-a-la-justicia-y-sera-indemnizada-por-violencia-laboral\/#primaryimage","url":"https:\/\/images.pagina12.com.ar\/styles\/focal_3_2_960x640\/public\/2022-06\/563666-105-509660006.jpg?itok=4InJMFaJ","contentUrl":"https:\/\/images.pagina12.com.ar\/styles\/focal_3_2_960x640\/public\/2022-06\/563666-105-509660006.jpg?itok=4InJMFaJ"},{"@type":"BreadcrumbList","@id":"https:\/\/www.noticiasradioreflejos.com.ar\/2021\/la-despidieron-por-fea-llevo-el-caso-a-la-justicia-y-sera-indemnizada-por-violencia-laboral\/#breadcrumb","itemListElement":[{"@type":"ListItem","position":1,"name":"Portada","item":"https:\/\/www.noticiasradioreflejos.com.ar\/2021\/"},{"@type":"ListItem","position":2,"name":"La despidieron por \u00abfea\u00bb, llev\u00f3 el caso a la Justicia y ser\u00e1 indemnizada por violencia laboral"}]},{"@type":"WebSite","@id":"https:\/\/www.noticiasradioreflejos.com.ar\/2021\/#website","url":"https:\/\/www.noticiasradioreflejos.com.ar\/2021\/","name":"Noticias Radio Reflejos","description":"Las noticias de mi comarca","potentialAction":[{"@type":"SearchAction","target":{"@type":"EntryPoint","urlTemplate":"https:\/\/www.noticiasradioreflejos.com.ar\/2021\/?s={search_term_string}"},"query-input":{"@type":"PropertyValueSpecification","valueRequired":true,"valueName":"search_term_string"}}],"inLanguage":"es"},{"@type":"Person","@id":"https:\/\/www.noticiasradioreflejos.com.ar\/2021\/#\/schema\/person\/ad82545263dcc5ec0996818884fd5fb1","name":"Arnaldo Botto","image":{"@type":"ImageObject","inLanguage":"es","@id":"https:\/\/www.noticiasradioreflejos.com.ar\/2021\/#\/schema\/person\/image\/","url":"https:\/\/secure.gravatar.com\/avatar\/55cb5e37c1efa326397366e6974cb338056df65cb50e7d64d1cf314e87504837?s=96&d=mm&r=g","contentUrl":"https:\/\/secure.gravatar.com\/avatar\/55cb5e37c1efa326397366e6974cb338056df65cb50e7d64d1cf314e87504837?s=96&d=mm&r=g","caption":"Arnaldo Botto"},"url":"https:\/\/www.noticiasradioreflejos.com.ar\/2021\/author\/arnaldo\/"}]}},"_links":{"self":[{"href":"https:\/\/www.noticiasradioreflejos.com.ar\/2021\/wp-json\/wp\/v2\/posts\/74295","targetHints":{"allow":["GET"]}}],"collection":[{"href":"https:\/\/www.noticiasradioreflejos.com.ar\/2021\/wp-json\/wp\/v2\/posts"}],"about":[{"href":"https:\/\/www.noticiasradioreflejos.com.ar\/2021\/wp-json\/wp\/v2\/types\/post"}],"author":[{"embeddable":true,"href":"https:\/\/www.noticiasradioreflejos.com.ar\/2021\/wp-json\/wp\/v2\/users\/3"}],"replies":[{"embeddable":true,"href":"https:\/\/www.noticiasradioreflejos.com.ar\/2021\/wp-json\/wp\/v2\/comments?post=74295"}],"version-history":[{"count":1,"href":"https:\/\/www.noticiasradioreflejos.com.ar\/2021\/wp-json\/wp\/v2\/posts\/74295\/revisions"}],"predecessor-version":[{"id":74297,"href":"https:\/\/www.noticiasradioreflejos.com.ar\/2021\/wp-json\/wp\/v2\/posts\/74295\/revisions\/74297"}],"wp:attachment":[{"href":"https:\/\/www.noticiasradioreflejos.com.ar\/2021\/wp-json\/wp\/v2\/media?parent=74295"}],"wp:term":[{"taxonomy":"category","embeddable":true,"href":"https:\/\/www.noticiasradioreflejos.com.ar\/2021\/wp-json\/wp\/v2\/categories?post=74295"},{"taxonomy":"post_tag","embeddable":true,"href":"https:\/\/www.noticiasradioreflejos.com.ar\/2021\/wp-json\/wp\/v2\/tags?post=74295"}],"curies":[{"name":"wp","href":"https:\/\/api.w.org\/{rel}","templated":true}]}}