{"id":74292,"date":"2022-06-29T10:55:07","date_gmt":"2022-06-29T10:55:07","guid":{"rendered":"http:\/\/www.noticiasradioreflejos.com.ar\/2021\/?p=74292"},"modified":"2022-06-29T10:55:07","modified_gmt":"2022-06-29T10:55:07","slug":"advierten-que-la-costa-de-ushuaia-puede-convertirse-en-una-letrina-a-cielo-abierto","status":"publish","type":"post","link":"https:\/\/www.noticiasradioreflejos.com.ar\/2021\/advierten-que-la-costa-de-ushuaia-puede-convertirse-en-una-letrina-a-cielo-abierto\/","title":{"rendered":"Advierten que la costa de Ushuaia puede convertirse en \u00abuna letrina a cielo abierto\u00bb"},"content":{"rendered":"<p>La Asociaci\u00f3n Civil Participaci\u00f3n Ciudadana revel\u00f3 que \u00abel 40% de los desechos cloacales\u00bb de la capital de Tierra del Fuego \u00absiguen siendo introducidos en arroyos o directamente al lecho del Canal, sin ning\u00fan tratamiento previo\u00bb.<!--more--><\/p>\n<div class=\"wrapper-editable-content\">\n<div>\n<div class=\"wrapper-editable-content\">\n<div>\n<div class=\"container-md\">\n<div class=\"row\">\n<div class=\"col-md-12 speak\">\n<div class=\"paragraph\">\n<figure class=\"mb-3\"><img decoding=\"async\" src=\"https:\/\/www.telam.com.ar\/thumbs\/bluesteel\/advf\/imagenes\/2022\/06\/62b9e0dc43b1b_900.jpg\" alt=\"La denuncia dice que caos colectores de gran tamao con miles de litros de efluentes cloacales se siguen vertiendo al Arroyo Grande o directamente en distintas zonas de la playa Archivo Tlam\" width=\"100%\" height=\"100%\" \/><\/figure>\n<\/div>\n<\/div>\n<\/div>\n<\/div>\n<\/div>\n<\/div>\n<\/div>\n<\/div>\n<div class=\"media-icons\"><\/div>\n<p>La denuncia dice que \u00abca\u00f1os colectores de gran tama\u00f1o con miles de litros de efluentes cloacales se siguen vertiendo al Arroyo Grande o directamente en distintas zonas de la playa\u00bb. (Archivo T\u00e9lam).<\/p>\n<p>Representantes de una ONG de la ciudad de Ushuaia denunciaron este lunes el \u00abvolcamiento de cloacas crudas\u00bb al interior del Canal Beagle y les exigieron a las autoridades locales el \u00abcese inmediato de este tipo de contaminaci\u00f3n\u00bb.<\/p>\n<p>La Asociaci\u00f3n Civil Participaci\u00f3n Ciudadana revel\u00f3 que \u00abel 40% de los desechos cloacales\u00bb de la capital de Tierra del Fuego \u00absiguen siendo introducidos en arroyos o directamente al lecho del Canal,\u00a0<strong>sin ning\u00fan tratamiento previo y contraviniendo una sentencia judicial firme\u00bb.<\/strong><\/p>\n<p>Seg\u00fan explic\u00f3 a T\u00e9lam Guillermo Worman, representante de la entidad, la ONG inici\u00f3 en 2013 una acci\u00f3n civil de protecci\u00f3n de intereses difusos que deriv\u00f3 en un \u00abfallo in\u00e9dito\u00bb producido en 2014 por el juez Civil y Comercial Alejandro Fern\u00e1ndez.<\/p>\n<p>El pronunciamiento judicial conden\u00f3 al Gobierno provincial a reparar el sistema cloacal existente y dotar a la ciudad de la infraestructura sanitaria faltante, y al municipio a asumir el mantenimiento general de las obras e instalaciones una vez concluidas.<\/p>\n<p>La causa surgi\u00f3 luego de que una controversia entre ambas jurisdicciones estatales hab\u00eda ocasionado que \u00abse apagara el sistema cloacal\u00bb y<strong>\u00a0\u00abaumentaran peligrosamente los \u00edndices de contaminaci\u00f3n<\/strong>\u00a0tanto sobre la costa como en los arroyos y turbales aleda\u00f1os\u00bb, record\u00f3 Worman.<\/p>\n<p>Como consecuencia de la sentencia judicial, que qued\u00f3 firme, se repar\u00f3 el sistema de bombeo de l\u00edquidos crudos en la zona c\u00e9ntrica y se finaliz\u00f3 y puso en funcionamiento\u00a0<strong>la planta de tratamiento \u00abBah\u00eda Golondrina\u00bb, ubicada en el camino al Aeropuerto Internacional de Ushuaia.<\/strong><\/p>\n<p>\u00abTambi\u00e9n se comenz\u00f3 a construir la nueva planta de tratamiento &#8216;Arroyo Grande&#8217; para recolectar los residuos del 40% de la poblaci\u00f3n que habita el sector este de Ushuaia, donde directamente no tratan los efluentes\u00bb, explic\u00f3 el representante de Participaci\u00f3n Ciudadana.<\/p>\n<p>Esa obra registraba un avance \u00abdel 80%\u00bb a fines de 2019, pero<strong>\u00a0desde marzo de 2020 \u00abse encuentra paralizada por la falta de pago a la empresa contratista\u00bb<\/strong>, denunci\u00f3.<\/p>\n<p>El resultado es que \u00abca\u00f1os colectores de gran tama\u00f1o con miles de litros de\u00a0<strong>efluentes cloacales se siguen vertiendo todo el d\u00eda o al Arroyo Grande que desemboca metros despu\u00e9s en el Canal Beagle, o directamente en distintas zonas de la playa<\/strong>\u00ab.<\/p>\n<p>\u00abEstamos hablando de uno de los lugares m\u00e1s pr\u00edstinos del planeta, visitado por cientos de miles de turistas todo el a\u00f1o como un \u00edcono de la naturaleza y por cuyo lecho pasan los cruceros que viajan a la Ant\u00e1rtida, para no hablar de los riesgos a la salud p\u00fablica de los habitantes de la ciudad\u00bb, dijo Worman.<\/p>\n<p>De acuerdo a estudios solicitados por la ONG, en 2013 se midieron en la Bah\u00eda de Ushuaia \u00ab2,4 millones de bacterias coliformes totales cada 100 mililitros de agua\u00bb cuando la ley de medio ambiente define a la contaminaci\u00f3n como la presencia de m\u00e1s de 20 mil bacterias.<\/p>\n<p>Por su parte en 2019, ya con las obras derivadas de la sentencia judicial, los mismos valores descendieron a 7.900 en abril y a 4.900 a fines de ese a\u00f1o.<\/p>\n<p>\u00abEso prueba que los trabajos dieron resultado. Lo que no podemos es volver a retroceder manteniendo la paralizaci\u00f3n de obras fundamentales como la planta que debe abastecer al 40% de la poblaci\u00f3n.<strong>\u00a0La costa de Ushuaia y el m\u00edtico Canal Beagle no puede seguir convertidos en una letrina a cielo abierto<\/strong>\u00ab, concluy\u00f3 Worman.<\/p>\n","protected":false},"excerpt":{"rendered":"<p>La Asociaci\u00f3n Civil Participaci\u00f3n Ciudadana revel\u00f3 que \u00abel 40% de los desechos cloacales\u00bb de la capital de Tierra del Fuego \u00absiguen siendo introducidos en arroyos o directamente al lecho del Canal, sin ning\u00fan tratamiento previo\u00bb.<\/p>\n","protected":false},"author":3,"featured_media":0,"comment_status":"closed","ping_status":"closed","sticky":false,"template":"","format":"standard","meta":{"footnotes":""},"categories":[46,26,33],"tags":[],"class_list":["post-74292","post","type-post","status-publish","format-standard","hentry","category-ciencia-y-tecnologia","category-sociedad","category-turismo"],"yoast_head":"<!-- This site is optimized with the Yoast SEO plugin v25.9 - https:\/\/yoast.com\/wordpress\/plugins\/seo\/ -->\n<title>Advierten que la costa de Ushuaia puede convertirse en &quot;una letrina a cielo abierto&quot; - Noticias Radio Reflejos<\/title>\n<meta name=\"robots\" content=\"index, follow, max-snippet:-1, max-image-preview:large, max-video-preview:-1\" \/>\n<link rel=\"canonical\" href=\"https:\/\/www.noticiasradioreflejos.com.ar\/2021\/advierten-que-la-costa-de-ushuaia-puede-convertirse-en-una-letrina-a-cielo-abierto\/\" \/>\n<meta property=\"og:locale\" content=\"es_ES\" \/>\n<meta property=\"og:type\" content=\"article\" \/>\n<meta property=\"og:title\" content=\"Advierten que la costa de Ushuaia puede convertirse en &quot;una letrina a cielo abierto&quot; - Noticias Radio Reflejos\" \/>\n<meta property=\"og:description\" content=\"La Asociaci\u00f3n Civil Participaci\u00f3n Ciudadana revel\u00f3 que \u00abel 40% de los desechos cloacales\u00bb de la capital de Tierra del Fuego \u00absiguen siendo introducidos en arroyos o directamente al lecho del Canal, sin ning\u00fan tratamiento previo\u00bb.\" \/>\n<meta property=\"og:url\" content=\"https:\/\/www.noticiasradioreflejos.com.ar\/2021\/advierten-que-la-costa-de-ushuaia-puede-convertirse-en-una-letrina-a-cielo-abierto\/\" \/>\n<meta property=\"og:site_name\" content=\"Noticias Radio Reflejos\" \/>\n<meta property=\"article:published_time\" content=\"2022-06-29T10:55:07+00:00\" \/>\n<meta property=\"og:image\" content=\"https:\/\/www.telam.com.ar\/thumbs\/bluesteel\/advf\/imagenes\/2022\/06\/62b9e0dc43b1b_900.jpg\" \/>\n<meta name=\"author\" content=\"Arnaldo Botto\" \/>\n<meta name=\"twitter:card\" content=\"summary_large_image\" \/>\n<script type=\"application\/ld+json\" class=\"yoast-schema-graph\">{\"@context\":\"https:\/\/schema.org\",\"@graph\":[{\"@type\":\"WebPage\",\"@id\":\"https:\/\/www.noticiasradioreflejos.com.ar\/2021\/advierten-que-la-costa-de-ushuaia-puede-convertirse-en-una-letrina-a-cielo-abierto\/\",\"url\":\"https:\/\/www.noticiasradioreflejos.com.ar\/2021\/advierten-que-la-costa-de-ushuaia-puede-convertirse-en-una-letrina-a-cielo-abierto\/\",\"name\":\"Advierten que la costa de Ushuaia puede convertirse en \\\"una letrina a cielo abierto\\\" - Noticias Radio Reflejos\",\"isPartOf\":{\"@id\":\"https:\/\/www.noticiasradioreflejos.com.ar\/2021\/#website\"},\"primaryImageOfPage\":{\"@id\":\"https:\/\/www.noticiasradioreflejos.com.ar\/2021\/advierten-que-la-costa-de-ushuaia-puede-convertirse-en-una-letrina-a-cielo-abierto\/#primaryimage\"},\"image\":{\"@id\":\"https:\/\/www.noticiasradioreflejos.com.ar\/2021\/advierten-que-la-costa-de-ushuaia-puede-convertirse-en-una-letrina-a-cielo-abierto\/#primaryimage\"},\"thumbnailUrl\":\"https:\/\/www.telam.com.ar\/thumbs\/bluesteel\/advf\/imagenes\/2022\/06\/62b9e0dc43b1b_900.jpg\",\"datePublished\":\"2022-06-29T10:55:07+00:00\",\"author\":{\"@id\":\"https:\/\/www.noticiasradioreflejos.com.ar\/2021\/#\/schema\/person\/ad82545263dcc5ec0996818884fd5fb1\"},\"breadcrumb\":{\"@id\":\"https:\/\/www.noticiasradioreflejos.com.ar\/2021\/advierten-que-la-costa-de-ushuaia-puede-convertirse-en-una-letrina-a-cielo-abierto\/#breadcrumb\"},\"inLanguage\":\"es\",\"potentialAction\":[{\"@type\":\"ReadAction\",\"target\":[\"https:\/\/www.noticiasradioreflejos.com.ar\/2021\/advierten-que-la-costa-de-ushuaia-puede-convertirse-en-una-letrina-a-cielo-abierto\/\"]}]},{\"@type\":\"ImageObject\",\"inLanguage\":\"es\",\"@id\":\"https:\/\/www.noticiasradioreflejos.com.ar\/2021\/advierten-que-la-costa-de-ushuaia-puede-convertirse-en-una-letrina-a-cielo-abierto\/#primaryimage\",\"url\":\"https:\/\/www.telam.com.ar\/thumbs\/bluesteel\/advf\/imagenes\/2022\/06\/62b9e0dc43b1b_900.jpg\",\"contentUrl\":\"https:\/\/www.telam.com.ar\/thumbs\/bluesteel\/advf\/imagenes\/2022\/06\/62b9e0dc43b1b_900.jpg\"},{\"@type\":\"BreadcrumbList\",\"@id\":\"https:\/\/www.noticiasradioreflejos.com.ar\/2021\/advierten-que-la-costa-de-ushuaia-puede-convertirse-en-una-letrina-a-cielo-abierto\/#breadcrumb\",\"itemListElement\":[{\"@type\":\"ListItem\",\"position\":1,\"name\":\"Portada\",\"item\":\"https:\/\/www.noticiasradioreflejos.com.ar\/2021\/\"},{\"@type\":\"ListItem\",\"position\":2,\"name\":\"Advierten que la costa de Ushuaia puede convertirse en \u00abuna letrina a cielo abierto\u00bb\"}]},{\"@type\":\"WebSite\",\"@id\":\"https:\/\/www.noticiasradioreflejos.com.ar\/2021\/#website\",\"url\":\"https:\/\/www.noticiasradioreflejos.com.ar\/2021\/\",\"name\":\"Noticias Radio Reflejos\",\"description\":\"Las noticias de mi comarca\",\"potentialAction\":[{\"@type\":\"SearchAction\",\"target\":{\"@type\":\"EntryPoint\",\"urlTemplate\":\"https:\/\/www.noticiasradioreflejos.com.ar\/2021\/?s={search_term_string}\"},\"query-input\":{\"@type\":\"PropertyValueSpecification\",\"valueRequired\":true,\"valueName\":\"search_term_string\"}}],\"inLanguage\":\"es\"},{\"@type\":\"Person\",\"@id\":\"https:\/\/www.noticiasradioreflejos.com.ar\/2021\/#\/schema\/person\/ad82545263dcc5ec0996818884fd5fb1\",\"name\":\"Arnaldo Botto\",\"image\":{\"@type\":\"ImageObject\",\"inLanguage\":\"es\",\"@id\":\"https:\/\/www.noticiasradioreflejos.com.ar\/2021\/#\/schema\/person\/image\/\",\"url\":\"https:\/\/secure.gravatar.com\/avatar\/55cb5e37c1efa326397366e6974cb338056df65cb50e7d64d1cf314e87504837?s=96&d=mm&r=g\",\"contentUrl\":\"https:\/\/secure.gravatar.com\/avatar\/55cb5e37c1efa326397366e6974cb338056df65cb50e7d64d1cf314e87504837?s=96&d=mm&r=g\",\"caption\":\"Arnaldo Botto\"},\"url\":\"https:\/\/www.noticiasradioreflejos.com.ar\/2021\/author\/arnaldo\/\"}]}<\/script>\n<!-- \/ Yoast SEO plugin. -->","yoast_head_json":{"title":"Advierten que la costa de Ushuaia puede convertirse en \"una letrina a cielo abierto\" - Noticias Radio Reflejos","robots":{"index":"index","follow":"follow","max-snippet":"max-snippet:-1","max-image-preview":"max-image-preview:large","max-video-preview":"max-video-preview:-1"},"canonical":"https:\/\/www.noticiasradioreflejos.com.ar\/2021\/advierten-que-la-costa-de-ushuaia-puede-convertirse-en-una-letrina-a-cielo-abierto\/","og_locale":"es_ES","og_type":"article","og_title":"Advierten que la costa de Ushuaia puede convertirse en \"una letrina a cielo abierto\" - Noticias Radio Reflejos","og_description":"La Asociaci\u00f3n Civil Participaci\u00f3n Ciudadana revel\u00f3 que \u00abel 40% de los desechos cloacales\u00bb de la capital de Tierra del Fuego \u00absiguen siendo introducidos en arroyos o directamente al lecho del Canal, sin ning\u00fan tratamiento previo\u00bb.","og_url":"https:\/\/www.noticiasradioreflejos.com.ar\/2021\/advierten-que-la-costa-de-ushuaia-puede-convertirse-en-una-letrina-a-cielo-abierto\/","og_site_name":"Noticias Radio Reflejos","article_published_time":"2022-06-29T10:55:07+00:00","og_image":[{"url":"https:\/\/www.telam.com.ar\/thumbs\/bluesteel\/advf\/imagenes\/2022\/06\/62b9e0dc43b1b_900.jpg","type":"","width":"","height":""}],"author":"Arnaldo Botto","twitter_card":"summary_large_image","schema":{"@context":"https:\/\/schema.org","@graph":[{"@type":"WebPage","@id":"https:\/\/www.noticiasradioreflejos.com.ar\/2021\/advierten-que-la-costa-de-ushuaia-puede-convertirse-en-una-letrina-a-cielo-abierto\/","url":"https:\/\/www.noticiasradioreflejos.com.ar\/2021\/advierten-que-la-costa-de-ushuaia-puede-convertirse-en-una-letrina-a-cielo-abierto\/","name":"Advierten que la costa de Ushuaia puede convertirse en \"una letrina a cielo abierto\" - Noticias Radio Reflejos","isPartOf":{"@id":"https:\/\/www.noticiasradioreflejos.com.ar\/2021\/#website"},"primaryImageOfPage":{"@id":"https:\/\/www.noticiasradioreflejos.com.ar\/2021\/advierten-que-la-costa-de-ushuaia-puede-convertirse-en-una-letrina-a-cielo-abierto\/#primaryimage"},"image":{"@id":"https:\/\/www.noticiasradioreflejos.com.ar\/2021\/advierten-que-la-costa-de-ushuaia-puede-convertirse-en-una-letrina-a-cielo-abierto\/#primaryimage"},"thumbnailUrl":"https:\/\/www.telam.com.ar\/thumbs\/bluesteel\/advf\/imagenes\/2022\/06\/62b9e0dc43b1b_900.jpg","datePublished":"2022-06-29T10:55:07+00:00","author":{"@id":"https:\/\/www.noticiasradioreflejos.com.ar\/2021\/#\/schema\/person\/ad82545263dcc5ec0996818884fd5fb1"},"breadcrumb":{"@id":"https:\/\/www.noticiasradioreflejos.com.ar\/2021\/advierten-que-la-costa-de-ushuaia-puede-convertirse-en-una-letrina-a-cielo-abierto\/#breadcrumb"},"inLanguage":"es","potentialAction":[{"@type":"ReadAction","target":["https:\/\/www.noticiasradioreflejos.com.ar\/2021\/advierten-que-la-costa-de-ushuaia-puede-convertirse-en-una-letrina-a-cielo-abierto\/"]}]},{"@type":"ImageObject","inLanguage":"es","@id":"https:\/\/www.noticiasradioreflejos.com.ar\/2021\/advierten-que-la-costa-de-ushuaia-puede-convertirse-en-una-letrina-a-cielo-abierto\/#primaryimage","url":"https:\/\/www.telam.com.ar\/thumbs\/bluesteel\/advf\/imagenes\/2022\/06\/62b9e0dc43b1b_900.jpg","contentUrl":"https:\/\/www.telam.com.ar\/thumbs\/bluesteel\/advf\/imagenes\/2022\/06\/62b9e0dc43b1b_900.jpg"},{"@type":"BreadcrumbList","@id":"https:\/\/www.noticiasradioreflejos.com.ar\/2021\/advierten-que-la-costa-de-ushuaia-puede-convertirse-en-una-letrina-a-cielo-abierto\/#breadcrumb","itemListElement":[{"@type":"ListItem","position":1,"name":"Portada","item":"https:\/\/www.noticiasradioreflejos.com.ar\/2021\/"},{"@type":"ListItem","position":2,"name":"Advierten que la costa de Ushuaia puede convertirse en \u00abuna letrina a cielo abierto\u00bb"}]},{"@type":"WebSite","@id":"https:\/\/www.noticiasradioreflejos.com.ar\/2021\/#website","url":"https:\/\/www.noticiasradioreflejos.com.ar\/2021\/","name":"Noticias Radio Reflejos","description":"Las noticias de mi comarca","potentialAction":[{"@type":"SearchAction","target":{"@type":"EntryPoint","urlTemplate":"https:\/\/www.noticiasradioreflejos.com.ar\/2021\/?s={search_term_string}"},"query-input":{"@type":"PropertyValueSpecification","valueRequired":true,"valueName":"search_term_string"}}],"inLanguage":"es"},{"@type":"Person","@id":"https:\/\/www.noticiasradioreflejos.com.ar\/2021\/#\/schema\/person\/ad82545263dcc5ec0996818884fd5fb1","name":"Arnaldo Botto","image":{"@type":"ImageObject","inLanguage":"es","@id":"https:\/\/www.noticiasradioreflejos.com.ar\/2021\/#\/schema\/person\/image\/","url":"https:\/\/secure.gravatar.com\/avatar\/55cb5e37c1efa326397366e6974cb338056df65cb50e7d64d1cf314e87504837?s=96&d=mm&r=g","contentUrl":"https:\/\/secure.gravatar.com\/avatar\/55cb5e37c1efa326397366e6974cb338056df65cb50e7d64d1cf314e87504837?s=96&d=mm&r=g","caption":"Arnaldo Botto"},"url":"https:\/\/www.noticiasradioreflejos.com.ar\/2021\/author\/arnaldo\/"}]}},"_links":{"self":[{"href":"https:\/\/www.noticiasradioreflejos.com.ar\/2021\/wp-json\/wp\/v2\/posts\/74292","targetHints":{"allow":["GET"]}}],"collection":[{"href":"https:\/\/www.noticiasradioreflejos.com.ar\/2021\/wp-json\/wp\/v2\/posts"}],"about":[{"href":"https:\/\/www.noticiasradioreflejos.com.ar\/2021\/wp-json\/wp\/v2\/types\/post"}],"author":[{"embeddable":true,"href":"https:\/\/www.noticiasradioreflejos.com.ar\/2021\/wp-json\/wp\/v2\/users\/3"}],"replies":[{"embeddable":true,"href":"https:\/\/www.noticiasradioreflejos.com.ar\/2021\/wp-json\/wp\/v2\/comments?post=74292"}],"version-history":[{"count":1,"href":"https:\/\/www.noticiasradioreflejos.com.ar\/2021\/wp-json\/wp\/v2\/posts\/74292\/revisions"}],"predecessor-version":[{"id":74294,"href":"https:\/\/www.noticiasradioreflejos.com.ar\/2021\/wp-json\/wp\/v2\/posts\/74292\/revisions\/74294"}],"wp:attachment":[{"href":"https:\/\/www.noticiasradioreflejos.com.ar\/2021\/wp-json\/wp\/v2\/media?parent=74292"}],"wp:term":[{"taxonomy":"category","embeddable":true,"href":"https:\/\/www.noticiasradioreflejos.com.ar\/2021\/wp-json\/wp\/v2\/categories?post=74292"},{"taxonomy":"post_tag","embeddable":true,"href":"https:\/\/www.noticiasradioreflejos.com.ar\/2021\/wp-json\/wp\/v2\/tags?post=74292"}],"curies":[{"name":"wp","href":"https:\/\/api.w.org\/{rel}","templated":true}]}}