{"id":74285,"date":"2022-06-29T10:44:51","date_gmt":"2022-06-29T10:44:51","guid":{"rendered":"http:\/\/www.noticiasradioreflejos.com.ar\/2021\/?p=74285"},"modified":"2022-06-29T10:44:51","modified_gmt":"2022-06-29T10:44:51","slug":"investigadores-comprobaron-que-las-fragancias-son-un-estimulo-para-mejorar-la-memoria","status":"publish","type":"post","link":"https:\/\/www.noticiasradioreflejos.com.ar\/2021\/investigadores-comprobaron-que-las-fragancias-son-un-estimulo-para-mejorar-la-memoria\/","title":{"rendered":"Investigadores comprobaron que las fragancias son un est\u00edmulo para mejorar la memoria"},"content":{"rendered":"<p>Cient\u00edficos y cient\u00edficas del Conicet y del Instituto Tecnol\u00f3gico Buenos Aires realizaron un estudio con alumnos de entre 16 y 18 a\u00f1os del Colegio del Faro, del partido bonaerense de Escobar, para demostrar la incidencia de los aromas en los procesos de fijaci\u00f3n de conocimientos.<!--more--><\/p>\n<div class=\"name\">POR CLAUDIO CAMPANARI<\/div>\n<div class=\"time\"><\/div>\n<div>\n<div class=\"wrapper-editable-content\">\n<div>\n<div class=\"container-md\">\n<div class=\"row\">\n<div class=\"col-md-12 speak\">\n<div class=\"paragraph\">\n<figure class=\"mb-3\"><img decoding=\"async\" src=\"https:\/\/www.telam.com.ar\/thumbs\/bluesteel\/advf\/imagenes\/2022\/06\/62bb5265d6ff3_900.jpg\" alt=\"El primer trabajo de este tipo se realiz en Alemania con aroma a rosas\" width=\"100%\" height=\"100%\" \/><\/p>\n<div class=\"media-icons\"><\/div><figcaption>El primer trabajo de este tipo se realiz\u00f3 en Alemania con aroma a rosas.<\/figcaption><\/figure>\n<p>En el \u00e1mbito de las neurociencias del aprendizaje, investigadores del Conicet y del Instituto Tecnol\u00f3gico Buenos Aires (ITBA) realizaron un particular estudio para comprobar la incidencia de los aromas en los procesos de fijaci\u00f3n de la memoria en estudiantes que participaron de una clase de historia y consideraron que ampl\u00eda \u00abla posibilidad de mejorar los aprendizajes con condiciones basadas en la evidencia cient\u00edfica\u00bb.<\/p>\n<p>El estudio, que seg\u00fan los autores se realiza por primera vez en el pa\u00eds y \u00abno tiene antecedentes en el mundo por sus caracter\u00edsticas\u00bb, fue publicado en la revista cient\u00edfica Scientific Reports y\u00a0<strong>se realiz\u00f3 con alumnos de entre 16 y 18 a\u00f1os del Colegio del Faro<\/strong>, del partido bonaerense de Escobar .<\/p>\n<p>Los estudiantes recibieron una clase de historia en un aula con aromatizante de coco. Luego, a 45 de ellos\u00a0<strong>se les pidi\u00f3 que aromatizaran sus habitaciones con esa misma fragancia antes de irse a dormir<\/strong>\u00a0con el objetivo de que dicha fragancia actuara durante la primera hora y medio de sue\u00f1o.<\/p>\n<p>En cambio, a otro grupo de alumnos se les pidi\u00f3 que realicen el mismo procedimiento en sus habitaciones pero con aroma a violetas.<\/p>\n<p>El resultado obtenido fue que, siete d\u00edas despu\u00e9s, los estudiantes que antes de irse a dormir aromatizaron su cuarto con fragancia a coco mantuvieron la memoria sobre datos clave de la lecci\u00f3n de historia que hab\u00edan presenciado, mientras que los que recibieron la fragancia a violetas no recordaban datos de la lecci\u00f3n.<\/p>\n<p>El estudio tambi\u00e9n arroj\u00f3 que<strong>\u00a0la efectividad del aroma en la consolidaci\u00f3n de la memoria en el momento del sue\u00f1o fue tan alta que con una sola sesi\u00f3n clave durante el descanso fue suficiente<\/strong>\u00a0para que se obtenga un efecto considerable.<\/p>\n<p>Dar\u00edo \u00c1lvarez Klar, educador especializado en gesti\u00f3n de la innovaci\u00f3n y Fundador de la Red Educativa It\u00ednere, al que pertenece el colegio, dijo a T\u00e9lam que \u00abes un estudio que se hizo en el \u00e1mbito de las neurociencias del aprendizaje\u00bb, consider\u00f3 que\u00a0<strong>\u00abtodo lo que tiene que ver entre educaci\u00f3n y ciencia es esencial\u00bb\u00a0<\/strong>y reconoci\u00f3 que \u00abestos son dos campos que no se dan la mano habitualmente\u00bb.<\/p>\n<p>\u00abLa idea de que en educaci\u00f3n podamos usar este dato no es menor, ya que si un docente puede conocer estos procesos podr\u00eda, al momento de dar contenidos nuevos, fijar m\u00e1s f\u00e1cilmente algunas ideas y conceptos. Esto es importante para la medicina, para los estudiantes y los profesores. Es una t\u00e9cnica que podr\u00eda mejorar la forma de aprender\u00bb, dijo el educador.<\/p>\n<p>\u00c1lvarez Klar destac\u00f3 que la idea \u00abnaci\u00f3 de la hip\u00f3tesis de los aromas que a una persona le hacen rememorar situaciones vividas hace muchos a\u00f1os. Si uno lo enfoca en los aprendizajes nuevos puede generar un mejor impacto\u00bb.<\/p>\n<p>\u00abTambi\u00e9n est\u00e1 la clave visual, el factor sorpresa que puede haber ante un hecho que hace que esa circunstancia se fije m\u00e1s en la memoria. Todos nos acordamos lo que hac\u00edamos al momento del atentado a las Torres Gemelas pero no nos acordamos lo que hicimos siete d\u00edas atr\u00e1s\u00bb, explic\u00f3<\/p>\n<blockquote class=\"\"><p>\u00abLa idea de que en educaci\u00f3n podamos usar este dato no es menor, ya que si un docente puede conocer estos procesos podr\u00eda, al momento de dar contenidos nuevos, fijar m\u00e1s f\u00e1cilmente algunas ideas y conceptos<cite class=\"author\">Dar\u00edo \u00c1lvarez Klar, educador especializado en gesti\u00f3n de la innovaci\u00f3n<\/cite><\/p><\/blockquote>\n<p>El especialista destac\u00f3, adem\u00e1s, que \u00abla ciencia siempre estuvo en el \u00e1mbito de los laboratorios, pero la escuela no le abr\u00eda tan f\u00e1cilmente la puerta. Por otro lado, cuando s\u00ed la abre no se basa en evidencia cient\u00edfica\u00bb.<\/p>\n<p>\u00abLa educaci\u00f3n m\u00e1s tradicional lo que hace es repetir lo que durante muchos a\u00f1os le dio resultado. La forma de entender la educaci\u00f3n no solo es nutrirse con experiencias que otros generaron sino tambi\u00e9n abrevar lo que se hace en otros \u00e1mbitos, por ejemplo, la ciencia\u00bb, detall\u00f3 el educador.<\/p>\n<p>Y agreg\u00f3 que los docentes,\u00a0<strong>\u00abal no saber c\u00f3mo funciona el cerebro de sus alumnos, repiten modelos que ya est\u00e1n perimidos. La neurociencia nos muestra que hay otras formas de aprender\u00bb<\/strong>.<\/p>\n<figure class=\"left mb-3\"><img decoding=\"async\" src=\"https:\/\/www.telam.com.ar\/thumbs\/bluesteel\/advf\/imagenes\/2022\/06\/62bb4e3e415f1_450.jpg\" alt=\"Ilustracin Pablo Blasberg\" width=\"100%\" height=\"100%\" \/><\/p>\n<div class=\"media-icons\"><\/div><figcaption>Ilustraci\u00f3n: Pablo Blasberg<\/figcaption><\/figure>\n<p>Por su parte, Vanesa Vidal, becaria doctoral del Conicet en el ITBA, explic\u00f3 que \u00abdurante el sue\u00f1o se produce una sincronizaci\u00f3n el\u00e9ctrica del cerebro que permite el pasaje de informaci\u00f3n desde un centro de almacenamiento a corto plazo hacia otro a largo plazo\u00bb.<\/p>\n<p>\u00abSi se presenta durante el sue\u00f1o una clave, en este caso olfativa, ligada a la informaci\u00f3n que se quiera consolidar, \u00e9sta aumenta. Esto se produce durante una fase del sue\u00f1o que se llama sue\u00f1o de ondas lentas\u00bb, destac\u00f3 la investigadora especializada en el campo de neurociencias y la memoria.<\/p>\n<p>Vidal destac\u00f3: \u00abHay mucha evidencia cient\u00edfica en laboratorio, con el estudio lo que quisimos hacer es llevarlo a la vida real. Adem\u00e1s de usar una clave olfativa, tambi\u00e9n se podr\u00eda hacer con sonidos. Esta experiencia se puede hacer con cualquier aroma, lo importante es que durante el sue\u00f1o la fragancia no sea muy intensa\u00bb.<\/p>\n<p><strong>El primer trabajo de este tipo se realiz\u00f3 en Alemania con aroma a rosas<\/strong>, pero all\u00ed se focaliz\u00f3 en aprender pares de palabras con rondas de estudio en la casa. La diferencia es que en este caso se prob\u00f3 con una clase de historia y la adquisici\u00f3n de contenidos complejos.<\/p>\n<p>Vidal destac\u00f3 que el campo de las neurociencias aplicadas a los aprendizajes \u00abes relativamente nuevo, cada vez hay m\u00e1s trabajos pero los que involucren al sue\u00f1o hay bastantes pocos\u00bb y asegur\u00f3 que\u00a0<strong>se estudia ampliar la investigaci\u00f3n para saber s\u00ed se puede usar una clave olfativa determinada para una clase historia u otra clave para una clase de Lengua.<\/strong><\/p>\n<\/div>\n<\/div>\n<\/div>\n<\/div>\n<\/div>\n<\/div>\n<\/div>\n","protected":false},"excerpt":{"rendered":"<p>Cient\u00edficos y cient\u00edficas del Conicet y del Instituto Tecnol\u00f3gico Buenos Aires realizaron un estudio con alumnos de entre 16 y 18 a\u00f1os del Colegio del Faro, del partido bonaerense de Escobar, para demostrar la incidencia de los aromas en los procesos de fijaci\u00f3n de conocimientos.<\/p>\n","protected":false},"author":3,"featured_media":0,"comment_status":"closed","ping_status":"closed","sticky":false,"template":"","format":"standard","meta":{"footnotes":""},"categories":[46],"tags":[],"class_list":["post-74285","post","type-post","status-publish","format-standard","hentry","category-ciencia-y-tecnologia"],"yoast_head":"<!-- This site is optimized with the Yoast SEO plugin v25.9 - https:\/\/yoast.com\/wordpress\/plugins\/seo\/ -->\n<title>Investigadores comprobaron que las fragancias son un est\u00edmulo para mejorar la memoria - Noticias Radio Reflejos<\/title>\n<meta name=\"robots\" content=\"index, follow, max-snippet:-1, max-image-preview:large, max-video-preview:-1\" \/>\n<link rel=\"canonical\" href=\"https:\/\/www.noticiasradioreflejos.com.ar\/2021\/investigadores-comprobaron-que-las-fragancias-son-un-estimulo-para-mejorar-la-memoria\/\" \/>\n<meta property=\"og:locale\" content=\"es_ES\" \/>\n<meta property=\"og:type\" content=\"article\" \/>\n<meta property=\"og:title\" content=\"Investigadores comprobaron que las fragancias son un est\u00edmulo para mejorar la memoria - Noticias Radio Reflejos\" \/>\n<meta property=\"og:description\" content=\"Cient\u00edficos y cient\u00edficas del Conicet y del Instituto Tecnol\u00f3gico Buenos Aires realizaron un estudio con alumnos de entre 16 y 18 a\u00f1os del Colegio del Faro, del partido bonaerense de Escobar, para demostrar la incidencia de los aromas en los procesos de fijaci\u00f3n de conocimientos.\" \/>\n<meta property=\"og:url\" content=\"https:\/\/www.noticiasradioreflejos.com.ar\/2021\/investigadores-comprobaron-que-las-fragancias-son-un-estimulo-para-mejorar-la-memoria\/\" \/>\n<meta property=\"og:site_name\" content=\"Noticias Radio Reflejos\" \/>\n<meta property=\"article:published_time\" content=\"2022-06-29T10:44:51+00:00\" \/>\n<meta property=\"og:image\" content=\"https:\/\/www.telam.com.ar\/thumbs\/bluesteel\/advf\/imagenes\/2022\/06\/62bb5265d6ff3_900.jpg\" \/>\n<meta name=\"author\" content=\"Arnaldo Botto\" \/>\n<meta name=\"twitter:card\" content=\"summary_large_image\" \/>\n<script type=\"application\/ld+json\" class=\"yoast-schema-graph\">{\"@context\":\"https:\/\/schema.org\",\"@graph\":[{\"@type\":\"WebPage\",\"@id\":\"https:\/\/www.noticiasradioreflejos.com.ar\/2021\/investigadores-comprobaron-que-las-fragancias-son-un-estimulo-para-mejorar-la-memoria\/\",\"url\":\"https:\/\/www.noticiasradioreflejos.com.ar\/2021\/investigadores-comprobaron-que-las-fragancias-son-un-estimulo-para-mejorar-la-memoria\/\",\"name\":\"Investigadores comprobaron que las fragancias son un est\u00edmulo para mejorar la memoria - Noticias Radio Reflejos\",\"isPartOf\":{\"@id\":\"https:\/\/www.noticiasradioreflejos.com.ar\/2021\/#website\"},\"primaryImageOfPage\":{\"@id\":\"https:\/\/www.noticiasradioreflejos.com.ar\/2021\/investigadores-comprobaron-que-las-fragancias-son-un-estimulo-para-mejorar-la-memoria\/#primaryimage\"},\"image\":{\"@id\":\"https:\/\/www.noticiasradioreflejos.com.ar\/2021\/investigadores-comprobaron-que-las-fragancias-son-un-estimulo-para-mejorar-la-memoria\/#primaryimage\"},\"thumbnailUrl\":\"https:\/\/www.telam.com.ar\/thumbs\/bluesteel\/advf\/imagenes\/2022\/06\/62bb5265d6ff3_900.jpg\",\"datePublished\":\"2022-06-29T10:44:51+00:00\",\"author\":{\"@id\":\"https:\/\/www.noticiasradioreflejos.com.ar\/2021\/#\/schema\/person\/ad82545263dcc5ec0996818884fd5fb1\"},\"breadcrumb\":{\"@id\":\"https:\/\/www.noticiasradioreflejos.com.ar\/2021\/investigadores-comprobaron-que-las-fragancias-son-un-estimulo-para-mejorar-la-memoria\/#breadcrumb\"},\"inLanguage\":\"es\",\"potentialAction\":[{\"@type\":\"ReadAction\",\"target\":[\"https:\/\/www.noticiasradioreflejos.com.ar\/2021\/investigadores-comprobaron-que-las-fragancias-son-un-estimulo-para-mejorar-la-memoria\/\"]}]},{\"@type\":\"ImageObject\",\"inLanguage\":\"es\",\"@id\":\"https:\/\/www.noticiasradioreflejos.com.ar\/2021\/investigadores-comprobaron-que-las-fragancias-son-un-estimulo-para-mejorar-la-memoria\/#primaryimage\",\"url\":\"https:\/\/www.telam.com.ar\/thumbs\/bluesteel\/advf\/imagenes\/2022\/06\/62bb5265d6ff3_900.jpg\",\"contentUrl\":\"https:\/\/www.telam.com.ar\/thumbs\/bluesteel\/advf\/imagenes\/2022\/06\/62bb5265d6ff3_900.jpg\"},{\"@type\":\"BreadcrumbList\",\"@id\":\"https:\/\/www.noticiasradioreflejos.com.ar\/2021\/investigadores-comprobaron-que-las-fragancias-son-un-estimulo-para-mejorar-la-memoria\/#breadcrumb\",\"itemListElement\":[{\"@type\":\"ListItem\",\"position\":1,\"name\":\"Portada\",\"item\":\"https:\/\/www.noticiasradioreflejos.com.ar\/2021\/\"},{\"@type\":\"ListItem\",\"position\":2,\"name\":\"Investigadores comprobaron que las fragancias son un est\u00edmulo para mejorar la memoria\"}]},{\"@type\":\"WebSite\",\"@id\":\"https:\/\/www.noticiasradioreflejos.com.ar\/2021\/#website\",\"url\":\"https:\/\/www.noticiasradioreflejos.com.ar\/2021\/\",\"name\":\"Noticias Radio Reflejos\",\"description\":\"Las noticias de mi comarca\",\"potentialAction\":[{\"@type\":\"SearchAction\",\"target\":{\"@type\":\"EntryPoint\",\"urlTemplate\":\"https:\/\/www.noticiasradioreflejos.com.ar\/2021\/?s={search_term_string}\"},\"query-input\":{\"@type\":\"PropertyValueSpecification\",\"valueRequired\":true,\"valueName\":\"search_term_string\"}}],\"inLanguage\":\"es\"},{\"@type\":\"Person\",\"@id\":\"https:\/\/www.noticiasradioreflejos.com.ar\/2021\/#\/schema\/person\/ad82545263dcc5ec0996818884fd5fb1\",\"name\":\"Arnaldo Botto\",\"image\":{\"@type\":\"ImageObject\",\"inLanguage\":\"es\",\"@id\":\"https:\/\/www.noticiasradioreflejos.com.ar\/2021\/#\/schema\/person\/image\/\",\"url\":\"https:\/\/secure.gravatar.com\/avatar\/55cb5e37c1efa326397366e6974cb338056df65cb50e7d64d1cf314e87504837?s=96&d=mm&r=g\",\"contentUrl\":\"https:\/\/secure.gravatar.com\/avatar\/55cb5e37c1efa326397366e6974cb338056df65cb50e7d64d1cf314e87504837?s=96&d=mm&r=g\",\"caption\":\"Arnaldo Botto\"},\"url\":\"https:\/\/www.noticiasradioreflejos.com.ar\/2021\/author\/arnaldo\/\"}]}<\/script>\n<!-- \/ Yoast SEO plugin. -->","yoast_head_json":{"title":"Investigadores comprobaron que las fragancias son un est\u00edmulo para mejorar la memoria - Noticias Radio Reflejos","robots":{"index":"index","follow":"follow","max-snippet":"max-snippet:-1","max-image-preview":"max-image-preview:large","max-video-preview":"max-video-preview:-1"},"canonical":"https:\/\/www.noticiasradioreflejos.com.ar\/2021\/investigadores-comprobaron-que-las-fragancias-son-un-estimulo-para-mejorar-la-memoria\/","og_locale":"es_ES","og_type":"article","og_title":"Investigadores comprobaron que las fragancias son un est\u00edmulo para mejorar la memoria - Noticias Radio Reflejos","og_description":"Cient\u00edficos y cient\u00edficas del Conicet y del Instituto Tecnol\u00f3gico Buenos Aires realizaron un estudio con alumnos de entre 16 y 18 a\u00f1os del Colegio del Faro, del partido bonaerense de Escobar, para demostrar la incidencia de los aromas en los procesos de fijaci\u00f3n de conocimientos.","og_url":"https:\/\/www.noticiasradioreflejos.com.ar\/2021\/investigadores-comprobaron-que-las-fragancias-son-un-estimulo-para-mejorar-la-memoria\/","og_site_name":"Noticias Radio Reflejos","article_published_time":"2022-06-29T10:44:51+00:00","og_image":[{"url":"https:\/\/www.telam.com.ar\/thumbs\/bluesteel\/advf\/imagenes\/2022\/06\/62bb5265d6ff3_900.jpg","type":"","width":"","height":""}],"author":"Arnaldo Botto","twitter_card":"summary_large_image","schema":{"@context":"https:\/\/schema.org","@graph":[{"@type":"WebPage","@id":"https:\/\/www.noticiasradioreflejos.com.ar\/2021\/investigadores-comprobaron-que-las-fragancias-son-un-estimulo-para-mejorar-la-memoria\/","url":"https:\/\/www.noticiasradioreflejos.com.ar\/2021\/investigadores-comprobaron-que-las-fragancias-son-un-estimulo-para-mejorar-la-memoria\/","name":"Investigadores comprobaron que las fragancias son un est\u00edmulo para mejorar la memoria - Noticias Radio Reflejos","isPartOf":{"@id":"https:\/\/www.noticiasradioreflejos.com.ar\/2021\/#website"},"primaryImageOfPage":{"@id":"https:\/\/www.noticiasradioreflejos.com.ar\/2021\/investigadores-comprobaron-que-las-fragancias-son-un-estimulo-para-mejorar-la-memoria\/#primaryimage"},"image":{"@id":"https:\/\/www.noticiasradioreflejos.com.ar\/2021\/investigadores-comprobaron-que-las-fragancias-son-un-estimulo-para-mejorar-la-memoria\/#primaryimage"},"thumbnailUrl":"https:\/\/www.telam.com.ar\/thumbs\/bluesteel\/advf\/imagenes\/2022\/06\/62bb5265d6ff3_900.jpg","datePublished":"2022-06-29T10:44:51+00:00","author":{"@id":"https:\/\/www.noticiasradioreflejos.com.ar\/2021\/#\/schema\/person\/ad82545263dcc5ec0996818884fd5fb1"},"breadcrumb":{"@id":"https:\/\/www.noticiasradioreflejos.com.ar\/2021\/investigadores-comprobaron-que-las-fragancias-son-un-estimulo-para-mejorar-la-memoria\/#breadcrumb"},"inLanguage":"es","potentialAction":[{"@type":"ReadAction","target":["https:\/\/www.noticiasradioreflejos.com.ar\/2021\/investigadores-comprobaron-que-las-fragancias-son-un-estimulo-para-mejorar-la-memoria\/"]}]},{"@type":"ImageObject","inLanguage":"es","@id":"https:\/\/www.noticiasradioreflejos.com.ar\/2021\/investigadores-comprobaron-que-las-fragancias-son-un-estimulo-para-mejorar-la-memoria\/#primaryimage","url":"https:\/\/www.telam.com.ar\/thumbs\/bluesteel\/advf\/imagenes\/2022\/06\/62bb5265d6ff3_900.jpg","contentUrl":"https:\/\/www.telam.com.ar\/thumbs\/bluesteel\/advf\/imagenes\/2022\/06\/62bb5265d6ff3_900.jpg"},{"@type":"BreadcrumbList","@id":"https:\/\/www.noticiasradioreflejos.com.ar\/2021\/investigadores-comprobaron-que-las-fragancias-son-un-estimulo-para-mejorar-la-memoria\/#breadcrumb","itemListElement":[{"@type":"ListItem","position":1,"name":"Portada","item":"https:\/\/www.noticiasradioreflejos.com.ar\/2021\/"},{"@type":"ListItem","position":2,"name":"Investigadores comprobaron que las fragancias son un est\u00edmulo para mejorar la memoria"}]},{"@type":"WebSite","@id":"https:\/\/www.noticiasradioreflejos.com.ar\/2021\/#website","url":"https:\/\/www.noticiasradioreflejos.com.ar\/2021\/","name":"Noticias Radio Reflejos","description":"Las noticias de mi comarca","potentialAction":[{"@type":"SearchAction","target":{"@type":"EntryPoint","urlTemplate":"https:\/\/www.noticiasradioreflejos.com.ar\/2021\/?s={search_term_string}"},"query-input":{"@type":"PropertyValueSpecification","valueRequired":true,"valueName":"search_term_string"}}],"inLanguage":"es"},{"@type":"Person","@id":"https:\/\/www.noticiasradioreflejos.com.ar\/2021\/#\/schema\/person\/ad82545263dcc5ec0996818884fd5fb1","name":"Arnaldo Botto","image":{"@type":"ImageObject","inLanguage":"es","@id":"https:\/\/www.noticiasradioreflejos.com.ar\/2021\/#\/schema\/person\/image\/","url":"https:\/\/secure.gravatar.com\/avatar\/55cb5e37c1efa326397366e6974cb338056df65cb50e7d64d1cf314e87504837?s=96&d=mm&r=g","contentUrl":"https:\/\/secure.gravatar.com\/avatar\/55cb5e37c1efa326397366e6974cb338056df65cb50e7d64d1cf314e87504837?s=96&d=mm&r=g","caption":"Arnaldo Botto"},"url":"https:\/\/www.noticiasradioreflejos.com.ar\/2021\/author\/arnaldo\/"}]}},"_links":{"self":[{"href":"https:\/\/www.noticiasradioreflejos.com.ar\/2021\/wp-json\/wp\/v2\/posts\/74285","targetHints":{"allow":["GET"]}}],"collection":[{"href":"https:\/\/www.noticiasradioreflejos.com.ar\/2021\/wp-json\/wp\/v2\/posts"}],"about":[{"href":"https:\/\/www.noticiasradioreflejos.com.ar\/2021\/wp-json\/wp\/v2\/types\/post"}],"author":[{"embeddable":true,"href":"https:\/\/www.noticiasradioreflejos.com.ar\/2021\/wp-json\/wp\/v2\/users\/3"}],"replies":[{"embeddable":true,"href":"https:\/\/www.noticiasradioreflejos.com.ar\/2021\/wp-json\/wp\/v2\/comments?post=74285"}],"version-history":[{"count":1,"href":"https:\/\/www.noticiasradioreflejos.com.ar\/2021\/wp-json\/wp\/v2\/posts\/74285\/revisions"}],"predecessor-version":[{"id":74287,"href":"https:\/\/www.noticiasradioreflejos.com.ar\/2021\/wp-json\/wp\/v2\/posts\/74285\/revisions\/74287"}],"wp:attachment":[{"href":"https:\/\/www.noticiasradioreflejos.com.ar\/2021\/wp-json\/wp\/v2\/media?parent=74285"}],"wp:term":[{"taxonomy":"category","embeddable":true,"href":"https:\/\/www.noticiasradioreflejos.com.ar\/2021\/wp-json\/wp\/v2\/categories?post=74285"},{"taxonomy":"post_tag","embeddable":true,"href":"https:\/\/www.noticiasradioreflejos.com.ar\/2021\/wp-json\/wp\/v2\/tags?post=74285"}],"curies":[{"name":"wp","href":"https:\/\/api.w.org\/{rel}","templated":true}]}}