{"id":74282,"date":"2022-06-29T10:39:52","date_gmt":"2022-06-29T10:39:52","guid":{"rendered":"http:\/\/www.noticiasradioreflejos.com.ar\/2021\/?p=74282"},"modified":"2022-06-29T10:39:52","modified_gmt":"2022-06-29T10:39:52","slug":"especialistas-advierten-que-el-monoxido-de-carbono-causa-200-muertes-al-ano-en-el-pais","status":"publish","type":"post","link":"https:\/\/www.noticiasradioreflejos.com.ar\/2021\/especialistas-advierten-que-el-monoxido-de-carbono-causa-200-muertes-al-ano-en-el-pais\/","title":{"rendered":"Especialistas advierten que el mon\u00f3xido de carbono causa 200 muertes al a\u00f1o en el pa\u00eds"},"content":{"rendered":"<p>No tiene olor ni color y no se percibe hasta que comienzan los s\u00edntomas que pueden ser muy severos. \u00abT\u00e9lam\u00bb consult\u00f3 a neumon\u00f3logas que recomendaron los pasos a seguir para prevenir los siniestros.<!--more--><\/p>\n<div class=\"row\">\n<div class=\"col-md-12 speak\">\n<div class=\"paragraph\">\n<figure class=\"mb-3\"><img decoding=\"async\" src=\"https:\/\/www.telam.com.ar\/thumbs\/bluesteel\/advf\/imagenes\/editadas\/5b055314e3cfe_900.jpg\" alt=\"Se recomienda controlar los artefactos todos los aos con un gasista matriculado\" width=\"100%\" height=\"100%\" \/><\/p>\n<div class=\"media-icons\"><\/div><figcaption>Se recomienda controlar los artefactos todos los a\u00f1os con un gasista matriculado.<\/figcaption><\/figure>\n<p>Neumon\u00f3logas calificaron este martes al mon\u00f3xido de carbono como un<strong>\u00a0\u00abasesino silencioso\u00bb<\/strong>,<strong>\u00a0ya que no tiene olor ni color, y advirtieron que en nuestro pa\u00eds se producen 200 muertes al a\u00f1o por esta intoxicaci\u00f3n<\/strong>, y que la principal medida para evitarlas es la prevenci\u00f3n.<\/p>\n<p><strong>\u00abLe llamamos el &#8216;asesino silencioso&#8217; porque no tiene olor, color y no se nota, cuando lo hac\u00e9s es porque ya est\u00e1s intoxic\u00e1ndote.<\/strong>\u00a0La gente puede notarlo porque empiezan con una sensaci\u00f3n de embotamiento, dolor de cabeza, adormecimiento, hasta que la persona se queda dormida y se muere. Es una muerte muy peligrosa porque la gente no se da cuenta de lo que est\u00e1 sucediendo\u00bb, explic\u00f3 a T\u00e9lam Rosa Estevan, neomon\u00f3loga perteneciente a la Asociaci\u00f3n Argentina de Medicina Respiratoria (AAMR).<\/p>\n<p><a href=\"https:\/\/www.telam.com.ar\/notas\/202206\/596843-monoxido-de-carbono-muerte-balvanera.html\" target=\"_blank\" rel=\"noopener\">Una persona muri\u00f3 y al menos otras 17 fueron atendidas este martes por intoxicaci\u00f3n con mon\u00f3xido de carbono en un hecho ocurrido en un edificio ubicado en el barrio porte\u00f1o de Balvanera<\/a>, informaron fuentes policiales.<\/p>\n<p>El hecho se produjo en una construcci\u00f3n de nueve pisos ubicada en San Luis 3008, adonde concurri\u00f3 personal del SAME y Polic\u00eda de la Ciudad, que constat\u00f3 el fallecimiento de una mujer de 88 a\u00f1os en el tercer piso, identificada como Mabel Gionne.<\/p>\n<p>De acuerdo a lo que detall\u00f3 la especialista de AAMR,<strong>\u00a0el problema provocado con el mon\u00f3xido de carbono es que se adhiere a la hemoglobina<\/strong>\u00a0-prote\u00edna de los gl\u00f3bulos rojos que lleva ox\u00edgeno de los pulmones al resto del cuerpo- veinte veces m\u00e1s r\u00e1pido que el ox\u00edgeno, y lo desplaza.<\/p>\n<p><strong>\u00abUna de las formas r\u00e1pidas de prevenir es ventilar el ambiente. Si hay personas que parecen afectadas, lo m\u00e1s acertado es sacarla al aire libre<\/strong>\u00ab, dijo Estevan.<\/p>\n<figure class=\"mb-3\"><img decoding=\"async\" src=\"https:\/\/www.telam.com.ar\/thumbs\/bluesteel\/advf\/imagenes\/2022\/06\/62bb69c5b18dc_900.jpg\" alt=\"Infografa\" width=\"100%\" height=\"100%\" \/><\/p>\n<div class=\"media-icons\"><\/div><figcaption>Infograf\u00eda.<\/figcaption><\/figure>\n<p>Adem\u00e1s, explic\u00f3 que<strong>\u00a0en los casos muy leves la soluci\u00f3n es salir al aire libre<\/strong>, en casos\u00a0<strong>m\u00e1s avanzados o complejos se administra ox\u00edgeno para desplazar el mon\u00f3xido de carbono<\/strong>\u00a0y, en los casos\u00a0<strong>de mayor complejidad, se coloca a los pacientes en una c\u00e1mara hiperb\u00e1rica.<\/strong><\/p>\n<p>Respecto a qui\u00e9nes pueden ser m\u00e1s vulnerables frente a una intoxicaci\u00f3n con mon\u00f3xido de carbono, Estevan explic\u00f3 que las embarazadas, adultos mayores, ni\u00f1os\/beb\u00e9s, personas con problemas respiratorios y cardiol\u00f3gicos, y fumadores, son los m\u00e1s sensibles a este tipo de intoxicaciones.<\/p>\n<p>\u00ab<strong>Lo principal para evitarlo es la prevenci\u00f3n, siempre hay que mantener ventilados los ambientes. Una vez al a\u00f1o hay que revisar los artefactos de gas, y revisar que la llama sea siempre azul<\/strong>. Es importante no calefaccionar los ambientes con las hornallas de la cocina porque eso consume el ox\u00edgeno del lugar\u00bb, concluy\u00f3 la neumon\u00f3loga.<\/p>\n<p>Por su parte, Cristina Borrajo, neumon\u00f3loga y coordinadora de la secci\u00f3n Tabaquismo y Epidemiolog\u00eda de la AAMR, precis\u00f3 a esta agencia que se pueden tomar una serie de recaudos para evitar la intoxicaci\u00f3n de mon\u00f3xido de carbono.<\/p>\n<p>\u00abLo primero es mantener todos los artefactos de la casa que se usan para la calefacci\u00f3n en buenas condiciones, hacerlos revisar, estar seguros de que est\u00e1n limpios, de que sus ca\u00f1er\u00edas no est\u00e9n rotas y que no tengas fugas o p\u00e9rdidas\u00bb, dijo.<\/p>\n<p>Y agreg\u00f3 que\u00a0<strong>es \u00abconveniente\u00bb mantener una ventana abierta unos 5 o 10 cent\u00edmetros para que entre aire en caso de que haya una peque\u00f1a p\u00e9rdida<\/strong>.<\/p>\n<figure class=\"mb-3\"><img decoding=\"async\" src=\"https:\/\/www.telam.com.ar\/thumbs\/bluesteel\/advf\/imagenes\/2022\/06\/62bb69c58d726_900.jpg\" alt=\"Infografa\" width=\"100%\" height=\"100%\" \/><\/p>\n<div class=\"media-icons\"><\/div><figcaption>Infograf\u00eda.<\/figcaption><\/figure>\n<p>\u00abHay que estar muy atentos a s\u00edntomas como dolor de cabeza, n\u00e1useas, v\u00f3mitos, mareos, sensaci\u00f3n de somnolencia, y si eso pasa en el domicilio se aconseja abrir r\u00e1pidamente las ventanas, respirar aire fresco, y de ser posible salir del lugar. Y si no ceden los s\u00edntomas concurrir al m\u00e9dico\u00bb, advirti\u00f3 Borrajo.<\/p>\n<p>Por \u00faltimo, la neumon\u00f3loga detall\u00f3 que\u00a0<strong>no se debe dormir en lugares con estufas o calefactores que no sean de tiro balanceado.<\/strong><\/p>\n<p><strong>\u00abLa mayor\u00eda de las muertes, que en Argentina son entre 190 y 200 por a\u00f1o, se producen durante la noche porque la gente est\u00e1 dormida y no percibe los s\u00edntomas\u00bb<\/strong>, concluy\u00f3.<\/p>\n<\/div>\n<\/div>\n<\/div>\n","protected":false},"excerpt":{"rendered":"<p>No tiene olor ni color y no se percibe hasta que comienzan los s\u00edntomas que pueden ser muy severos. \u00abT\u00e9lam\u00bb consult\u00f3 a neumon\u00f3logas que recomendaron los pasos a seguir para prevenir los siniestros.<\/p>\n","protected":false},"author":3,"featured_media":74283,"comment_status":"closed","ping_status":"closed","sticky":false,"template":"","format":"standard","meta":{"footnotes":""},"categories":[30,26],"tags":[],"class_list":["post-74282","post","type-post","status-publish","format-standard","has-post-thumbnail","hentry","category-salud","category-sociedad"],"yoast_head":"<!-- This site is optimized with the Yoast SEO plugin v25.9 - https:\/\/yoast.com\/wordpress\/plugins\/seo\/ -->\n<title>Especialistas advierten que el mon\u00f3xido de carbono causa 200 muertes al a\u00f1o en el pa\u00eds - Noticias Radio Reflejos<\/title>\n<meta name=\"robots\" content=\"index, follow, max-snippet:-1, max-image-preview:large, max-video-preview:-1\" \/>\n<link rel=\"canonical\" href=\"https:\/\/www.noticiasradioreflejos.com.ar\/2021\/especialistas-advierten-que-el-monoxido-de-carbono-causa-200-muertes-al-ano-en-el-pais\/\" \/>\n<meta property=\"og:locale\" content=\"es_ES\" \/>\n<meta property=\"og:type\" content=\"article\" \/>\n<meta property=\"og:title\" content=\"Especialistas advierten que el mon\u00f3xido de carbono causa 200 muertes al a\u00f1o en el pa\u00eds - Noticias Radio Reflejos\" \/>\n<meta property=\"og:description\" content=\"No tiene olor ni color y no se percibe hasta que comienzan los s\u00edntomas que pueden ser muy severos. \u00abT\u00e9lam\u00bb consult\u00f3 a neumon\u00f3logas que recomendaron los pasos a seguir para prevenir los siniestros.\" \/>\n<meta property=\"og:url\" content=\"https:\/\/www.noticiasradioreflejos.com.ar\/2021\/especialistas-advierten-que-el-monoxido-de-carbono-causa-200-muertes-al-ano-en-el-pais\/\" \/>\n<meta property=\"og:site_name\" content=\"Noticias Radio Reflejos\" \/>\n<meta property=\"article:published_time\" content=\"2022-06-29T10:39:52+00:00\" \/>\n<meta property=\"og:image\" content=\"https:\/\/www.noticiasradioreflejos.com.ar\/2021\/wp-content\/uploads\/2022\/06\/monoxido.jpg\" \/>\n\t<meta property=\"og:image:width\" content=\"900\" \/>\n\t<meta property=\"og:image:height\" content=\"506\" \/>\n\t<meta property=\"og:image:type\" content=\"image\/jpeg\" \/>\n<meta name=\"author\" content=\"Arnaldo Botto\" \/>\n<meta name=\"twitter:card\" content=\"summary_large_image\" \/>\n<script type=\"application\/ld+json\" class=\"yoast-schema-graph\">{\"@context\":\"https:\/\/schema.org\",\"@graph\":[{\"@type\":\"WebPage\",\"@id\":\"https:\/\/www.noticiasradioreflejos.com.ar\/2021\/especialistas-advierten-que-el-monoxido-de-carbono-causa-200-muertes-al-ano-en-el-pais\/\",\"url\":\"https:\/\/www.noticiasradioreflejos.com.ar\/2021\/especialistas-advierten-que-el-monoxido-de-carbono-causa-200-muertes-al-ano-en-el-pais\/\",\"name\":\"Especialistas advierten que el mon\u00f3xido de carbono causa 200 muertes al a\u00f1o en el pa\u00eds - Noticias Radio Reflejos\",\"isPartOf\":{\"@id\":\"https:\/\/www.noticiasradioreflejos.com.ar\/2021\/#website\"},\"primaryImageOfPage\":{\"@id\":\"https:\/\/www.noticiasradioreflejos.com.ar\/2021\/especialistas-advierten-que-el-monoxido-de-carbono-causa-200-muertes-al-ano-en-el-pais\/#primaryimage\"},\"image\":{\"@id\":\"https:\/\/www.noticiasradioreflejos.com.ar\/2021\/especialistas-advierten-que-el-monoxido-de-carbono-causa-200-muertes-al-ano-en-el-pais\/#primaryimage\"},\"thumbnailUrl\":\"https:\/\/www.noticiasradioreflejos.com.ar\/2021\/wp-content\/uploads\/2022\/06\/monoxido.jpg\",\"datePublished\":\"2022-06-29T10:39:52+00:00\",\"author\":{\"@id\":\"https:\/\/www.noticiasradioreflejos.com.ar\/2021\/#\/schema\/person\/ad82545263dcc5ec0996818884fd5fb1\"},\"breadcrumb\":{\"@id\":\"https:\/\/www.noticiasradioreflejos.com.ar\/2021\/especialistas-advierten-que-el-monoxido-de-carbono-causa-200-muertes-al-ano-en-el-pais\/#breadcrumb\"},\"inLanguage\":\"es\",\"potentialAction\":[{\"@type\":\"ReadAction\",\"target\":[\"https:\/\/www.noticiasradioreflejos.com.ar\/2021\/especialistas-advierten-que-el-monoxido-de-carbono-causa-200-muertes-al-ano-en-el-pais\/\"]}]},{\"@type\":\"ImageObject\",\"inLanguage\":\"es\",\"@id\":\"https:\/\/www.noticiasradioreflejos.com.ar\/2021\/especialistas-advierten-que-el-monoxido-de-carbono-causa-200-muertes-al-ano-en-el-pais\/#primaryimage\",\"url\":\"https:\/\/www.noticiasradioreflejos.com.ar\/2021\/wp-content\/uploads\/2022\/06\/monoxido.jpg\",\"contentUrl\":\"https:\/\/www.noticiasradioreflejos.com.ar\/2021\/wp-content\/uploads\/2022\/06\/monoxido.jpg\",\"width\":900,\"height\":506},{\"@type\":\"BreadcrumbList\",\"@id\":\"https:\/\/www.noticiasradioreflejos.com.ar\/2021\/especialistas-advierten-que-el-monoxido-de-carbono-causa-200-muertes-al-ano-en-el-pais\/#breadcrumb\",\"itemListElement\":[{\"@type\":\"ListItem\",\"position\":1,\"name\":\"Portada\",\"item\":\"https:\/\/www.noticiasradioreflejos.com.ar\/2021\/\"},{\"@type\":\"ListItem\",\"position\":2,\"name\":\"Especialistas advierten que el mon\u00f3xido de carbono causa 200 muertes al a\u00f1o en el pa\u00eds\"}]},{\"@type\":\"WebSite\",\"@id\":\"https:\/\/www.noticiasradioreflejos.com.ar\/2021\/#website\",\"url\":\"https:\/\/www.noticiasradioreflejos.com.ar\/2021\/\",\"name\":\"Noticias Radio Reflejos\",\"description\":\"Las noticias de mi comarca\",\"potentialAction\":[{\"@type\":\"SearchAction\",\"target\":{\"@type\":\"EntryPoint\",\"urlTemplate\":\"https:\/\/www.noticiasradioreflejos.com.ar\/2021\/?s={search_term_string}\"},\"query-input\":{\"@type\":\"PropertyValueSpecification\",\"valueRequired\":true,\"valueName\":\"search_term_string\"}}],\"inLanguage\":\"es\"},{\"@type\":\"Person\",\"@id\":\"https:\/\/www.noticiasradioreflejos.com.ar\/2021\/#\/schema\/person\/ad82545263dcc5ec0996818884fd5fb1\",\"name\":\"Arnaldo Botto\",\"image\":{\"@type\":\"ImageObject\",\"inLanguage\":\"es\",\"@id\":\"https:\/\/www.noticiasradioreflejos.com.ar\/2021\/#\/schema\/person\/image\/\",\"url\":\"https:\/\/secure.gravatar.com\/avatar\/55cb5e37c1efa326397366e6974cb338056df65cb50e7d64d1cf314e87504837?s=96&d=mm&r=g\",\"contentUrl\":\"https:\/\/secure.gravatar.com\/avatar\/55cb5e37c1efa326397366e6974cb338056df65cb50e7d64d1cf314e87504837?s=96&d=mm&r=g\",\"caption\":\"Arnaldo Botto\"},\"url\":\"https:\/\/www.noticiasradioreflejos.com.ar\/2021\/author\/arnaldo\/\"}]}<\/script>\n<!-- \/ Yoast SEO plugin. -->","yoast_head_json":{"title":"Especialistas advierten que el mon\u00f3xido de carbono causa 200 muertes al a\u00f1o en el pa\u00eds - Noticias Radio Reflejos","robots":{"index":"index","follow":"follow","max-snippet":"max-snippet:-1","max-image-preview":"max-image-preview:large","max-video-preview":"max-video-preview:-1"},"canonical":"https:\/\/www.noticiasradioreflejos.com.ar\/2021\/especialistas-advierten-que-el-monoxido-de-carbono-causa-200-muertes-al-ano-en-el-pais\/","og_locale":"es_ES","og_type":"article","og_title":"Especialistas advierten que el mon\u00f3xido de carbono causa 200 muertes al a\u00f1o en el pa\u00eds - Noticias Radio Reflejos","og_description":"No tiene olor ni color y no se percibe hasta que comienzan los s\u00edntomas que pueden ser muy severos. \u00abT\u00e9lam\u00bb consult\u00f3 a neumon\u00f3logas que recomendaron los pasos a seguir para prevenir los siniestros.","og_url":"https:\/\/www.noticiasradioreflejos.com.ar\/2021\/especialistas-advierten-que-el-monoxido-de-carbono-causa-200-muertes-al-ano-en-el-pais\/","og_site_name":"Noticias Radio Reflejos","article_published_time":"2022-06-29T10:39:52+00:00","og_image":[{"width":900,"height":506,"url":"https:\/\/www.noticiasradioreflejos.com.ar\/2021\/wp-content\/uploads\/2022\/06\/monoxido.jpg","type":"image\/jpeg"}],"author":"Arnaldo Botto","twitter_card":"summary_large_image","schema":{"@context":"https:\/\/schema.org","@graph":[{"@type":"WebPage","@id":"https:\/\/www.noticiasradioreflejos.com.ar\/2021\/especialistas-advierten-que-el-monoxido-de-carbono-causa-200-muertes-al-ano-en-el-pais\/","url":"https:\/\/www.noticiasradioreflejos.com.ar\/2021\/especialistas-advierten-que-el-monoxido-de-carbono-causa-200-muertes-al-ano-en-el-pais\/","name":"Especialistas advierten que el mon\u00f3xido de carbono causa 200 muertes al a\u00f1o en el pa\u00eds - Noticias Radio Reflejos","isPartOf":{"@id":"https:\/\/www.noticiasradioreflejos.com.ar\/2021\/#website"},"primaryImageOfPage":{"@id":"https:\/\/www.noticiasradioreflejos.com.ar\/2021\/especialistas-advierten-que-el-monoxido-de-carbono-causa-200-muertes-al-ano-en-el-pais\/#primaryimage"},"image":{"@id":"https:\/\/www.noticiasradioreflejos.com.ar\/2021\/especialistas-advierten-que-el-monoxido-de-carbono-causa-200-muertes-al-ano-en-el-pais\/#primaryimage"},"thumbnailUrl":"https:\/\/www.noticiasradioreflejos.com.ar\/2021\/wp-content\/uploads\/2022\/06\/monoxido.jpg","datePublished":"2022-06-29T10:39:52+00:00","author":{"@id":"https:\/\/www.noticiasradioreflejos.com.ar\/2021\/#\/schema\/person\/ad82545263dcc5ec0996818884fd5fb1"},"breadcrumb":{"@id":"https:\/\/www.noticiasradioreflejos.com.ar\/2021\/especialistas-advierten-que-el-monoxido-de-carbono-causa-200-muertes-al-ano-en-el-pais\/#breadcrumb"},"inLanguage":"es","potentialAction":[{"@type":"ReadAction","target":["https:\/\/www.noticiasradioreflejos.com.ar\/2021\/especialistas-advierten-que-el-monoxido-de-carbono-causa-200-muertes-al-ano-en-el-pais\/"]}]},{"@type":"ImageObject","inLanguage":"es","@id":"https:\/\/www.noticiasradioreflejos.com.ar\/2021\/especialistas-advierten-que-el-monoxido-de-carbono-causa-200-muertes-al-ano-en-el-pais\/#primaryimage","url":"https:\/\/www.noticiasradioreflejos.com.ar\/2021\/wp-content\/uploads\/2022\/06\/monoxido.jpg","contentUrl":"https:\/\/www.noticiasradioreflejos.com.ar\/2021\/wp-content\/uploads\/2022\/06\/monoxido.jpg","width":900,"height":506},{"@type":"BreadcrumbList","@id":"https:\/\/www.noticiasradioreflejos.com.ar\/2021\/especialistas-advierten-que-el-monoxido-de-carbono-causa-200-muertes-al-ano-en-el-pais\/#breadcrumb","itemListElement":[{"@type":"ListItem","position":1,"name":"Portada","item":"https:\/\/www.noticiasradioreflejos.com.ar\/2021\/"},{"@type":"ListItem","position":2,"name":"Especialistas advierten que el mon\u00f3xido de carbono causa 200 muertes al a\u00f1o en el pa\u00eds"}]},{"@type":"WebSite","@id":"https:\/\/www.noticiasradioreflejos.com.ar\/2021\/#website","url":"https:\/\/www.noticiasradioreflejos.com.ar\/2021\/","name":"Noticias Radio Reflejos","description":"Las noticias de mi comarca","potentialAction":[{"@type":"SearchAction","target":{"@type":"EntryPoint","urlTemplate":"https:\/\/www.noticiasradioreflejos.com.ar\/2021\/?s={search_term_string}"},"query-input":{"@type":"PropertyValueSpecification","valueRequired":true,"valueName":"search_term_string"}}],"inLanguage":"es"},{"@type":"Person","@id":"https:\/\/www.noticiasradioreflejos.com.ar\/2021\/#\/schema\/person\/ad82545263dcc5ec0996818884fd5fb1","name":"Arnaldo Botto","image":{"@type":"ImageObject","inLanguage":"es","@id":"https:\/\/www.noticiasradioreflejos.com.ar\/2021\/#\/schema\/person\/image\/","url":"https:\/\/secure.gravatar.com\/avatar\/55cb5e37c1efa326397366e6974cb338056df65cb50e7d64d1cf314e87504837?s=96&d=mm&r=g","contentUrl":"https:\/\/secure.gravatar.com\/avatar\/55cb5e37c1efa326397366e6974cb338056df65cb50e7d64d1cf314e87504837?s=96&d=mm&r=g","caption":"Arnaldo Botto"},"url":"https:\/\/www.noticiasradioreflejos.com.ar\/2021\/author\/arnaldo\/"}]}},"_links":{"self":[{"href":"https:\/\/www.noticiasradioreflejos.com.ar\/2021\/wp-json\/wp\/v2\/posts\/74282","targetHints":{"allow":["GET"]}}],"collection":[{"href":"https:\/\/www.noticiasradioreflejos.com.ar\/2021\/wp-json\/wp\/v2\/posts"}],"about":[{"href":"https:\/\/www.noticiasradioreflejos.com.ar\/2021\/wp-json\/wp\/v2\/types\/post"}],"author":[{"embeddable":true,"href":"https:\/\/www.noticiasradioreflejos.com.ar\/2021\/wp-json\/wp\/v2\/users\/3"}],"replies":[{"embeddable":true,"href":"https:\/\/www.noticiasradioreflejos.com.ar\/2021\/wp-json\/wp\/v2\/comments?post=74282"}],"version-history":[{"count":1,"href":"https:\/\/www.noticiasradioreflejos.com.ar\/2021\/wp-json\/wp\/v2\/posts\/74282\/revisions"}],"predecessor-version":[{"id":74284,"href":"https:\/\/www.noticiasradioreflejos.com.ar\/2021\/wp-json\/wp\/v2\/posts\/74282\/revisions\/74284"}],"wp:featuredmedia":[{"embeddable":true,"href":"https:\/\/www.noticiasradioreflejos.com.ar\/2021\/wp-json\/wp\/v2\/media\/74283"}],"wp:attachment":[{"href":"https:\/\/www.noticiasradioreflejos.com.ar\/2021\/wp-json\/wp\/v2\/media?parent=74282"}],"wp:term":[{"taxonomy":"category","embeddable":true,"href":"https:\/\/www.noticiasradioreflejos.com.ar\/2021\/wp-json\/wp\/v2\/categories?post=74282"},{"taxonomy":"post_tag","embeddable":true,"href":"https:\/\/www.noticiasradioreflejos.com.ar\/2021\/wp-json\/wp\/v2\/tags?post=74282"}],"curies":[{"name":"wp","href":"https:\/\/api.w.org\/{rel}","templated":true}]}}