{"id":74279,"date":"2022-06-28T23:00:34","date_gmt":"2022-06-28T23:00:34","guid":{"rendered":"http:\/\/www.noticiasradioreflejos.com.ar\/2021\/?p=74279"},"modified":"2022-06-28T23:02:42","modified_gmt":"2022-06-28T23:02:42","slug":"el-entrenador-nestor-herrero-brindara-una-charla-en-automoto","status":"publish","type":"post","link":"https:\/\/www.noticiasradioreflejos.com.ar\/2021\/el-entrenador-nestor-herrero-brindara-una-charla-en-automoto\/","title":{"rendered":"El entrenador N\u00e9stor Herrero brindar\u00e1 una charla en Automoto"},"content":{"rendered":"<p>   El reconocido entrenador y formador bahiense N\u00e9stor Herrero brindar\u00e1 una disertaci\u00f3n este viernes en el Automoto Club Deportivo, destinada a jugadores de todas las divisiones, padres, dirigentes y p\u00fablico en general.<!--more--><\/p>\n<p>   La charla, denominada \u201cIlusi\u00f3n de tantos: del seguro fracaso al posible \u00e9xito. El f\u00fatbol, un sue\u00f1o de todos\u201d, comenzar\u00e1 a las 19.30 y se desarrollar\u00e1 en el fog\u00f3n que la instituci\u00f3n posee en su campo deportivo.<br \/>\n   Durante la misma se abordar\u00e1n diferentes aspectos de la formaci\u00f3n de los chicos en el f\u00fatbol y diferentes cuestiones inherentes a las organizaciones deportivas, ideal tanto para los peque\u00f1os futbolistas como para los padres de los mismos.<br \/>\n   Herrero es un reconocido formador de una extensa y prol\u00edfera trayectoria, que incluye importantes pasos por el club Liniers, Olimpo y Villa Mitre, donde cumpli\u00f3 diferentes funciones tanto en divisiones inferiores como en planteles superiores.<br \/>\n   Sin dudas que Herrero es uno de los principales referentes del f\u00fatbol menor e infantil del sur de nuestro pa\u00eds, una voz m\u00e1s que autorizada para abordar estas tem\u00e1ticas.<\/p>\n","protected":false},"excerpt":{"rendered":"<p>El reconocido entrenador y formador bahiense N\u00e9stor Herrero brindar\u00e1 una disertaci\u00f3n este viernes en el Automoto Club Deportivo, destinada a jugadores de todas las divisiones, padres, dirigentes y p\u00fablico en general.<\/p>\n","protected":false},"author":3,"featured_media":0,"comment_status":"closed","ping_status":"closed","sticky":false,"template":"","format":"standard","meta":{"footnotes":""},"categories":[27],"tags":[],"class_list":["post-74279","post","type-post","status-publish","format-standard","hentry","category-deportes"],"yoast_head":"<!-- This site is optimized with the Yoast SEO plugin v25.9 - https:\/\/yoast.com\/wordpress\/plugins\/seo\/ -->\n<title>El entrenador N\u00e9stor Herrero brindar\u00e1 una charla en Automoto - Noticias Radio Reflejos<\/title>\n<meta name=\"robots\" content=\"index, follow, max-snippet:-1, max-image-preview:large, max-video-preview:-1\" \/>\n<link rel=\"canonical\" href=\"https:\/\/www.noticiasradioreflejos.com.ar\/2021\/el-entrenador-nestor-herrero-brindara-una-charla-en-automoto\/\" \/>\n<meta property=\"og:locale\" content=\"es_ES\" \/>\n<meta property=\"og:type\" content=\"article\" \/>\n<meta property=\"og:title\" content=\"El entrenador N\u00e9stor Herrero brindar\u00e1 una charla en Automoto - Noticias Radio Reflejos\" \/>\n<meta property=\"og:description\" content=\"El reconocido entrenador y formador bahiense N\u00e9stor Herrero brindar\u00e1 una disertaci\u00f3n este viernes en el Automoto Club Deportivo, destinada a jugadores de todas las divisiones, padres, dirigentes y p\u00fablico en general.\" \/>\n<meta property=\"og:url\" content=\"https:\/\/www.noticiasradioreflejos.com.ar\/2021\/el-entrenador-nestor-herrero-brindara-una-charla-en-automoto\/\" \/>\n<meta property=\"og:site_name\" content=\"Noticias Radio Reflejos\" \/>\n<meta property=\"article:published_time\" content=\"2022-06-28T23:00:34+00:00\" \/>\n<meta property=\"article:modified_time\" content=\"2022-06-28T23:02:42+00:00\" \/>\n<meta property=\"og:image\" content=\"https:\/\/www.noticiasradioreflejos.com.ar\/2021\/wp-content\/uploads\/2021\/07\/logosol300x200.png\" \/>\n\t<meta property=\"og:image:width\" content=\"300\" \/>\n\t<meta property=\"og:image:height\" content=\"200\" \/>\n\t<meta property=\"og:image:type\" content=\"image\/png\" \/>\n<meta name=\"author\" content=\"Arnaldo Botto\" \/>\n<meta name=\"twitter:card\" content=\"summary_large_image\" \/>\n<script type=\"application\/ld+json\" class=\"yoast-schema-graph\">{\"@context\":\"https:\/\/schema.org\",\"@graph\":[{\"@type\":\"WebPage\",\"@id\":\"https:\/\/www.noticiasradioreflejos.com.ar\/2021\/el-entrenador-nestor-herrero-brindara-una-charla-en-automoto\/\",\"url\":\"https:\/\/www.noticiasradioreflejos.com.ar\/2021\/el-entrenador-nestor-herrero-brindara-una-charla-en-automoto\/\",\"name\":\"El entrenador N\u00e9stor Herrero brindar\u00e1 una charla en Automoto - Noticias Radio Reflejos\",\"isPartOf\":{\"@id\":\"https:\/\/www.noticiasradioreflejos.com.ar\/2021\/#website\"},\"datePublished\":\"2022-06-28T23:00:34+00:00\",\"dateModified\":\"2022-06-28T23:02:42+00:00\",\"author\":{\"@id\":\"https:\/\/www.noticiasradioreflejos.com.ar\/2021\/#\/schema\/person\/ad82545263dcc5ec0996818884fd5fb1\"},\"breadcrumb\":{\"@id\":\"https:\/\/www.noticiasradioreflejos.com.ar\/2021\/el-entrenador-nestor-herrero-brindara-una-charla-en-automoto\/#breadcrumb\"},\"inLanguage\":\"es\",\"potentialAction\":[{\"@type\":\"ReadAction\",\"target\":[\"https:\/\/www.noticiasradioreflejos.com.ar\/2021\/el-entrenador-nestor-herrero-brindara-una-charla-en-automoto\/\"]}]},{\"@type\":\"BreadcrumbList\",\"@id\":\"https:\/\/www.noticiasradioreflejos.com.ar\/2021\/el-entrenador-nestor-herrero-brindara-una-charla-en-automoto\/#breadcrumb\",\"itemListElement\":[{\"@type\":\"ListItem\",\"position\":1,\"name\":\"Portada\",\"item\":\"https:\/\/www.noticiasradioreflejos.com.ar\/2021\/\"},{\"@type\":\"ListItem\",\"position\":2,\"name\":\"El entrenador N\u00e9stor Herrero brindar\u00e1 una charla en Automoto\"}]},{\"@type\":\"WebSite\",\"@id\":\"https:\/\/www.noticiasradioreflejos.com.ar\/2021\/#website\",\"url\":\"https:\/\/www.noticiasradioreflejos.com.ar\/2021\/\",\"name\":\"Noticias Radio Reflejos\",\"description\":\"Las noticias de mi comarca\",\"potentialAction\":[{\"@type\":\"SearchAction\",\"target\":{\"@type\":\"EntryPoint\",\"urlTemplate\":\"https:\/\/www.noticiasradioreflejos.com.ar\/2021\/?s={search_term_string}\"},\"query-input\":{\"@type\":\"PropertyValueSpecification\",\"valueRequired\":true,\"valueName\":\"search_term_string\"}}],\"inLanguage\":\"es\"},{\"@type\":\"Person\",\"@id\":\"https:\/\/www.noticiasradioreflejos.com.ar\/2021\/#\/schema\/person\/ad82545263dcc5ec0996818884fd5fb1\",\"name\":\"Arnaldo Botto\",\"image\":{\"@type\":\"ImageObject\",\"inLanguage\":\"es\",\"@id\":\"https:\/\/www.noticiasradioreflejos.com.ar\/2021\/#\/schema\/person\/image\/\",\"url\":\"https:\/\/secure.gravatar.com\/avatar\/55cb5e37c1efa326397366e6974cb338056df65cb50e7d64d1cf314e87504837?s=96&d=mm&r=g\",\"contentUrl\":\"https:\/\/secure.gravatar.com\/avatar\/55cb5e37c1efa326397366e6974cb338056df65cb50e7d64d1cf314e87504837?s=96&d=mm&r=g\",\"caption\":\"Arnaldo Botto\"},\"url\":\"https:\/\/www.noticiasradioreflejos.com.ar\/2021\/author\/arnaldo\/\"}]}<\/script>\n<!-- \/ Yoast SEO plugin. -->","yoast_head_json":{"title":"El entrenador N\u00e9stor Herrero brindar\u00e1 una charla en Automoto - Noticias Radio Reflejos","robots":{"index":"index","follow":"follow","max-snippet":"max-snippet:-1","max-image-preview":"max-image-preview:large","max-video-preview":"max-video-preview:-1"},"canonical":"https:\/\/www.noticiasradioreflejos.com.ar\/2021\/el-entrenador-nestor-herrero-brindara-una-charla-en-automoto\/","og_locale":"es_ES","og_type":"article","og_title":"El entrenador N\u00e9stor Herrero brindar\u00e1 una charla en Automoto - Noticias Radio Reflejos","og_description":"El reconocido entrenador y formador bahiense N\u00e9stor Herrero brindar\u00e1 una disertaci\u00f3n este viernes en el Automoto Club Deportivo, destinada a jugadores de todas las divisiones, padres, dirigentes y p\u00fablico en general.","og_url":"https:\/\/www.noticiasradioreflejos.com.ar\/2021\/el-entrenador-nestor-herrero-brindara-una-charla-en-automoto\/","og_site_name":"Noticias Radio Reflejos","article_published_time":"2022-06-28T23:00:34+00:00","article_modified_time":"2022-06-28T23:02:42+00:00","og_image":[{"width":300,"height":200,"url":"https:\/\/www.noticiasradioreflejos.com.ar\/2021\/wp-content\/uploads\/2021\/07\/logosol300x200.png","type":"image\/png"}],"author":"Arnaldo Botto","twitter_card":"summary_large_image","schema":{"@context":"https:\/\/schema.org","@graph":[{"@type":"WebPage","@id":"https:\/\/www.noticiasradioreflejos.com.ar\/2021\/el-entrenador-nestor-herrero-brindara-una-charla-en-automoto\/","url":"https:\/\/www.noticiasradioreflejos.com.ar\/2021\/el-entrenador-nestor-herrero-brindara-una-charla-en-automoto\/","name":"El entrenador N\u00e9stor Herrero brindar\u00e1 una charla en Automoto - Noticias Radio Reflejos","isPartOf":{"@id":"https:\/\/www.noticiasradioreflejos.com.ar\/2021\/#website"},"datePublished":"2022-06-28T23:00:34+00:00","dateModified":"2022-06-28T23:02:42+00:00","author":{"@id":"https:\/\/www.noticiasradioreflejos.com.ar\/2021\/#\/schema\/person\/ad82545263dcc5ec0996818884fd5fb1"},"breadcrumb":{"@id":"https:\/\/www.noticiasradioreflejos.com.ar\/2021\/el-entrenador-nestor-herrero-brindara-una-charla-en-automoto\/#breadcrumb"},"inLanguage":"es","potentialAction":[{"@type":"ReadAction","target":["https:\/\/www.noticiasradioreflejos.com.ar\/2021\/el-entrenador-nestor-herrero-brindara-una-charla-en-automoto\/"]}]},{"@type":"BreadcrumbList","@id":"https:\/\/www.noticiasradioreflejos.com.ar\/2021\/el-entrenador-nestor-herrero-brindara-una-charla-en-automoto\/#breadcrumb","itemListElement":[{"@type":"ListItem","position":1,"name":"Portada","item":"https:\/\/www.noticiasradioreflejos.com.ar\/2021\/"},{"@type":"ListItem","position":2,"name":"El entrenador N\u00e9stor Herrero brindar\u00e1 una charla en Automoto"}]},{"@type":"WebSite","@id":"https:\/\/www.noticiasradioreflejos.com.ar\/2021\/#website","url":"https:\/\/www.noticiasradioreflejos.com.ar\/2021\/","name":"Noticias Radio Reflejos","description":"Las noticias de mi comarca","potentialAction":[{"@type":"SearchAction","target":{"@type":"EntryPoint","urlTemplate":"https:\/\/www.noticiasradioreflejos.com.ar\/2021\/?s={search_term_string}"},"query-input":{"@type":"PropertyValueSpecification","valueRequired":true,"valueName":"search_term_string"}}],"inLanguage":"es"},{"@type":"Person","@id":"https:\/\/www.noticiasradioreflejos.com.ar\/2021\/#\/schema\/person\/ad82545263dcc5ec0996818884fd5fb1","name":"Arnaldo Botto","image":{"@type":"ImageObject","inLanguage":"es","@id":"https:\/\/www.noticiasradioreflejos.com.ar\/2021\/#\/schema\/person\/image\/","url":"https:\/\/secure.gravatar.com\/avatar\/55cb5e37c1efa326397366e6974cb338056df65cb50e7d64d1cf314e87504837?s=96&d=mm&r=g","contentUrl":"https:\/\/secure.gravatar.com\/avatar\/55cb5e37c1efa326397366e6974cb338056df65cb50e7d64d1cf314e87504837?s=96&d=mm&r=g","caption":"Arnaldo Botto"},"url":"https:\/\/www.noticiasradioreflejos.com.ar\/2021\/author\/arnaldo\/"}]}},"_links":{"self":[{"href":"https:\/\/www.noticiasradioreflejos.com.ar\/2021\/wp-json\/wp\/v2\/posts\/74279","targetHints":{"allow":["GET"]}}],"collection":[{"href":"https:\/\/www.noticiasradioreflejos.com.ar\/2021\/wp-json\/wp\/v2\/posts"}],"about":[{"href":"https:\/\/www.noticiasradioreflejos.com.ar\/2021\/wp-json\/wp\/v2\/types\/post"}],"author":[{"embeddable":true,"href":"https:\/\/www.noticiasradioreflejos.com.ar\/2021\/wp-json\/wp\/v2\/users\/3"}],"replies":[{"embeddable":true,"href":"https:\/\/www.noticiasradioreflejos.com.ar\/2021\/wp-json\/wp\/v2\/comments?post=74279"}],"version-history":[{"count":1,"href":"https:\/\/www.noticiasradioreflejos.com.ar\/2021\/wp-json\/wp\/v2\/posts\/74279\/revisions"}],"predecessor-version":[{"id":74281,"href":"https:\/\/www.noticiasradioreflejos.com.ar\/2021\/wp-json\/wp\/v2\/posts\/74279\/revisions\/74281"}],"wp:attachment":[{"href":"https:\/\/www.noticiasradioreflejos.com.ar\/2021\/wp-json\/wp\/v2\/media?parent=74279"}],"wp:term":[{"taxonomy":"category","embeddable":true,"href":"https:\/\/www.noticiasradioreflejos.com.ar\/2021\/wp-json\/wp\/v2\/categories?post=74279"},{"taxonomy":"post_tag","embeddable":true,"href":"https:\/\/www.noticiasradioreflejos.com.ar\/2021\/wp-json\/wp\/v2\/tags?post=74279"}],"curies":[{"name":"wp","href":"https:\/\/api.w.org\/{rel}","templated":true}]}}