{"id":74271,"date":"2022-06-28T22:41:38","date_gmt":"2022-06-28T22:41:38","guid":{"rendered":"http:\/\/www.noticiasradioreflejos.com.ar\/2021\/?p=74271"},"modified":"2022-06-28T22:41:38","modified_gmt":"2022-06-28T22:41:38","slug":"emiten-alertas-naranja-por-nevadas-y-amarilla-por-viento-y-lluvia-para-neuquen-rio-negro-y-chubut","status":"publish","type":"post","link":"https:\/\/www.noticiasradioreflejos.com.ar\/2021\/emiten-alertas-naranja-por-nevadas-y-amarilla-por-viento-y-lluvia-para-neuquen-rio-negro-y-chubut\/","title":{"rendered":"Emiten alertas naranja por nevadas y amarilla por viento y lluvia para Neuqu\u00e9n, R\u00edo Negro y Chubut"},"content":{"rendered":"<p>El Servicio Meteorol\u00f3gico Nacional (SMN) emiti\u00f3 hoy varios alertas naranja para la zona cordillerana de Neuqu\u00e9n, R\u00edo Negro y Chubut; y otras alertas amarillas por vientos y lluvias para otros sectores de esas mismas provincias patag\u00f3nicas.<br \/>\n<!--more--><\/p>\n<p>De acuerdo al parte del organismo nacional, el alerta naranja por nevadas en Neuqu\u00e9n es para la zona de la cordillera de Huiliches, cordillera de L\u00e1car y sur de Alumin\u00e9. En R\u00edo Negro afectar\u00e1 Bariloche, la cordillera de Pilcaniyeu y cordillera de \u00d1orquinc\u00f3; en tanto en Chubut el fen\u00f3meno caer\u00e1 sobre la cordillera de Cushamen, cordillera de Futaleuf\u00fa, cordillera de Langui\u00f1eo y cordillera de Tehuelches.<\/p>\n<p>Seg\u00fan el alerta, el \u00e1rea ser\u00e1 afectada por \u00abnevadas persistentes de variada intensidad, especialmente en alta monta\u00f1a, con per\u00edodos de intensidad fuerte\u00bb.<\/p>\n<p>\u00abSe esperan valores acumulados de 60 a 80 cm, pudiendo ser localmente superiores. Adem\u00e1s, no se descarta la reducci\u00f3n de visibilidad por nieve en suspensi\u00f3n, debido a fuertes vientos. Asimismo, en zonas m\u00e1s bajas, las precipitaciones ser\u00e1n en forma de lluvia y agua nieve\u00bb, indic\u00f3 el SMN.<\/p>\n<p>Con respecto a las alertas amarillas por vientos, en Neuqu\u00e9n se ver\u00e1n afectadas las zonas cordilleranas de Alumin\u00e9, Chos Malal, Loncopu\u00e9, Minas, Picunches y \u00d1orqu\u00edn; el este de Loncopu\u00e9, este de Picunches, este de \u00d1orqu\u00edn, oeste de A\u00f1elo, oeste de Pehuenches, sur de Chos Malal, sur de Minas, Cat\u00e1n Lil, Coll\u00f3n Cur\u00e1, Zapala; y las zonas bajas de Alumin\u00e9, Huiliches y L\u00e1car.<\/p>\n<p>Este mismo alerta tambi\u00e9n es para la provincia de R\u00edo Negro, donde se ver\u00e1 afectada la zona de mesetas de Pilcaniyeu y \u00d1orquinc\u00f3, Nueve de Julio, oeste de El Cuy y Veinticinco de Mayo.<\/p>\n<p>\u00abEl \u00e1rea ser\u00e1 afectada por vientos del sector oeste con velocidades entre los 60 y 70 km\/h, mientras que las r\u00e1fagas pueden superar los 90 km\/h\u00bb, preci\u00f3 el informe del SMN.<\/p>\n<p>Por \u00faltimo, el alerta por lluvias es para la provincia de Chubut en la zona de la meseta de Cushamen, meseta de Futaleuf\u00fa, meseta de Langui\u00f1eo y meseta de Tehuelches.<\/p>\n<p>\u00abEl \u00e1rea ser\u00e1 afectada por lluvias persistentes de variada intensidad, algunas localmente fuertes. Se esperan valores de precipitaci\u00f3n acumulada entre 15 y 30 mm, pudiendo ser superados en forma puntual. En las zonas m\u00e1s altas se espera la ocurrencia de nevadas\u00bb, afirm\u00f3 el organismo nacional.(Telam)<\/p>\n<div><img decoding=\"async\" src=\"https:\/\/www.noticiastornquist.com.ar\/imagen.php?imagen=2022-06\/neva-1.jpg\" \/><\/div>\n","protected":false},"excerpt":{"rendered":"<p>El Servicio Meteorol\u00f3gico Nacional (SMN) emiti\u00f3 hoy varios alertas naranja para la zona cordillerana de Neuqu\u00e9n, R\u00edo Negro y Chubut; y otras alertas amarillas por vientos y lluvias para otros sectores de esas mismas provincias patag\u00f3nicas.<\/p>\n","protected":false},"author":3,"featured_media":0,"comment_status":"closed","ping_status":"closed","sticky":false,"template":"","format":"standard","meta":{"footnotes":""},"categories":[46,26,33],"tags":[],"class_list":["post-74271","post","type-post","status-publish","format-standard","hentry","category-ciencia-y-tecnologia","category-sociedad","category-turismo"],"yoast_head":"<!-- This site is optimized with the Yoast SEO plugin v25.9 - https:\/\/yoast.com\/wordpress\/plugins\/seo\/ -->\n<title>Emiten alertas naranja por nevadas y amarilla por viento y lluvia para Neuqu\u00e9n, R\u00edo Negro y Chubut - Noticias Radio Reflejos<\/title>\n<meta name=\"robots\" content=\"index, follow, max-snippet:-1, max-image-preview:large, max-video-preview:-1\" \/>\n<link rel=\"canonical\" href=\"https:\/\/www.noticiasradioreflejos.com.ar\/2021\/emiten-alertas-naranja-por-nevadas-y-amarilla-por-viento-y-lluvia-para-neuquen-rio-negro-y-chubut\/\" \/>\n<meta property=\"og:locale\" content=\"es_ES\" \/>\n<meta property=\"og:type\" content=\"article\" \/>\n<meta property=\"og:title\" content=\"Emiten alertas naranja por nevadas y amarilla por viento y lluvia para Neuqu\u00e9n, R\u00edo Negro y Chubut - Noticias Radio Reflejos\" \/>\n<meta property=\"og:description\" content=\"El Servicio Meteorol\u00f3gico Nacional (SMN) emiti\u00f3 hoy varios alertas naranja para la zona cordillerana de Neuqu\u00e9n, R\u00edo Negro y Chubut; y otras alertas amarillas por vientos y lluvias para otros sectores de esas mismas provincias patag\u00f3nicas.\" \/>\n<meta property=\"og:url\" content=\"https:\/\/www.noticiasradioreflejos.com.ar\/2021\/emiten-alertas-naranja-por-nevadas-y-amarilla-por-viento-y-lluvia-para-neuquen-rio-negro-y-chubut\/\" \/>\n<meta property=\"og:site_name\" content=\"Noticias Radio Reflejos\" \/>\n<meta property=\"article:published_time\" content=\"2022-06-28T22:41:38+00:00\" \/>\n<meta property=\"og:image\" content=\"https:\/\/www.noticiastornquist.com.ar\/imagen.php?imagen=2022-06\/neva-1.jpg\" \/>\n<meta name=\"author\" content=\"Arnaldo Botto\" \/>\n<meta name=\"twitter:card\" content=\"summary_large_image\" \/>\n<script type=\"application\/ld+json\" class=\"yoast-schema-graph\">{\"@context\":\"https:\/\/schema.org\",\"@graph\":[{\"@type\":\"WebPage\",\"@id\":\"https:\/\/www.noticiasradioreflejos.com.ar\/2021\/emiten-alertas-naranja-por-nevadas-y-amarilla-por-viento-y-lluvia-para-neuquen-rio-negro-y-chubut\/\",\"url\":\"https:\/\/www.noticiasradioreflejos.com.ar\/2021\/emiten-alertas-naranja-por-nevadas-y-amarilla-por-viento-y-lluvia-para-neuquen-rio-negro-y-chubut\/\",\"name\":\"Emiten alertas naranja por nevadas y amarilla por viento y lluvia para Neuqu\u00e9n, R\u00edo Negro y Chubut - Noticias Radio Reflejos\",\"isPartOf\":{\"@id\":\"https:\/\/www.noticiasradioreflejos.com.ar\/2021\/#website\"},\"primaryImageOfPage\":{\"@id\":\"https:\/\/www.noticiasradioreflejos.com.ar\/2021\/emiten-alertas-naranja-por-nevadas-y-amarilla-por-viento-y-lluvia-para-neuquen-rio-negro-y-chubut\/#primaryimage\"},\"image\":{\"@id\":\"https:\/\/www.noticiasradioreflejos.com.ar\/2021\/emiten-alertas-naranja-por-nevadas-y-amarilla-por-viento-y-lluvia-para-neuquen-rio-negro-y-chubut\/#primaryimage\"},\"thumbnailUrl\":\"https:\/\/www.noticiastornquist.com.ar\/imagen.php?imagen=2022-06\/neva-1.jpg\",\"datePublished\":\"2022-06-28T22:41:38+00:00\",\"author\":{\"@id\":\"https:\/\/www.noticiasradioreflejos.com.ar\/2021\/#\/schema\/person\/ad82545263dcc5ec0996818884fd5fb1\"},\"breadcrumb\":{\"@id\":\"https:\/\/www.noticiasradioreflejos.com.ar\/2021\/emiten-alertas-naranja-por-nevadas-y-amarilla-por-viento-y-lluvia-para-neuquen-rio-negro-y-chubut\/#breadcrumb\"},\"inLanguage\":\"es\",\"potentialAction\":[{\"@type\":\"ReadAction\",\"target\":[\"https:\/\/www.noticiasradioreflejos.com.ar\/2021\/emiten-alertas-naranja-por-nevadas-y-amarilla-por-viento-y-lluvia-para-neuquen-rio-negro-y-chubut\/\"]}]},{\"@type\":\"ImageObject\",\"inLanguage\":\"es\",\"@id\":\"https:\/\/www.noticiasradioreflejos.com.ar\/2021\/emiten-alertas-naranja-por-nevadas-y-amarilla-por-viento-y-lluvia-para-neuquen-rio-negro-y-chubut\/#primaryimage\",\"url\":\"https:\/\/www.noticiastornquist.com.ar\/imagen.php?imagen=2022-06\/neva-1.jpg\",\"contentUrl\":\"https:\/\/www.noticiastornquist.com.ar\/imagen.php?imagen=2022-06\/neva-1.jpg\"},{\"@type\":\"BreadcrumbList\",\"@id\":\"https:\/\/www.noticiasradioreflejos.com.ar\/2021\/emiten-alertas-naranja-por-nevadas-y-amarilla-por-viento-y-lluvia-para-neuquen-rio-negro-y-chubut\/#breadcrumb\",\"itemListElement\":[{\"@type\":\"ListItem\",\"position\":1,\"name\":\"Portada\",\"item\":\"https:\/\/www.noticiasradioreflejos.com.ar\/2021\/\"},{\"@type\":\"ListItem\",\"position\":2,\"name\":\"Emiten alertas naranja por nevadas y amarilla por viento y lluvia para Neuqu\u00e9n, R\u00edo Negro y Chubut\"}]},{\"@type\":\"WebSite\",\"@id\":\"https:\/\/www.noticiasradioreflejos.com.ar\/2021\/#website\",\"url\":\"https:\/\/www.noticiasradioreflejos.com.ar\/2021\/\",\"name\":\"Noticias Radio Reflejos\",\"description\":\"Las noticias de mi comarca\",\"potentialAction\":[{\"@type\":\"SearchAction\",\"target\":{\"@type\":\"EntryPoint\",\"urlTemplate\":\"https:\/\/www.noticiasradioreflejos.com.ar\/2021\/?s={search_term_string}\"},\"query-input\":{\"@type\":\"PropertyValueSpecification\",\"valueRequired\":true,\"valueName\":\"search_term_string\"}}],\"inLanguage\":\"es\"},{\"@type\":\"Person\",\"@id\":\"https:\/\/www.noticiasradioreflejos.com.ar\/2021\/#\/schema\/person\/ad82545263dcc5ec0996818884fd5fb1\",\"name\":\"Arnaldo Botto\",\"image\":{\"@type\":\"ImageObject\",\"inLanguage\":\"es\",\"@id\":\"https:\/\/www.noticiasradioreflejos.com.ar\/2021\/#\/schema\/person\/image\/\",\"url\":\"https:\/\/secure.gravatar.com\/avatar\/55cb5e37c1efa326397366e6974cb338056df65cb50e7d64d1cf314e87504837?s=96&d=mm&r=g\",\"contentUrl\":\"https:\/\/secure.gravatar.com\/avatar\/55cb5e37c1efa326397366e6974cb338056df65cb50e7d64d1cf314e87504837?s=96&d=mm&r=g\",\"caption\":\"Arnaldo Botto\"},\"url\":\"https:\/\/www.noticiasradioreflejos.com.ar\/2021\/author\/arnaldo\/\"}]}<\/script>\n<!-- \/ Yoast SEO plugin. -->","yoast_head_json":{"title":"Emiten alertas naranja por nevadas y amarilla por viento y lluvia para Neuqu\u00e9n, R\u00edo Negro y Chubut - Noticias Radio Reflejos","robots":{"index":"index","follow":"follow","max-snippet":"max-snippet:-1","max-image-preview":"max-image-preview:large","max-video-preview":"max-video-preview:-1"},"canonical":"https:\/\/www.noticiasradioreflejos.com.ar\/2021\/emiten-alertas-naranja-por-nevadas-y-amarilla-por-viento-y-lluvia-para-neuquen-rio-negro-y-chubut\/","og_locale":"es_ES","og_type":"article","og_title":"Emiten alertas naranja por nevadas y amarilla por viento y lluvia para Neuqu\u00e9n, R\u00edo Negro y Chubut - Noticias Radio Reflejos","og_description":"El Servicio Meteorol\u00f3gico Nacional (SMN) emiti\u00f3 hoy varios alertas naranja para la zona cordillerana de Neuqu\u00e9n, R\u00edo Negro y Chubut; y otras alertas amarillas por vientos y lluvias para otros sectores de esas mismas provincias patag\u00f3nicas.","og_url":"https:\/\/www.noticiasradioreflejos.com.ar\/2021\/emiten-alertas-naranja-por-nevadas-y-amarilla-por-viento-y-lluvia-para-neuquen-rio-negro-y-chubut\/","og_site_name":"Noticias Radio Reflejos","article_published_time":"2022-06-28T22:41:38+00:00","og_image":[{"url":"https:\/\/www.noticiastornquist.com.ar\/imagen.php?imagen=2022-06\/neva-1.jpg","type":"","width":"","height":""}],"author":"Arnaldo Botto","twitter_card":"summary_large_image","schema":{"@context":"https:\/\/schema.org","@graph":[{"@type":"WebPage","@id":"https:\/\/www.noticiasradioreflejos.com.ar\/2021\/emiten-alertas-naranja-por-nevadas-y-amarilla-por-viento-y-lluvia-para-neuquen-rio-negro-y-chubut\/","url":"https:\/\/www.noticiasradioreflejos.com.ar\/2021\/emiten-alertas-naranja-por-nevadas-y-amarilla-por-viento-y-lluvia-para-neuquen-rio-negro-y-chubut\/","name":"Emiten alertas naranja por nevadas y amarilla por viento y lluvia para Neuqu\u00e9n, R\u00edo Negro y Chubut - Noticias Radio Reflejos","isPartOf":{"@id":"https:\/\/www.noticiasradioreflejos.com.ar\/2021\/#website"},"primaryImageOfPage":{"@id":"https:\/\/www.noticiasradioreflejos.com.ar\/2021\/emiten-alertas-naranja-por-nevadas-y-amarilla-por-viento-y-lluvia-para-neuquen-rio-negro-y-chubut\/#primaryimage"},"image":{"@id":"https:\/\/www.noticiasradioreflejos.com.ar\/2021\/emiten-alertas-naranja-por-nevadas-y-amarilla-por-viento-y-lluvia-para-neuquen-rio-negro-y-chubut\/#primaryimage"},"thumbnailUrl":"https:\/\/www.noticiastornquist.com.ar\/imagen.php?imagen=2022-06\/neva-1.jpg","datePublished":"2022-06-28T22:41:38+00:00","author":{"@id":"https:\/\/www.noticiasradioreflejos.com.ar\/2021\/#\/schema\/person\/ad82545263dcc5ec0996818884fd5fb1"},"breadcrumb":{"@id":"https:\/\/www.noticiasradioreflejos.com.ar\/2021\/emiten-alertas-naranja-por-nevadas-y-amarilla-por-viento-y-lluvia-para-neuquen-rio-negro-y-chubut\/#breadcrumb"},"inLanguage":"es","potentialAction":[{"@type":"ReadAction","target":["https:\/\/www.noticiasradioreflejos.com.ar\/2021\/emiten-alertas-naranja-por-nevadas-y-amarilla-por-viento-y-lluvia-para-neuquen-rio-negro-y-chubut\/"]}]},{"@type":"ImageObject","inLanguage":"es","@id":"https:\/\/www.noticiasradioreflejos.com.ar\/2021\/emiten-alertas-naranja-por-nevadas-y-amarilla-por-viento-y-lluvia-para-neuquen-rio-negro-y-chubut\/#primaryimage","url":"https:\/\/www.noticiastornquist.com.ar\/imagen.php?imagen=2022-06\/neva-1.jpg","contentUrl":"https:\/\/www.noticiastornquist.com.ar\/imagen.php?imagen=2022-06\/neva-1.jpg"},{"@type":"BreadcrumbList","@id":"https:\/\/www.noticiasradioreflejos.com.ar\/2021\/emiten-alertas-naranja-por-nevadas-y-amarilla-por-viento-y-lluvia-para-neuquen-rio-negro-y-chubut\/#breadcrumb","itemListElement":[{"@type":"ListItem","position":1,"name":"Portada","item":"https:\/\/www.noticiasradioreflejos.com.ar\/2021\/"},{"@type":"ListItem","position":2,"name":"Emiten alertas naranja por nevadas y amarilla por viento y lluvia para Neuqu\u00e9n, R\u00edo Negro y Chubut"}]},{"@type":"WebSite","@id":"https:\/\/www.noticiasradioreflejos.com.ar\/2021\/#website","url":"https:\/\/www.noticiasradioreflejos.com.ar\/2021\/","name":"Noticias Radio Reflejos","description":"Las noticias de mi comarca","potentialAction":[{"@type":"SearchAction","target":{"@type":"EntryPoint","urlTemplate":"https:\/\/www.noticiasradioreflejos.com.ar\/2021\/?s={search_term_string}"},"query-input":{"@type":"PropertyValueSpecification","valueRequired":true,"valueName":"search_term_string"}}],"inLanguage":"es"},{"@type":"Person","@id":"https:\/\/www.noticiasradioreflejos.com.ar\/2021\/#\/schema\/person\/ad82545263dcc5ec0996818884fd5fb1","name":"Arnaldo Botto","image":{"@type":"ImageObject","inLanguage":"es","@id":"https:\/\/www.noticiasradioreflejos.com.ar\/2021\/#\/schema\/person\/image\/","url":"https:\/\/secure.gravatar.com\/avatar\/55cb5e37c1efa326397366e6974cb338056df65cb50e7d64d1cf314e87504837?s=96&d=mm&r=g","contentUrl":"https:\/\/secure.gravatar.com\/avatar\/55cb5e37c1efa326397366e6974cb338056df65cb50e7d64d1cf314e87504837?s=96&d=mm&r=g","caption":"Arnaldo Botto"},"url":"https:\/\/www.noticiasradioreflejos.com.ar\/2021\/author\/arnaldo\/"}]}},"_links":{"self":[{"href":"https:\/\/www.noticiasradioreflejos.com.ar\/2021\/wp-json\/wp\/v2\/posts\/74271","targetHints":{"allow":["GET"]}}],"collection":[{"href":"https:\/\/www.noticiasradioreflejos.com.ar\/2021\/wp-json\/wp\/v2\/posts"}],"about":[{"href":"https:\/\/www.noticiasradioreflejos.com.ar\/2021\/wp-json\/wp\/v2\/types\/post"}],"author":[{"embeddable":true,"href":"https:\/\/www.noticiasradioreflejos.com.ar\/2021\/wp-json\/wp\/v2\/users\/3"}],"replies":[{"embeddable":true,"href":"https:\/\/www.noticiasradioreflejos.com.ar\/2021\/wp-json\/wp\/v2\/comments?post=74271"}],"version-history":[{"count":1,"href":"https:\/\/www.noticiasradioreflejos.com.ar\/2021\/wp-json\/wp\/v2\/posts\/74271\/revisions"}],"predecessor-version":[{"id":74273,"href":"https:\/\/www.noticiasradioreflejos.com.ar\/2021\/wp-json\/wp\/v2\/posts\/74271\/revisions\/74273"}],"wp:attachment":[{"href":"https:\/\/www.noticiasradioreflejos.com.ar\/2021\/wp-json\/wp\/v2\/media?parent=74271"}],"wp:term":[{"taxonomy":"category","embeddable":true,"href":"https:\/\/www.noticiasradioreflejos.com.ar\/2021\/wp-json\/wp\/v2\/categories?post=74271"},{"taxonomy":"post_tag","embeddable":true,"href":"https:\/\/www.noticiasradioreflejos.com.ar\/2021\/wp-json\/wp\/v2\/tags?post=74271"}],"curies":[{"name":"wp","href":"https:\/\/api.w.org\/{rel}","templated":true}]}}