{"id":74256,"date":"2022-06-28T15:19:56","date_gmt":"2022-06-28T15:19:56","guid":{"rendered":"http:\/\/www.noticiasradioreflejos.com.ar\/2021\/?p=74256"},"modified":"2022-06-28T15:19:56","modified_gmt":"2022-06-28T15:19:56","slug":"llegaremos-a-sierra-con-mas-de-seis-mil-kilos-de-alimento","status":"publish","type":"post","link":"https:\/\/www.noticiasradioreflejos.com.ar\/2021\/llegaremos-a-sierra-con-mas-de-seis-mil-kilos-de-alimento\/","title":{"rendered":"\u201cLlegaremos a Sierra con m\u00e1s de seis mil kilos de alimento\u201d"},"content":{"rendered":"<p>As\u00ed lo confirm\u00f3 Sergio Rojas, integrante del Tren Solidario. El ferrocarril llegar\u00e1 a la comarca el 9 de julio por la ma\u00f1ana con donaciones y voluntarios.<!--more--><\/p>\n<p><a title=\"Tren solidario (3)\" href=\"https:\/\/www.flickr.com\/photos\/182279889@N02\/52179642361\/in\/dateposted-public\/\" data-flickr-embed=\"true\"><img loading=\"lazy\" decoding=\"async\" src=\"https:\/\/live.staticflickr.com\/65535\/52179642361_a7475882fb_c.jpg\" alt=\"Tren solidario (3)\" width=\"800\" height=\"600\" \/><\/a><script async src=\"\/\/embedr.flickr.com\/assets\/client-code.js\" charset=\"utf-8\"><\/script><br \/>\nUna movida sumamente importante vivir\u00e1 la comarca serrana el venidero 9 de julio, coincidiendo con los festejos patrios. Es que desde Buenos Aires arribar\u00e1 el Tren Solidario, en donde m\u00e1s de cien voluntarios traer\u00e1n alimentos no perecederos.<\/p>\n<p>Al respecto Sergio Rojas explic\u00f3 que esta movida \u201carranca en el 2001. Es el programa de responsabilidad social empresaria de la revista Rieles, que es un medio especializado con m\u00e1s de 30 a\u00f1os en Argentina\u201d.<\/p>\n<p>Record\u00f3 que \u201cen ese a\u00f1o nos propusimos c\u00f3mo pod\u00edamos revalorizar el sistema ferroviario y vimos que la \u00fanica forma de mostrarle a la gente como a la clase pol\u00edtica que haciendo solidaridad se pod\u00eda demostrar que el tren de pasajeros estaba vivo y pod\u00eda volver a recorrer nuestro pa\u00eds como ocurri\u00f3 en su momento\u201d.<\/p>\n<p>Fue as\u00ed como \u201cel 8 de abril de 2001 corrimos el primer tren solidario que fue a San Antonio de Areco, y ya llevamos m\u00e1s de 20 a\u00f1os recorriendo los distintos lugares de nuestro pa\u00eds. Tenemos el acompa\u00f1amiento de los distintos Sindicatos en todos los hechos solidarios\u201d.<\/p>\n<p><a title=\"Tren solidario (1)\" href=\"https:\/\/www.flickr.com\/photos\/182279889@N02\/52179648388\/in\/dateposted-public\/\" data-flickr-embed=\"true\"><img loading=\"lazy\" decoding=\"async\" class=\"alignleft\" src=\"https:\/\/live.staticflickr.com\/65535\/52179648388_da43dd88d1_c.jpg\" alt=\"Tren solidario (1)\" width=\"429\" height=\"763\" \/><\/a>Contando c\u00f3mo es la metodolog\u00eda, Sergio mencion\u00f3 que \u201cla gente que viaja en el Tren Solidario es gente que se acerca a Buenos Aires con su inscripci\u00f3n previa y dona 15 kg de alimento no perecedero por pasaje que va arriba del tren. Y esto se suma a todas las donaciones de las empresas. Siempre juntamos entre 6 mil y 7 mil kilos de alimento por viaje\u201d.<\/p>\n<p>Al mismo tiempo explic\u00f3 que \u201ca trav\u00e9s de las redes sociales de Tren Solidario y la revista Rieles sacamos la convocatoria de inscripci\u00f3n. A veces la inscripci\u00f3n es digital. Los primeros 150 lugares que se inscriben tienen prioridad. Desde la organizaci\u00f3n se los llama para reconfirmar y despu\u00e9s quedan en lista de espera el remanente\u201d.<\/p>\n<p>Dando ejemplos, cont\u00f3 que \u201cen diciembre estuvimos en Carhue. Viajaron casi 190 personas, que hicieron noche all\u00ed, consumieron los servicios\u2026 y as\u00ed fue en Tres Arroyos y en otras localidades. Nosotros solo buscamos las instituciones a donar. Cada pasajero debe buscar d\u00f3nde quedarse\u201d.<\/p>\n<p>Apuntando a lo que suceder\u00e1 en Sierra de la Ventana, aclar\u00f3 que \u201ctodav\u00eda no hemos definido con la Municipalidad a qu\u00e9 instituciones llegar\u00e1n las donaciones. Entre hoy y ma\u00f1ana lo definiremos. A\u00fan no tenemos cerrado el n\u00famero de donaciones, pero siempre andamos en los kilos que mencion\u00e9 anteriormente\u201d.<\/p>\n<p>Al tiempo que brindando detalles del itinerario, reconoci\u00f3 que \u201cllegaremos a eso de las 9 de la ma\u00f1ana el 9 de julio, as\u00ed que invitamos a todos para que nos reciban. El domingo temprano regresar\u00e1 a Buenos Aires\u201d.<\/p>\n<p>Por \u00faltimo sostuvo que \u201cla gente que viaja en el Tren Solidario es la que despu\u00e9s hace la cadena humana para bajar las donaciones, algo que es muy lindo y emocionante, porque ah\u00ed los lugare\u00f1os toman dimensi\u00f3n de todo lo que se trae en ayuda\u201d.<\/p>\n<p>&nbsp;<\/p>\n<p><iframe loading=\"lazy\" src=\"https:\/\/w.soundcloud.com\/player\/?url=https%3A\/\/api.soundcloud.com\/tracks\/1295899057&amp;color=%23ff5500&amp;auto_play=false&amp;hide_related=false&amp;show_comments=true&amp;show_user=true&amp;show_reposts=false&amp;show_teaser=true\" width=\"100%\" height=\"166\" frameborder=\"no\" scrolling=\"no\"><\/iframe><\/p>\n<div style=\"font-size: 10px; color: #cccccc; line-break: anywhere; word-break: normal; overflow: hidden; white-space: nowrap; text-overflow: ellipsis; font-family: Interstate,Lucida Grande,Lucida Sans Unicode,Lucida Sans,Garuda,Verdana,Tahoma,sans-serif; font-weight: 100;\"><a style=\"color: #cccccc; text-decoration: none;\" title=\"fmreflejos 103.7\" href=\"https:\/\/soundcloud.com\/fmreflejos-103-7\" target=\"_blank\" rel=\"noopener\">fmreflejos 103.7<\/a> \u00b7 <a style=\"color: #cccccc; text-decoration: none;\" title=\"Sergio Rojas\" href=\"https:\/\/soundcloud.com\/fmreflejos-103-7\/sergio-rojas\" target=\"_blank\" rel=\"noopener\">Sergio Rojas<\/a><\/div>\n","protected":false},"excerpt":{"rendered":"<p>As\u00ed lo confirm\u00f3 Sergio Rojas, integrante del Tren Solidario. El ferrocarril llegar\u00e1 a la comarca el 9 de julio por la ma\u00f1ana con donaciones y voluntarios.<\/p>\n","protected":false},"author":3,"featured_media":0,"comment_status":"closed","ping_status":"closed","sticky":false,"template":"","format":"standard","meta":{"footnotes":""},"categories":[26,33],"tags":[48],"class_list":["post-74256","post","type-post","status-publish","format-standard","hentry","category-sociedad","category-turismo","tag-destacada"],"yoast_head":"<!-- This site is optimized with the Yoast SEO plugin v25.9 - https:\/\/yoast.com\/wordpress\/plugins\/seo\/ -->\n<title>\u201cLlegaremos a Sierra con m\u00e1s de seis mil kilos de alimento\u201d - Noticias Radio Reflejos<\/title>\n<meta name=\"robots\" content=\"index, follow, max-snippet:-1, max-image-preview:large, max-video-preview:-1\" \/>\n<link rel=\"canonical\" href=\"https:\/\/www.noticiasradioreflejos.com.ar\/2021\/llegaremos-a-sierra-con-mas-de-seis-mil-kilos-de-alimento\/\" \/>\n<meta property=\"og:locale\" content=\"es_ES\" \/>\n<meta property=\"og:type\" content=\"article\" \/>\n<meta property=\"og:title\" content=\"\u201cLlegaremos a Sierra con m\u00e1s de seis mil kilos de alimento\u201d - Noticias Radio Reflejos\" \/>\n<meta property=\"og:description\" content=\"As\u00ed lo confirm\u00f3 Sergio Rojas, integrante del Tren Solidario. El ferrocarril llegar\u00e1 a la comarca el 9 de julio por la ma\u00f1ana con donaciones y voluntarios.\" \/>\n<meta property=\"og:url\" content=\"https:\/\/www.noticiasradioreflejos.com.ar\/2021\/llegaremos-a-sierra-con-mas-de-seis-mil-kilos-de-alimento\/\" \/>\n<meta property=\"og:site_name\" content=\"Noticias Radio Reflejos\" \/>\n<meta property=\"article:published_time\" content=\"2022-06-28T15:19:56+00:00\" \/>\n<meta property=\"og:image\" content=\"https:\/\/live.staticflickr.com\/65535\/52179642361_a7475882fb_c.jpg\" \/>\n<meta name=\"author\" content=\"Arnaldo Botto\" \/>\n<meta name=\"twitter:card\" content=\"summary_large_image\" \/>\n<script type=\"application\/ld+json\" class=\"yoast-schema-graph\">{\"@context\":\"https:\/\/schema.org\",\"@graph\":[{\"@type\":\"WebPage\",\"@id\":\"https:\/\/www.noticiasradioreflejos.com.ar\/2021\/llegaremos-a-sierra-con-mas-de-seis-mil-kilos-de-alimento\/\",\"url\":\"https:\/\/www.noticiasradioreflejos.com.ar\/2021\/llegaremos-a-sierra-con-mas-de-seis-mil-kilos-de-alimento\/\",\"name\":\"\u201cLlegaremos a Sierra con m\u00e1s de seis mil kilos de alimento\u201d - Noticias Radio Reflejos\",\"isPartOf\":{\"@id\":\"https:\/\/www.noticiasradioreflejos.com.ar\/2021\/#website\"},\"primaryImageOfPage\":{\"@id\":\"https:\/\/www.noticiasradioreflejos.com.ar\/2021\/llegaremos-a-sierra-con-mas-de-seis-mil-kilos-de-alimento\/#primaryimage\"},\"image\":{\"@id\":\"https:\/\/www.noticiasradioreflejos.com.ar\/2021\/llegaremos-a-sierra-con-mas-de-seis-mil-kilos-de-alimento\/#primaryimage\"},\"thumbnailUrl\":\"https:\/\/live.staticflickr.com\/65535\/52179642361_a7475882fb_c.jpg\",\"datePublished\":\"2022-06-28T15:19:56+00:00\",\"author\":{\"@id\":\"https:\/\/www.noticiasradioreflejos.com.ar\/2021\/#\/schema\/person\/ad82545263dcc5ec0996818884fd5fb1\"},\"breadcrumb\":{\"@id\":\"https:\/\/www.noticiasradioreflejos.com.ar\/2021\/llegaremos-a-sierra-con-mas-de-seis-mil-kilos-de-alimento\/#breadcrumb\"},\"inLanguage\":\"es\",\"potentialAction\":[{\"@type\":\"ReadAction\",\"target\":[\"https:\/\/www.noticiasradioreflejos.com.ar\/2021\/llegaremos-a-sierra-con-mas-de-seis-mil-kilos-de-alimento\/\"]}]},{\"@type\":\"ImageObject\",\"inLanguage\":\"es\",\"@id\":\"https:\/\/www.noticiasradioreflejos.com.ar\/2021\/llegaremos-a-sierra-con-mas-de-seis-mil-kilos-de-alimento\/#primaryimage\",\"url\":\"https:\/\/live.staticflickr.com\/65535\/52179642361_a7475882fb_c.jpg\",\"contentUrl\":\"https:\/\/live.staticflickr.com\/65535\/52179642361_a7475882fb_c.jpg\"},{\"@type\":\"BreadcrumbList\",\"@id\":\"https:\/\/www.noticiasradioreflejos.com.ar\/2021\/llegaremos-a-sierra-con-mas-de-seis-mil-kilos-de-alimento\/#breadcrumb\",\"itemListElement\":[{\"@type\":\"ListItem\",\"position\":1,\"name\":\"Portada\",\"item\":\"https:\/\/www.noticiasradioreflejos.com.ar\/2021\/\"},{\"@type\":\"ListItem\",\"position\":2,\"name\":\"\u201cLlegaremos a Sierra con m\u00e1s de seis mil kilos de alimento\u201d\"}]},{\"@type\":\"WebSite\",\"@id\":\"https:\/\/www.noticiasradioreflejos.com.ar\/2021\/#website\",\"url\":\"https:\/\/www.noticiasradioreflejos.com.ar\/2021\/\",\"name\":\"Noticias Radio Reflejos\",\"description\":\"Las noticias de mi comarca\",\"potentialAction\":[{\"@type\":\"SearchAction\",\"target\":{\"@type\":\"EntryPoint\",\"urlTemplate\":\"https:\/\/www.noticiasradioreflejos.com.ar\/2021\/?s={search_term_string}\"},\"query-input\":{\"@type\":\"PropertyValueSpecification\",\"valueRequired\":true,\"valueName\":\"search_term_string\"}}],\"inLanguage\":\"es\"},{\"@type\":\"Person\",\"@id\":\"https:\/\/www.noticiasradioreflejos.com.ar\/2021\/#\/schema\/person\/ad82545263dcc5ec0996818884fd5fb1\",\"name\":\"Arnaldo Botto\",\"image\":{\"@type\":\"ImageObject\",\"inLanguage\":\"es\",\"@id\":\"https:\/\/www.noticiasradioreflejos.com.ar\/2021\/#\/schema\/person\/image\/\",\"url\":\"https:\/\/secure.gravatar.com\/avatar\/55cb5e37c1efa326397366e6974cb338056df65cb50e7d64d1cf314e87504837?s=96&d=mm&r=g\",\"contentUrl\":\"https:\/\/secure.gravatar.com\/avatar\/55cb5e37c1efa326397366e6974cb338056df65cb50e7d64d1cf314e87504837?s=96&d=mm&r=g\",\"caption\":\"Arnaldo Botto\"},\"url\":\"https:\/\/www.noticiasradioreflejos.com.ar\/2021\/author\/arnaldo\/\"}]}<\/script>\n<!-- \/ Yoast SEO plugin. -->","yoast_head_json":{"title":"\u201cLlegaremos a Sierra con m\u00e1s de seis mil kilos de alimento\u201d - Noticias Radio Reflejos","robots":{"index":"index","follow":"follow","max-snippet":"max-snippet:-1","max-image-preview":"max-image-preview:large","max-video-preview":"max-video-preview:-1"},"canonical":"https:\/\/www.noticiasradioreflejos.com.ar\/2021\/llegaremos-a-sierra-con-mas-de-seis-mil-kilos-de-alimento\/","og_locale":"es_ES","og_type":"article","og_title":"\u201cLlegaremos a Sierra con m\u00e1s de seis mil kilos de alimento\u201d - Noticias Radio Reflejos","og_description":"As\u00ed lo confirm\u00f3 Sergio Rojas, integrante del Tren Solidario. El ferrocarril llegar\u00e1 a la comarca el 9 de julio por la ma\u00f1ana con donaciones y voluntarios.","og_url":"https:\/\/www.noticiasradioreflejos.com.ar\/2021\/llegaremos-a-sierra-con-mas-de-seis-mil-kilos-de-alimento\/","og_site_name":"Noticias Radio Reflejos","article_published_time":"2022-06-28T15:19:56+00:00","og_image":[{"url":"https:\/\/live.staticflickr.com\/65535\/52179642361_a7475882fb_c.jpg","type":"","width":"","height":""}],"author":"Arnaldo Botto","twitter_card":"summary_large_image","schema":{"@context":"https:\/\/schema.org","@graph":[{"@type":"WebPage","@id":"https:\/\/www.noticiasradioreflejos.com.ar\/2021\/llegaremos-a-sierra-con-mas-de-seis-mil-kilos-de-alimento\/","url":"https:\/\/www.noticiasradioreflejos.com.ar\/2021\/llegaremos-a-sierra-con-mas-de-seis-mil-kilos-de-alimento\/","name":"\u201cLlegaremos a Sierra con m\u00e1s de seis mil kilos de alimento\u201d - Noticias Radio Reflejos","isPartOf":{"@id":"https:\/\/www.noticiasradioreflejos.com.ar\/2021\/#website"},"primaryImageOfPage":{"@id":"https:\/\/www.noticiasradioreflejos.com.ar\/2021\/llegaremos-a-sierra-con-mas-de-seis-mil-kilos-de-alimento\/#primaryimage"},"image":{"@id":"https:\/\/www.noticiasradioreflejos.com.ar\/2021\/llegaremos-a-sierra-con-mas-de-seis-mil-kilos-de-alimento\/#primaryimage"},"thumbnailUrl":"https:\/\/live.staticflickr.com\/65535\/52179642361_a7475882fb_c.jpg","datePublished":"2022-06-28T15:19:56+00:00","author":{"@id":"https:\/\/www.noticiasradioreflejos.com.ar\/2021\/#\/schema\/person\/ad82545263dcc5ec0996818884fd5fb1"},"breadcrumb":{"@id":"https:\/\/www.noticiasradioreflejos.com.ar\/2021\/llegaremos-a-sierra-con-mas-de-seis-mil-kilos-de-alimento\/#breadcrumb"},"inLanguage":"es","potentialAction":[{"@type":"ReadAction","target":["https:\/\/www.noticiasradioreflejos.com.ar\/2021\/llegaremos-a-sierra-con-mas-de-seis-mil-kilos-de-alimento\/"]}]},{"@type":"ImageObject","inLanguage":"es","@id":"https:\/\/www.noticiasradioreflejos.com.ar\/2021\/llegaremos-a-sierra-con-mas-de-seis-mil-kilos-de-alimento\/#primaryimage","url":"https:\/\/live.staticflickr.com\/65535\/52179642361_a7475882fb_c.jpg","contentUrl":"https:\/\/live.staticflickr.com\/65535\/52179642361_a7475882fb_c.jpg"},{"@type":"BreadcrumbList","@id":"https:\/\/www.noticiasradioreflejos.com.ar\/2021\/llegaremos-a-sierra-con-mas-de-seis-mil-kilos-de-alimento\/#breadcrumb","itemListElement":[{"@type":"ListItem","position":1,"name":"Portada","item":"https:\/\/www.noticiasradioreflejos.com.ar\/2021\/"},{"@type":"ListItem","position":2,"name":"\u201cLlegaremos a Sierra con m\u00e1s de seis mil kilos de alimento\u201d"}]},{"@type":"WebSite","@id":"https:\/\/www.noticiasradioreflejos.com.ar\/2021\/#website","url":"https:\/\/www.noticiasradioreflejos.com.ar\/2021\/","name":"Noticias Radio Reflejos","description":"Las noticias de mi comarca","potentialAction":[{"@type":"SearchAction","target":{"@type":"EntryPoint","urlTemplate":"https:\/\/www.noticiasradioreflejos.com.ar\/2021\/?s={search_term_string}"},"query-input":{"@type":"PropertyValueSpecification","valueRequired":true,"valueName":"search_term_string"}}],"inLanguage":"es"},{"@type":"Person","@id":"https:\/\/www.noticiasradioreflejos.com.ar\/2021\/#\/schema\/person\/ad82545263dcc5ec0996818884fd5fb1","name":"Arnaldo Botto","image":{"@type":"ImageObject","inLanguage":"es","@id":"https:\/\/www.noticiasradioreflejos.com.ar\/2021\/#\/schema\/person\/image\/","url":"https:\/\/secure.gravatar.com\/avatar\/55cb5e37c1efa326397366e6974cb338056df65cb50e7d64d1cf314e87504837?s=96&d=mm&r=g","contentUrl":"https:\/\/secure.gravatar.com\/avatar\/55cb5e37c1efa326397366e6974cb338056df65cb50e7d64d1cf314e87504837?s=96&d=mm&r=g","caption":"Arnaldo Botto"},"url":"https:\/\/www.noticiasradioreflejos.com.ar\/2021\/author\/arnaldo\/"}]}},"_links":{"self":[{"href":"https:\/\/www.noticiasradioreflejos.com.ar\/2021\/wp-json\/wp\/v2\/posts\/74256","targetHints":{"allow":["GET"]}}],"collection":[{"href":"https:\/\/www.noticiasradioreflejos.com.ar\/2021\/wp-json\/wp\/v2\/posts"}],"about":[{"href":"https:\/\/www.noticiasradioreflejos.com.ar\/2021\/wp-json\/wp\/v2\/types\/post"}],"author":[{"embeddable":true,"href":"https:\/\/www.noticiasradioreflejos.com.ar\/2021\/wp-json\/wp\/v2\/users\/3"}],"replies":[{"embeddable":true,"href":"https:\/\/www.noticiasradioreflejos.com.ar\/2021\/wp-json\/wp\/v2\/comments?post=74256"}],"version-history":[{"count":2,"href":"https:\/\/www.noticiasradioreflejos.com.ar\/2021\/wp-json\/wp\/v2\/posts\/74256\/revisions"}],"predecessor-version":[{"id":74264,"href":"https:\/\/www.noticiasradioreflejos.com.ar\/2021\/wp-json\/wp\/v2\/posts\/74256\/revisions\/74264"}],"wp:attachment":[{"href":"https:\/\/www.noticiasradioreflejos.com.ar\/2021\/wp-json\/wp\/v2\/media?parent=74256"}],"wp:term":[{"taxonomy":"category","embeddable":true,"href":"https:\/\/www.noticiasradioreflejos.com.ar\/2021\/wp-json\/wp\/v2\/categories?post=74256"},{"taxonomy":"post_tag","embeddable":true,"href":"https:\/\/www.noticiasradioreflejos.com.ar\/2021\/wp-json\/wp\/v2\/tags?post=74256"}],"curies":[{"name":"wp","href":"https:\/\/api.w.org\/{rel}","templated":true}]}}