{"id":74253,"date":"2022-06-28T14:40:55","date_gmt":"2022-06-28T14:40:55","guid":{"rendered":"http:\/\/www.noticiasradioreflejos.com.ar\/2021\/?p=74253"},"modified":"2022-06-28T14:40:55","modified_gmt":"2022-06-28T14:40:55","slug":"estados-unidos-quiere-volver-a-la-luna-lanzaron-un-nanosatelite-para-preparar-el-viaje","status":"publish","type":"post","link":"https:\/\/www.noticiasradioreflejos.com.ar\/2021\/estados-unidos-quiere-volver-a-la-luna-lanzaron-un-nanosatelite-para-preparar-el-viaje\/","title":{"rendered":"Estados Unidos quiere volver a la Luna: lanzaron un nanosat\u00e9lite para preparar el viaje"},"content":{"rendered":"<p>El sat\u00e9lite, que es apenas m\u00e1s grande que un microondas, est\u00e1 probando una \u00f3rbita para la estaci\u00f3n espacial \u00abGateway\u00bb de la NASA, que viajar\u00e1 alrededor de la Luna y servir\u00e1 de punto de partida para la exploraci\u00f3n lunar.<!--more--><\/p>\n<figure class=\"mb-3\"><img decoding=\"async\" src=\"https:\/\/www.telam.com.ar\/thumbs\/bluesteel\/advf\/imagenes\/2022\/06\/62bb063be0aba_900.jpg\" alt=\"El diminuto mdulo CAPSTONE fue lanzado con xito Foto Nasa\" width=\"100%\" height=\"100%\" \/><\/p>\n<div class=\"media-icons\"><\/div><figcaption>El diminuto m\u00f3dulo CAPSTONE fue lanzado con \u00e9xito. \/ Foto: Nasa<\/figcaption><\/figure>\n<p>La NASA lanz\u00f3 un nanosat\u00e9lite un poco m\u00e1s grande que un horno microondas al espacio exterior, como parte de una misi\u00f3n hist\u00f3rica para volver a enviar humanos a la Luna.<\/p>\n<p>El cohete que transportaba el diminuto m\u00f3dulo CAPSTONE fue lanzado con \u00e9xito desde la pen\u00ednsula de Mahia, en el este de Nueva Zelanda.<\/p>\n<blockquote class=\"twitter-tweet\" data-width=\"500\" data-dnt=\"true\">\n<p lang=\"en\" dir=\"ltr\">Departure confirmed. The S.S. Piers Sellers, named after the late astronaut and NASA climate scientist, has departed the <a href=\"https:\/\/twitter.com\/Space_Station?ref_src=twsrc%5Etfw\">@Space_Station<\/a>. <a href=\"https:\/\/twitter.com\/northropgrumman?ref_src=twsrc%5Etfw\">@NorthropGrumman<\/a>\u2019s Cygnus spacecraft is now in free flight for a safe return to Earth: <a href=\"https:\/\/t.co\/FRrjhINIvY\">https:\/\/t.co\/FRrjhINIvY<\/a> <a href=\"https:\/\/t.co\/E8j5yjkkFa\">pic.twitter.com\/E8j5yjkkFa<\/a><\/p>\n<p>&mdash; NASA (@NASA) <a href=\"https:\/\/twitter.com\/NASA\/status\/1541742174605377539?ref_src=twsrc%5Etfw\">June 28, 2022<\/a><\/p><\/blockquote>\n<p><script async src=\"https:\/\/platform.twitter.com\/widgets.js\" charset=\"utf-8\"><\/script><\/p>\n<p>\u00ab\u00a1Despegamos!\u00bb dijo la NASA en un comunicado poco despu\u00e9s del lanzamiento minutos este lunes antes de las 7 de Argentina, que fue descrito como \u00ababsolutamente fant\u00e1stico\u00bb por Bradley Smith, director de servicios de lanzamiento.<\/p>\n<p>La agencia espacial estadounidense espera que\u00a0<strong>en un plazo de cuatro meses CAPSTONE estar\u00e1 en condiciones de iniciar innovadoras \u00ab\u00f3rbitas de halo casi rectil\u00edneas\u00bb alrededor de la Luna<\/strong>.<\/p>\n<p>&nbsp;<\/p>\n<figure class=\"mb-3\"><img decoding=\"async\" src=\"https:\/\/www.telam.com.ar\/thumbs\/bluesteel\/advf\/imagenes\/2022\/06\/62bafb2325668_900.jpg\" alt=\"El nanosatlite es apenas ms grande que un microondas Foto Nasa\" width=\"100%\" height=\"100%\" \/><\/p>\n<div class=\"media-icons\"><\/div><figcaption>El nanosat\u00e9lite es apenas m\u00e1s grande que un microondas. \/ Foto: Nasa<\/figcaption><\/figure>\n<p>Con un peso similar al de una valija,\u00a0<strong>el sat\u00e9lite est\u00e1 probando una \u00f3rbita para la estaci\u00f3n espacial \u00abGateway\u00bb de la NASA<\/strong>, que viajar\u00e1 alrededor de la Luna y servir\u00e1 de punto de partida para la exploraci\u00f3n lunar.<\/p>\n<p>La \u00f3rbita pasa a menos de 1.600 kil\u00f3metros de la Luna en su punto m\u00e1s cercano, antes de catapultarse a 70.000 kil\u00f3metros en el punto m\u00e1s lejano.<\/p>\n<p>Los cient\u00edficos esperan utilizar la atracci\u00f3n de la Luna y de la Tierra para minimizar el uso de combustible.<\/p>\n<p>Como parte del mismo proyecto, Estados Unidos planea tambi\u00e9n enviar a la primera mujer y a la primera persona de color a la Luna.<\/p>\n","protected":false},"excerpt":{"rendered":"<p>El sat\u00e9lite, que es apenas m\u00e1s grande que un microondas, est\u00e1 probando una \u00f3rbita para la estaci\u00f3n espacial \u00abGateway\u00bb de la NASA, que viajar\u00e1 alrededor de la Luna y servir\u00e1 de punto de partida para la exploraci\u00f3n lunar.<\/p>\n","protected":false},"author":3,"featured_media":74254,"comment_status":"closed","ping_status":"closed","sticky":false,"template":"","format":"standard","meta":{"footnotes":""},"categories":[46],"tags":[],"class_list":["post-74253","post","type-post","status-publish","format-standard","has-post-thumbnail","hentry","category-ciencia-y-tecnologia"],"yoast_head":"<!-- This site is optimized with the Yoast SEO plugin v25.9 - https:\/\/yoast.com\/wordpress\/plugins\/seo\/ -->\n<title>Estados Unidos quiere volver a la Luna: lanzaron un nanosat\u00e9lite para preparar el viaje - Noticias Radio Reflejos<\/title>\n<meta name=\"robots\" content=\"index, follow, max-snippet:-1, max-image-preview:large, max-video-preview:-1\" \/>\n<link rel=\"canonical\" href=\"https:\/\/www.noticiasradioreflejos.com.ar\/2021\/estados-unidos-quiere-volver-a-la-luna-lanzaron-un-nanosatelite-para-preparar-el-viaje\/\" \/>\n<meta property=\"og:locale\" content=\"es_ES\" \/>\n<meta property=\"og:type\" content=\"article\" \/>\n<meta property=\"og:title\" content=\"Estados Unidos quiere volver a la Luna: lanzaron un nanosat\u00e9lite para preparar el viaje - Noticias Radio Reflejos\" \/>\n<meta property=\"og:description\" content=\"El sat\u00e9lite, que es apenas m\u00e1s grande que un microondas, est\u00e1 probando una \u00f3rbita para la estaci\u00f3n espacial \u00abGateway\u00bb de la NASA, que viajar\u00e1 alrededor de la Luna y servir\u00e1 de punto de partida para la exploraci\u00f3n lunar.\" \/>\n<meta property=\"og:url\" content=\"https:\/\/www.noticiasradioreflejos.com.ar\/2021\/estados-unidos-quiere-volver-a-la-luna-lanzaron-un-nanosatelite-para-preparar-el-viaje\/\" \/>\n<meta property=\"og:site_name\" content=\"Noticias Radio Reflejos\" \/>\n<meta property=\"article:published_time\" content=\"2022-06-28T14:40:55+00:00\" \/>\n<meta property=\"og:image\" content=\"https:\/\/www.noticiasradioreflejos.com.ar\/2021\/wp-content\/uploads\/2022\/06\/Satelite.jpg\" \/>\n\t<meta property=\"og:image:width\" content=\"900\" \/>\n\t<meta property=\"og:image:height\" content=\"506\" \/>\n\t<meta property=\"og:image:type\" content=\"image\/jpeg\" \/>\n<meta name=\"author\" content=\"Arnaldo Botto\" \/>\n<meta name=\"twitter:card\" content=\"summary_large_image\" \/>\n<script type=\"application\/ld+json\" class=\"yoast-schema-graph\">{\"@context\":\"https:\/\/schema.org\",\"@graph\":[{\"@type\":\"WebPage\",\"@id\":\"https:\/\/www.noticiasradioreflejos.com.ar\/2021\/estados-unidos-quiere-volver-a-la-luna-lanzaron-un-nanosatelite-para-preparar-el-viaje\/\",\"url\":\"https:\/\/www.noticiasradioreflejos.com.ar\/2021\/estados-unidos-quiere-volver-a-la-luna-lanzaron-un-nanosatelite-para-preparar-el-viaje\/\",\"name\":\"Estados Unidos quiere volver a la Luna: lanzaron un nanosat\u00e9lite para preparar el viaje - Noticias Radio Reflejos\",\"isPartOf\":{\"@id\":\"https:\/\/www.noticiasradioreflejos.com.ar\/2021\/#website\"},\"primaryImageOfPage\":{\"@id\":\"https:\/\/www.noticiasradioreflejos.com.ar\/2021\/estados-unidos-quiere-volver-a-la-luna-lanzaron-un-nanosatelite-para-preparar-el-viaje\/#primaryimage\"},\"image\":{\"@id\":\"https:\/\/www.noticiasradioreflejos.com.ar\/2021\/estados-unidos-quiere-volver-a-la-luna-lanzaron-un-nanosatelite-para-preparar-el-viaje\/#primaryimage\"},\"thumbnailUrl\":\"https:\/\/www.noticiasradioreflejos.com.ar\/2021\/wp-content\/uploads\/2022\/06\/Satelite.jpg\",\"datePublished\":\"2022-06-28T14:40:55+00:00\",\"author\":{\"@id\":\"https:\/\/www.noticiasradioreflejos.com.ar\/2021\/#\/schema\/person\/ad82545263dcc5ec0996818884fd5fb1\"},\"breadcrumb\":{\"@id\":\"https:\/\/www.noticiasradioreflejos.com.ar\/2021\/estados-unidos-quiere-volver-a-la-luna-lanzaron-un-nanosatelite-para-preparar-el-viaje\/#breadcrumb\"},\"inLanguage\":\"es\",\"potentialAction\":[{\"@type\":\"ReadAction\",\"target\":[\"https:\/\/www.noticiasradioreflejos.com.ar\/2021\/estados-unidos-quiere-volver-a-la-luna-lanzaron-un-nanosatelite-para-preparar-el-viaje\/\"]}]},{\"@type\":\"ImageObject\",\"inLanguage\":\"es\",\"@id\":\"https:\/\/www.noticiasradioreflejos.com.ar\/2021\/estados-unidos-quiere-volver-a-la-luna-lanzaron-un-nanosatelite-para-preparar-el-viaje\/#primaryimage\",\"url\":\"https:\/\/www.noticiasradioreflejos.com.ar\/2021\/wp-content\/uploads\/2022\/06\/Satelite.jpg\",\"contentUrl\":\"https:\/\/www.noticiasradioreflejos.com.ar\/2021\/wp-content\/uploads\/2022\/06\/Satelite.jpg\",\"width\":900,\"height\":506},{\"@type\":\"BreadcrumbList\",\"@id\":\"https:\/\/www.noticiasradioreflejos.com.ar\/2021\/estados-unidos-quiere-volver-a-la-luna-lanzaron-un-nanosatelite-para-preparar-el-viaje\/#breadcrumb\",\"itemListElement\":[{\"@type\":\"ListItem\",\"position\":1,\"name\":\"Portada\",\"item\":\"https:\/\/www.noticiasradioreflejos.com.ar\/2021\/\"},{\"@type\":\"ListItem\",\"position\":2,\"name\":\"Estados Unidos quiere volver a la Luna: lanzaron un nanosat\u00e9lite para preparar el viaje\"}]},{\"@type\":\"WebSite\",\"@id\":\"https:\/\/www.noticiasradioreflejos.com.ar\/2021\/#website\",\"url\":\"https:\/\/www.noticiasradioreflejos.com.ar\/2021\/\",\"name\":\"Noticias Radio Reflejos\",\"description\":\"Las noticias de mi comarca\",\"potentialAction\":[{\"@type\":\"SearchAction\",\"target\":{\"@type\":\"EntryPoint\",\"urlTemplate\":\"https:\/\/www.noticiasradioreflejos.com.ar\/2021\/?s={search_term_string}\"},\"query-input\":{\"@type\":\"PropertyValueSpecification\",\"valueRequired\":true,\"valueName\":\"search_term_string\"}}],\"inLanguage\":\"es\"},{\"@type\":\"Person\",\"@id\":\"https:\/\/www.noticiasradioreflejos.com.ar\/2021\/#\/schema\/person\/ad82545263dcc5ec0996818884fd5fb1\",\"name\":\"Arnaldo Botto\",\"image\":{\"@type\":\"ImageObject\",\"inLanguage\":\"es\",\"@id\":\"https:\/\/www.noticiasradioreflejos.com.ar\/2021\/#\/schema\/person\/image\/\",\"url\":\"https:\/\/secure.gravatar.com\/avatar\/55cb5e37c1efa326397366e6974cb338056df65cb50e7d64d1cf314e87504837?s=96&d=mm&r=g\",\"contentUrl\":\"https:\/\/secure.gravatar.com\/avatar\/55cb5e37c1efa326397366e6974cb338056df65cb50e7d64d1cf314e87504837?s=96&d=mm&r=g\",\"caption\":\"Arnaldo Botto\"},\"url\":\"https:\/\/www.noticiasradioreflejos.com.ar\/2021\/author\/arnaldo\/\"}]}<\/script>\n<!-- \/ Yoast SEO plugin. -->","yoast_head_json":{"title":"Estados Unidos quiere volver a la Luna: lanzaron un nanosat\u00e9lite para preparar el viaje - Noticias Radio Reflejos","robots":{"index":"index","follow":"follow","max-snippet":"max-snippet:-1","max-image-preview":"max-image-preview:large","max-video-preview":"max-video-preview:-1"},"canonical":"https:\/\/www.noticiasradioreflejos.com.ar\/2021\/estados-unidos-quiere-volver-a-la-luna-lanzaron-un-nanosatelite-para-preparar-el-viaje\/","og_locale":"es_ES","og_type":"article","og_title":"Estados Unidos quiere volver a la Luna: lanzaron un nanosat\u00e9lite para preparar el viaje - Noticias Radio Reflejos","og_description":"El sat\u00e9lite, que es apenas m\u00e1s grande que un microondas, est\u00e1 probando una \u00f3rbita para la estaci\u00f3n espacial \u00abGateway\u00bb de la NASA, que viajar\u00e1 alrededor de la Luna y servir\u00e1 de punto de partida para la exploraci\u00f3n lunar.","og_url":"https:\/\/www.noticiasradioreflejos.com.ar\/2021\/estados-unidos-quiere-volver-a-la-luna-lanzaron-un-nanosatelite-para-preparar-el-viaje\/","og_site_name":"Noticias Radio Reflejos","article_published_time":"2022-06-28T14:40:55+00:00","og_image":[{"width":900,"height":506,"url":"https:\/\/www.noticiasradioreflejos.com.ar\/2021\/wp-content\/uploads\/2022\/06\/Satelite.jpg","type":"image\/jpeg"}],"author":"Arnaldo Botto","twitter_card":"summary_large_image","schema":{"@context":"https:\/\/schema.org","@graph":[{"@type":"WebPage","@id":"https:\/\/www.noticiasradioreflejos.com.ar\/2021\/estados-unidos-quiere-volver-a-la-luna-lanzaron-un-nanosatelite-para-preparar-el-viaje\/","url":"https:\/\/www.noticiasradioreflejos.com.ar\/2021\/estados-unidos-quiere-volver-a-la-luna-lanzaron-un-nanosatelite-para-preparar-el-viaje\/","name":"Estados Unidos quiere volver a la Luna: lanzaron un nanosat\u00e9lite para preparar el viaje - Noticias Radio Reflejos","isPartOf":{"@id":"https:\/\/www.noticiasradioreflejos.com.ar\/2021\/#website"},"primaryImageOfPage":{"@id":"https:\/\/www.noticiasradioreflejos.com.ar\/2021\/estados-unidos-quiere-volver-a-la-luna-lanzaron-un-nanosatelite-para-preparar-el-viaje\/#primaryimage"},"image":{"@id":"https:\/\/www.noticiasradioreflejos.com.ar\/2021\/estados-unidos-quiere-volver-a-la-luna-lanzaron-un-nanosatelite-para-preparar-el-viaje\/#primaryimage"},"thumbnailUrl":"https:\/\/www.noticiasradioreflejos.com.ar\/2021\/wp-content\/uploads\/2022\/06\/Satelite.jpg","datePublished":"2022-06-28T14:40:55+00:00","author":{"@id":"https:\/\/www.noticiasradioreflejos.com.ar\/2021\/#\/schema\/person\/ad82545263dcc5ec0996818884fd5fb1"},"breadcrumb":{"@id":"https:\/\/www.noticiasradioreflejos.com.ar\/2021\/estados-unidos-quiere-volver-a-la-luna-lanzaron-un-nanosatelite-para-preparar-el-viaje\/#breadcrumb"},"inLanguage":"es","potentialAction":[{"@type":"ReadAction","target":["https:\/\/www.noticiasradioreflejos.com.ar\/2021\/estados-unidos-quiere-volver-a-la-luna-lanzaron-un-nanosatelite-para-preparar-el-viaje\/"]}]},{"@type":"ImageObject","inLanguage":"es","@id":"https:\/\/www.noticiasradioreflejos.com.ar\/2021\/estados-unidos-quiere-volver-a-la-luna-lanzaron-un-nanosatelite-para-preparar-el-viaje\/#primaryimage","url":"https:\/\/www.noticiasradioreflejos.com.ar\/2021\/wp-content\/uploads\/2022\/06\/Satelite.jpg","contentUrl":"https:\/\/www.noticiasradioreflejos.com.ar\/2021\/wp-content\/uploads\/2022\/06\/Satelite.jpg","width":900,"height":506},{"@type":"BreadcrumbList","@id":"https:\/\/www.noticiasradioreflejos.com.ar\/2021\/estados-unidos-quiere-volver-a-la-luna-lanzaron-un-nanosatelite-para-preparar-el-viaje\/#breadcrumb","itemListElement":[{"@type":"ListItem","position":1,"name":"Portada","item":"https:\/\/www.noticiasradioreflejos.com.ar\/2021\/"},{"@type":"ListItem","position":2,"name":"Estados Unidos quiere volver a la Luna: lanzaron un nanosat\u00e9lite para preparar el viaje"}]},{"@type":"WebSite","@id":"https:\/\/www.noticiasradioreflejos.com.ar\/2021\/#website","url":"https:\/\/www.noticiasradioreflejos.com.ar\/2021\/","name":"Noticias Radio Reflejos","description":"Las noticias de mi comarca","potentialAction":[{"@type":"SearchAction","target":{"@type":"EntryPoint","urlTemplate":"https:\/\/www.noticiasradioreflejos.com.ar\/2021\/?s={search_term_string}"},"query-input":{"@type":"PropertyValueSpecification","valueRequired":true,"valueName":"search_term_string"}}],"inLanguage":"es"},{"@type":"Person","@id":"https:\/\/www.noticiasradioreflejos.com.ar\/2021\/#\/schema\/person\/ad82545263dcc5ec0996818884fd5fb1","name":"Arnaldo Botto","image":{"@type":"ImageObject","inLanguage":"es","@id":"https:\/\/www.noticiasradioreflejos.com.ar\/2021\/#\/schema\/person\/image\/","url":"https:\/\/secure.gravatar.com\/avatar\/55cb5e37c1efa326397366e6974cb338056df65cb50e7d64d1cf314e87504837?s=96&d=mm&r=g","contentUrl":"https:\/\/secure.gravatar.com\/avatar\/55cb5e37c1efa326397366e6974cb338056df65cb50e7d64d1cf314e87504837?s=96&d=mm&r=g","caption":"Arnaldo Botto"},"url":"https:\/\/www.noticiasradioreflejos.com.ar\/2021\/author\/arnaldo\/"}]}},"_links":{"self":[{"href":"https:\/\/www.noticiasradioreflejos.com.ar\/2021\/wp-json\/wp\/v2\/posts\/74253","targetHints":{"allow":["GET"]}}],"collection":[{"href":"https:\/\/www.noticiasradioreflejos.com.ar\/2021\/wp-json\/wp\/v2\/posts"}],"about":[{"href":"https:\/\/www.noticiasradioreflejos.com.ar\/2021\/wp-json\/wp\/v2\/types\/post"}],"author":[{"embeddable":true,"href":"https:\/\/www.noticiasradioreflejos.com.ar\/2021\/wp-json\/wp\/v2\/users\/3"}],"replies":[{"embeddable":true,"href":"https:\/\/www.noticiasradioreflejos.com.ar\/2021\/wp-json\/wp\/v2\/comments?post=74253"}],"version-history":[{"count":1,"href":"https:\/\/www.noticiasradioreflejos.com.ar\/2021\/wp-json\/wp\/v2\/posts\/74253\/revisions"}],"predecessor-version":[{"id":74255,"href":"https:\/\/www.noticiasradioreflejos.com.ar\/2021\/wp-json\/wp\/v2\/posts\/74253\/revisions\/74255"}],"wp:featuredmedia":[{"embeddable":true,"href":"https:\/\/www.noticiasradioreflejos.com.ar\/2021\/wp-json\/wp\/v2\/media\/74254"}],"wp:attachment":[{"href":"https:\/\/www.noticiasradioreflejos.com.ar\/2021\/wp-json\/wp\/v2\/media?parent=74253"}],"wp:term":[{"taxonomy":"category","embeddable":true,"href":"https:\/\/www.noticiasradioreflejos.com.ar\/2021\/wp-json\/wp\/v2\/categories?post=74253"},{"taxonomy":"post_tag","embeddable":true,"href":"https:\/\/www.noticiasradioreflejos.com.ar\/2021\/wp-json\/wp\/v2\/tags?post=74253"}],"curies":[{"name":"wp","href":"https:\/\/api.w.org\/{rel}","templated":true}]}}