{"id":74251,"date":"2022-06-28T15:02:20","date_gmt":"2022-06-28T15:02:20","guid":{"rendered":"http:\/\/www.noticiasradioreflejos.com.ar\/2021\/?p=74251"},"modified":"2022-06-28T15:22:21","modified_gmt":"2022-06-28T15:22:21","slug":"casa-santa-clara-de-asis-aca-se-las-contiene-y-acompana-en-silencio-sin-importar-la-religion-que-profesen","status":"publish","type":"post","link":"https:\/\/www.noticiasradioreflejos.com.ar\/2021\/casa-santa-clara-de-asis-aca-se-las-contiene-y-acompana-en-silencio-sin-importar-la-religion-que-profesen\/","title":{"rendered":"Casa Santa Clara de As\u00eds: \u201cac\u00e1 se las contiene y acompa\u00f1a en silencio sin importar la religi\u00f3n que profesen\u201d"},"content":{"rendered":"<p>Entre un grupo de voluntarias y miembros de C\u00e1ritas llevan adelante una obra enorme, que da contenci\u00f3n y amparo a mujeres vulnerables de la comarca y partidos vecinos.<!--more--><\/p>\n<p><a title=\"Casa Santa Clara de Asis (15)\" href=\"https:\/\/www.flickr.com\/photos\/182279889@N02\/52179604963\/in\/dateposted-public\/\" data-flickr-embed=\"true\"><img loading=\"lazy\" decoding=\"async\" src=\"https:\/\/live.staticflickr.com\/65535\/52179604963_a7600b815d_c.jpg\" alt=\"Casa Santa Clara de Asis (15)\" width=\"800\" height=\"450\" \/><\/a><\/p>\n<p>Una frase de la persona correcta en el momento indicado puede generar cosas insospechadas. Con esa simpleza y contundencia fue germinando la semilla que hoy es, ni m\u00e1s ni menos, un faro de esperanza y alivio para muchas mujeres en situaciones vulnerables de toda comarca y partidos vecinos: la Casa Santa Clara de Asis.<\/p>\n<p>Leticia V\u00e1zquez, voluntaria del hogar ubicado en Villa La Arcadia, record\u00f3 que \u201cel papa Francisco en su momento anunci\u00f3 que las comunidades deb\u00edamos tener en cuenta esto de hacer un servicio a la misericordia\u201d.<\/p>\n<p>De ah\u00ed fue que \u201cun grupo de integrantes de la comunidad comenzamos a charlar sobre las necesidades que ten\u00eda nuestro partido en s\u00ed, y comenzaron a surgir situaciones que existen hace much\u00edsimo tiempo. Violencia, mujeres vulnerables\u201d.<\/p>\n<p>Siguiendo ese hilo reconoci\u00f3 que \u201ca veces no sab\u00edamos c\u00f3mo abordarlas y ayudarlas, y por eso nace Santa Clara. Que sea un lugar de abrigo, de acompa\u00f1amiento, hasta que ellas puedan solucionar su situaci\u00f3n\u201d.<\/p>\n<p>Al tiempo que \u201ccomenzamos en el 2016 a elaborar el proyecto. Desde el 2017 comenzamos a hacer otras cosas referidas a la misericordia y de ah\u00ed surgieron los viajes a Carhue. Hicimos un acompa\u00f1amiento a los chicos de <strong>Fazenda<\/strong>, que son un grupo que tiene problemas de adicciones\u201d.<\/p>\n<p>&nbsp;<\/p>\n<p><a title=\"Casa Santa Clara de Asis (16)\" href=\"https:\/\/www.flickr.com\/photos\/182279889@N02\/52178569662\/in\/dateposted-public\/\" data-flickr-embed=\"true\"><img loading=\"lazy\" decoding=\"async\" src=\"https:\/\/live.staticflickr.com\/65535\/52178569662_f941b7757d_c.jpg\" alt=\"Casa Santa Clara de Asis (16)\" width=\"800\" height=\"450\" \/><\/a><\/p>\n<p>&nbsp;<\/p>\n<p>Cerrando la idea mencion\u00f3 que \u201ca partir de ah\u00ed nos dimos cuenta que nuestro camino era este. Era encontrar un espacio d\u00f3nde albergar a estas chicas en situaci\u00f3n vulnerable. Acompa\u00f1arlas hasta que puedan resolver su situaci\u00f3n, porque lleva tiempo, con amor, con paciencia y en silencio\u201d.<\/p>\n<p>En esa l\u00ednea admiti\u00f3 que \u201cel espacio pertenece a la parroquia. Se pidieron las autorizaciones pertinentes. Se present\u00f3 la petici\u00f3n y fue aprobada. As\u00ed que empezamos a juntar los materiales, se hicieron los planos\u2026 todo con donaciones. Hubo gente que aport\u00f3 muebles. Otros mesadas. Una empresa don\u00f3 el techo. La pintura lo mismo. En su momento nos ayud\u00f3 C\u00e1ritas. Nosotros no trabajamos solos. Es en conjunto\u201d.<\/p>\n<p>Por su parte Liliana Delco, Caritas Parroquial, reconoci\u00f3 que \u201ctodo se ha podido concretar gracias a la voluntad y el aporte de los vecinos. Ya sea por donaciones, por mano de obra, o incluso por comprar una prenda. Puede parecer poco, pero ya con ese gesto de comprar tan solo una prenda, ya est\u00e1n colaborando\u201d.<\/p>\n<p>Y yendo a la contenci\u00f3n que brindan, remarc\u00f3 que \u201cac\u00e1 no se cuestiona la religi\u00f3n de nadie. En esta casa se las contiene y acompa\u00f1a en silencio. No se hace propaganda de qui\u00e9n est\u00e1 y qui\u00e9n no. Todo en silencio. Es la mejor manera de acompa\u00f1ar\u201d.<\/p>\n<p><a title=\"Casa Santa Clara de Asis (6)\" href=\"https:\/\/www.flickr.com\/photos\/182279889@N02\/52179598921\/in\/dateposted-public\/\" data-flickr-embed=\"true\"><img loading=\"lazy\" decoding=\"async\" src=\"https:\/\/live.staticflickr.com\/65535\/52179598921_399f917b9d_c.jpg\" alt=\"Casa Santa Clara de Asis (6)\" width=\"800\" height=\"450\" \/><\/a><script async src=\"\/\/embedr.flickr.com\/assets\/client-code.js\" charset=\"utf-8\"><\/script><\/p>\n<p>En tanto que Sandra Guastalli, otra de las voluntarias del hogar subray\u00f3 que \u201cparte de la ayuda se obtiene con el proceso de producci\u00f3n de dulces. Inicialmente se hizo con donaciones. Hay voluntarias que hacen dulces exquisitos, en cuanto dicen que van a hacer dulces, aparecen las donaciones de frutas\u201d.<\/p>\n<p>De igual forma el \u201cPadre Claudio don\u00f3 seis \u00e1rboles frutales, pensando que en el d\u00eda de ma\u00f1ana podr\u00edamos tener nuestra propia producci\u00f3n de frutas, pero al no tener agua se hace muy dif\u00edcil mantenerlos. Cuando se conoci\u00f3 esto, los vecinos nos donaron m\u00e1s \u00e1rboles\u201d.<\/p>\n<p>Por este motivo es que \u201cdentro de los proyectos la perforaci\u00f3n no estaba entre las prioridades, pero ante esto, la movimos de lugar, hicimos los estudios de suelo y por fortuna no tuvimos que salir del predio para llevar adelante la obra. Estamos a mitad de esa obra, por lo que nos restar\u00edan unos 300 mil pesos. De ah\u00ed que el 9 de julio haremos una pe\u00f1a en el sal\u00f3n de usos m\u00faltiples para recaudar fondos\u201d.<\/p>\n<p>&nbsp;<\/p>\n<p><iframe loading=\"lazy\" title=\"Casa Santa Clara de Asis\" src=\"https:\/\/www.youtube.com\/embed\/12RUVICVDJs\" width=\"853\" height=\"480\" frameborder=\"0\" allowfullscreen=\"allowfullscreen\"><\/iframe><\/p>\n","protected":false},"excerpt":{"rendered":"<p>Entre un grupo de voluntarias y miembros de C\u00e1ritas llevan adelante una obra enorme, que da contenci\u00f3n y amparo a mujeres vulnerables de la comarca y partidos vecinos.<\/p>\n","protected":false},"author":3,"featured_media":74257,"comment_status":"closed","ping_status":"closed","sticky":false,"template":"","format":"standard","meta":{"footnotes":""},"categories":[26],"tags":[48],"class_list":["post-74251","post","type-post","status-publish","format-standard","has-post-thumbnail","hentry","category-sociedad","tag-destacada"],"yoast_head":"<!-- This site is optimized with the Yoast SEO plugin v25.9 - https:\/\/yoast.com\/wordpress\/plugins\/seo\/ -->\n<title>Casa Santa Clara de As\u00eds: \u201cac\u00e1 se las contiene y acompa\u00f1a en silencio sin importar la religi\u00f3n que profesen\u201d - Noticias Radio Reflejos<\/title>\n<meta name=\"robots\" content=\"index, follow, max-snippet:-1, max-image-preview:large, max-video-preview:-1\" \/>\n<link rel=\"canonical\" href=\"https:\/\/www.noticiasradioreflejos.com.ar\/2021\/casa-santa-clara-de-asis-aca-se-las-contiene-y-acompana-en-silencio-sin-importar-la-religion-que-profesen\/\" \/>\n<meta property=\"og:locale\" content=\"es_ES\" \/>\n<meta property=\"og:type\" content=\"article\" \/>\n<meta property=\"og:title\" content=\"Casa Santa Clara de As\u00eds: \u201cac\u00e1 se las contiene y acompa\u00f1a en silencio sin importar la religi\u00f3n que profesen\u201d - Noticias Radio Reflejos\" \/>\n<meta property=\"og:description\" content=\"Entre un grupo de voluntarias y miembros de C\u00e1ritas llevan adelante una obra enorme, que da contenci\u00f3n y amparo a mujeres vulnerables de la comarca y partidos vecinos.\" \/>\n<meta property=\"og:url\" content=\"https:\/\/www.noticiasradioreflejos.com.ar\/2021\/casa-santa-clara-de-asis-aca-se-las-contiene-y-acompana-en-silencio-sin-importar-la-religion-que-profesen\/\" \/>\n<meta property=\"og:site_name\" content=\"Noticias Radio Reflejos\" \/>\n<meta property=\"article:published_time\" content=\"2022-06-28T15:02:20+00:00\" \/>\n<meta property=\"article:modified_time\" content=\"2022-06-28T15:22:21+00:00\" \/>\n<meta property=\"og:image\" content=\"https:\/\/www.noticiasradioreflejos.com.ar\/2021\/wp-content\/uploads\/2022\/06\/Casa-Santa-Clara-de-Asis-17.jpg\" \/>\n\t<meta property=\"og:image:width\" content=\"2304\" \/>\n\t<meta property=\"og:image:height\" content=\"1296\" \/>\n\t<meta property=\"og:image:type\" content=\"image\/jpeg\" \/>\n<meta name=\"author\" content=\"Arnaldo Botto\" \/>\n<meta name=\"twitter:card\" content=\"summary_large_image\" \/>\n<script type=\"application\/ld+json\" class=\"yoast-schema-graph\">{\"@context\":\"https:\/\/schema.org\",\"@graph\":[{\"@type\":\"WebPage\",\"@id\":\"https:\/\/www.noticiasradioreflejos.com.ar\/2021\/casa-santa-clara-de-asis-aca-se-las-contiene-y-acompana-en-silencio-sin-importar-la-religion-que-profesen\/\",\"url\":\"https:\/\/www.noticiasradioreflejos.com.ar\/2021\/casa-santa-clara-de-asis-aca-se-las-contiene-y-acompana-en-silencio-sin-importar-la-religion-que-profesen\/\",\"name\":\"Casa Santa Clara de As\u00eds: \u201cac\u00e1 se las contiene y acompa\u00f1a en silencio sin importar la religi\u00f3n que profesen\u201d - Noticias Radio Reflejos\",\"isPartOf\":{\"@id\":\"https:\/\/www.noticiasradioreflejos.com.ar\/2021\/#website\"},\"primaryImageOfPage\":{\"@id\":\"https:\/\/www.noticiasradioreflejos.com.ar\/2021\/casa-santa-clara-de-asis-aca-se-las-contiene-y-acompana-en-silencio-sin-importar-la-religion-que-profesen\/#primaryimage\"},\"image\":{\"@id\":\"https:\/\/www.noticiasradioreflejos.com.ar\/2021\/casa-santa-clara-de-asis-aca-se-las-contiene-y-acompana-en-silencio-sin-importar-la-religion-que-profesen\/#primaryimage\"},\"thumbnailUrl\":\"https:\/\/www.noticiasradioreflejos.com.ar\/2021\/wp-content\/uploads\/2022\/06\/Casa-Santa-Clara-de-Asis-17.jpg\",\"datePublished\":\"2022-06-28T15:02:20+00:00\",\"dateModified\":\"2022-06-28T15:22:21+00:00\",\"author\":{\"@id\":\"https:\/\/www.noticiasradioreflejos.com.ar\/2021\/#\/schema\/person\/ad82545263dcc5ec0996818884fd5fb1\"},\"breadcrumb\":{\"@id\":\"https:\/\/www.noticiasradioreflejos.com.ar\/2021\/casa-santa-clara-de-asis-aca-se-las-contiene-y-acompana-en-silencio-sin-importar-la-religion-que-profesen\/#breadcrumb\"},\"inLanguage\":\"es\",\"potentialAction\":[{\"@type\":\"ReadAction\",\"target\":[\"https:\/\/www.noticiasradioreflejos.com.ar\/2021\/casa-santa-clara-de-asis-aca-se-las-contiene-y-acompana-en-silencio-sin-importar-la-religion-que-profesen\/\"]}]},{\"@type\":\"ImageObject\",\"inLanguage\":\"es\",\"@id\":\"https:\/\/www.noticiasradioreflejos.com.ar\/2021\/casa-santa-clara-de-asis-aca-se-las-contiene-y-acompana-en-silencio-sin-importar-la-religion-que-profesen\/#primaryimage\",\"url\":\"https:\/\/www.noticiasradioreflejos.com.ar\/2021\/wp-content\/uploads\/2022\/06\/Casa-Santa-Clara-de-Asis-17.jpg\",\"contentUrl\":\"https:\/\/www.noticiasradioreflejos.com.ar\/2021\/wp-content\/uploads\/2022\/06\/Casa-Santa-Clara-de-Asis-17.jpg\",\"width\":2304,\"height\":1296},{\"@type\":\"BreadcrumbList\",\"@id\":\"https:\/\/www.noticiasradioreflejos.com.ar\/2021\/casa-santa-clara-de-asis-aca-se-las-contiene-y-acompana-en-silencio-sin-importar-la-religion-que-profesen\/#breadcrumb\",\"itemListElement\":[{\"@type\":\"ListItem\",\"position\":1,\"name\":\"Portada\",\"item\":\"https:\/\/www.noticiasradioreflejos.com.ar\/2021\/\"},{\"@type\":\"ListItem\",\"position\":2,\"name\":\"Casa Santa Clara de As\u00eds: \u201cac\u00e1 se las contiene y acompa\u00f1a en silencio sin importar la religi\u00f3n que profesen\u201d\"}]},{\"@type\":\"WebSite\",\"@id\":\"https:\/\/www.noticiasradioreflejos.com.ar\/2021\/#website\",\"url\":\"https:\/\/www.noticiasradioreflejos.com.ar\/2021\/\",\"name\":\"Noticias Radio Reflejos\",\"description\":\"Las noticias de mi comarca\",\"potentialAction\":[{\"@type\":\"SearchAction\",\"target\":{\"@type\":\"EntryPoint\",\"urlTemplate\":\"https:\/\/www.noticiasradioreflejos.com.ar\/2021\/?s={search_term_string}\"},\"query-input\":{\"@type\":\"PropertyValueSpecification\",\"valueRequired\":true,\"valueName\":\"search_term_string\"}}],\"inLanguage\":\"es\"},{\"@type\":\"Person\",\"@id\":\"https:\/\/www.noticiasradioreflejos.com.ar\/2021\/#\/schema\/person\/ad82545263dcc5ec0996818884fd5fb1\",\"name\":\"Arnaldo Botto\",\"image\":{\"@type\":\"ImageObject\",\"inLanguage\":\"es\",\"@id\":\"https:\/\/www.noticiasradioreflejos.com.ar\/2021\/#\/schema\/person\/image\/\",\"url\":\"https:\/\/secure.gravatar.com\/avatar\/55cb5e37c1efa326397366e6974cb338056df65cb50e7d64d1cf314e87504837?s=96&d=mm&r=g\",\"contentUrl\":\"https:\/\/secure.gravatar.com\/avatar\/55cb5e37c1efa326397366e6974cb338056df65cb50e7d64d1cf314e87504837?s=96&d=mm&r=g\",\"caption\":\"Arnaldo Botto\"},\"url\":\"https:\/\/www.noticiasradioreflejos.com.ar\/2021\/author\/arnaldo\/\"}]}<\/script>\n<!-- \/ Yoast SEO plugin. -->","yoast_head_json":{"title":"Casa Santa Clara de As\u00eds: \u201cac\u00e1 se las contiene y acompa\u00f1a en silencio sin importar la religi\u00f3n que profesen\u201d - Noticias Radio Reflejos","robots":{"index":"index","follow":"follow","max-snippet":"max-snippet:-1","max-image-preview":"max-image-preview:large","max-video-preview":"max-video-preview:-1"},"canonical":"https:\/\/www.noticiasradioreflejos.com.ar\/2021\/casa-santa-clara-de-asis-aca-se-las-contiene-y-acompana-en-silencio-sin-importar-la-religion-que-profesen\/","og_locale":"es_ES","og_type":"article","og_title":"Casa Santa Clara de As\u00eds: \u201cac\u00e1 se las contiene y acompa\u00f1a en silencio sin importar la religi\u00f3n que profesen\u201d - Noticias Radio Reflejos","og_description":"Entre un grupo de voluntarias y miembros de C\u00e1ritas llevan adelante una obra enorme, que da contenci\u00f3n y amparo a mujeres vulnerables de la comarca y partidos vecinos.","og_url":"https:\/\/www.noticiasradioreflejos.com.ar\/2021\/casa-santa-clara-de-asis-aca-se-las-contiene-y-acompana-en-silencio-sin-importar-la-religion-que-profesen\/","og_site_name":"Noticias Radio Reflejos","article_published_time":"2022-06-28T15:02:20+00:00","article_modified_time":"2022-06-28T15:22:21+00:00","og_image":[{"width":2304,"height":1296,"url":"https:\/\/www.noticiasradioreflejos.com.ar\/2021\/wp-content\/uploads\/2022\/06\/Casa-Santa-Clara-de-Asis-17.jpg","type":"image\/jpeg"}],"author":"Arnaldo Botto","twitter_card":"summary_large_image","schema":{"@context":"https:\/\/schema.org","@graph":[{"@type":"WebPage","@id":"https:\/\/www.noticiasradioreflejos.com.ar\/2021\/casa-santa-clara-de-asis-aca-se-las-contiene-y-acompana-en-silencio-sin-importar-la-religion-que-profesen\/","url":"https:\/\/www.noticiasradioreflejos.com.ar\/2021\/casa-santa-clara-de-asis-aca-se-las-contiene-y-acompana-en-silencio-sin-importar-la-religion-que-profesen\/","name":"Casa Santa Clara de As\u00eds: \u201cac\u00e1 se las contiene y acompa\u00f1a en silencio sin importar la religi\u00f3n que profesen\u201d - Noticias Radio Reflejos","isPartOf":{"@id":"https:\/\/www.noticiasradioreflejos.com.ar\/2021\/#website"},"primaryImageOfPage":{"@id":"https:\/\/www.noticiasradioreflejos.com.ar\/2021\/casa-santa-clara-de-asis-aca-se-las-contiene-y-acompana-en-silencio-sin-importar-la-religion-que-profesen\/#primaryimage"},"image":{"@id":"https:\/\/www.noticiasradioreflejos.com.ar\/2021\/casa-santa-clara-de-asis-aca-se-las-contiene-y-acompana-en-silencio-sin-importar-la-religion-que-profesen\/#primaryimage"},"thumbnailUrl":"https:\/\/www.noticiasradioreflejos.com.ar\/2021\/wp-content\/uploads\/2022\/06\/Casa-Santa-Clara-de-Asis-17.jpg","datePublished":"2022-06-28T15:02:20+00:00","dateModified":"2022-06-28T15:22:21+00:00","author":{"@id":"https:\/\/www.noticiasradioreflejos.com.ar\/2021\/#\/schema\/person\/ad82545263dcc5ec0996818884fd5fb1"},"breadcrumb":{"@id":"https:\/\/www.noticiasradioreflejos.com.ar\/2021\/casa-santa-clara-de-asis-aca-se-las-contiene-y-acompana-en-silencio-sin-importar-la-religion-que-profesen\/#breadcrumb"},"inLanguage":"es","potentialAction":[{"@type":"ReadAction","target":["https:\/\/www.noticiasradioreflejos.com.ar\/2021\/casa-santa-clara-de-asis-aca-se-las-contiene-y-acompana-en-silencio-sin-importar-la-religion-que-profesen\/"]}]},{"@type":"ImageObject","inLanguage":"es","@id":"https:\/\/www.noticiasradioreflejos.com.ar\/2021\/casa-santa-clara-de-asis-aca-se-las-contiene-y-acompana-en-silencio-sin-importar-la-religion-que-profesen\/#primaryimage","url":"https:\/\/www.noticiasradioreflejos.com.ar\/2021\/wp-content\/uploads\/2022\/06\/Casa-Santa-Clara-de-Asis-17.jpg","contentUrl":"https:\/\/www.noticiasradioreflejos.com.ar\/2021\/wp-content\/uploads\/2022\/06\/Casa-Santa-Clara-de-Asis-17.jpg","width":2304,"height":1296},{"@type":"BreadcrumbList","@id":"https:\/\/www.noticiasradioreflejos.com.ar\/2021\/casa-santa-clara-de-asis-aca-se-las-contiene-y-acompana-en-silencio-sin-importar-la-religion-que-profesen\/#breadcrumb","itemListElement":[{"@type":"ListItem","position":1,"name":"Portada","item":"https:\/\/www.noticiasradioreflejos.com.ar\/2021\/"},{"@type":"ListItem","position":2,"name":"Casa Santa Clara de As\u00eds: \u201cac\u00e1 se las contiene y acompa\u00f1a en silencio sin importar la religi\u00f3n que profesen\u201d"}]},{"@type":"WebSite","@id":"https:\/\/www.noticiasradioreflejos.com.ar\/2021\/#website","url":"https:\/\/www.noticiasradioreflejos.com.ar\/2021\/","name":"Noticias Radio Reflejos","description":"Las noticias de mi comarca","potentialAction":[{"@type":"SearchAction","target":{"@type":"EntryPoint","urlTemplate":"https:\/\/www.noticiasradioreflejos.com.ar\/2021\/?s={search_term_string}"},"query-input":{"@type":"PropertyValueSpecification","valueRequired":true,"valueName":"search_term_string"}}],"inLanguage":"es"},{"@type":"Person","@id":"https:\/\/www.noticiasradioreflejos.com.ar\/2021\/#\/schema\/person\/ad82545263dcc5ec0996818884fd5fb1","name":"Arnaldo Botto","image":{"@type":"ImageObject","inLanguage":"es","@id":"https:\/\/www.noticiasradioreflejos.com.ar\/2021\/#\/schema\/person\/image\/","url":"https:\/\/secure.gravatar.com\/avatar\/55cb5e37c1efa326397366e6974cb338056df65cb50e7d64d1cf314e87504837?s=96&d=mm&r=g","contentUrl":"https:\/\/secure.gravatar.com\/avatar\/55cb5e37c1efa326397366e6974cb338056df65cb50e7d64d1cf314e87504837?s=96&d=mm&r=g","caption":"Arnaldo Botto"},"url":"https:\/\/www.noticiasradioreflejos.com.ar\/2021\/author\/arnaldo\/"}]}},"_links":{"self":[{"href":"https:\/\/www.noticiasradioreflejos.com.ar\/2021\/wp-json\/wp\/v2\/posts\/74251","targetHints":{"allow":["GET"]}}],"collection":[{"href":"https:\/\/www.noticiasradioreflejos.com.ar\/2021\/wp-json\/wp\/v2\/posts"}],"about":[{"href":"https:\/\/www.noticiasradioreflejos.com.ar\/2021\/wp-json\/wp\/v2\/types\/post"}],"author":[{"embeddable":true,"href":"https:\/\/www.noticiasradioreflejos.com.ar\/2021\/wp-json\/wp\/v2\/users\/3"}],"replies":[{"embeddable":true,"href":"https:\/\/www.noticiasradioreflejos.com.ar\/2021\/wp-json\/wp\/v2\/comments?post=74251"}],"version-history":[{"count":4,"href":"https:\/\/www.noticiasradioreflejos.com.ar\/2021\/wp-json\/wp\/v2\/posts\/74251\/revisions"}],"predecessor-version":[{"id":74265,"href":"https:\/\/www.noticiasradioreflejos.com.ar\/2021\/wp-json\/wp\/v2\/posts\/74251\/revisions\/74265"}],"wp:featuredmedia":[{"embeddable":true,"href":"https:\/\/www.noticiasradioreflejos.com.ar\/2021\/wp-json\/wp\/v2\/media\/74257"}],"wp:attachment":[{"href":"https:\/\/www.noticiasradioreflejos.com.ar\/2021\/wp-json\/wp\/v2\/media?parent=74251"}],"wp:term":[{"taxonomy":"category","embeddable":true,"href":"https:\/\/www.noticiasradioreflejos.com.ar\/2021\/wp-json\/wp\/v2\/categories?post=74251"},{"taxonomy":"post_tag","embeddable":true,"href":"https:\/\/www.noticiasradioreflejos.com.ar\/2021\/wp-json\/wp\/v2\/tags?post=74251"}],"curies":[{"name":"wp","href":"https:\/\/api.w.org\/{rel}","templated":true}]}}