{"id":74194,"date":"2022-06-26T23:47:01","date_gmt":"2022-06-26T23:47:01","guid":{"rendered":"http:\/\/www.noticiasradioreflejos.com.ar\/2021\/?p=74194"},"modified":"2022-06-26T23:53:13","modified_gmt":"2022-06-26T23:53:13","slug":"un-velero-embistio-intencionalmente-a-una-ballena-y-buscan-a-sus-ocupantes-video-del-momento","status":"publish","type":"post","link":"https:\/\/www.noticiasradioreflejos.com.ar\/2021\/un-velero-embistio-intencionalmente-a-una-ballena-y-buscan-a-sus-ocupantes-video-del-momento\/","title":{"rendered":"Un velero embisti\u00f3 intencionalmente a una ballena y buscan a sus ocupantes (Video del momento)"},"content":{"rendered":"<p>Una ONG de abogados protectores de animales tomar\u00e1n cartas en el asunto, tras la difusi\u00f3n de un video donde \u00abse observaba la irresponsable actitud de los navegantes de un velero que, tras chocar violentamente contra uno de los cet\u00e1ceos del Mar Argentino, simplemente se rieron y alejaron del lugar\u00bb.<!--more--><\/p>\n<figure class=\"mb-3\"><img decoding=\"async\" src=\"https:\/\/www.telam.com.ar\/thumbs\/bluesteel\/advf\/imagenes\/2022\/06\/62ab9eafe081c_900.jpg\" alt=\"Foto Archivo\" width=\"100%\" height=\"100%\" \/><\/p>\n<div class=\"media-icons\"><\/div><figcaption>Foto: Archivo.<\/figcaption><\/figure>\n<p>Una ONG de abogados protectores de animales demandar\u00e1 a los responsables de un\u00a0<strong>velero que embisti\u00f3 a una ballena en el Canal de Beagle<\/strong>, se inform\u00f3 este domingo.<\/p>\n<p>La \u00ab<strong>Asociaci\u00f3n de Funcionarios y Abogados por los Derechos de los Animales<\/strong>\u00bb (Afada) inform\u00f3 sobre la \u00abirresponsable\u00bb actitud de los navegantes de un velero que embisti\u00f3 a una ballena a orillas del Canal de Beagle, lo cual \u00abfue difundido esta semana a trav\u00e9s de un video\u00bb.<\/p>\n<p>Los abogados de Afada comunicaron que radicar\u00e1n \u00abla\u00a0<strong>denuncia penal<\/strong>\u00a0contra los responsables de estos hechos\u00bb y tambi\u00e9n se solicit\u00f3 a todas las personas que puedan aportar datos ver\u00eddicos sobre este suceso, comunic\u00e1ndolo a las \u00abautoridades legales correspondientes o a esta Asociaci\u00f3n\u00bb.<\/p>\n<p>Seg\u00fan Afada, el hecho \u00absin precedentes\u00bb ocurri\u00f3 en \u00ababril o mayo\u00bb pasado, y fue difundido en el video donde \u00abse observaba la irresponsable actitud de los navegantes de un velero que,<strong>\u00a0tras chocar violentamente contra uno de los cet\u00e1ceos del Mar Argentino, simplemente se rieron y alejaron del lugar<\/strong>\u00ab.<\/p>\n<p>Seg\u00fan Afada,<strong>\u00a0Ushuaia \u00abno sale de su asombro<\/strong>\u00bb tras difundirse im\u00e1genes del hecho \u00abtomadas con un celular\u00bb por una persona que \u00abviajaba en un gom\u00f3n en direcci\u00f3n a las ballenas, que se encontraban nadando muy cerca de la ciudad\u00bb.<\/p>\n<div class=\"jeg_video_container jeg_video_content\"><iframe loading=\"lazy\" title=\"Ushuaia: Un velero embisti\u00f3 intencionalmente a una ballena y buscan a sus ocupantes\" width=\"500\" height=\"281\" src=\"https:\/\/www.youtube.com\/embed\/HRPhBDB7yFE?feature=oembed\" frameborder=\"0\" allow=\"accelerometer; autoplay; clipboard-write; encrypted-media; gyroscope; picture-in-picture; web-share\" referrerpolicy=\"strict-origin-when-cross-origin\" allowfullscreen><\/iframe><\/div>\n<p>Las im\u00e1genes registraron \u00abc\u00f3mo el velero se acerca peligrosamente al grupo de ballenas (a toda velocidad) e, irresponsablemente las embiste, tras lo cual se escuchan risas y, r\u00e1pidamente, el velero gira en direcci\u00f3n contraria y se aleja\u00bb, agrega la ONG.<\/p>\n<p>Seg\u00fan Afada, tras la publicaci\u00f3n del video en las redes sociales \u00abcomenz\u00f3 a circular\u00bb que la embarcaci\u00f3n que particip\u00f3 del hecho se tratar\u00eda de un \u00abVelero Inismara\u00bb.<\/p>\n<p>\u00abEs importante hacer la denuncia por el caso de que la ballena pueda aparecer encallada o, a trav\u00e9s de las Instituciones cient\u00edficas que hacen el seguimiento de los cet\u00e1ceos en la zona, y se pueda detectar y probar el da\u00f1o sufrido por el Animal\u00bb, agreg\u00f3 el comunicado.<\/p>\n<p>\u00abNecesitamos que env\u00eden toda la Informaci\u00f3n posible, como los datos del velero, Testigos que fotografiaron o grabaron el suceso, como tambi\u00e9n, cualquier otro dato relevante para llevar adelante las Acciones Legales\u00bb correspondientes, concluye Afada.<\/p>\n","protected":false},"excerpt":{"rendered":"<p>Una ONG de abogados protectores de animales tomar\u00e1n cartas en el asunto, tras la difusi\u00f3n de un video donde \u00abse observaba la irresponsable actitud de los navegantes de un velero que, tras chocar violentamente contra uno de los cet\u00e1ceos del Mar Argentino, simplemente se rieron y alejaron del lugar\u00bb.<\/p>\n","protected":false},"author":3,"featured_media":0,"comment_status":"closed","ping_status":"closed","sticky":false,"template":"","format":"standard","meta":{"footnotes":""},"categories":[57,29],"tags":[48],"class_list":["post-74194","post","type-post","status-publish","format-standard","hentry","category-judiciales","category-policiales","tag-destacada"],"yoast_head":"<!-- This site is optimized with the Yoast SEO plugin v25.9 - https:\/\/yoast.com\/wordpress\/plugins\/seo\/ -->\n<title>Un velero embisti\u00f3 intencionalmente a una ballena y buscan a sus ocupantes (Video del momento) - Noticias Radio Reflejos<\/title>\n<meta name=\"robots\" content=\"index, follow, max-snippet:-1, max-image-preview:large, max-video-preview:-1\" \/>\n<link rel=\"canonical\" href=\"https:\/\/www.noticiasradioreflejos.com.ar\/2021\/un-velero-embistio-intencionalmente-a-una-ballena-y-buscan-a-sus-ocupantes-video-del-momento\/\" \/>\n<meta property=\"og:locale\" content=\"es_ES\" \/>\n<meta property=\"og:type\" content=\"article\" \/>\n<meta property=\"og:title\" content=\"Un velero embisti\u00f3 intencionalmente a una ballena y buscan a sus ocupantes (Video del momento) - Noticias Radio Reflejos\" \/>\n<meta property=\"og:description\" content=\"Una ONG de abogados protectores de animales tomar\u00e1n cartas en el asunto, tras la difusi\u00f3n de un video donde \u00abse observaba la irresponsable actitud de los navegantes de un velero que, tras chocar violentamente contra uno de los cet\u00e1ceos del Mar Argentino, simplemente se rieron y alejaron del lugar\u00bb.\" \/>\n<meta property=\"og:url\" content=\"https:\/\/www.noticiasradioreflejos.com.ar\/2021\/un-velero-embistio-intencionalmente-a-una-ballena-y-buscan-a-sus-ocupantes-video-del-momento\/\" \/>\n<meta property=\"og:site_name\" content=\"Noticias Radio Reflejos\" \/>\n<meta property=\"article:published_time\" content=\"2022-06-26T23:47:01+00:00\" \/>\n<meta property=\"article:modified_time\" content=\"2022-06-26T23:53:13+00:00\" \/>\n<meta property=\"og:image\" content=\"https:\/\/www.telam.com.ar\/thumbs\/bluesteel\/advf\/imagenes\/2022\/06\/62ab9eafe081c_900.jpg\" \/>\n<meta name=\"author\" content=\"Arnaldo Botto\" \/>\n<meta name=\"twitter:card\" content=\"summary_large_image\" \/>\n<script type=\"application\/ld+json\" class=\"yoast-schema-graph\">{\"@context\":\"https:\/\/schema.org\",\"@graph\":[{\"@type\":\"WebPage\",\"@id\":\"https:\/\/www.noticiasradioreflejos.com.ar\/2021\/un-velero-embistio-intencionalmente-a-una-ballena-y-buscan-a-sus-ocupantes-video-del-momento\/\",\"url\":\"https:\/\/www.noticiasradioreflejos.com.ar\/2021\/un-velero-embistio-intencionalmente-a-una-ballena-y-buscan-a-sus-ocupantes-video-del-momento\/\",\"name\":\"Un velero embisti\u00f3 intencionalmente a una ballena y buscan a sus ocupantes (Video del momento) - Noticias Radio Reflejos\",\"isPartOf\":{\"@id\":\"https:\/\/www.noticiasradioreflejos.com.ar\/2021\/#website\"},\"primaryImageOfPage\":{\"@id\":\"https:\/\/www.noticiasradioreflejos.com.ar\/2021\/un-velero-embistio-intencionalmente-a-una-ballena-y-buscan-a-sus-ocupantes-video-del-momento\/#primaryimage\"},\"image\":{\"@id\":\"https:\/\/www.noticiasradioreflejos.com.ar\/2021\/un-velero-embistio-intencionalmente-a-una-ballena-y-buscan-a-sus-ocupantes-video-del-momento\/#primaryimage\"},\"thumbnailUrl\":\"https:\/\/www.telam.com.ar\/thumbs\/bluesteel\/advf\/imagenes\/2022\/06\/62ab9eafe081c_900.jpg\",\"datePublished\":\"2022-06-26T23:47:01+00:00\",\"dateModified\":\"2022-06-26T23:53:13+00:00\",\"author\":{\"@id\":\"https:\/\/www.noticiasradioreflejos.com.ar\/2021\/#\/schema\/person\/ad82545263dcc5ec0996818884fd5fb1\"},\"breadcrumb\":{\"@id\":\"https:\/\/www.noticiasradioreflejos.com.ar\/2021\/un-velero-embistio-intencionalmente-a-una-ballena-y-buscan-a-sus-ocupantes-video-del-momento\/#breadcrumb\"},\"inLanguage\":\"es\",\"potentialAction\":[{\"@type\":\"ReadAction\",\"target\":[\"https:\/\/www.noticiasradioreflejos.com.ar\/2021\/un-velero-embistio-intencionalmente-a-una-ballena-y-buscan-a-sus-ocupantes-video-del-momento\/\"]}]},{\"@type\":\"ImageObject\",\"inLanguage\":\"es\",\"@id\":\"https:\/\/www.noticiasradioreflejos.com.ar\/2021\/un-velero-embistio-intencionalmente-a-una-ballena-y-buscan-a-sus-ocupantes-video-del-momento\/#primaryimage\",\"url\":\"https:\/\/www.telam.com.ar\/thumbs\/bluesteel\/advf\/imagenes\/2022\/06\/62ab9eafe081c_900.jpg\",\"contentUrl\":\"https:\/\/www.telam.com.ar\/thumbs\/bluesteel\/advf\/imagenes\/2022\/06\/62ab9eafe081c_900.jpg\"},{\"@type\":\"BreadcrumbList\",\"@id\":\"https:\/\/www.noticiasradioreflejos.com.ar\/2021\/un-velero-embistio-intencionalmente-a-una-ballena-y-buscan-a-sus-ocupantes-video-del-momento\/#breadcrumb\",\"itemListElement\":[{\"@type\":\"ListItem\",\"position\":1,\"name\":\"Portada\",\"item\":\"https:\/\/www.noticiasradioreflejos.com.ar\/2021\/\"},{\"@type\":\"ListItem\",\"position\":2,\"name\":\"Un velero embisti\u00f3 intencionalmente a una ballena y buscan a sus ocupantes (Video del momento)\"}]},{\"@type\":\"WebSite\",\"@id\":\"https:\/\/www.noticiasradioreflejos.com.ar\/2021\/#website\",\"url\":\"https:\/\/www.noticiasradioreflejos.com.ar\/2021\/\",\"name\":\"Noticias Radio Reflejos\",\"description\":\"Las noticias de mi comarca\",\"potentialAction\":[{\"@type\":\"SearchAction\",\"target\":{\"@type\":\"EntryPoint\",\"urlTemplate\":\"https:\/\/www.noticiasradioreflejos.com.ar\/2021\/?s={search_term_string}\"},\"query-input\":{\"@type\":\"PropertyValueSpecification\",\"valueRequired\":true,\"valueName\":\"search_term_string\"}}],\"inLanguage\":\"es\"},{\"@type\":\"Person\",\"@id\":\"https:\/\/www.noticiasradioreflejos.com.ar\/2021\/#\/schema\/person\/ad82545263dcc5ec0996818884fd5fb1\",\"name\":\"Arnaldo Botto\",\"image\":{\"@type\":\"ImageObject\",\"inLanguage\":\"es\",\"@id\":\"https:\/\/www.noticiasradioreflejos.com.ar\/2021\/#\/schema\/person\/image\/\",\"url\":\"https:\/\/secure.gravatar.com\/avatar\/55cb5e37c1efa326397366e6974cb338056df65cb50e7d64d1cf314e87504837?s=96&d=mm&r=g\",\"contentUrl\":\"https:\/\/secure.gravatar.com\/avatar\/55cb5e37c1efa326397366e6974cb338056df65cb50e7d64d1cf314e87504837?s=96&d=mm&r=g\",\"caption\":\"Arnaldo Botto\"},\"url\":\"https:\/\/www.noticiasradioreflejos.com.ar\/2021\/author\/arnaldo\/\"}]}<\/script>\n<!-- \/ Yoast SEO plugin. -->","yoast_head_json":{"title":"Un velero embisti\u00f3 intencionalmente a una ballena y buscan a sus ocupantes (Video del momento) - Noticias Radio Reflejos","robots":{"index":"index","follow":"follow","max-snippet":"max-snippet:-1","max-image-preview":"max-image-preview:large","max-video-preview":"max-video-preview:-1"},"canonical":"https:\/\/www.noticiasradioreflejos.com.ar\/2021\/un-velero-embistio-intencionalmente-a-una-ballena-y-buscan-a-sus-ocupantes-video-del-momento\/","og_locale":"es_ES","og_type":"article","og_title":"Un velero embisti\u00f3 intencionalmente a una ballena y buscan a sus ocupantes (Video del momento) - Noticias Radio Reflejos","og_description":"Una ONG de abogados protectores de animales tomar\u00e1n cartas en el asunto, tras la difusi\u00f3n de un video donde \u00abse observaba la irresponsable actitud de los navegantes de un velero que, tras chocar violentamente contra uno de los cet\u00e1ceos del Mar Argentino, simplemente se rieron y alejaron del lugar\u00bb.","og_url":"https:\/\/www.noticiasradioreflejos.com.ar\/2021\/un-velero-embistio-intencionalmente-a-una-ballena-y-buscan-a-sus-ocupantes-video-del-momento\/","og_site_name":"Noticias Radio Reflejos","article_published_time":"2022-06-26T23:47:01+00:00","article_modified_time":"2022-06-26T23:53:13+00:00","og_image":[{"url":"https:\/\/www.telam.com.ar\/thumbs\/bluesteel\/advf\/imagenes\/2022\/06\/62ab9eafe081c_900.jpg","type":"","width":"","height":""}],"author":"Arnaldo Botto","twitter_card":"summary_large_image","schema":{"@context":"https:\/\/schema.org","@graph":[{"@type":"WebPage","@id":"https:\/\/www.noticiasradioreflejos.com.ar\/2021\/un-velero-embistio-intencionalmente-a-una-ballena-y-buscan-a-sus-ocupantes-video-del-momento\/","url":"https:\/\/www.noticiasradioreflejos.com.ar\/2021\/un-velero-embistio-intencionalmente-a-una-ballena-y-buscan-a-sus-ocupantes-video-del-momento\/","name":"Un velero embisti\u00f3 intencionalmente a una ballena y buscan a sus ocupantes (Video del momento) - Noticias Radio Reflejos","isPartOf":{"@id":"https:\/\/www.noticiasradioreflejos.com.ar\/2021\/#website"},"primaryImageOfPage":{"@id":"https:\/\/www.noticiasradioreflejos.com.ar\/2021\/un-velero-embistio-intencionalmente-a-una-ballena-y-buscan-a-sus-ocupantes-video-del-momento\/#primaryimage"},"image":{"@id":"https:\/\/www.noticiasradioreflejos.com.ar\/2021\/un-velero-embistio-intencionalmente-a-una-ballena-y-buscan-a-sus-ocupantes-video-del-momento\/#primaryimage"},"thumbnailUrl":"https:\/\/www.telam.com.ar\/thumbs\/bluesteel\/advf\/imagenes\/2022\/06\/62ab9eafe081c_900.jpg","datePublished":"2022-06-26T23:47:01+00:00","dateModified":"2022-06-26T23:53:13+00:00","author":{"@id":"https:\/\/www.noticiasradioreflejos.com.ar\/2021\/#\/schema\/person\/ad82545263dcc5ec0996818884fd5fb1"},"breadcrumb":{"@id":"https:\/\/www.noticiasradioreflejos.com.ar\/2021\/un-velero-embistio-intencionalmente-a-una-ballena-y-buscan-a-sus-ocupantes-video-del-momento\/#breadcrumb"},"inLanguage":"es","potentialAction":[{"@type":"ReadAction","target":["https:\/\/www.noticiasradioreflejos.com.ar\/2021\/un-velero-embistio-intencionalmente-a-una-ballena-y-buscan-a-sus-ocupantes-video-del-momento\/"]}]},{"@type":"ImageObject","inLanguage":"es","@id":"https:\/\/www.noticiasradioreflejos.com.ar\/2021\/un-velero-embistio-intencionalmente-a-una-ballena-y-buscan-a-sus-ocupantes-video-del-momento\/#primaryimage","url":"https:\/\/www.telam.com.ar\/thumbs\/bluesteel\/advf\/imagenes\/2022\/06\/62ab9eafe081c_900.jpg","contentUrl":"https:\/\/www.telam.com.ar\/thumbs\/bluesteel\/advf\/imagenes\/2022\/06\/62ab9eafe081c_900.jpg"},{"@type":"BreadcrumbList","@id":"https:\/\/www.noticiasradioreflejos.com.ar\/2021\/un-velero-embistio-intencionalmente-a-una-ballena-y-buscan-a-sus-ocupantes-video-del-momento\/#breadcrumb","itemListElement":[{"@type":"ListItem","position":1,"name":"Portada","item":"https:\/\/www.noticiasradioreflejos.com.ar\/2021\/"},{"@type":"ListItem","position":2,"name":"Un velero embisti\u00f3 intencionalmente a una ballena y buscan a sus ocupantes (Video del momento)"}]},{"@type":"WebSite","@id":"https:\/\/www.noticiasradioreflejos.com.ar\/2021\/#website","url":"https:\/\/www.noticiasradioreflejos.com.ar\/2021\/","name":"Noticias Radio Reflejos","description":"Las noticias de mi comarca","potentialAction":[{"@type":"SearchAction","target":{"@type":"EntryPoint","urlTemplate":"https:\/\/www.noticiasradioreflejos.com.ar\/2021\/?s={search_term_string}"},"query-input":{"@type":"PropertyValueSpecification","valueRequired":true,"valueName":"search_term_string"}}],"inLanguage":"es"},{"@type":"Person","@id":"https:\/\/www.noticiasradioreflejos.com.ar\/2021\/#\/schema\/person\/ad82545263dcc5ec0996818884fd5fb1","name":"Arnaldo Botto","image":{"@type":"ImageObject","inLanguage":"es","@id":"https:\/\/www.noticiasradioreflejos.com.ar\/2021\/#\/schema\/person\/image\/","url":"https:\/\/secure.gravatar.com\/avatar\/55cb5e37c1efa326397366e6974cb338056df65cb50e7d64d1cf314e87504837?s=96&d=mm&r=g","contentUrl":"https:\/\/secure.gravatar.com\/avatar\/55cb5e37c1efa326397366e6974cb338056df65cb50e7d64d1cf314e87504837?s=96&d=mm&r=g","caption":"Arnaldo Botto"},"url":"https:\/\/www.noticiasradioreflejos.com.ar\/2021\/author\/arnaldo\/"}]}},"_links":{"self":[{"href":"https:\/\/www.noticiasradioreflejos.com.ar\/2021\/wp-json\/wp\/v2\/posts\/74194","targetHints":{"allow":["GET"]}}],"collection":[{"href":"https:\/\/www.noticiasradioreflejos.com.ar\/2021\/wp-json\/wp\/v2\/posts"}],"about":[{"href":"https:\/\/www.noticiasradioreflejos.com.ar\/2021\/wp-json\/wp\/v2\/types\/post"}],"author":[{"embeddable":true,"href":"https:\/\/www.noticiasradioreflejos.com.ar\/2021\/wp-json\/wp\/v2\/users\/3"}],"replies":[{"embeddable":true,"href":"https:\/\/www.noticiasradioreflejos.com.ar\/2021\/wp-json\/wp\/v2\/comments?post=74194"}],"version-history":[{"count":1,"href":"https:\/\/www.noticiasradioreflejos.com.ar\/2021\/wp-json\/wp\/v2\/posts\/74194\/revisions"}],"predecessor-version":[{"id":74196,"href":"https:\/\/www.noticiasradioreflejos.com.ar\/2021\/wp-json\/wp\/v2\/posts\/74194\/revisions\/74196"}],"wp:attachment":[{"href":"https:\/\/www.noticiasradioreflejos.com.ar\/2021\/wp-json\/wp\/v2\/media?parent=74194"}],"wp:term":[{"taxonomy":"category","embeddable":true,"href":"https:\/\/www.noticiasradioreflejos.com.ar\/2021\/wp-json\/wp\/v2\/categories?post=74194"},{"taxonomy":"post_tag","embeddable":true,"href":"https:\/\/www.noticiasradioreflejos.com.ar\/2021\/wp-json\/wp\/v2\/tags?post=74194"}],"curies":[{"name":"wp","href":"https:\/\/api.w.org\/{rel}","templated":true}]}}