{"id":74156,"date":"2022-06-24T17:53:53","date_gmt":"2022-06-24T17:53:53","guid":{"rendered":"http:\/\/www.noticiasradioreflejos.com.ar\/2021\/?p=74156"},"modified":"2022-06-24T17:53:53","modified_gmt":"2022-06-24T17:53:53","slug":"silvia-zaballa-se-reunio-con-las-autoridades-del-ministerio-de-las-mm-pg-y-ds-pba","status":"publish","type":"post","link":"https:\/\/www.noticiasradioreflejos.com.ar\/2021\/silvia-zaballa-se-reunio-con-las-autoridades-del-ministerio-de-las-mm-pg-y-ds-pba\/","title":{"rendered":"Silvia Zaballa se reuni\u00f3 con las autoridades del Ministerio de las MM, PG y DS PBA"},"content":{"rendered":"<p>La Directora Regional del Ministerio de las Mujeres, Pol\u00edticas de G\u00e9nero y Diversidad Sexual, Silvia Zaballa se reuni\u00f3 con la Ministra Estela Diaz, la Subsecretaria Lidia Fern\u00e1ndez, la Directora Provincial de Regiones Ibis Azua y las Directoras Regionales de la Subsecretar\u00eda de Pol\u00edticas Transversales de G\u00e9nero, con el objetivo de seguir fortaleciendo las articulaciones en los territorios.  <!--more--><\/p>\n<p>\u201cHaber regionalizado la Provincia nos facilit\u00f3 un v\u00ednculo m\u00e1s directo con los municipios. <\/p>\n<p>Es en la cercan\u00eda que construimos cada vez m\u00e1s Estado presente. Este es un mandato muy claro de nuestro gobernador Axel Kicillof. Y por eso ya tenemos siete sedes del Ministerio en las distintas Regiones de la Provincia\u201d dijo la Ministra. <\/p>\n<p>En la reuni\u00f3n,  la directora hizo entrega a la Ministra de la carpeta enviada por la colectiva \u201cYo te Creo\u201d de Carmen de Patagones referida a la solicitud de cambio de nombre de la Escuela Municipal de Canotaje de dicha localidad. <\/p>\n<p>Construir la institucionalidad territorial es acercarnos a las necesidades de las mujeres y diversidades, quienes sufren las violencias y las desigualdades. <\/p>\n<p>Participaron por las Direcciones Regionales, Sof\u00eda Moglia de la Regi\u00f3n Capital, Emilse Portela, de la Regi\u00f3n Primera, Marcela Isarra de la Regi\u00f3n Segunda, Bel\u00e9n Peretto de la Regi\u00f3n Tercera, Ada Garc\u00eda de la Regi\u00f3n Cuarta, Yamila Zavala Rodr\u00edguez de la Regi\u00f3n Quinta y Hosanna Cazola de la Regi\u00f3n S\u00e9ptima. <\/p>\n","protected":false},"excerpt":{"rendered":"<p>La Directora Regional del Ministerio de las Mujeres, Pol\u00edticas de G\u00e9nero y Diversidad Sexual, Silvia Zaballa se reuni\u00f3 con la Ministra Estela Diaz, la Subsecretaria Lidia Fern\u00e1ndez, la Directora Provincial de Regiones Ibis Azua y las Directoras Regionales de la Subsecretar\u00eda de Pol\u00edticas Transversales de G\u00e9nero, con el objetivo de seguir fortaleciendo las articulaciones en [&hellip;]<\/p>\n","protected":false},"author":3,"featured_media":0,"comment_status":"closed","ping_status":"closed","sticky":false,"template":"","format":"standard","meta":{"footnotes":""},"categories":[24],"tags":[],"class_list":["post-74156","post","type-post","status-publish","format-standard","hentry","category-politica"],"yoast_head":"<!-- This site is optimized with the Yoast SEO plugin v25.9 - https:\/\/yoast.com\/wordpress\/plugins\/seo\/ -->\n<title>Silvia Zaballa se reuni\u00f3 con las autoridades del Ministerio de las MM, PG y DS PBA - Noticias Radio Reflejos<\/title>\n<meta name=\"robots\" content=\"index, follow, max-snippet:-1, max-image-preview:large, max-video-preview:-1\" \/>\n<link rel=\"canonical\" href=\"https:\/\/www.noticiasradioreflejos.com.ar\/2021\/silvia-zaballa-se-reunio-con-las-autoridades-del-ministerio-de-las-mm-pg-y-ds-pba\/\" \/>\n<meta property=\"og:locale\" content=\"es_ES\" \/>\n<meta property=\"og:type\" content=\"article\" \/>\n<meta property=\"og:title\" content=\"Silvia Zaballa se reuni\u00f3 con las autoridades del Ministerio de las MM, PG y DS PBA - Noticias Radio Reflejos\" \/>\n<meta property=\"og:description\" content=\"La Directora Regional del Ministerio de las Mujeres, Pol\u00edticas de G\u00e9nero y Diversidad Sexual, Silvia Zaballa se reuni\u00f3 con la Ministra Estela Diaz, la Subsecretaria Lidia Fern\u00e1ndez, la Directora Provincial de Regiones Ibis Azua y las Directoras Regionales de la Subsecretar\u00eda de Pol\u00edticas Transversales de G\u00e9nero, con el objetivo de seguir fortaleciendo las articulaciones en [&hellip;]\" \/>\n<meta property=\"og:url\" content=\"https:\/\/www.noticiasradioreflejos.com.ar\/2021\/silvia-zaballa-se-reunio-con-las-autoridades-del-ministerio-de-las-mm-pg-y-ds-pba\/\" \/>\n<meta property=\"og:site_name\" content=\"Noticias Radio Reflejos\" \/>\n<meta property=\"article:published_time\" content=\"2022-06-24T17:53:53+00:00\" \/>\n<meta property=\"og:image\" content=\"https:\/\/www.noticiasradioreflejos.com.ar\/2021\/wp-content\/uploads\/2021\/07\/logosol300x200.png\" \/>\n\t<meta property=\"og:image:width\" content=\"300\" \/>\n\t<meta property=\"og:image:height\" content=\"200\" \/>\n\t<meta property=\"og:image:type\" content=\"image\/png\" \/>\n<meta name=\"author\" content=\"Arnaldo Botto\" \/>\n<meta name=\"twitter:card\" content=\"summary_large_image\" \/>\n<script type=\"application\/ld+json\" class=\"yoast-schema-graph\">{\"@context\":\"https:\/\/schema.org\",\"@graph\":[{\"@type\":\"WebPage\",\"@id\":\"https:\/\/www.noticiasradioreflejos.com.ar\/2021\/silvia-zaballa-se-reunio-con-las-autoridades-del-ministerio-de-las-mm-pg-y-ds-pba\/\",\"url\":\"https:\/\/www.noticiasradioreflejos.com.ar\/2021\/silvia-zaballa-se-reunio-con-las-autoridades-del-ministerio-de-las-mm-pg-y-ds-pba\/\",\"name\":\"Silvia Zaballa se reuni\u00f3 con las autoridades del Ministerio de las MM, PG y DS PBA - Noticias Radio Reflejos\",\"isPartOf\":{\"@id\":\"https:\/\/www.noticiasradioreflejos.com.ar\/2021\/#website\"},\"datePublished\":\"2022-06-24T17:53:53+00:00\",\"author\":{\"@id\":\"https:\/\/www.noticiasradioreflejos.com.ar\/2021\/#\/schema\/person\/ad82545263dcc5ec0996818884fd5fb1\"},\"breadcrumb\":{\"@id\":\"https:\/\/www.noticiasradioreflejos.com.ar\/2021\/silvia-zaballa-se-reunio-con-las-autoridades-del-ministerio-de-las-mm-pg-y-ds-pba\/#breadcrumb\"},\"inLanguage\":\"es\",\"potentialAction\":[{\"@type\":\"ReadAction\",\"target\":[\"https:\/\/www.noticiasradioreflejos.com.ar\/2021\/silvia-zaballa-se-reunio-con-las-autoridades-del-ministerio-de-las-mm-pg-y-ds-pba\/\"]}]},{\"@type\":\"BreadcrumbList\",\"@id\":\"https:\/\/www.noticiasradioreflejos.com.ar\/2021\/silvia-zaballa-se-reunio-con-las-autoridades-del-ministerio-de-las-mm-pg-y-ds-pba\/#breadcrumb\",\"itemListElement\":[{\"@type\":\"ListItem\",\"position\":1,\"name\":\"Portada\",\"item\":\"https:\/\/www.noticiasradioreflejos.com.ar\/2021\/\"},{\"@type\":\"ListItem\",\"position\":2,\"name\":\"Silvia Zaballa se reuni\u00f3 con las autoridades del Ministerio de las MM, PG y DS PBA\"}]},{\"@type\":\"WebSite\",\"@id\":\"https:\/\/www.noticiasradioreflejos.com.ar\/2021\/#website\",\"url\":\"https:\/\/www.noticiasradioreflejos.com.ar\/2021\/\",\"name\":\"Noticias Radio Reflejos\",\"description\":\"Las noticias de mi comarca\",\"potentialAction\":[{\"@type\":\"SearchAction\",\"target\":{\"@type\":\"EntryPoint\",\"urlTemplate\":\"https:\/\/www.noticiasradioreflejos.com.ar\/2021\/?s={search_term_string}\"},\"query-input\":{\"@type\":\"PropertyValueSpecification\",\"valueRequired\":true,\"valueName\":\"search_term_string\"}}],\"inLanguage\":\"es\"},{\"@type\":\"Person\",\"@id\":\"https:\/\/www.noticiasradioreflejos.com.ar\/2021\/#\/schema\/person\/ad82545263dcc5ec0996818884fd5fb1\",\"name\":\"Arnaldo Botto\",\"image\":{\"@type\":\"ImageObject\",\"inLanguage\":\"es\",\"@id\":\"https:\/\/www.noticiasradioreflejos.com.ar\/2021\/#\/schema\/person\/image\/\",\"url\":\"https:\/\/secure.gravatar.com\/avatar\/55cb5e37c1efa326397366e6974cb338056df65cb50e7d64d1cf314e87504837?s=96&d=mm&r=g\",\"contentUrl\":\"https:\/\/secure.gravatar.com\/avatar\/55cb5e37c1efa326397366e6974cb338056df65cb50e7d64d1cf314e87504837?s=96&d=mm&r=g\",\"caption\":\"Arnaldo Botto\"},\"url\":\"https:\/\/www.noticiasradioreflejos.com.ar\/2021\/author\/arnaldo\/\"}]}<\/script>\n<!-- \/ Yoast SEO plugin. -->","yoast_head_json":{"title":"Silvia Zaballa se reuni\u00f3 con las autoridades del Ministerio de las MM, PG y DS PBA - Noticias Radio Reflejos","robots":{"index":"index","follow":"follow","max-snippet":"max-snippet:-1","max-image-preview":"max-image-preview:large","max-video-preview":"max-video-preview:-1"},"canonical":"https:\/\/www.noticiasradioreflejos.com.ar\/2021\/silvia-zaballa-se-reunio-con-las-autoridades-del-ministerio-de-las-mm-pg-y-ds-pba\/","og_locale":"es_ES","og_type":"article","og_title":"Silvia Zaballa se reuni\u00f3 con las autoridades del Ministerio de las MM, PG y DS PBA - Noticias Radio Reflejos","og_description":"La Directora Regional del Ministerio de las Mujeres, Pol\u00edticas de G\u00e9nero y Diversidad Sexual, Silvia Zaballa se reuni\u00f3 con la Ministra Estela Diaz, la Subsecretaria Lidia Fern\u00e1ndez, la Directora Provincial de Regiones Ibis Azua y las Directoras Regionales de la Subsecretar\u00eda de Pol\u00edticas Transversales de G\u00e9nero, con el objetivo de seguir fortaleciendo las articulaciones en [&hellip;]","og_url":"https:\/\/www.noticiasradioreflejos.com.ar\/2021\/silvia-zaballa-se-reunio-con-las-autoridades-del-ministerio-de-las-mm-pg-y-ds-pba\/","og_site_name":"Noticias Radio Reflejos","article_published_time":"2022-06-24T17:53:53+00:00","og_image":[{"width":300,"height":200,"url":"https:\/\/www.noticiasradioreflejos.com.ar\/2021\/wp-content\/uploads\/2021\/07\/logosol300x200.png","type":"image\/png"}],"author":"Arnaldo Botto","twitter_card":"summary_large_image","schema":{"@context":"https:\/\/schema.org","@graph":[{"@type":"WebPage","@id":"https:\/\/www.noticiasradioreflejos.com.ar\/2021\/silvia-zaballa-se-reunio-con-las-autoridades-del-ministerio-de-las-mm-pg-y-ds-pba\/","url":"https:\/\/www.noticiasradioreflejos.com.ar\/2021\/silvia-zaballa-se-reunio-con-las-autoridades-del-ministerio-de-las-mm-pg-y-ds-pba\/","name":"Silvia Zaballa se reuni\u00f3 con las autoridades del Ministerio de las MM, PG y DS PBA - Noticias Radio Reflejos","isPartOf":{"@id":"https:\/\/www.noticiasradioreflejos.com.ar\/2021\/#website"},"datePublished":"2022-06-24T17:53:53+00:00","author":{"@id":"https:\/\/www.noticiasradioreflejos.com.ar\/2021\/#\/schema\/person\/ad82545263dcc5ec0996818884fd5fb1"},"breadcrumb":{"@id":"https:\/\/www.noticiasradioreflejos.com.ar\/2021\/silvia-zaballa-se-reunio-con-las-autoridades-del-ministerio-de-las-mm-pg-y-ds-pba\/#breadcrumb"},"inLanguage":"es","potentialAction":[{"@type":"ReadAction","target":["https:\/\/www.noticiasradioreflejos.com.ar\/2021\/silvia-zaballa-se-reunio-con-las-autoridades-del-ministerio-de-las-mm-pg-y-ds-pba\/"]}]},{"@type":"BreadcrumbList","@id":"https:\/\/www.noticiasradioreflejos.com.ar\/2021\/silvia-zaballa-se-reunio-con-las-autoridades-del-ministerio-de-las-mm-pg-y-ds-pba\/#breadcrumb","itemListElement":[{"@type":"ListItem","position":1,"name":"Portada","item":"https:\/\/www.noticiasradioreflejos.com.ar\/2021\/"},{"@type":"ListItem","position":2,"name":"Silvia Zaballa se reuni\u00f3 con las autoridades del Ministerio de las MM, PG y DS PBA"}]},{"@type":"WebSite","@id":"https:\/\/www.noticiasradioreflejos.com.ar\/2021\/#website","url":"https:\/\/www.noticiasradioreflejos.com.ar\/2021\/","name":"Noticias Radio Reflejos","description":"Las noticias de mi comarca","potentialAction":[{"@type":"SearchAction","target":{"@type":"EntryPoint","urlTemplate":"https:\/\/www.noticiasradioreflejos.com.ar\/2021\/?s={search_term_string}"},"query-input":{"@type":"PropertyValueSpecification","valueRequired":true,"valueName":"search_term_string"}}],"inLanguage":"es"},{"@type":"Person","@id":"https:\/\/www.noticiasradioreflejos.com.ar\/2021\/#\/schema\/person\/ad82545263dcc5ec0996818884fd5fb1","name":"Arnaldo Botto","image":{"@type":"ImageObject","inLanguage":"es","@id":"https:\/\/www.noticiasradioreflejos.com.ar\/2021\/#\/schema\/person\/image\/","url":"https:\/\/secure.gravatar.com\/avatar\/55cb5e37c1efa326397366e6974cb338056df65cb50e7d64d1cf314e87504837?s=96&d=mm&r=g","contentUrl":"https:\/\/secure.gravatar.com\/avatar\/55cb5e37c1efa326397366e6974cb338056df65cb50e7d64d1cf314e87504837?s=96&d=mm&r=g","caption":"Arnaldo Botto"},"url":"https:\/\/www.noticiasradioreflejos.com.ar\/2021\/author\/arnaldo\/"}]}},"_links":{"self":[{"href":"https:\/\/www.noticiasradioreflejos.com.ar\/2021\/wp-json\/wp\/v2\/posts\/74156","targetHints":{"allow":["GET"]}}],"collection":[{"href":"https:\/\/www.noticiasradioreflejos.com.ar\/2021\/wp-json\/wp\/v2\/posts"}],"about":[{"href":"https:\/\/www.noticiasradioreflejos.com.ar\/2021\/wp-json\/wp\/v2\/types\/post"}],"author":[{"embeddable":true,"href":"https:\/\/www.noticiasradioreflejos.com.ar\/2021\/wp-json\/wp\/v2\/users\/3"}],"replies":[{"embeddable":true,"href":"https:\/\/www.noticiasradioreflejos.com.ar\/2021\/wp-json\/wp\/v2\/comments?post=74156"}],"version-history":[{"count":1,"href":"https:\/\/www.noticiasradioreflejos.com.ar\/2021\/wp-json\/wp\/v2\/posts\/74156\/revisions"}],"predecessor-version":[{"id":74158,"href":"https:\/\/www.noticiasradioreflejos.com.ar\/2021\/wp-json\/wp\/v2\/posts\/74156\/revisions\/74158"}],"wp:attachment":[{"href":"https:\/\/www.noticiasradioreflejos.com.ar\/2021\/wp-json\/wp\/v2\/media?parent=74156"}],"wp:term":[{"taxonomy":"category","embeddable":true,"href":"https:\/\/www.noticiasradioreflejos.com.ar\/2021\/wp-json\/wp\/v2\/categories?post=74156"},{"taxonomy":"post_tag","embeddable":true,"href":"https:\/\/www.noticiasradioreflejos.com.ar\/2021\/wp-json\/wp\/v2\/tags?post=74156"}],"curies":[{"name":"wp","href":"https:\/\/api.w.org\/{rel}","templated":true}]}}