{"id":74102,"date":"2022-06-23T14:43:51","date_gmt":"2022-06-23T14:43:51","guid":{"rendered":"http:\/\/www.noticiasradioreflejos.com.ar\/2021\/?p=74102"},"modified":"2022-06-23T14:43:51","modified_gmt":"2022-06-23T14:43:51","slug":"nota-de-agradecimiento-4","status":"publish","type":"post","link":"https:\/\/www.noticiasradioreflejos.com.ar\/2021\/nota-de-agradecimiento-4\/","title":{"rendered":"Nota de agradecimiento"},"content":{"rendered":"<p>Por este medio, quiero hacer p\u00fablico mi agradecimiento al <strong>Dr. Fernando Alday<\/strong>a, al chofer <strong>Leo Moyano<\/strong>, a las enfermeras Estefan\u00eda y\u00a0 Sol que estaban de guardia el d\u00eda domingo 19\/6 a las 22:40 hs aproximadamente, cuando mi marido e hijo me llevan de urgencia a la sala ante un cuadro agudo de <strong>Anafilaxia<\/strong> que me provoc\u00f3 la toma de un antibi\u00f3tico y en 10 minutos desat\u00f3 en este dif\u00edcil momento que nos toc\u00f3 atravesar.<!--more--><\/p>\n<p>Me descompongo en casa y mi Marido e hijo me llevan en su auto y llego en un minuto a la sala ya sin conocimiento, all\u00ed es donde empieza la carrera de estos profesionales para revertir el cuadro y no perder la vida ante tan grave situaci\u00f3n. Luego de 2 horas de incansable trabajo, enfermeras, ambulanciero y el doctor a cargo de la guardia, logran estabilizarme, trabajando ante la emergencia de forma profesional, incansable y amorosa, conmigo y mi flia. que all\u00ed estaban viviendo este dif\u00edcil momento.<\/p>\n<p>Tambi\u00e9n agradezco a la Dra Lucrecia Dube que a pesar de estar volviendo de viaje, al llegar a Sierra se acerca a la sala y se pone al tanto de la situaci\u00f3n, acompa\u00f1ando a sus colegas en esta emergencia, quien tambi\u00e9n mostr\u00f3 su preocupaci\u00f3n al cuadro que yo hab\u00eda presentado.<\/p>\n<p>Tambi\u00e9n quiero RESALTAR la importancia de tener en nuestra sala, hoy llamada Hospital Menor, una guardia con medico las 24 hs. Ya que de no haber sido as\u00ed, mi historia y la de mi flia. hubiera sido otra.<\/p>\n<p>GRACIAS, GRACIAS, GRACIAS\u2026..A TODOS LOS PROFECIONALES QUE LES TOC\u00d3 ACTUAR EN ESTA EMERGENCIA, Dr FERNANDO ALDAYA,LEO MOYANO,ENFERMERAS Stefania y sol, personal del Hospital Menor, domingo 19\/6\/22\u00a0 22:40 hs.<\/p>\n<p>Cynthia llaneza (poly) dni 25899134<\/p>\n<p>&nbsp;<\/p>\n","protected":false},"excerpt":{"rendered":"<p>Por este medio, quiero hacer p\u00fablico mi agradecimiento al Dr. Fernando Aldaya, al chofer Leo Moyano, a las enfermeras Estefan\u00eda y\u00a0 Sol que estaban de guardia el d\u00eda domingo 19\/6 a las 22:40 hs aproximadamente, cuando mi marido e hijo me llevan de urgencia a la sala ante un cuadro agudo de Anafilaxia que me [&hellip;]<\/p>\n","protected":false},"author":3,"featured_media":40642,"comment_status":"closed","ping_status":"closed","sticky":false,"template":"","format":"standard","meta":{"footnotes":""},"categories":[26],"tags":[],"class_list":["post-74102","post","type-post","status-publish","format-standard","has-post-thumbnail","hentry","category-sociedad"],"yoast_head":"<!-- This site is optimized with the Yoast SEO plugin v25.9 - https:\/\/yoast.com\/wordpress\/plugins\/seo\/ -->\n<title>Nota de agradecimiento - Noticias Radio Reflejos<\/title>\n<meta name=\"robots\" content=\"index, follow, max-snippet:-1, max-image-preview:large, max-video-preview:-1\" \/>\n<link rel=\"canonical\" href=\"https:\/\/www.noticiasradioreflejos.com.ar\/2021\/nota-de-agradecimiento-4\/\" \/>\n<meta property=\"og:locale\" content=\"es_ES\" \/>\n<meta property=\"og:type\" content=\"article\" \/>\n<meta property=\"og:title\" content=\"Nota de agradecimiento - Noticias Radio Reflejos\" \/>\n<meta property=\"og:description\" content=\"Por este medio, quiero hacer p\u00fablico mi agradecimiento al Dr. Fernando Aldaya, al chofer Leo Moyano, a las enfermeras Estefan\u00eda y\u00a0 Sol que estaban de guardia el d\u00eda domingo 19\/6 a las 22:40 hs aproximadamente, cuando mi marido e hijo me llevan de urgencia a la sala ante un cuadro agudo de Anafilaxia que me [&hellip;]\" \/>\n<meta property=\"og:url\" content=\"https:\/\/www.noticiasradioreflejos.com.ar\/2021\/nota-de-agradecimiento-4\/\" \/>\n<meta property=\"og:site_name\" content=\"Noticias Radio Reflejos\" \/>\n<meta property=\"article:published_time\" content=\"2022-06-23T14:43:51+00:00\" \/>\n<meta property=\"og:image\" content=\"https:\/\/www.noticiasradioreflejos.com.ar\/2021\/wp-content\/uploads\/2020\/04\/Agradecimiento.png\" \/>\n\t<meta property=\"og:image:width\" content=\"619\" \/>\n\t<meta property=\"og:image:height\" content=\"430\" \/>\n\t<meta property=\"og:image:type\" content=\"image\/png\" \/>\n<meta name=\"author\" content=\"Arnaldo Botto\" \/>\n<meta name=\"twitter:card\" content=\"summary_large_image\" \/>\n<script type=\"application\/ld+json\" class=\"yoast-schema-graph\">{\"@context\":\"https:\/\/schema.org\",\"@graph\":[{\"@type\":\"WebPage\",\"@id\":\"https:\/\/www.noticiasradioreflejos.com.ar\/2021\/nota-de-agradecimiento-4\/\",\"url\":\"https:\/\/www.noticiasradioreflejos.com.ar\/2021\/nota-de-agradecimiento-4\/\",\"name\":\"Nota de agradecimiento - Noticias Radio Reflejos\",\"isPartOf\":{\"@id\":\"https:\/\/www.noticiasradioreflejos.com.ar\/2021\/#website\"},\"primaryImageOfPage\":{\"@id\":\"https:\/\/www.noticiasradioreflejos.com.ar\/2021\/nota-de-agradecimiento-4\/#primaryimage\"},\"image\":{\"@id\":\"https:\/\/www.noticiasradioreflejos.com.ar\/2021\/nota-de-agradecimiento-4\/#primaryimage\"},\"thumbnailUrl\":\"https:\/\/www.noticiasradioreflejos.com.ar\/2021\/wp-content\/uploads\/2020\/04\/Agradecimiento.png\",\"datePublished\":\"2022-06-23T14:43:51+00:00\",\"author\":{\"@id\":\"https:\/\/www.noticiasradioreflejos.com.ar\/2021\/#\/schema\/person\/ad82545263dcc5ec0996818884fd5fb1\"},\"breadcrumb\":{\"@id\":\"https:\/\/www.noticiasradioreflejos.com.ar\/2021\/nota-de-agradecimiento-4\/#breadcrumb\"},\"inLanguage\":\"es\",\"potentialAction\":[{\"@type\":\"ReadAction\",\"target\":[\"https:\/\/www.noticiasradioreflejos.com.ar\/2021\/nota-de-agradecimiento-4\/\"]}]},{\"@type\":\"ImageObject\",\"inLanguage\":\"es\",\"@id\":\"https:\/\/www.noticiasradioreflejos.com.ar\/2021\/nota-de-agradecimiento-4\/#primaryimage\",\"url\":\"https:\/\/www.noticiasradioreflejos.com.ar\/2021\/wp-content\/uploads\/2020\/04\/Agradecimiento.png\",\"contentUrl\":\"https:\/\/www.noticiasradioreflejos.com.ar\/2021\/wp-content\/uploads\/2020\/04\/Agradecimiento.png\",\"width\":619,\"height\":430},{\"@type\":\"BreadcrumbList\",\"@id\":\"https:\/\/www.noticiasradioreflejos.com.ar\/2021\/nota-de-agradecimiento-4\/#breadcrumb\",\"itemListElement\":[{\"@type\":\"ListItem\",\"position\":1,\"name\":\"Portada\",\"item\":\"https:\/\/www.noticiasradioreflejos.com.ar\/2021\/\"},{\"@type\":\"ListItem\",\"position\":2,\"name\":\"Nota de agradecimiento\"}]},{\"@type\":\"WebSite\",\"@id\":\"https:\/\/www.noticiasradioreflejos.com.ar\/2021\/#website\",\"url\":\"https:\/\/www.noticiasradioreflejos.com.ar\/2021\/\",\"name\":\"Noticias Radio Reflejos\",\"description\":\"Las noticias de mi comarca\",\"potentialAction\":[{\"@type\":\"SearchAction\",\"target\":{\"@type\":\"EntryPoint\",\"urlTemplate\":\"https:\/\/www.noticiasradioreflejos.com.ar\/2021\/?s={search_term_string}\"},\"query-input\":{\"@type\":\"PropertyValueSpecification\",\"valueRequired\":true,\"valueName\":\"search_term_string\"}}],\"inLanguage\":\"es\"},{\"@type\":\"Person\",\"@id\":\"https:\/\/www.noticiasradioreflejos.com.ar\/2021\/#\/schema\/person\/ad82545263dcc5ec0996818884fd5fb1\",\"name\":\"Arnaldo Botto\",\"image\":{\"@type\":\"ImageObject\",\"inLanguage\":\"es\",\"@id\":\"https:\/\/www.noticiasradioreflejos.com.ar\/2021\/#\/schema\/person\/image\/\",\"url\":\"https:\/\/secure.gravatar.com\/avatar\/55cb5e37c1efa326397366e6974cb338056df65cb50e7d64d1cf314e87504837?s=96&d=mm&r=g\",\"contentUrl\":\"https:\/\/secure.gravatar.com\/avatar\/55cb5e37c1efa326397366e6974cb338056df65cb50e7d64d1cf314e87504837?s=96&d=mm&r=g\",\"caption\":\"Arnaldo Botto\"},\"url\":\"https:\/\/www.noticiasradioreflejos.com.ar\/2021\/author\/arnaldo\/\"}]}<\/script>\n<!-- \/ Yoast SEO plugin. -->","yoast_head_json":{"title":"Nota de agradecimiento - Noticias Radio Reflejos","robots":{"index":"index","follow":"follow","max-snippet":"max-snippet:-1","max-image-preview":"max-image-preview:large","max-video-preview":"max-video-preview:-1"},"canonical":"https:\/\/www.noticiasradioreflejos.com.ar\/2021\/nota-de-agradecimiento-4\/","og_locale":"es_ES","og_type":"article","og_title":"Nota de agradecimiento - Noticias Radio Reflejos","og_description":"Por este medio, quiero hacer p\u00fablico mi agradecimiento al Dr. Fernando Aldaya, al chofer Leo Moyano, a las enfermeras Estefan\u00eda y\u00a0 Sol que estaban de guardia el d\u00eda domingo 19\/6 a las 22:40 hs aproximadamente, cuando mi marido e hijo me llevan de urgencia a la sala ante un cuadro agudo de Anafilaxia que me [&hellip;]","og_url":"https:\/\/www.noticiasradioreflejos.com.ar\/2021\/nota-de-agradecimiento-4\/","og_site_name":"Noticias Radio Reflejos","article_published_time":"2022-06-23T14:43:51+00:00","og_image":[{"width":619,"height":430,"url":"https:\/\/www.noticiasradioreflejos.com.ar\/2021\/wp-content\/uploads\/2020\/04\/Agradecimiento.png","type":"image\/png"}],"author":"Arnaldo Botto","twitter_card":"summary_large_image","schema":{"@context":"https:\/\/schema.org","@graph":[{"@type":"WebPage","@id":"https:\/\/www.noticiasradioreflejos.com.ar\/2021\/nota-de-agradecimiento-4\/","url":"https:\/\/www.noticiasradioreflejos.com.ar\/2021\/nota-de-agradecimiento-4\/","name":"Nota de agradecimiento - Noticias Radio Reflejos","isPartOf":{"@id":"https:\/\/www.noticiasradioreflejos.com.ar\/2021\/#website"},"primaryImageOfPage":{"@id":"https:\/\/www.noticiasradioreflejos.com.ar\/2021\/nota-de-agradecimiento-4\/#primaryimage"},"image":{"@id":"https:\/\/www.noticiasradioreflejos.com.ar\/2021\/nota-de-agradecimiento-4\/#primaryimage"},"thumbnailUrl":"https:\/\/www.noticiasradioreflejos.com.ar\/2021\/wp-content\/uploads\/2020\/04\/Agradecimiento.png","datePublished":"2022-06-23T14:43:51+00:00","author":{"@id":"https:\/\/www.noticiasradioreflejos.com.ar\/2021\/#\/schema\/person\/ad82545263dcc5ec0996818884fd5fb1"},"breadcrumb":{"@id":"https:\/\/www.noticiasradioreflejos.com.ar\/2021\/nota-de-agradecimiento-4\/#breadcrumb"},"inLanguage":"es","potentialAction":[{"@type":"ReadAction","target":["https:\/\/www.noticiasradioreflejos.com.ar\/2021\/nota-de-agradecimiento-4\/"]}]},{"@type":"ImageObject","inLanguage":"es","@id":"https:\/\/www.noticiasradioreflejos.com.ar\/2021\/nota-de-agradecimiento-4\/#primaryimage","url":"https:\/\/www.noticiasradioreflejos.com.ar\/2021\/wp-content\/uploads\/2020\/04\/Agradecimiento.png","contentUrl":"https:\/\/www.noticiasradioreflejos.com.ar\/2021\/wp-content\/uploads\/2020\/04\/Agradecimiento.png","width":619,"height":430},{"@type":"BreadcrumbList","@id":"https:\/\/www.noticiasradioreflejos.com.ar\/2021\/nota-de-agradecimiento-4\/#breadcrumb","itemListElement":[{"@type":"ListItem","position":1,"name":"Portada","item":"https:\/\/www.noticiasradioreflejos.com.ar\/2021\/"},{"@type":"ListItem","position":2,"name":"Nota de agradecimiento"}]},{"@type":"WebSite","@id":"https:\/\/www.noticiasradioreflejos.com.ar\/2021\/#website","url":"https:\/\/www.noticiasradioreflejos.com.ar\/2021\/","name":"Noticias Radio Reflejos","description":"Las noticias de mi comarca","potentialAction":[{"@type":"SearchAction","target":{"@type":"EntryPoint","urlTemplate":"https:\/\/www.noticiasradioreflejos.com.ar\/2021\/?s={search_term_string}"},"query-input":{"@type":"PropertyValueSpecification","valueRequired":true,"valueName":"search_term_string"}}],"inLanguage":"es"},{"@type":"Person","@id":"https:\/\/www.noticiasradioreflejos.com.ar\/2021\/#\/schema\/person\/ad82545263dcc5ec0996818884fd5fb1","name":"Arnaldo Botto","image":{"@type":"ImageObject","inLanguage":"es","@id":"https:\/\/www.noticiasradioreflejos.com.ar\/2021\/#\/schema\/person\/image\/","url":"https:\/\/secure.gravatar.com\/avatar\/55cb5e37c1efa326397366e6974cb338056df65cb50e7d64d1cf314e87504837?s=96&d=mm&r=g","contentUrl":"https:\/\/secure.gravatar.com\/avatar\/55cb5e37c1efa326397366e6974cb338056df65cb50e7d64d1cf314e87504837?s=96&d=mm&r=g","caption":"Arnaldo Botto"},"url":"https:\/\/www.noticiasradioreflejos.com.ar\/2021\/author\/arnaldo\/"}]}},"_links":{"self":[{"href":"https:\/\/www.noticiasradioreflejos.com.ar\/2021\/wp-json\/wp\/v2\/posts\/74102","targetHints":{"allow":["GET"]}}],"collection":[{"href":"https:\/\/www.noticiasradioreflejos.com.ar\/2021\/wp-json\/wp\/v2\/posts"}],"about":[{"href":"https:\/\/www.noticiasradioreflejos.com.ar\/2021\/wp-json\/wp\/v2\/types\/post"}],"author":[{"embeddable":true,"href":"https:\/\/www.noticiasradioreflejos.com.ar\/2021\/wp-json\/wp\/v2\/users\/3"}],"replies":[{"embeddable":true,"href":"https:\/\/www.noticiasradioreflejos.com.ar\/2021\/wp-json\/wp\/v2\/comments?post=74102"}],"version-history":[{"count":1,"href":"https:\/\/www.noticiasradioreflejos.com.ar\/2021\/wp-json\/wp\/v2\/posts\/74102\/revisions"}],"predecessor-version":[{"id":74103,"href":"https:\/\/www.noticiasradioreflejos.com.ar\/2021\/wp-json\/wp\/v2\/posts\/74102\/revisions\/74103"}],"wp:featuredmedia":[{"embeddable":true,"href":"https:\/\/www.noticiasradioreflejos.com.ar\/2021\/wp-json\/wp\/v2\/media\/40642"}],"wp:attachment":[{"href":"https:\/\/www.noticiasradioreflejos.com.ar\/2021\/wp-json\/wp\/v2\/media?parent=74102"}],"wp:term":[{"taxonomy":"category","embeddable":true,"href":"https:\/\/www.noticiasradioreflejos.com.ar\/2021\/wp-json\/wp\/v2\/categories?post=74102"},{"taxonomy":"post_tag","embeddable":true,"href":"https:\/\/www.noticiasradioreflejos.com.ar\/2021\/wp-json\/wp\/v2\/tags?post=74102"}],"curies":[{"name":"wp","href":"https:\/\/api.w.org\/{rel}","templated":true}]}}