{"id":74099,"date":"2022-06-23T13:38:27","date_gmt":"2022-06-23T13:38:27","guid":{"rendered":"http:\/\/www.noticiasradioreflejos.com.ar\/2021\/?p=74099"},"modified":"2022-06-23T13:38:27","modified_gmt":"2022-06-23T13:38:27","slug":"unos-58-alumnos-resultaron-intoxicados-con-monoxido-de-carbono-en-una-escuela-de-chubut","status":"publish","type":"post","link":"https:\/\/www.noticiasradioreflejos.com.ar\/2021\/unos-58-alumnos-resultaron-intoxicados-con-monoxido-de-carbono-en-una-escuela-de-chubut\/","title":{"rendered":"Unos 58 alumnos resultaron intoxicados con mon\u00f3xido de carbono en una escuela de Chubut"},"content":{"rendered":"<div class=\"wrapper-header\">\n<div class=\"container-xl\">\n<div class=\"row\">\n<div class=\"col-12\">\n<div class=\"head-content mb-4\">\n<div class=\"volanta\"><\/div>\n<div class=\"my-3\">\n<div class=\"social mt-3\">Sucedi\u00f3 en la escuela 7719 ubicada en la aldea \u00abBuenos Aires chico\u00bb dentro del ejido municipal de la localidad cordillerana de El Mait\u00e9n, ubicada en el departamento Cushamen. Hay 19 chicos internados en observaci\u00f3n.<\/div>\n<\/div>\n<\/div>\n<\/div>\n<\/div>\n<\/div>\n<\/div>\n<p><!--more--><\/p>\n<div class=\"wrapper-editable-content\">\n<div>\n<div class=\"wrapper-editable-content\">\n<div>\n<div class=\"container-md\">\n<div class=\"row\">\n<div class=\"col-md-12 speak\">\n<div class=\"paragraph\">\n<figure class=\"mb-3\"><img decoding=\"async\" src=\"https:\/\/www.telam.com.ar\/thumbs\/bluesteel\/advf\/imagenes\/2022\/06\/62b459e2064f4_900.jpg\" alt=\"La escuela est ubicada en la aldea Buenos Aires chico dentro del ejido municipal de la localidad cordillerana de El Maitn en el departamento Cushamen a orillas del ro Chubut \" width=\"100%\" height=\"100%\" \/><\/p>\n<div class=\"media-icons\"><\/div><figcaption>La escuela est\u00e1 ubicada en la aldea \u00abBuenos Aires chico\u00bb dentro del ejido municipal de la localidad cordillerana de El Mait\u00e9n, en el departamento Cushamen, a orillas del r\u00edo Chubut.<\/figcaption><\/figure>\n<p>Al menos 58 alumnos de una escuela de la localidad chubutense de El Mait\u00e9n fueron atendidos en la guardia de un hospital, con s\u00edntomas de intoxicaci\u00f3n por mon\u00f3xido de carbono, de los cuales 19 quedaron internados en observaci\u00f3n, seg\u00fan confirmaron fuentes del gobierno provincial.<\/p>\n<p>Se trata de la escuela 7719 ubicada en la aldea\u00a0<strong>\u00abBuenos Aires chico\u00bb<\/strong>\u00a0dentro del ejido municipal de la localidad cordillerana de El Mait\u00e9n, ubicada en el departamento Cushamen, a orillas del r\u00edo Chubut.<\/p>\n<p>El parte detalla que\u00a0<strong>\u00abdesde el Hospital se inform\u00f3 que se atendieron por guardia 58 personas -de entre 12 y 18 a\u00f1os- de los cuales hay 19 internados todos con s\u00edntomas leves; las principales consultas se realizaron por cefaleas, n\u00e1useas y v\u00f3mitos, todos asistidos en el Hospital por el equipo m\u00e9dico y de enfermer\u00eda\u00bb<\/strong>.<\/p>\n<p>\u00abHay 7 ni\u00f1os dados de alta con pautas de alarma y 19 internados, la mayor\u00eda se encuentra en recuperaci\u00f3n\u00bb, sostiene el informe m\u00e9dico.<\/p>\n<p>Y continu\u00f3: \u00abel primer caso se registra alrededor de las 18 horas, donde se solicita la ambulancia por un alumno que hab\u00eda perdido el conocimiento y a partir de ese momento comenzaron a concurrir al nosocomio\u00bb.<\/p>\n<p>\u00abYa siendo la medianoche se toma conocimiento que se atendieron a todos los alumnos que asistieron por la guardia, por lo que la situaci\u00f3n se encuentra controlada\u00bb, finaliz\u00f3 el informe.<\/p>\n<p>Fuentes del ministerio de educaci\u00f3n consultados por T\u00e9lam indicaron que \u00abdesde la delegaci\u00f3n de obras p\u00fablicas de la comarca andina se realizar\u00e1 este jueves una inspecci\u00f3n t\u00e9cnica en el lugar\u00bb.<\/p><\/div>\n<\/div>\n<\/div>\n<\/div>\n<\/div>\n<\/div>\n<\/div>\n<\/div>\n","protected":false},"excerpt":{"rendered":"<p>Sucedi\u00f3 en la escuela 7719 ubicada en la aldea \u00abBuenos Aires chico\u00bb dentro del ejido municipal de la localidad cordillerana de El Mait\u00e9n, ubicada en el departamento Cushamen. Hay 19 chicos internados en observaci\u00f3n.<\/p>\n","protected":false},"author":3,"featured_media":0,"comment_status":"closed","ping_status":"closed","sticky":false,"template":"","format":"standard","meta":{"footnotes":""},"categories":[34,26],"tags":[],"class_list":["post-74099","post","type-post","status-publish","format-standard","hentry","category-educacion","category-sociedad"],"yoast_head":"<!-- This site is optimized with the Yoast SEO plugin v25.9 - https:\/\/yoast.com\/wordpress\/plugins\/seo\/ -->\n<title>Unos 58 alumnos resultaron intoxicados con mon\u00f3xido de carbono en una escuela de Chubut - Noticias Radio Reflejos<\/title>\n<meta name=\"robots\" content=\"index, follow, max-snippet:-1, max-image-preview:large, max-video-preview:-1\" \/>\n<link rel=\"canonical\" href=\"https:\/\/www.noticiasradioreflejos.com.ar\/2021\/unos-58-alumnos-resultaron-intoxicados-con-monoxido-de-carbono-en-una-escuela-de-chubut\/\" \/>\n<meta property=\"og:locale\" content=\"es_ES\" \/>\n<meta property=\"og:type\" content=\"article\" \/>\n<meta property=\"og:title\" content=\"Unos 58 alumnos resultaron intoxicados con mon\u00f3xido de carbono en una escuela de Chubut - Noticias Radio Reflejos\" \/>\n<meta property=\"og:description\" content=\"Sucedi\u00f3 en la escuela 7719 ubicada en la aldea \u00abBuenos Aires chico\u00bb dentro del ejido municipal de la localidad cordillerana de El Mait\u00e9n, ubicada en el departamento Cushamen. Hay 19 chicos internados en observaci\u00f3n.\" \/>\n<meta property=\"og:url\" content=\"https:\/\/www.noticiasradioreflejos.com.ar\/2021\/unos-58-alumnos-resultaron-intoxicados-con-monoxido-de-carbono-en-una-escuela-de-chubut\/\" \/>\n<meta property=\"og:site_name\" content=\"Noticias Radio Reflejos\" \/>\n<meta property=\"article:published_time\" content=\"2022-06-23T13:38:27+00:00\" \/>\n<meta property=\"og:image\" content=\"https:\/\/www.telam.com.ar\/thumbs\/bluesteel\/advf\/imagenes\/2022\/06\/62b459e2064f4_900.jpg\" \/>\n<meta name=\"author\" content=\"Arnaldo Botto\" \/>\n<meta name=\"twitter:card\" content=\"summary_large_image\" \/>\n<script type=\"application\/ld+json\" class=\"yoast-schema-graph\">{\"@context\":\"https:\/\/schema.org\",\"@graph\":[{\"@type\":\"WebPage\",\"@id\":\"https:\/\/www.noticiasradioreflejos.com.ar\/2021\/unos-58-alumnos-resultaron-intoxicados-con-monoxido-de-carbono-en-una-escuela-de-chubut\/\",\"url\":\"https:\/\/www.noticiasradioreflejos.com.ar\/2021\/unos-58-alumnos-resultaron-intoxicados-con-monoxido-de-carbono-en-una-escuela-de-chubut\/\",\"name\":\"Unos 58 alumnos resultaron intoxicados con mon\u00f3xido de carbono en una escuela de Chubut - Noticias Radio Reflejos\",\"isPartOf\":{\"@id\":\"https:\/\/www.noticiasradioreflejos.com.ar\/2021\/#website\"},\"primaryImageOfPage\":{\"@id\":\"https:\/\/www.noticiasradioreflejos.com.ar\/2021\/unos-58-alumnos-resultaron-intoxicados-con-monoxido-de-carbono-en-una-escuela-de-chubut\/#primaryimage\"},\"image\":{\"@id\":\"https:\/\/www.noticiasradioreflejos.com.ar\/2021\/unos-58-alumnos-resultaron-intoxicados-con-monoxido-de-carbono-en-una-escuela-de-chubut\/#primaryimage\"},\"thumbnailUrl\":\"https:\/\/www.telam.com.ar\/thumbs\/bluesteel\/advf\/imagenes\/2022\/06\/62b459e2064f4_900.jpg\",\"datePublished\":\"2022-06-23T13:38:27+00:00\",\"author\":{\"@id\":\"https:\/\/www.noticiasradioreflejos.com.ar\/2021\/#\/schema\/person\/ad82545263dcc5ec0996818884fd5fb1\"},\"breadcrumb\":{\"@id\":\"https:\/\/www.noticiasradioreflejos.com.ar\/2021\/unos-58-alumnos-resultaron-intoxicados-con-monoxido-de-carbono-en-una-escuela-de-chubut\/#breadcrumb\"},\"inLanguage\":\"es\",\"potentialAction\":[{\"@type\":\"ReadAction\",\"target\":[\"https:\/\/www.noticiasradioreflejos.com.ar\/2021\/unos-58-alumnos-resultaron-intoxicados-con-monoxido-de-carbono-en-una-escuela-de-chubut\/\"]}]},{\"@type\":\"ImageObject\",\"inLanguage\":\"es\",\"@id\":\"https:\/\/www.noticiasradioreflejos.com.ar\/2021\/unos-58-alumnos-resultaron-intoxicados-con-monoxido-de-carbono-en-una-escuela-de-chubut\/#primaryimage\",\"url\":\"https:\/\/www.telam.com.ar\/thumbs\/bluesteel\/advf\/imagenes\/2022\/06\/62b459e2064f4_900.jpg\",\"contentUrl\":\"https:\/\/www.telam.com.ar\/thumbs\/bluesteel\/advf\/imagenes\/2022\/06\/62b459e2064f4_900.jpg\"},{\"@type\":\"BreadcrumbList\",\"@id\":\"https:\/\/www.noticiasradioreflejos.com.ar\/2021\/unos-58-alumnos-resultaron-intoxicados-con-monoxido-de-carbono-en-una-escuela-de-chubut\/#breadcrumb\",\"itemListElement\":[{\"@type\":\"ListItem\",\"position\":1,\"name\":\"Portada\",\"item\":\"https:\/\/www.noticiasradioreflejos.com.ar\/2021\/\"},{\"@type\":\"ListItem\",\"position\":2,\"name\":\"Unos 58 alumnos resultaron intoxicados con mon\u00f3xido de carbono en una escuela de Chubut\"}]},{\"@type\":\"WebSite\",\"@id\":\"https:\/\/www.noticiasradioreflejos.com.ar\/2021\/#website\",\"url\":\"https:\/\/www.noticiasradioreflejos.com.ar\/2021\/\",\"name\":\"Noticias Radio Reflejos\",\"description\":\"Las noticias de mi comarca\",\"potentialAction\":[{\"@type\":\"SearchAction\",\"target\":{\"@type\":\"EntryPoint\",\"urlTemplate\":\"https:\/\/www.noticiasradioreflejos.com.ar\/2021\/?s={search_term_string}\"},\"query-input\":{\"@type\":\"PropertyValueSpecification\",\"valueRequired\":true,\"valueName\":\"search_term_string\"}}],\"inLanguage\":\"es\"},{\"@type\":\"Person\",\"@id\":\"https:\/\/www.noticiasradioreflejos.com.ar\/2021\/#\/schema\/person\/ad82545263dcc5ec0996818884fd5fb1\",\"name\":\"Arnaldo Botto\",\"image\":{\"@type\":\"ImageObject\",\"inLanguage\":\"es\",\"@id\":\"https:\/\/www.noticiasradioreflejos.com.ar\/2021\/#\/schema\/person\/image\/\",\"url\":\"https:\/\/secure.gravatar.com\/avatar\/55cb5e37c1efa326397366e6974cb338056df65cb50e7d64d1cf314e87504837?s=96&d=mm&r=g\",\"contentUrl\":\"https:\/\/secure.gravatar.com\/avatar\/55cb5e37c1efa326397366e6974cb338056df65cb50e7d64d1cf314e87504837?s=96&d=mm&r=g\",\"caption\":\"Arnaldo Botto\"},\"url\":\"https:\/\/www.noticiasradioreflejos.com.ar\/2021\/author\/arnaldo\/\"}]}<\/script>\n<!-- \/ Yoast SEO plugin. -->","yoast_head_json":{"title":"Unos 58 alumnos resultaron intoxicados con mon\u00f3xido de carbono en una escuela de Chubut - Noticias Radio Reflejos","robots":{"index":"index","follow":"follow","max-snippet":"max-snippet:-1","max-image-preview":"max-image-preview:large","max-video-preview":"max-video-preview:-1"},"canonical":"https:\/\/www.noticiasradioreflejos.com.ar\/2021\/unos-58-alumnos-resultaron-intoxicados-con-monoxido-de-carbono-en-una-escuela-de-chubut\/","og_locale":"es_ES","og_type":"article","og_title":"Unos 58 alumnos resultaron intoxicados con mon\u00f3xido de carbono en una escuela de Chubut - Noticias Radio Reflejos","og_description":"Sucedi\u00f3 en la escuela 7719 ubicada en la aldea \u00abBuenos Aires chico\u00bb dentro del ejido municipal de la localidad cordillerana de El Mait\u00e9n, ubicada en el departamento Cushamen. Hay 19 chicos internados en observaci\u00f3n.","og_url":"https:\/\/www.noticiasradioreflejos.com.ar\/2021\/unos-58-alumnos-resultaron-intoxicados-con-monoxido-de-carbono-en-una-escuela-de-chubut\/","og_site_name":"Noticias Radio Reflejos","article_published_time":"2022-06-23T13:38:27+00:00","og_image":[{"url":"https:\/\/www.telam.com.ar\/thumbs\/bluesteel\/advf\/imagenes\/2022\/06\/62b459e2064f4_900.jpg","type":"","width":"","height":""}],"author":"Arnaldo Botto","twitter_card":"summary_large_image","schema":{"@context":"https:\/\/schema.org","@graph":[{"@type":"WebPage","@id":"https:\/\/www.noticiasradioreflejos.com.ar\/2021\/unos-58-alumnos-resultaron-intoxicados-con-monoxido-de-carbono-en-una-escuela-de-chubut\/","url":"https:\/\/www.noticiasradioreflejos.com.ar\/2021\/unos-58-alumnos-resultaron-intoxicados-con-monoxido-de-carbono-en-una-escuela-de-chubut\/","name":"Unos 58 alumnos resultaron intoxicados con mon\u00f3xido de carbono en una escuela de Chubut - Noticias Radio Reflejos","isPartOf":{"@id":"https:\/\/www.noticiasradioreflejos.com.ar\/2021\/#website"},"primaryImageOfPage":{"@id":"https:\/\/www.noticiasradioreflejos.com.ar\/2021\/unos-58-alumnos-resultaron-intoxicados-con-monoxido-de-carbono-en-una-escuela-de-chubut\/#primaryimage"},"image":{"@id":"https:\/\/www.noticiasradioreflejos.com.ar\/2021\/unos-58-alumnos-resultaron-intoxicados-con-monoxido-de-carbono-en-una-escuela-de-chubut\/#primaryimage"},"thumbnailUrl":"https:\/\/www.telam.com.ar\/thumbs\/bluesteel\/advf\/imagenes\/2022\/06\/62b459e2064f4_900.jpg","datePublished":"2022-06-23T13:38:27+00:00","author":{"@id":"https:\/\/www.noticiasradioreflejos.com.ar\/2021\/#\/schema\/person\/ad82545263dcc5ec0996818884fd5fb1"},"breadcrumb":{"@id":"https:\/\/www.noticiasradioreflejos.com.ar\/2021\/unos-58-alumnos-resultaron-intoxicados-con-monoxido-de-carbono-en-una-escuela-de-chubut\/#breadcrumb"},"inLanguage":"es","potentialAction":[{"@type":"ReadAction","target":["https:\/\/www.noticiasradioreflejos.com.ar\/2021\/unos-58-alumnos-resultaron-intoxicados-con-monoxido-de-carbono-en-una-escuela-de-chubut\/"]}]},{"@type":"ImageObject","inLanguage":"es","@id":"https:\/\/www.noticiasradioreflejos.com.ar\/2021\/unos-58-alumnos-resultaron-intoxicados-con-monoxido-de-carbono-en-una-escuela-de-chubut\/#primaryimage","url":"https:\/\/www.telam.com.ar\/thumbs\/bluesteel\/advf\/imagenes\/2022\/06\/62b459e2064f4_900.jpg","contentUrl":"https:\/\/www.telam.com.ar\/thumbs\/bluesteel\/advf\/imagenes\/2022\/06\/62b459e2064f4_900.jpg"},{"@type":"BreadcrumbList","@id":"https:\/\/www.noticiasradioreflejos.com.ar\/2021\/unos-58-alumnos-resultaron-intoxicados-con-monoxido-de-carbono-en-una-escuela-de-chubut\/#breadcrumb","itemListElement":[{"@type":"ListItem","position":1,"name":"Portada","item":"https:\/\/www.noticiasradioreflejos.com.ar\/2021\/"},{"@type":"ListItem","position":2,"name":"Unos 58 alumnos resultaron intoxicados con mon\u00f3xido de carbono en una escuela de Chubut"}]},{"@type":"WebSite","@id":"https:\/\/www.noticiasradioreflejos.com.ar\/2021\/#website","url":"https:\/\/www.noticiasradioreflejos.com.ar\/2021\/","name":"Noticias Radio Reflejos","description":"Las noticias de mi comarca","potentialAction":[{"@type":"SearchAction","target":{"@type":"EntryPoint","urlTemplate":"https:\/\/www.noticiasradioreflejos.com.ar\/2021\/?s={search_term_string}"},"query-input":{"@type":"PropertyValueSpecification","valueRequired":true,"valueName":"search_term_string"}}],"inLanguage":"es"},{"@type":"Person","@id":"https:\/\/www.noticiasradioreflejos.com.ar\/2021\/#\/schema\/person\/ad82545263dcc5ec0996818884fd5fb1","name":"Arnaldo Botto","image":{"@type":"ImageObject","inLanguage":"es","@id":"https:\/\/www.noticiasradioreflejos.com.ar\/2021\/#\/schema\/person\/image\/","url":"https:\/\/secure.gravatar.com\/avatar\/55cb5e37c1efa326397366e6974cb338056df65cb50e7d64d1cf314e87504837?s=96&d=mm&r=g","contentUrl":"https:\/\/secure.gravatar.com\/avatar\/55cb5e37c1efa326397366e6974cb338056df65cb50e7d64d1cf314e87504837?s=96&d=mm&r=g","caption":"Arnaldo Botto"},"url":"https:\/\/www.noticiasradioreflejos.com.ar\/2021\/author\/arnaldo\/"}]}},"_links":{"self":[{"href":"https:\/\/www.noticiasradioreflejos.com.ar\/2021\/wp-json\/wp\/v2\/posts\/74099","targetHints":{"allow":["GET"]}}],"collection":[{"href":"https:\/\/www.noticiasradioreflejos.com.ar\/2021\/wp-json\/wp\/v2\/posts"}],"about":[{"href":"https:\/\/www.noticiasradioreflejos.com.ar\/2021\/wp-json\/wp\/v2\/types\/post"}],"author":[{"embeddable":true,"href":"https:\/\/www.noticiasradioreflejos.com.ar\/2021\/wp-json\/wp\/v2\/users\/3"}],"replies":[{"embeddable":true,"href":"https:\/\/www.noticiasradioreflejos.com.ar\/2021\/wp-json\/wp\/v2\/comments?post=74099"}],"version-history":[{"count":1,"href":"https:\/\/www.noticiasradioreflejos.com.ar\/2021\/wp-json\/wp\/v2\/posts\/74099\/revisions"}],"predecessor-version":[{"id":74101,"href":"https:\/\/www.noticiasradioreflejos.com.ar\/2021\/wp-json\/wp\/v2\/posts\/74099\/revisions\/74101"}],"wp:attachment":[{"href":"https:\/\/www.noticiasradioreflejos.com.ar\/2021\/wp-json\/wp\/v2\/media?parent=74099"}],"wp:term":[{"taxonomy":"category","embeddable":true,"href":"https:\/\/www.noticiasradioreflejos.com.ar\/2021\/wp-json\/wp\/v2\/categories?post=74099"},{"taxonomy":"post_tag","embeddable":true,"href":"https:\/\/www.noticiasradioreflejos.com.ar\/2021\/wp-json\/wp\/v2\/tags?post=74099"}],"curies":[{"name":"wp","href":"https:\/\/api.w.org\/{rel}","templated":true}]}}