{"id":74049,"date":"2022-06-22T16:40:15","date_gmt":"2022-06-22T16:40:15","guid":{"rendered":"http:\/\/www.noticiasradioreflejos.com.ar\/2021\/?p=74049"},"modified":"2022-06-22T16:40:15","modified_gmt":"2022-06-22T16:40:15","slug":"la-afa-y-la-liga-profesional-recuerdan-a-maradona-en-el-dia-del-futbolista","status":"publish","type":"post","link":"https:\/\/www.noticiasradioreflejos.com.ar\/2021\/la-afa-y-la-liga-profesional-recuerdan-a-maradona-en-el-dia-del-futbolista\/","title":{"rendered":"La AFA y la Liga Profesional recuerdan a Maradona en el \u00abD\u00eda del Futbolista\u00bb"},"content":{"rendered":"<p>El D\u00eda del Futbolista Argentino se festejaba el 14 de mayo, pero en agosto de 2020 Futbolistas Argentinos Agremiados promovi\u00f3 cambiar la fecha para el 22 de junio, cuando Diego marc\u00f3 el segundo gol a Inglaterra en los cuartos de final de M\u00e9xico 1986.<!--more--><\/p>\n<figure class=\"mb-3\"><img decoding=\"async\" src=\"https:\/\/www.telam.com.ar\/thumbs\/bluesteel\/advf\/imagenes\/2022\/06\/62b2fc1f544a1_900.jpg\" alt=\"Diego Maradona festeja su obra maestra ante Inglaterra en 1986 \" width=\"100%\" height=\"100%\" \/><\/p>\n<div class=\"media-icons\"><\/div><figcaption>Diego Maradona festeja su obra maestra ante Inglaterra en 1986.<\/figcaption><\/figure>\n<p>La Asociaci\u00f3n del F\u00fatbol Argentino (AFA) y la Liga Profesional de F\u00fatbol (LPF) recordaron este mi\u00e9rcoles el \u00abGol del Siglo\u00bb convertido por Diego Armando Maradona a Inglaterra y que desde 2020 se convirti\u00f3 en la nueva fecha de celebraci\u00f3n del \u00abD\u00eda del Futbolista Argentino\u00bb.<\/p>\n<p>\u00abEn homenaje al segundo gol de Diego Maradona a los ingleses en M\u00e9xico 86, hoy se celebra el D\u00eda del Futbolista Argentino\u00bb, public\u00f3 la cuenta oficial de la AFA.<\/p>\n<blockquote class=\"twitter-tweet\" data-width=\"500\" data-dnt=\"true\">\n<p lang=\"es\" dir=\"ltr\"><a href=\"https:\/\/twitter.com\/hashtag\/Efem%C3%A9rides?src=hash&amp;ref_src=twsrc%5Etfw\">#Efem\u00e9rides<\/a> \ud83e\uddd0 En homenaje al segundo gol de Diego <a href=\"https:\/\/twitter.com\/hashtag\/Maradona?src=hash&amp;ref_src=twsrc%5Etfw\">#Maradona<\/a> a los ingleses en M\u00e9xico 86, hoy se celebra el D\u00eda del Futbolista Argentino \ud83c\udde6\ud83c\uddf7 \u26bd<\/p>\n<p>\ud83d\udcdd <a href=\"https:\/\/t.co\/Z92tx5wcfg\">https:\/\/t.co\/Z92tx5wcfg<\/a> <a href=\"https:\/\/t.co\/8gu6bRZLxT\">pic.twitter.com\/8gu6bRZLxT<\/a><\/p>\n<p>&mdash; AFA (@afa) <a href=\"https:\/\/twitter.com\/afa\/status\/1539590797804408832?ref_src=twsrc%5Etfw\">June 22, 2022<\/a><\/p><\/blockquote>\n<p><script async src=\"https:\/\/platform.twitter.com\/widgets.js\" charset=\"utf-8\"><\/script><\/p>\n<p>\u00abTe extra\u00f1amos cada d\u00eda pero nos dejaste obras como esta, que inmortalizaron el D\u00eda del Futbolista Argentino. Gracias, Diego Eterno\u00bb, fue el mensaje que escribi\u00f3 la Liga Profesional con un saludo de \u00abtodos los jugadores\u00bb que participan de la Primera Divisi\u00f3n \u00aby de todo el f\u00fatbol argentino\u00bb.<\/p>\n<blockquote class=\"twitter-tweet\" data-width=\"500\" data-dnt=\"true\">\n<p lang=\"es\" dir=\"ltr\">Te extra\u00f1amos cada d\u00eda pero nos dejaste obras como esta, que inmortalizaron el <a href=\"https:\/\/twitter.com\/hashtag\/D%C3%ADaDelFutbolistaArgentino?src=hash&amp;ref_src=twsrc%5Etfw\">#D\u00edaDelFutbolistaArgentino<\/a> \ud83c\udde6\ud83c\uddf7 <br \/>Gracias, <a href=\"https:\/\/twitter.com\/hashtag\/DiegoEterno?src=hash&amp;ref_src=twsrc%5Etfw\">#DiegoEterno<\/a> \u267e\ud83d\udd1f <\/p>\n<p>\u00a1Feliz d\u00eda para todos los jugadores de la <a href=\"https:\/\/twitter.com\/hashtag\/LigaProfesional?src=hash&amp;ref_src=twsrc%5Etfw\">#LigaProfesional<\/a> y de todo el f\u00fatbol argentino! \ud83d\udcaa <a href=\"https:\/\/t.co\/vTZD72kB6k\">pic.twitter.com\/vTZD72kB6k<\/a><\/p>\n<p>&mdash; Liga Profesional de F\u00fatbol (@LigaAFA) <a href=\"https:\/\/twitter.com\/LigaAFA\/status\/1539578961444888577?ref_src=twsrc%5Etfw\">June 22, 2022<\/a><\/p><\/blockquote>\n<p><script async src=\"https:\/\/platform.twitter.com\/widgets.js\" charset=\"utf-8\"><\/script><\/p>\n<p>El D\u00eda del Futbolista Argentino se festejaba el 14 de mayo por el gol \u00abimposible\u00bb de Ernesto Grillo tambi\u00e9n ante Inglaterra en un amistoso disputado en 1953.<\/p>\n<p>Sin embargo, en agosto 2020, Futbolistas Argentinos Agremiados (FAA) promovi\u00f3 cambiar la fecha para el 22 de junio, d\u00eda en el que Maradona cambi\u00f3 la historia de los Mundiales con el segundo gol que le convirti\u00f3 a Inglaterra en los cuartos de final de M\u00e9xico 1986.<\/p>\n<figure class=\"mb-3\"><img decoding=\"async\" src=\"https:\/\/www.telam.com.ar\/thumbs\/bluesteel\/advf\/imagenes\/2022\/06\/62b2fc1f46155_900.jpg\" alt=\"Diego Maradona elude a Peter Shilton antes del convertir el mejor gol en la historia de los Mundiales \" width=\"100%\" height=\"100%\" \/><\/p>\n<div class=\"media-icons\"><\/div><figcaption>Diego Maradona elude a Peter Shilton antes del convertir el mejor gol en la historia de los Mundiales.<\/figcaption><\/figure>\n<p>El presidente de la AFA, Claudio Tapia, quien apoy\u00f3 y firm\u00f3 el cambio de fecha, tambi\u00e9n se sum\u00f3 a los saludos v\u00eda redes sociales.<br \/>\n\u00abA 36 a\u00f1os de la obra de arte m\u00e1s perfecta de la historia, feliz d\u00eda del futbolista argentino a quienes defienden la camiseta, y nos hacen sufrir y alegrarnos cada fin de semana\u00bb, escribi\u00f3 \u00abChiqui\u00bb Tapia en su cuenta personal de Twitter.<\/p>\n<blockquote class=\"twitter-tweet\" data-width=\"500\" data-dnt=\"true\">\n<p lang=\"es\" dir=\"ltr\">A 36 a\u00f1os de la obra de arte m\u00e1s perfecta de la historia, feliz d\u00eda del futbolista argentino a quienes defienden la camiseta, y nos hacen sufrir y alegrarnos cada fin de semana!! <a href=\"https:\/\/t.co\/pRBmktMz66\">pic.twitter.com\/pRBmktMz66<\/a><\/p>\n<p>&mdash; Chiqui Tapia (@tapiachiqui) <a href=\"https:\/\/twitter.com\/tapiachiqui\/status\/1539606545071124480?ref_src=twsrc%5Etfw\">June 22, 2022<\/a><\/p><\/blockquote>\n<p><script async src=\"https:\/\/platform.twitter.com\/widgets.js\" charset=\"utf-8\"><\/script><\/p>\n<p>&nbsp;<\/p>\n","protected":false},"excerpt":{"rendered":"<p>El D\u00eda del Futbolista Argentino se festejaba el 14 de mayo, pero en agosto de 2020 Futbolistas Argentinos Agremiados promovi\u00f3 cambiar la fecha para el 22 de junio, cuando Diego marc\u00f3 el segundo gol a Inglaterra en los cuartos de final de M\u00e9xico 1986.<\/p>\n","protected":false},"author":3,"featured_media":0,"comment_status":"closed","ping_status":"closed","sticky":false,"template":"","format":"standard","meta":{"footnotes":""},"categories":[27,26],"tags":[],"class_list":["post-74049","post","type-post","status-publish","format-standard","hentry","category-deportes","category-sociedad"],"yoast_head":"<!-- This site is optimized with the Yoast SEO plugin v25.9 - https:\/\/yoast.com\/wordpress\/plugins\/seo\/ -->\n<title>La AFA y la Liga Profesional recuerdan a Maradona en el &quot;D\u00eda del Futbolista&quot; - Noticias Radio Reflejos<\/title>\n<meta name=\"robots\" content=\"index, follow, max-snippet:-1, max-image-preview:large, max-video-preview:-1\" \/>\n<link rel=\"canonical\" href=\"https:\/\/www.noticiasradioreflejos.com.ar\/2021\/la-afa-y-la-liga-profesional-recuerdan-a-maradona-en-el-dia-del-futbolista\/\" \/>\n<meta property=\"og:locale\" content=\"es_ES\" \/>\n<meta property=\"og:type\" content=\"article\" \/>\n<meta property=\"og:title\" content=\"La AFA y la Liga Profesional recuerdan a Maradona en el &quot;D\u00eda del Futbolista&quot; - Noticias Radio Reflejos\" \/>\n<meta property=\"og:description\" content=\"El D\u00eda del Futbolista Argentino se festejaba el 14 de mayo, pero en agosto de 2020 Futbolistas Argentinos Agremiados promovi\u00f3 cambiar la fecha para el 22 de junio, cuando Diego marc\u00f3 el segundo gol a Inglaterra en los cuartos de final de M\u00e9xico 1986.\" \/>\n<meta property=\"og:url\" content=\"https:\/\/www.noticiasradioreflejos.com.ar\/2021\/la-afa-y-la-liga-profesional-recuerdan-a-maradona-en-el-dia-del-futbolista\/\" \/>\n<meta property=\"og:site_name\" content=\"Noticias Radio Reflejos\" \/>\n<meta property=\"article:published_time\" content=\"2022-06-22T16:40:15+00:00\" \/>\n<meta property=\"og:image\" content=\"https:\/\/www.telam.com.ar\/thumbs\/bluesteel\/advf\/imagenes\/2022\/06\/62b2fc1f544a1_900.jpg\" \/>\n<meta name=\"author\" content=\"Arnaldo Botto\" \/>\n<meta name=\"twitter:card\" content=\"summary_large_image\" \/>\n<script type=\"application\/ld+json\" class=\"yoast-schema-graph\">{\"@context\":\"https:\/\/schema.org\",\"@graph\":[{\"@type\":\"WebPage\",\"@id\":\"https:\/\/www.noticiasradioreflejos.com.ar\/2021\/la-afa-y-la-liga-profesional-recuerdan-a-maradona-en-el-dia-del-futbolista\/\",\"url\":\"https:\/\/www.noticiasradioreflejos.com.ar\/2021\/la-afa-y-la-liga-profesional-recuerdan-a-maradona-en-el-dia-del-futbolista\/\",\"name\":\"La AFA y la Liga Profesional recuerdan a Maradona en el \\\"D\u00eda del Futbolista\\\" - Noticias Radio Reflejos\",\"isPartOf\":{\"@id\":\"https:\/\/www.noticiasradioreflejos.com.ar\/2021\/#website\"},\"primaryImageOfPage\":{\"@id\":\"https:\/\/www.noticiasradioreflejos.com.ar\/2021\/la-afa-y-la-liga-profesional-recuerdan-a-maradona-en-el-dia-del-futbolista\/#primaryimage\"},\"image\":{\"@id\":\"https:\/\/www.noticiasradioreflejos.com.ar\/2021\/la-afa-y-la-liga-profesional-recuerdan-a-maradona-en-el-dia-del-futbolista\/#primaryimage\"},\"thumbnailUrl\":\"https:\/\/www.telam.com.ar\/thumbs\/bluesteel\/advf\/imagenes\/2022\/06\/62b2fc1f544a1_900.jpg\",\"datePublished\":\"2022-06-22T16:40:15+00:00\",\"author\":{\"@id\":\"https:\/\/www.noticiasradioreflejos.com.ar\/2021\/#\/schema\/person\/ad82545263dcc5ec0996818884fd5fb1\"},\"breadcrumb\":{\"@id\":\"https:\/\/www.noticiasradioreflejos.com.ar\/2021\/la-afa-y-la-liga-profesional-recuerdan-a-maradona-en-el-dia-del-futbolista\/#breadcrumb\"},\"inLanguage\":\"es\",\"potentialAction\":[{\"@type\":\"ReadAction\",\"target\":[\"https:\/\/www.noticiasradioreflejos.com.ar\/2021\/la-afa-y-la-liga-profesional-recuerdan-a-maradona-en-el-dia-del-futbolista\/\"]}]},{\"@type\":\"ImageObject\",\"inLanguage\":\"es\",\"@id\":\"https:\/\/www.noticiasradioreflejos.com.ar\/2021\/la-afa-y-la-liga-profesional-recuerdan-a-maradona-en-el-dia-del-futbolista\/#primaryimage\",\"url\":\"https:\/\/www.telam.com.ar\/thumbs\/bluesteel\/advf\/imagenes\/2022\/06\/62b2fc1f544a1_900.jpg\",\"contentUrl\":\"https:\/\/www.telam.com.ar\/thumbs\/bluesteel\/advf\/imagenes\/2022\/06\/62b2fc1f544a1_900.jpg\"},{\"@type\":\"BreadcrumbList\",\"@id\":\"https:\/\/www.noticiasradioreflejos.com.ar\/2021\/la-afa-y-la-liga-profesional-recuerdan-a-maradona-en-el-dia-del-futbolista\/#breadcrumb\",\"itemListElement\":[{\"@type\":\"ListItem\",\"position\":1,\"name\":\"Portada\",\"item\":\"https:\/\/www.noticiasradioreflejos.com.ar\/2021\/\"},{\"@type\":\"ListItem\",\"position\":2,\"name\":\"La AFA y la Liga Profesional recuerdan a Maradona en el \u00abD\u00eda del Futbolista\u00bb\"}]},{\"@type\":\"WebSite\",\"@id\":\"https:\/\/www.noticiasradioreflejos.com.ar\/2021\/#website\",\"url\":\"https:\/\/www.noticiasradioreflejos.com.ar\/2021\/\",\"name\":\"Noticias Radio Reflejos\",\"description\":\"Las noticias de mi comarca\",\"potentialAction\":[{\"@type\":\"SearchAction\",\"target\":{\"@type\":\"EntryPoint\",\"urlTemplate\":\"https:\/\/www.noticiasradioreflejos.com.ar\/2021\/?s={search_term_string}\"},\"query-input\":{\"@type\":\"PropertyValueSpecification\",\"valueRequired\":true,\"valueName\":\"search_term_string\"}}],\"inLanguage\":\"es\"},{\"@type\":\"Person\",\"@id\":\"https:\/\/www.noticiasradioreflejos.com.ar\/2021\/#\/schema\/person\/ad82545263dcc5ec0996818884fd5fb1\",\"name\":\"Arnaldo Botto\",\"image\":{\"@type\":\"ImageObject\",\"inLanguage\":\"es\",\"@id\":\"https:\/\/www.noticiasradioreflejos.com.ar\/2021\/#\/schema\/person\/image\/\",\"url\":\"https:\/\/secure.gravatar.com\/avatar\/55cb5e37c1efa326397366e6974cb338056df65cb50e7d64d1cf314e87504837?s=96&d=mm&r=g\",\"contentUrl\":\"https:\/\/secure.gravatar.com\/avatar\/55cb5e37c1efa326397366e6974cb338056df65cb50e7d64d1cf314e87504837?s=96&d=mm&r=g\",\"caption\":\"Arnaldo Botto\"},\"url\":\"https:\/\/www.noticiasradioreflejos.com.ar\/2021\/author\/arnaldo\/\"}]}<\/script>\n<!-- \/ Yoast SEO plugin. -->","yoast_head_json":{"title":"La AFA y la Liga Profesional recuerdan a Maradona en el \"D\u00eda del Futbolista\" - Noticias Radio Reflejos","robots":{"index":"index","follow":"follow","max-snippet":"max-snippet:-1","max-image-preview":"max-image-preview:large","max-video-preview":"max-video-preview:-1"},"canonical":"https:\/\/www.noticiasradioreflejos.com.ar\/2021\/la-afa-y-la-liga-profesional-recuerdan-a-maradona-en-el-dia-del-futbolista\/","og_locale":"es_ES","og_type":"article","og_title":"La AFA y la Liga Profesional recuerdan a Maradona en el \"D\u00eda del Futbolista\" - Noticias Radio Reflejos","og_description":"El D\u00eda del Futbolista Argentino se festejaba el 14 de mayo, pero en agosto de 2020 Futbolistas Argentinos Agremiados promovi\u00f3 cambiar la fecha para el 22 de junio, cuando Diego marc\u00f3 el segundo gol a Inglaterra en los cuartos de final de M\u00e9xico 1986.","og_url":"https:\/\/www.noticiasradioreflejos.com.ar\/2021\/la-afa-y-la-liga-profesional-recuerdan-a-maradona-en-el-dia-del-futbolista\/","og_site_name":"Noticias Radio Reflejos","article_published_time":"2022-06-22T16:40:15+00:00","og_image":[{"url":"https:\/\/www.telam.com.ar\/thumbs\/bluesteel\/advf\/imagenes\/2022\/06\/62b2fc1f544a1_900.jpg","type":"","width":"","height":""}],"author":"Arnaldo Botto","twitter_card":"summary_large_image","schema":{"@context":"https:\/\/schema.org","@graph":[{"@type":"WebPage","@id":"https:\/\/www.noticiasradioreflejos.com.ar\/2021\/la-afa-y-la-liga-profesional-recuerdan-a-maradona-en-el-dia-del-futbolista\/","url":"https:\/\/www.noticiasradioreflejos.com.ar\/2021\/la-afa-y-la-liga-profesional-recuerdan-a-maradona-en-el-dia-del-futbolista\/","name":"La AFA y la Liga Profesional recuerdan a Maradona en el \"D\u00eda del Futbolista\" - Noticias Radio Reflejos","isPartOf":{"@id":"https:\/\/www.noticiasradioreflejos.com.ar\/2021\/#website"},"primaryImageOfPage":{"@id":"https:\/\/www.noticiasradioreflejos.com.ar\/2021\/la-afa-y-la-liga-profesional-recuerdan-a-maradona-en-el-dia-del-futbolista\/#primaryimage"},"image":{"@id":"https:\/\/www.noticiasradioreflejos.com.ar\/2021\/la-afa-y-la-liga-profesional-recuerdan-a-maradona-en-el-dia-del-futbolista\/#primaryimage"},"thumbnailUrl":"https:\/\/www.telam.com.ar\/thumbs\/bluesteel\/advf\/imagenes\/2022\/06\/62b2fc1f544a1_900.jpg","datePublished":"2022-06-22T16:40:15+00:00","author":{"@id":"https:\/\/www.noticiasradioreflejos.com.ar\/2021\/#\/schema\/person\/ad82545263dcc5ec0996818884fd5fb1"},"breadcrumb":{"@id":"https:\/\/www.noticiasradioreflejos.com.ar\/2021\/la-afa-y-la-liga-profesional-recuerdan-a-maradona-en-el-dia-del-futbolista\/#breadcrumb"},"inLanguage":"es","potentialAction":[{"@type":"ReadAction","target":["https:\/\/www.noticiasradioreflejos.com.ar\/2021\/la-afa-y-la-liga-profesional-recuerdan-a-maradona-en-el-dia-del-futbolista\/"]}]},{"@type":"ImageObject","inLanguage":"es","@id":"https:\/\/www.noticiasradioreflejos.com.ar\/2021\/la-afa-y-la-liga-profesional-recuerdan-a-maradona-en-el-dia-del-futbolista\/#primaryimage","url":"https:\/\/www.telam.com.ar\/thumbs\/bluesteel\/advf\/imagenes\/2022\/06\/62b2fc1f544a1_900.jpg","contentUrl":"https:\/\/www.telam.com.ar\/thumbs\/bluesteel\/advf\/imagenes\/2022\/06\/62b2fc1f544a1_900.jpg"},{"@type":"BreadcrumbList","@id":"https:\/\/www.noticiasradioreflejos.com.ar\/2021\/la-afa-y-la-liga-profesional-recuerdan-a-maradona-en-el-dia-del-futbolista\/#breadcrumb","itemListElement":[{"@type":"ListItem","position":1,"name":"Portada","item":"https:\/\/www.noticiasradioreflejos.com.ar\/2021\/"},{"@type":"ListItem","position":2,"name":"La AFA y la Liga Profesional recuerdan a Maradona en el \u00abD\u00eda del Futbolista\u00bb"}]},{"@type":"WebSite","@id":"https:\/\/www.noticiasradioreflejos.com.ar\/2021\/#website","url":"https:\/\/www.noticiasradioreflejos.com.ar\/2021\/","name":"Noticias Radio Reflejos","description":"Las noticias de mi comarca","potentialAction":[{"@type":"SearchAction","target":{"@type":"EntryPoint","urlTemplate":"https:\/\/www.noticiasradioreflejos.com.ar\/2021\/?s={search_term_string}"},"query-input":{"@type":"PropertyValueSpecification","valueRequired":true,"valueName":"search_term_string"}}],"inLanguage":"es"},{"@type":"Person","@id":"https:\/\/www.noticiasradioreflejos.com.ar\/2021\/#\/schema\/person\/ad82545263dcc5ec0996818884fd5fb1","name":"Arnaldo Botto","image":{"@type":"ImageObject","inLanguage":"es","@id":"https:\/\/www.noticiasradioreflejos.com.ar\/2021\/#\/schema\/person\/image\/","url":"https:\/\/secure.gravatar.com\/avatar\/55cb5e37c1efa326397366e6974cb338056df65cb50e7d64d1cf314e87504837?s=96&d=mm&r=g","contentUrl":"https:\/\/secure.gravatar.com\/avatar\/55cb5e37c1efa326397366e6974cb338056df65cb50e7d64d1cf314e87504837?s=96&d=mm&r=g","caption":"Arnaldo Botto"},"url":"https:\/\/www.noticiasradioreflejos.com.ar\/2021\/author\/arnaldo\/"}]}},"_links":{"self":[{"href":"https:\/\/www.noticiasradioreflejos.com.ar\/2021\/wp-json\/wp\/v2\/posts\/74049","targetHints":{"allow":["GET"]}}],"collection":[{"href":"https:\/\/www.noticiasradioreflejos.com.ar\/2021\/wp-json\/wp\/v2\/posts"}],"about":[{"href":"https:\/\/www.noticiasradioreflejos.com.ar\/2021\/wp-json\/wp\/v2\/types\/post"}],"author":[{"embeddable":true,"href":"https:\/\/www.noticiasradioreflejos.com.ar\/2021\/wp-json\/wp\/v2\/users\/3"}],"replies":[{"embeddable":true,"href":"https:\/\/www.noticiasradioreflejos.com.ar\/2021\/wp-json\/wp\/v2\/comments?post=74049"}],"version-history":[{"count":1,"href":"https:\/\/www.noticiasradioreflejos.com.ar\/2021\/wp-json\/wp\/v2\/posts\/74049\/revisions"}],"predecessor-version":[{"id":74053,"href":"https:\/\/www.noticiasradioreflejos.com.ar\/2021\/wp-json\/wp\/v2\/posts\/74049\/revisions\/74053"}],"wp:attachment":[{"href":"https:\/\/www.noticiasradioreflejos.com.ar\/2021\/wp-json\/wp\/v2\/media?parent=74049"}],"wp:term":[{"taxonomy":"category","embeddable":true,"href":"https:\/\/www.noticiasradioreflejos.com.ar\/2021\/wp-json\/wp\/v2\/categories?post=74049"},{"taxonomy":"post_tag","embeddable":true,"href":"https:\/\/www.noticiasradioreflejos.com.ar\/2021\/wp-json\/wp\/v2\/tags?post=74049"}],"curies":[{"name":"wp","href":"https:\/\/api.w.org\/{rel}","templated":true}]}}