{"id":74023,"date":"2022-06-21T20:46:38","date_gmt":"2022-06-21T20:46:38","guid":{"rendered":"http:\/\/www.noticiasradioreflejos.com.ar\/2021\/?p=74023"},"modified":"2022-06-21T20:46:38","modified_gmt":"2022-06-21T20:46:38","slug":"tornquist-contara-con-ceniceros-en-la-via-publica-realizados-a-partir-del-reciclado-de-canos-de-gas","status":"publish","type":"post","link":"https:\/\/www.noticiasradioreflejos.com.ar\/2021\/tornquist-contara-con-ceniceros-en-la-via-publica-realizados-a-partir-del-reciclado-de-canos-de-gas\/","title":{"rendered":"Tornquist contar\u00e1 con ceniceros en la v\u00eda p\u00fablica realizados a partir del reciclado de ca\u00f1os de gas"},"content":{"rendered":"<p>Camuzzi y la Municipalidad de Torniquist lanzaron una innovadora iniciativa ecol\u00f3gica que tiene como objetivo el cuidado y la preservaci\u00f3n del medio ambiente, as\u00ed como tambi\u00e9n la concientizaci\u00f3n de la comunidad para lograr una ciudad cada d\u00eda m\u00e1s verde.<!--more--><\/p>\n<p>Este proyecto busca darles una segunda oportunidad a los sobrantes de ca\u00f1er\u00eda de gas de polietileno que se generan cuando se realizan conexiones domiciliarias o reparaciones en la v\u00eda p\u00fablica, y que luego de un proceso de fundido y procesado pueden ser convertidos en un nuevo producto, como estos Eco-Ceniceros. <\/p>\n<p>De esta forma, y en el marco de un acuerdo de colaboraci\u00f3n firmado entre ambas instituciones, en los pr\u00f3ximos d\u00edas se dispondr\u00e1n 50 Eco-Ceniceros distribuidos en distintos puntos de la ciudad. Cada colector de colillas contar\u00e1 con un C\u00f3digo QR dispuesto en la parte superior de los mismos, para que las personas puedan conocer con mayor detalle el proceso de confecci\u00f3n de estos innovadores productos. <\/p>\n<p>Los nuevos corredores ecol\u00f3gicos libres de colillas de cigarrillo -impulsados en conjunto desde el sector p\u00fablico y privado- son un paso m\u00e1s en el camino hacia una Ciudad y un mundo mejor, y en donde la construcci\u00f3n de una ciudadan\u00eda comprometida con el medio ambiente y el cambio clim\u00e1tico se convierten en un factor fundamental para el cambio.<\/p>\n<p>De esta manera, la Municipalidad de Tornquist y Camuzzi invitan a cuidar la ciudad, manteni\u00e9ndola limpia. Es importante destacar que una sola colilla de cigarrillo tarda 10 a\u00f1os en desintegrarse, puede contaminar grandes vol\u00famenes de agua potable, y representa un tercio de todos los residuos recogidos cada a\u00f1o en la limpieza urbana.  Adem\u00e1s, afecta el crecimiento de las plantas, y llega a trav\u00e9s de los desag\u00fces a los mares y oc\u00e9anos, perjudicando seriamente la vida marina. <\/p>\n","protected":false},"excerpt":{"rendered":"<p>Camuzzi y la Municipalidad de Torniquist lanzaron una innovadora iniciativa ecol\u00f3gica que tiene como objetivo el cuidado y la preservaci\u00f3n del medio ambiente, as\u00ed como tambi\u00e9n la concientizaci\u00f3n de la comunidad para lograr una ciudad cada d\u00eda m\u00e1s verde.<\/p>\n","protected":false},"author":3,"featured_media":0,"comment_status":"closed","ping_status":"closed","sticky":false,"template":"","format":"standard","meta":{"footnotes":""},"categories":[28],"tags":[],"class_list":["post-74023","post","type-post","status-publish","format-standard","hentry","category-municipales"],"yoast_head":"<!-- This site is optimized with the Yoast SEO plugin v25.9 - https:\/\/yoast.com\/wordpress\/plugins\/seo\/ -->\n<title>Tornquist contar\u00e1 con ceniceros en la v\u00eda p\u00fablica realizados a partir del reciclado de ca\u00f1os de gas - Noticias Radio Reflejos<\/title>\n<meta name=\"robots\" content=\"index, follow, max-snippet:-1, max-image-preview:large, max-video-preview:-1\" \/>\n<link rel=\"canonical\" href=\"https:\/\/www.noticiasradioreflejos.com.ar\/2021\/tornquist-contara-con-ceniceros-en-la-via-publica-realizados-a-partir-del-reciclado-de-canos-de-gas\/\" \/>\n<meta property=\"og:locale\" content=\"es_ES\" \/>\n<meta property=\"og:type\" content=\"article\" \/>\n<meta property=\"og:title\" content=\"Tornquist contar\u00e1 con ceniceros en la v\u00eda p\u00fablica realizados a partir del reciclado de ca\u00f1os de gas - Noticias Radio Reflejos\" \/>\n<meta property=\"og:description\" content=\"Camuzzi y la Municipalidad de Torniquist lanzaron una innovadora iniciativa ecol\u00f3gica que tiene como objetivo el cuidado y la preservaci\u00f3n del medio ambiente, as\u00ed como tambi\u00e9n la concientizaci\u00f3n de la comunidad para lograr una ciudad cada d\u00eda m\u00e1s verde.\" \/>\n<meta property=\"og:url\" content=\"https:\/\/www.noticiasradioreflejos.com.ar\/2021\/tornquist-contara-con-ceniceros-en-la-via-publica-realizados-a-partir-del-reciclado-de-canos-de-gas\/\" \/>\n<meta property=\"og:site_name\" content=\"Noticias Radio Reflejos\" \/>\n<meta property=\"article:published_time\" content=\"2022-06-21T20:46:38+00:00\" \/>\n<meta property=\"og:image\" content=\"https:\/\/www.noticiasradioreflejos.com.ar\/2021\/wp-content\/uploads\/2021\/07\/logosol300x200.png\" \/>\n\t<meta property=\"og:image:width\" content=\"300\" \/>\n\t<meta property=\"og:image:height\" content=\"200\" \/>\n\t<meta property=\"og:image:type\" content=\"image\/png\" \/>\n<meta name=\"author\" content=\"Arnaldo Botto\" \/>\n<meta name=\"twitter:card\" content=\"summary_large_image\" \/>\n<script type=\"application\/ld+json\" class=\"yoast-schema-graph\">{\"@context\":\"https:\/\/schema.org\",\"@graph\":[{\"@type\":\"WebPage\",\"@id\":\"https:\/\/www.noticiasradioreflejos.com.ar\/2021\/tornquist-contara-con-ceniceros-en-la-via-publica-realizados-a-partir-del-reciclado-de-canos-de-gas\/\",\"url\":\"https:\/\/www.noticiasradioreflejos.com.ar\/2021\/tornquist-contara-con-ceniceros-en-la-via-publica-realizados-a-partir-del-reciclado-de-canos-de-gas\/\",\"name\":\"Tornquist contar\u00e1 con ceniceros en la v\u00eda p\u00fablica realizados a partir del reciclado de ca\u00f1os de gas - Noticias Radio Reflejos\",\"isPartOf\":{\"@id\":\"https:\/\/www.noticiasradioreflejos.com.ar\/2021\/#website\"},\"datePublished\":\"2022-06-21T20:46:38+00:00\",\"author\":{\"@id\":\"https:\/\/www.noticiasradioreflejos.com.ar\/2021\/#\/schema\/person\/ad82545263dcc5ec0996818884fd5fb1\"},\"breadcrumb\":{\"@id\":\"https:\/\/www.noticiasradioreflejos.com.ar\/2021\/tornquist-contara-con-ceniceros-en-la-via-publica-realizados-a-partir-del-reciclado-de-canos-de-gas\/#breadcrumb\"},\"inLanguage\":\"es\",\"potentialAction\":[{\"@type\":\"ReadAction\",\"target\":[\"https:\/\/www.noticiasradioreflejos.com.ar\/2021\/tornquist-contara-con-ceniceros-en-la-via-publica-realizados-a-partir-del-reciclado-de-canos-de-gas\/\"]}]},{\"@type\":\"BreadcrumbList\",\"@id\":\"https:\/\/www.noticiasradioreflejos.com.ar\/2021\/tornquist-contara-con-ceniceros-en-la-via-publica-realizados-a-partir-del-reciclado-de-canos-de-gas\/#breadcrumb\",\"itemListElement\":[{\"@type\":\"ListItem\",\"position\":1,\"name\":\"Portada\",\"item\":\"https:\/\/www.noticiasradioreflejos.com.ar\/2021\/\"},{\"@type\":\"ListItem\",\"position\":2,\"name\":\"Tornquist contar\u00e1 con ceniceros en la v\u00eda p\u00fablica realizados a partir del reciclado de ca\u00f1os de gas\"}]},{\"@type\":\"WebSite\",\"@id\":\"https:\/\/www.noticiasradioreflejos.com.ar\/2021\/#website\",\"url\":\"https:\/\/www.noticiasradioreflejos.com.ar\/2021\/\",\"name\":\"Noticias Radio Reflejos\",\"description\":\"Las noticias de mi comarca\",\"potentialAction\":[{\"@type\":\"SearchAction\",\"target\":{\"@type\":\"EntryPoint\",\"urlTemplate\":\"https:\/\/www.noticiasradioreflejos.com.ar\/2021\/?s={search_term_string}\"},\"query-input\":{\"@type\":\"PropertyValueSpecification\",\"valueRequired\":true,\"valueName\":\"search_term_string\"}}],\"inLanguage\":\"es\"},{\"@type\":\"Person\",\"@id\":\"https:\/\/www.noticiasradioreflejos.com.ar\/2021\/#\/schema\/person\/ad82545263dcc5ec0996818884fd5fb1\",\"name\":\"Arnaldo Botto\",\"image\":{\"@type\":\"ImageObject\",\"inLanguage\":\"es\",\"@id\":\"https:\/\/www.noticiasradioreflejos.com.ar\/2021\/#\/schema\/person\/image\/\",\"url\":\"https:\/\/secure.gravatar.com\/avatar\/55cb5e37c1efa326397366e6974cb338056df65cb50e7d64d1cf314e87504837?s=96&d=mm&r=g\",\"contentUrl\":\"https:\/\/secure.gravatar.com\/avatar\/55cb5e37c1efa326397366e6974cb338056df65cb50e7d64d1cf314e87504837?s=96&d=mm&r=g\",\"caption\":\"Arnaldo Botto\"},\"url\":\"https:\/\/www.noticiasradioreflejos.com.ar\/2021\/author\/arnaldo\/\"}]}<\/script>\n<!-- \/ Yoast SEO plugin. -->","yoast_head_json":{"title":"Tornquist contar\u00e1 con ceniceros en la v\u00eda p\u00fablica realizados a partir del reciclado de ca\u00f1os de gas - Noticias Radio Reflejos","robots":{"index":"index","follow":"follow","max-snippet":"max-snippet:-1","max-image-preview":"max-image-preview:large","max-video-preview":"max-video-preview:-1"},"canonical":"https:\/\/www.noticiasradioreflejos.com.ar\/2021\/tornquist-contara-con-ceniceros-en-la-via-publica-realizados-a-partir-del-reciclado-de-canos-de-gas\/","og_locale":"es_ES","og_type":"article","og_title":"Tornquist contar\u00e1 con ceniceros en la v\u00eda p\u00fablica realizados a partir del reciclado de ca\u00f1os de gas - Noticias Radio Reflejos","og_description":"Camuzzi y la Municipalidad de Torniquist lanzaron una innovadora iniciativa ecol\u00f3gica que tiene como objetivo el cuidado y la preservaci\u00f3n del medio ambiente, as\u00ed como tambi\u00e9n la concientizaci\u00f3n de la comunidad para lograr una ciudad cada d\u00eda m\u00e1s verde.","og_url":"https:\/\/www.noticiasradioreflejos.com.ar\/2021\/tornquist-contara-con-ceniceros-en-la-via-publica-realizados-a-partir-del-reciclado-de-canos-de-gas\/","og_site_name":"Noticias Radio Reflejos","article_published_time":"2022-06-21T20:46:38+00:00","og_image":[{"width":300,"height":200,"url":"https:\/\/www.noticiasradioreflejos.com.ar\/2021\/wp-content\/uploads\/2021\/07\/logosol300x200.png","type":"image\/png"}],"author":"Arnaldo Botto","twitter_card":"summary_large_image","schema":{"@context":"https:\/\/schema.org","@graph":[{"@type":"WebPage","@id":"https:\/\/www.noticiasradioreflejos.com.ar\/2021\/tornquist-contara-con-ceniceros-en-la-via-publica-realizados-a-partir-del-reciclado-de-canos-de-gas\/","url":"https:\/\/www.noticiasradioreflejos.com.ar\/2021\/tornquist-contara-con-ceniceros-en-la-via-publica-realizados-a-partir-del-reciclado-de-canos-de-gas\/","name":"Tornquist contar\u00e1 con ceniceros en la v\u00eda p\u00fablica realizados a partir del reciclado de ca\u00f1os de gas - Noticias Radio Reflejos","isPartOf":{"@id":"https:\/\/www.noticiasradioreflejos.com.ar\/2021\/#website"},"datePublished":"2022-06-21T20:46:38+00:00","author":{"@id":"https:\/\/www.noticiasradioreflejos.com.ar\/2021\/#\/schema\/person\/ad82545263dcc5ec0996818884fd5fb1"},"breadcrumb":{"@id":"https:\/\/www.noticiasradioreflejos.com.ar\/2021\/tornquist-contara-con-ceniceros-en-la-via-publica-realizados-a-partir-del-reciclado-de-canos-de-gas\/#breadcrumb"},"inLanguage":"es","potentialAction":[{"@type":"ReadAction","target":["https:\/\/www.noticiasradioreflejos.com.ar\/2021\/tornquist-contara-con-ceniceros-en-la-via-publica-realizados-a-partir-del-reciclado-de-canos-de-gas\/"]}]},{"@type":"BreadcrumbList","@id":"https:\/\/www.noticiasradioreflejos.com.ar\/2021\/tornquist-contara-con-ceniceros-en-la-via-publica-realizados-a-partir-del-reciclado-de-canos-de-gas\/#breadcrumb","itemListElement":[{"@type":"ListItem","position":1,"name":"Portada","item":"https:\/\/www.noticiasradioreflejos.com.ar\/2021\/"},{"@type":"ListItem","position":2,"name":"Tornquist contar\u00e1 con ceniceros en la v\u00eda p\u00fablica realizados a partir del reciclado de ca\u00f1os de gas"}]},{"@type":"WebSite","@id":"https:\/\/www.noticiasradioreflejos.com.ar\/2021\/#website","url":"https:\/\/www.noticiasradioreflejos.com.ar\/2021\/","name":"Noticias Radio Reflejos","description":"Las noticias de mi comarca","potentialAction":[{"@type":"SearchAction","target":{"@type":"EntryPoint","urlTemplate":"https:\/\/www.noticiasradioreflejos.com.ar\/2021\/?s={search_term_string}"},"query-input":{"@type":"PropertyValueSpecification","valueRequired":true,"valueName":"search_term_string"}}],"inLanguage":"es"},{"@type":"Person","@id":"https:\/\/www.noticiasradioreflejos.com.ar\/2021\/#\/schema\/person\/ad82545263dcc5ec0996818884fd5fb1","name":"Arnaldo Botto","image":{"@type":"ImageObject","inLanguage":"es","@id":"https:\/\/www.noticiasradioreflejos.com.ar\/2021\/#\/schema\/person\/image\/","url":"https:\/\/secure.gravatar.com\/avatar\/55cb5e37c1efa326397366e6974cb338056df65cb50e7d64d1cf314e87504837?s=96&d=mm&r=g","contentUrl":"https:\/\/secure.gravatar.com\/avatar\/55cb5e37c1efa326397366e6974cb338056df65cb50e7d64d1cf314e87504837?s=96&d=mm&r=g","caption":"Arnaldo Botto"},"url":"https:\/\/www.noticiasradioreflejos.com.ar\/2021\/author\/arnaldo\/"}]}},"_links":{"self":[{"href":"https:\/\/www.noticiasradioreflejos.com.ar\/2021\/wp-json\/wp\/v2\/posts\/74023","targetHints":{"allow":["GET"]}}],"collection":[{"href":"https:\/\/www.noticiasradioreflejos.com.ar\/2021\/wp-json\/wp\/v2\/posts"}],"about":[{"href":"https:\/\/www.noticiasradioreflejos.com.ar\/2021\/wp-json\/wp\/v2\/types\/post"}],"author":[{"embeddable":true,"href":"https:\/\/www.noticiasradioreflejos.com.ar\/2021\/wp-json\/wp\/v2\/users\/3"}],"replies":[{"embeddable":true,"href":"https:\/\/www.noticiasradioreflejos.com.ar\/2021\/wp-json\/wp\/v2\/comments?post=74023"}],"version-history":[{"count":1,"href":"https:\/\/www.noticiasradioreflejos.com.ar\/2021\/wp-json\/wp\/v2\/posts\/74023\/revisions"}],"predecessor-version":[{"id":74025,"href":"https:\/\/www.noticiasradioreflejos.com.ar\/2021\/wp-json\/wp\/v2\/posts\/74023\/revisions\/74025"}],"wp:attachment":[{"href":"https:\/\/www.noticiasradioreflejos.com.ar\/2021\/wp-json\/wp\/v2\/media?parent=74023"}],"wp:term":[{"taxonomy":"category","embeddable":true,"href":"https:\/\/www.noticiasradioreflejos.com.ar\/2021\/wp-json\/wp\/v2\/categories?post=74023"},{"taxonomy":"post_tag","embeddable":true,"href":"https:\/\/www.noticiasradioreflejos.com.ar\/2021\/wp-json\/wp\/v2\/tags?post=74023"}],"curies":[{"name":"wp","href":"https:\/\/api.w.org\/{rel}","templated":true}]}}