{"id":7402,"date":"2017-03-01T10:08:39","date_gmt":"2017-03-01T13:08:39","guid":{"rendered":"http:\/\/noticiasradioreflejos.com.ar\/noticias\/?p=7402"},"modified":"2017-03-01T10:08:39","modified_gmt":"2017-03-01T13:08:39","slug":"solicitamos-nos-dejen-hacer-pesca-deportiva-y-turismo-en-el-dique-paso-de-las-piedras","status":"publish","type":"post","link":"https:\/\/www.noticiasradioreflejos.com.ar\/2021\/solicitamos-nos-dejen-hacer-pesca-deportiva-y-turismo-en-el-dique-paso-de-las-piedras\/","title":{"rendered":"\u00a1Solicitamos nos dejen hacer Pesca deportiva y Turismo en el Dique Paso de las Piedras!"},"content":{"rendered":"<div class=\"freebirdFormviewerViewHeaderTitleRow\">\n<div class=\"freebirdFormviewerViewHeaderTitle\" dir=\"auto\">Buscan firmantes para presentar\u00a0\u00a0a la Defensor\u00eda del Pueblo de la Provincia de Buenos Aires, a fin que interceda para\u00a0garantizar el acceso p\u00fablico al dique Paso de Las Piedras con fines tur\u00edsticos y pesca deportiva conforme a la reglamentaci\u00f3n vigente.<\/div>\n<\/div>\n<p>Desde el\u00a0espacio Socialista se\u00a0suman al pedido de los \u201cAmantes del Dique Paso de las Piedras\u201d tomando medidas en la lucha por la resoluci\u00f3n del conflicto.<!--more--><br \/>\nEs inentendible como se cierra a los pescadores de la regi\u00f3n que quieren ir en familia a hacer pesca deportiva y turismo, sobre todo teniendo en cuenta que es propio del pescador cuidar el lugar que la naturaleza le brinda dando el ejemplo con sus actos a todos los visitantes del lugar como a sus hijos, tambi\u00e9n es lamentable el estado de abandono en el que se encuentra, que est\u00e9n alambrando el dique cada vez m\u00e1s y ni hablar si tenemos en cuenta los maltratos que han sufrido los pescadores por parte de la patrulla rural de Coronel Pringles tratando los pescadores como delincuentes.<br \/>\nPor un lado elevamos un pedido a trav\u00e9s de la Diputada Nacional Gabriela Troiano quien de acuerdo a su experiencia y el trabajo que viene realizando siempre ha tenido respuestas por medio de este tipo de pedidos, por ello en el d\u00eda de hoy realizar\u00e1 un pedido al Defensor del Pueblo de la Provincia de Buenos Aires como Diputada Nacional.<br \/>\nY por otro lado presentaremos un pedido al defensor del pueblo de parte de todos los ciudadanos de la regi\u00f3n que se sumen a la solicitud mediante una campa\u00f1a que realizaremos juntando firmas por internet, al siguiente\u00a0<a href=\"https:\/\/docs.google.com\/forms\/d\/e\/1FAIpQLSfiI57A404FeVZT4w_BPVaV798JGDSo-hq5nBFQ53kbBBknBQ\/viewform?c=0&amp;w=1\">Formulario<\/a>.<br \/>\nque vamos a estar compartiendo via Facebook.<br \/>\nEs nuestra voluntad logremos resolver este conflicto que ya lleva demasiado tiempo y sin tener respuestas y creemos que con el apoyo de todos podemos lograrlo.<br \/>\n<strong>Med. Andres Hourticolou<\/strong><br \/>\n<strong> Sec. Gral. PS<\/strong><br \/>\n<strong> Sexta Secci\u00f3n Electoral<\/strong><br \/>\n&nbsp;<br \/>\nFoto Lanueva.com<\/p>\n","protected":false},"excerpt":{"rendered":"<p>Buscan firmantes para presentar\u00a0\u00a0a la Defensor\u00eda del Pueblo de la Provincia de Buenos Aires, a fin que interceda para\u00a0garantizar el acceso p\u00fablico al dique Paso de Las Piedras con fines tur\u00edsticos y pesca deportiva conforme a la reglamentaci\u00f3n vigente. Desde el\u00a0espacio Socialista se\u00a0suman al pedido de los \u201cAmantes del Dique Paso de las Piedras\u201d tomando [&hellip;]<\/p>\n","protected":false},"author":3,"featured_media":0,"comment_status":"closed","ping_status":"open","sticky":false,"template":"","format":"standard","meta":{"footnotes":""},"categories":[25],"tags":[],"class_list":["post-7402","post","type-post","status-publish","format-standard","hentry","category-uncategorized"],"yoast_head":"<!-- This site is optimized with the Yoast SEO plugin v25.9 - https:\/\/yoast.com\/wordpress\/plugins\/seo\/ -->\n<title>\u00a1Solicitamos nos dejen hacer Pesca deportiva y Turismo en el Dique Paso de las Piedras! - Noticias Radio Reflejos<\/title>\n<meta name=\"robots\" content=\"index, follow, max-snippet:-1, max-image-preview:large, max-video-preview:-1\" \/>\n<link rel=\"canonical\" href=\"https:\/\/www.noticiasradioreflejos.com.ar\/2021\/solicitamos-nos-dejen-hacer-pesca-deportiva-y-turismo-en-el-dique-paso-de-las-piedras\/\" \/>\n<meta property=\"og:locale\" content=\"es_ES\" \/>\n<meta property=\"og:type\" content=\"article\" \/>\n<meta property=\"og:title\" content=\"\u00a1Solicitamos nos dejen hacer Pesca deportiva y Turismo en el Dique Paso de las Piedras! - Noticias Radio Reflejos\" \/>\n<meta property=\"og:description\" content=\"Buscan firmantes para presentar\u00a0\u00a0a la Defensor\u00eda del Pueblo de la Provincia de Buenos Aires, a fin que interceda para\u00a0garantizar el acceso p\u00fablico al dique Paso de Las Piedras con fines tur\u00edsticos y pesca deportiva conforme a la reglamentaci\u00f3n vigente. Desde el\u00a0espacio Socialista se\u00a0suman al pedido de los \u201cAmantes del Dique Paso de las Piedras\u201d tomando [&hellip;]\" \/>\n<meta property=\"og:url\" content=\"https:\/\/www.noticiasradioreflejos.com.ar\/2021\/solicitamos-nos-dejen-hacer-pesca-deportiva-y-turismo-en-el-dique-paso-de-las-piedras\/\" \/>\n<meta property=\"og:site_name\" content=\"Noticias Radio Reflejos\" \/>\n<meta property=\"article:published_time\" content=\"2017-03-01T13:08:39+00:00\" \/>\n<meta property=\"og:image\" content=\"https:\/\/www.noticiasradioreflejos.com.ar\/2021\/wp-content\/uploads\/2021\/07\/logosol300x200.png\" \/>\n\t<meta property=\"og:image:width\" content=\"300\" \/>\n\t<meta property=\"og:image:height\" content=\"200\" \/>\n\t<meta property=\"og:image:type\" content=\"image\/png\" \/>\n<meta name=\"author\" content=\"Arnaldo Botto\" \/>\n<meta name=\"twitter:card\" content=\"summary_large_image\" \/>\n<script type=\"application\/ld+json\" class=\"yoast-schema-graph\">{\"@context\":\"https:\/\/schema.org\",\"@graph\":[{\"@type\":\"WebPage\",\"@id\":\"https:\/\/www.noticiasradioreflejos.com.ar\/2021\/solicitamos-nos-dejen-hacer-pesca-deportiva-y-turismo-en-el-dique-paso-de-las-piedras\/\",\"url\":\"https:\/\/www.noticiasradioreflejos.com.ar\/2021\/solicitamos-nos-dejen-hacer-pesca-deportiva-y-turismo-en-el-dique-paso-de-las-piedras\/\",\"name\":\"\u00a1Solicitamos nos dejen hacer Pesca deportiva y Turismo en el Dique Paso de las Piedras! - Noticias Radio Reflejos\",\"isPartOf\":{\"@id\":\"https:\/\/www.noticiasradioreflejos.com.ar\/2021\/#website\"},\"datePublished\":\"2017-03-01T13:08:39+00:00\",\"author\":{\"@id\":\"https:\/\/www.noticiasradioreflejos.com.ar\/2021\/#\/schema\/person\/ad82545263dcc5ec0996818884fd5fb1\"},\"breadcrumb\":{\"@id\":\"https:\/\/www.noticiasradioreflejos.com.ar\/2021\/solicitamos-nos-dejen-hacer-pesca-deportiva-y-turismo-en-el-dique-paso-de-las-piedras\/#breadcrumb\"},\"inLanguage\":\"es\",\"potentialAction\":[{\"@type\":\"ReadAction\",\"target\":[\"https:\/\/www.noticiasradioreflejos.com.ar\/2021\/solicitamos-nos-dejen-hacer-pesca-deportiva-y-turismo-en-el-dique-paso-de-las-piedras\/\"]}]},{\"@type\":\"BreadcrumbList\",\"@id\":\"https:\/\/www.noticiasradioreflejos.com.ar\/2021\/solicitamos-nos-dejen-hacer-pesca-deportiva-y-turismo-en-el-dique-paso-de-las-piedras\/#breadcrumb\",\"itemListElement\":[{\"@type\":\"ListItem\",\"position\":1,\"name\":\"Portada\",\"item\":\"https:\/\/www.noticiasradioreflejos.com.ar\/2021\/\"},{\"@type\":\"ListItem\",\"position\":2,\"name\":\"\u00a1Solicitamos nos dejen hacer Pesca deportiva y Turismo en el Dique Paso de las Piedras!\"}]},{\"@type\":\"WebSite\",\"@id\":\"https:\/\/www.noticiasradioreflejos.com.ar\/2021\/#website\",\"url\":\"https:\/\/www.noticiasradioreflejos.com.ar\/2021\/\",\"name\":\"Noticias Radio Reflejos\",\"description\":\"Las noticias de mi comarca\",\"potentialAction\":[{\"@type\":\"SearchAction\",\"target\":{\"@type\":\"EntryPoint\",\"urlTemplate\":\"https:\/\/www.noticiasradioreflejos.com.ar\/2021\/?s={search_term_string}\"},\"query-input\":{\"@type\":\"PropertyValueSpecification\",\"valueRequired\":true,\"valueName\":\"search_term_string\"}}],\"inLanguage\":\"es\"},{\"@type\":\"Person\",\"@id\":\"https:\/\/www.noticiasradioreflejos.com.ar\/2021\/#\/schema\/person\/ad82545263dcc5ec0996818884fd5fb1\",\"name\":\"Arnaldo Botto\",\"image\":{\"@type\":\"ImageObject\",\"inLanguage\":\"es\",\"@id\":\"https:\/\/www.noticiasradioreflejos.com.ar\/2021\/#\/schema\/person\/image\/\",\"url\":\"https:\/\/secure.gravatar.com\/avatar\/55cb5e37c1efa326397366e6974cb338056df65cb50e7d64d1cf314e87504837?s=96&d=mm&r=g\",\"contentUrl\":\"https:\/\/secure.gravatar.com\/avatar\/55cb5e37c1efa326397366e6974cb338056df65cb50e7d64d1cf314e87504837?s=96&d=mm&r=g\",\"caption\":\"Arnaldo Botto\"},\"url\":\"https:\/\/www.noticiasradioreflejos.com.ar\/2021\/author\/arnaldo\/\"}]}<\/script>\n<!-- \/ Yoast SEO plugin. -->","yoast_head_json":{"title":"\u00a1Solicitamos nos dejen hacer Pesca deportiva y Turismo en el Dique Paso de las Piedras! - Noticias Radio Reflejos","robots":{"index":"index","follow":"follow","max-snippet":"max-snippet:-1","max-image-preview":"max-image-preview:large","max-video-preview":"max-video-preview:-1"},"canonical":"https:\/\/www.noticiasradioreflejos.com.ar\/2021\/solicitamos-nos-dejen-hacer-pesca-deportiva-y-turismo-en-el-dique-paso-de-las-piedras\/","og_locale":"es_ES","og_type":"article","og_title":"\u00a1Solicitamos nos dejen hacer Pesca deportiva y Turismo en el Dique Paso de las Piedras! - Noticias Radio Reflejos","og_description":"Buscan firmantes para presentar\u00a0\u00a0a la Defensor\u00eda del Pueblo de la Provincia de Buenos Aires, a fin que interceda para\u00a0garantizar el acceso p\u00fablico al dique Paso de Las Piedras con fines tur\u00edsticos y pesca deportiva conforme a la reglamentaci\u00f3n vigente. Desde el\u00a0espacio Socialista se\u00a0suman al pedido de los \u201cAmantes del Dique Paso de las Piedras\u201d tomando [&hellip;]","og_url":"https:\/\/www.noticiasradioreflejos.com.ar\/2021\/solicitamos-nos-dejen-hacer-pesca-deportiva-y-turismo-en-el-dique-paso-de-las-piedras\/","og_site_name":"Noticias Radio Reflejos","article_published_time":"2017-03-01T13:08:39+00:00","og_image":[{"width":300,"height":200,"url":"https:\/\/www.noticiasradioreflejos.com.ar\/2021\/wp-content\/uploads\/2021\/07\/logosol300x200.png","type":"image\/png"}],"author":"Arnaldo Botto","twitter_card":"summary_large_image","schema":{"@context":"https:\/\/schema.org","@graph":[{"@type":"WebPage","@id":"https:\/\/www.noticiasradioreflejos.com.ar\/2021\/solicitamos-nos-dejen-hacer-pesca-deportiva-y-turismo-en-el-dique-paso-de-las-piedras\/","url":"https:\/\/www.noticiasradioreflejos.com.ar\/2021\/solicitamos-nos-dejen-hacer-pesca-deportiva-y-turismo-en-el-dique-paso-de-las-piedras\/","name":"\u00a1Solicitamos nos dejen hacer Pesca deportiva y Turismo en el Dique Paso de las Piedras! - Noticias Radio Reflejos","isPartOf":{"@id":"https:\/\/www.noticiasradioreflejos.com.ar\/2021\/#website"},"datePublished":"2017-03-01T13:08:39+00:00","author":{"@id":"https:\/\/www.noticiasradioreflejos.com.ar\/2021\/#\/schema\/person\/ad82545263dcc5ec0996818884fd5fb1"},"breadcrumb":{"@id":"https:\/\/www.noticiasradioreflejos.com.ar\/2021\/solicitamos-nos-dejen-hacer-pesca-deportiva-y-turismo-en-el-dique-paso-de-las-piedras\/#breadcrumb"},"inLanguage":"es","potentialAction":[{"@type":"ReadAction","target":["https:\/\/www.noticiasradioreflejos.com.ar\/2021\/solicitamos-nos-dejen-hacer-pesca-deportiva-y-turismo-en-el-dique-paso-de-las-piedras\/"]}]},{"@type":"BreadcrumbList","@id":"https:\/\/www.noticiasradioreflejos.com.ar\/2021\/solicitamos-nos-dejen-hacer-pesca-deportiva-y-turismo-en-el-dique-paso-de-las-piedras\/#breadcrumb","itemListElement":[{"@type":"ListItem","position":1,"name":"Portada","item":"https:\/\/www.noticiasradioreflejos.com.ar\/2021\/"},{"@type":"ListItem","position":2,"name":"\u00a1Solicitamos nos dejen hacer Pesca deportiva y Turismo en el Dique Paso de las Piedras!"}]},{"@type":"WebSite","@id":"https:\/\/www.noticiasradioreflejos.com.ar\/2021\/#website","url":"https:\/\/www.noticiasradioreflejos.com.ar\/2021\/","name":"Noticias Radio Reflejos","description":"Las noticias de mi comarca","potentialAction":[{"@type":"SearchAction","target":{"@type":"EntryPoint","urlTemplate":"https:\/\/www.noticiasradioreflejos.com.ar\/2021\/?s={search_term_string}"},"query-input":{"@type":"PropertyValueSpecification","valueRequired":true,"valueName":"search_term_string"}}],"inLanguage":"es"},{"@type":"Person","@id":"https:\/\/www.noticiasradioreflejos.com.ar\/2021\/#\/schema\/person\/ad82545263dcc5ec0996818884fd5fb1","name":"Arnaldo Botto","image":{"@type":"ImageObject","inLanguage":"es","@id":"https:\/\/www.noticiasradioreflejos.com.ar\/2021\/#\/schema\/person\/image\/","url":"https:\/\/secure.gravatar.com\/avatar\/55cb5e37c1efa326397366e6974cb338056df65cb50e7d64d1cf314e87504837?s=96&d=mm&r=g","contentUrl":"https:\/\/secure.gravatar.com\/avatar\/55cb5e37c1efa326397366e6974cb338056df65cb50e7d64d1cf314e87504837?s=96&d=mm&r=g","caption":"Arnaldo Botto"},"url":"https:\/\/www.noticiasradioreflejos.com.ar\/2021\/author\/arnaldo\/"}]}},"_links":{"self":[{"href":"https:\/\/www.noticiasradioreflejos.com.ar\/2021\/wp-json\/wp\/v2\/posts\/7402","targetHints":{"allow":["GET"]}}],"collection":[{"href":"https:\/\/www.noticiasradioreflejos.com.ar\/2021\/wp-json\/wp\/v2\/posts"}],"about":[{"href":"https:\/\/www.noticiasradioreflejos.com.ar\/2021\/wp-json\/wp\/v2\/types\/post"}],"author":[{"embeddable":true,"href":"https:\/\/www.noticiasradioreflejos.com.ar\/2021\/wp-json\/wp\/v2\/users\/3"}],"replies":[{"embeddable":true,"href":"https:\/\/www.noticiasradioreflejos.com.ar\/2021\/wp-json\/wp\/v2\/comments?post=7402"}],"version-history":[{"count":0,"href":"https:\/\/www.noticiasradioreflejos.com.ar\/2021\/wp-json\/wp\/v2\/posts\/7402\/revisions"}],"wp:attachment":[{"href":"https:\/\/www.noticiasradioreflejos.com.ar\/2021\/wp-json\/wp\/v2\/media?parent=7402"}],"wp:term":[{"taxonomy":"category","embeddable":true,"href":"https:\/\/www.noticiasradioreflejos.com.ar\/2021\/wp-json\/wp\/v2\/categories?post=7402"},{"taxonomy":"post_tag","embeddable":true,"href":"https:\/\/www.noticiasradioreflejos.com.ar\/2021\/wp-json\/wp\/v2\/tags?post=7402"}],"curies":[{"name":"wp","href":"https:\/\/api.w.org\/{rel}","templated":true}]}}