{"id":740,"date":"2016-09-09T17:05:52","date_gmt":"2016-09-09T17:05:52","guid":{"rendered":"http:\/\/noticiasradioreflejos.com.ar\/noticias\/?p=740"},"modified":"2016-09-09T17:05:52","modified_gmt":"2016-09-09T17:05:52","slug":"denuncia-grave-incumplimiento-en-el-pago-de-aportes-de-cuota-sindical-y-de-obra-social","status":"publish","type":"post","link":"https:\/\/www.noticiasradioreflejos.com.ar\/2021\/denuncia-grave-incumplimiento-en-el-pago-de-aportes-de-cuota-sindical-y-de-obra-social\/","title":{"rendered":"Denuncia grave incumplimiento en el pago de aportes de cuota sindical y de obra social"},"content":{"rendered":"<p lang=\"es-ES\" style=\"text-align: left;\" align=\"center\">Ante la gravedad del hecho, el Consejo Directivo del SADOP, Seccional Pcia. de Bs. As. ha resuelto iniciar un fuerte operativo de fiscalizaci\u00f3n de aportes sindicales y de obra social en todo el territorio provincial.<!--more--><\/p>\n<p lang=\"es-ES\" align=\"justify\"><span style=\"font-family: Arial, sans-serif;\"><span style=\"font-size: medium;\">Se ha detectado en algunos sectores de la patronal una ilegal y arbitraria conducta consistente en retener de los salarios de los trabajadores los conceptos se\u00f1alados y no abonarlos en tiempo y forma al SADOP y a la OSDOP; pudiendo constituir esta pr\u00e1ctica una forma de evasi\u00f3n fraudulenta pasible de investigaci\u00f3n penal.<\/span><\/span><\/p>\n<p lang=\"es-ES\" align=\"justify\"><span style=\"font-family: Arial, sans-serif;\"><span style=\"font-size: medium;\">Al d\u00eda de la fecha, iniciado el reclamo en distintos establecimientos educativos de la provincia, se ha verificado una suma superior a los 15 millones de pesos de deuda, entre aportes sindicales y de obra social; causando enormes perjuicios en los servicios que nuestros afiliados y beneficiarios tienen.<\/span><\/span><\/p>\n<p lang=\"es-ES\" align=\"justify\"><span style=\"font-family: Arial, sans-serif;\"><span style=\"font-size: medium;\">Por esta raz\u00f3n y a trav\u00e9s de este medio, la conducci\u00f3n provincial del SADOP hace saber a las entidades propietarias de los establecimientos educativos de gesti\u00f3n privada <\/span><\/span><span style=\"font-family: Arial, sans-serif;\"><span style=\"font-size: medium;\"><i><u><b>EN MORA<\/b><\/u><\/i><\/span><\/span><span style=\"font-family: Arial, sans-serif;\"><span style=\"font-size: medium;\">, que deber\u00e1n <\/span><\/span><span style=\"font-family: Arial, sans-serif;\"><span style=\"font-size: medium;\"><i><u><b>regularizar de manera urgente esta situaci\u00f3n<\/b><\/u><\/i><\/span><\/span><span style=\"font-family: Arial, sans-serif;\"><span style=\"font-size: medium;\">, de los contrario se iniciar\u00e1n las acciones gremiales, administrativas y\/o legales que correspondan.<\/span><\/span><\/p>\n<p lang=\"es-ES\" align=\"center\"><span style=\"font-family: Arial, sans-serif;\"><span style=\"font-size: medium;\"><i><b>EN DEFENSA DE NUESTROS DERECHOS LABORALES y POR CONDICIONES DIGNAS DE TRABAJO<\/b><\/i><\/span><\/span>\n<\/p>\n<p lang=\"es-ES\" align=\"justify\"><b>HORACIO FABIAN RODR\u00cdGUEZ \u00a0 \u00a0 \u00a0 \u00a0 \u00a0 \u00a0 \u00a0 \u00a0 \u00a0 \u00a0 \u00a0 \u00a0 \u00a0 \u00a0 \u00a0 \u00a0 \u00a0 \u00a0 \u00a0 \u00a0 \u00a0 \u00a0 \u00a0 \u00a0 \u00a0 \u00a0 \u00a0 \u00a0 \u00a0 \u00a0 \u00a0 \u00a0 \u00a0 \u00a0 \u00a0 \u00a0 \u00a0 \u00a0 \u00a0 \u00a0 \u00a0 \u00a0 \u00a0 \u00a0 \u00a0 \u00a0 \u00a0 \u00a0 \u00a0 \u00a0 \u00a0 \u00a0 \u00a0 \u00a0 \u00a0 \u00a0 \u00a0 \u00a0 \u00a0 \u00a0 \u00a0 \u00a0 \u00a0 \u00a0 \u00a0 \u00a0 \u00a0 \u00a0 \u00a0\u00a0JUAN CARLOS CUYAS<\/b><\/p>\n<p lang=\"es-ES\" align=\"justify\"><b>SECRETARIO DE COMUNICACI\u00d3N Y PRENSA \u00a0 \u00a0 \u00a0 \u00a0 \u00a0 \u00a0 \u00a0 \u00a0 \u00a0 \u00a0 \u00a0 \u00a0 \u00a0 \u00a0 \u00a0 \u00a0 \u00a0 \u00a0 \u00a0 \u00a0 \u00a0 \u00a0 \u00a0 \u00a0 \u00a0 \u00a0 \u00a0 \u00a0 \u00a0 \u00a0 \u00a0 \u00a0 \u00a0 \u00a0 \u00a0 \u00a0 \u00a0 \u00a0 \u00a0 \u00a0 \u00a0 \u00a0 \u00a0 \u00a0 \u00a0 \u00a0 \u00a0 \u00a0 \u00a0 \u00a0 \u00a0 \u00a0 \u00a0 \u00a0 \u00a0 \u00a0 \u00a0 \u00a0 \u00a0 \u00a0 \u00a0 \u00a0 \u00a0 \u00a0 \u00a0 \u00a0 \u00a0 \u00a0 \u00a0 \u00a0SECRETARIO GENERAL<\/b><\/p>\n<p lang=\"es-ES\" align=\"justify\"><b>022315570075 \u00a0 \u00a0 \u00a0 \u00a0 \u00a0 \u00a0 \u00a0 \u00a0 \u00a0 \u00a0 \u00a0 \u00a0 \u00a0 \u00a0 \u00a0 \u00a0 \u00a0 \u00a0 \u00a0 \u00a0 \u00a0 \u00a0 \u00a0 \u00a0 \u00a0 \u00a0 \u00a0 \u00a0 \u00a0 \u00a0 \u00a0 \u00a0 \u00a0 \u00a0 \u00a0 \u00a0 \u00a0 \u00a0 \u00a0 \u00a0 \u00a0 \u00a0 \u00a0 \u00a0 \u00a0 \u00a0 \u00a0 \u00a0 \u00a0 \u00a0 \u00a0 \u00a0 \u00a0 \u00a0 \u00a0 \u00a0 \u00a0 \u00a0 \u00a0 \u00a0 \u00a0 \u00a0 \u00a0 \u00a0 \u00a0 \u00a0 \u00a0 \u00a0 \u00a0 \u00a0 \u00a0 \u00a0 \u00a0 \u00a0 \u00a0 \u00a0 \u00a0 \u00a0 \u00a0 \u00a0 \u00a0 \u00a0 \u00a0 \u00a0 \u00a0 \u00a0 \u00a0 \u00a0 \u00a0 SECCIONAL PROVINCIA DE BUENOS AIRES<\/b><\/p>\n","protected":false},"excerpt":{"rendered":"<p>Ante la gravedad del hecho, el Consejo Directivo del SADOP, Seccional Pcia. de Bs. As. ha resuelto iniciar un fuerte operativo de fiscalizaci\u00f3n de aportes sindicales y de obra social en todo el territorio provincial.<\/p>\n","protected":false},"author":3,"featured_media":0,"comment_status":"closed","ping_status":"open","sticky":false,"template":"","format":"standard","meta":{"footnotes":""},"categories":[26],"tags":[],"class_list":["post-740","post","type-post","status-publish","format-standard","hentry","category-sociedad"],"yoast_head":"<!-- This site is optimized with the Yoast SEO plugin v25.9 - https:\/\/yoast.com\/wordpress\/plugins\/seo\/ -->\n<title>Denuncia grave incumplimiento en el pago de aportes de cuota sindical y de obra social - Noticias Radio Reflejos<\/title>\n<meta name=\"robots\" content=\"index, follow, max-snippet:-1, max-image-preview:large, max-video-preview:-1\" \/>\n<link rel=\"canonical\" href=\"https:\/\/www.noticiasradioreflejos.com.ar\/2021\/denuncia-grave-incumplimiento-en-el-pago-de-aportes-de-cuota-sindical-y-de-obra-social\/\" \/>\n<meta property=\"og:locale\" content=\"es_ES\" \/>\n<meta property=\"og:type\" content=\"article\" \/>\n<meta property=\"og:title\" content=\"Denuncia grave incumplimiento en el pago de aportes de cuota sindical y de obra social - Noticias Radio Reflejos\" \/>\n<meta property=\"og:description\" content=\"Ante la gravedad del hecho, el Consejo Directivo del SADOP, Seccional Pcia. de Bs. As. ha resuelto iniciar un fuerte operativo de fiscalizaci\u00f3n de aportes sindicales y de obra social en todo el territorio provincial.\" \/>\n<meta property=\"og:url\" content=\"https:\/\/www.noticiasradioreflejos.com.ar\/2021\/denuncia-grave-incumplimiento-en-el-pago-de-aportes-de-cuota-sindical-y-de-obra-social\/\" \/>\n<meta property=\"og:site_name\" content=\"Noticias Radio Reflejos\" \/>\n<meta property=\"article:published_time\" content=\"2016-09-09T17:05:52+00:00\" \/>\n<meta property=\"og:image\" content=\"https:\/\/www.noticiasradioreflejos.com.ar\/2021\/wp-content\/uploads\/2021\/07\/logosol300x200.png\" \/>\n\t<meta property=\"og:image:width\" content=\"300\" \/>\n\t<meta property=\"og:image:height\" content=\"200\" \/>\n\t<meta property=\"og:image:type\" content=\"image\/png\" \/>\n<meta name=\"author\" content=\"Arnaldo Botto\" \/>\n<meta name=\"twitter:card\" content=\"summary_large_image\" \/>\n<script type=\"application\/ld+json\" class=\"yoast-schema-graph\">{\"@context\":\"https:\/\/schema.org\",\"@graph\":[{\"@type\":\"WebPage\",\"@id\":\"https:\/\/www.noticiasradioreflejos.com.ar\/2021\/denuncia-grave-incumplimiento-en-el-pago-de-aportes-de-cuota-sindical-y-de-obra-social\/\",\"url\":\"https:\/\/www.noticiasradioreflejos.com.ar\/2021\/denuncia-grave-incumplimiento-en-el-pago-de-aportes-de-cuota-sindical-y-de-obra-social\/\",\"name\":\"Denuncia grave incumplimiento en el pago de aportes de cuota sindical y de obra social - Noticias Radio Reflejos\",\"isPartOf\":{\"@id\":\"https:\/\/www.noticiasradioreflejos.com.ar\/2021\/#website\"},\"datePublished\":\"2016-09-09T17:05:52+00:00\",\"author\":{\"@id\":\"https:\/\/www.noticiasradioreflejos.com.ar\/2021\/#\/schema\/person\/ad82545263dcc5ec0996818884fd5fb1\"},\"breadcrumb\":{\"@id\":\"https:\/\/www.noticiasradioreflejos.com.ar\/2021\/denuncia-grave-incumplimiento-en-el-pago-de-aportes-de-cuota-sindical-y-de-obra-social\/#breadcrumb\"},\"inLanguage\":\"es\",\"potentialAction\":[{\"@type\":\"ReadAction\",\"target\":[\"https:\/\/www.noticiasradioreflejos.com.ar\/2021\/denuncia-grave-incumplimiento-en-el-pago-de-aportes-de-cuota-sindical-y-de-obra-social\/\"]}]},{\"@type\":\"BreadcrumbList\",\"@id\":\"https:\/\/www.noticiasradioreflejos.com.ar\/2021\/denuncia-grave-incumplimiento-en-el-pago-de-aportes-de-cuota-sindical-y-de-obra-social\/#breadcrumb\",\"itemListElement\":[{\"@type\":\"ListItem\",\"position\":1,\"name\":\"Portada\",\"item\":\"https:\/\/www.noticiasradioreflejos.com.ar\/2021\/\"},{\"@type\":\"ListItem\",\"position\":2,\"name\":\"Denuncia grave incumplimiento en el pago de aportes de cuota sindical y de obra social\"}]},{\"@type\":\"WebSite\",\"@id\":\"https:\/\/www.noticiasradioreflejos.com.ar\/2021\/#website\",\"url\":\"https:\/\/www.noticiasradioreflejos.com.ar\/2021\/\",\"name\":\"Noticias Radio Reflejos\",\"description\":\"Las noticias de mi comarca\",\"potentialAction\":[{\"@type\":\"SearchAction\",\"target\":{\"@type\":\"EntryPoint\",\"urlTemplate\":\"https:\/\/www.noticiasradioreflejos.com.ar\/2021\/?s={search_term_string}\"},\"query-input\":{\"@type\":\"PropertyValueSpecification\",\"valueRequired\":true,\"valueName\":\"search_term_string\"}}],\"inLanguage\":\"es\"},{\"@type\":\"Person\",\"@id\":\"https:\/\/www.noticiasradioreflejos.com.ar\/2021\/#\/schema\/person\/ad82545263dcc5ec0996818884fd5fb1\",\"name\":\"Arnaldo Botto\",\"image\":{\"@type\":\"ImageObject\",\"inLanguage\":\"es\",\"@id\":\"https:\/\/www.noticiasradioreflejos.com.ar\/2021\/#\/schema\/person\/image\/\",\"url\":\"https:\/\/secure.gravatar.com\/avatar\/55cb5e37c1efa326397366e6974cb338056df65cb50e7d64d1cf314e87504837?s=96&d=mm&r=g\",\"contentUrl\":\"https:\/\/secure.gravatar.com\/avatar\/55cb5e37c1efa326397366e6974cb338056df65cb50e7d64d1cf314e87504837?s=96&d=mm&r=g\",\"caption\":\"Arnaldo Botto\"},\"url\":\"https:\/\/www.noticiasradioreflejos.com.ar\/2021\/author\/arnaldo\/\"}]}<\/script>\n<!-- \/ Yoast SEO plugin. -->","yoast_head_json":{"title":"Denuncia grave incumplimiento en el pago de aportes de cuota sindical y de obra social - Noticias Radio Reflejos","robots":{"index":"index","follow":"follow","max-snippet":"max-snippet:-1","max-image-preview":"max-image-preview:large","max-video-preview":"max-video-preview:-1"},"canonical":"https:\/\/www.noticiasradioreflejos.com.ar\/2021\/denuncia-grave-incumplimiento-en-el-pago-de-aportes-de-cuota-sindical-y-de-obra-social\/","og_locale":"es_ES","og_type":"article","og_title":"Denuncia grave incumplimiento en el pago de aportes de cuota sindical y de obra social - Noticias Radio Reflejos","og_description":"Ante la gravedad del hecho, el Consejo Directivo del SADOP, Seccional Pcia. de Bs. As. ha resuelto iniciar un fuerte operativo de fiscalizaci\u00f3n de aportes sindicales y de obra social en todo el territorio provincial.","og_url":"https:\/\/www.noticiasradioreflejos.com.ar\/2021\/denuncia-grave-incumplimiento-en-el-pago-de-aportes-de-cuota-sindical-y-de-obra-social\/","og_site_name":"Noticias Radio Reflejos","article_published_time":"2016-09-09T17:05:52+00:00","og_image":[{"width":300,"height":200,"url":"https:\/\/www.noticiasradioreflejos.com.ar\/2021\/wp-content\/uploads\/2021\/07\/logosol300x200.png","type":"image\/png"}],"author":"Arnaldo Botto","twitter_card":"summary_large_image","schema":{"@context":"https:\/\/schema.org","@graph":[{"@type":"WebPage","@id":"https:\/\/www.noticiasradioreflejos.com.ar\/2021\/denuncia-grave-incumplimiento-en-el-pago-de-aportes-de-cuota-sindical-y-de-obra-social\/","url":"https:\/\/www.noticiasradioreflejos.com.ar\/2021\/denuncia-grave-incumplimiento-en-el-pago-de-aportes-de-cuota-sindical-y-de-obra-social\/","name":"Denuncia grave incumplimiento en el pago de aportes de cuota sindical y de obra social - Noticias Radio Reflejos","isPartOf":{"@id":"https:\/\/www.noticiasradioreflejos.com.ar\/2021\/#website"},"datePublished":"2016-09-09T17:05:52+00:00","author":{"@id":"https:\/\/www.noticiasradioreflejos.com.ar\/2021\/#\/schema\/person\/ad82545263dcc5ec0996818884fd5fb1"},"breadcrumb":{"@id":"https:\/\/www.noticiasradioreflejos.com.ar\/2021\/denuncia-grave-incumplimiento-en-el-pago-de-aportes-de-cuota-sindical-y-de-obra-social\/#breadcrumb"},"inLanguage":"es","potentialAction":[{"@type":"ReadAction","target":["https:\/\/www.noticiasradioreflejos.com.ar\/2021\/denuncia-grave-incumplimiento-en-el-pago-de-aportes-de-cuota-sindical-y-de-obra-social\/"]}]},{"@type":"BreadcrumbList","@id":"https:\/\/www.noticiasradioreflejos.com.ar\/2021\/denuncia-grave-incumplimiento-en-el-pago-de-aportes-de-cuota-sindical-y-de-obra-social\/#breadcrumb","itemListElement":[{"@type":"ListItem","position":1,"name":"Portada","item":"https:\/\/www.noticiasradioreflejos.com.ar\/2021\/"},{"@type":"ListItem","position":2,"name":"Denuncia grave incumplimiento en el pago de aportes de cuota sindical y de obra social"}]},{"@type":"WebSite","@id":"https:\/\/www.noticiasradioreflejos.com.ar\/2021\/#website","url":"https:\/\/www.noticiasradioreflejos.com.ar\/2021\/","name":"Noticias Radio Reflejos","description":"Las noticias de mi comarca","potentialAction":[{"@type":"SearchAction","target":{"@type":"EntryPoint","urlTemplate":"https:\/\/www.noticiasradioreflejos.com.ar\/2021\/?s={search_term_string}"},"query-input":{"@type":"PropertyValueSpecification","valueRequired":true,"valueName":"search_term_string"}}],"inLanguage":"es"},{"@type":"Person","@id":"https:\/\/www.noticiasradioreflejos.com.ar\/2021\/#\/schema\/person\/ad82545263dcc5ec0996818884fd5fb1","name":"Arnaldo Botto","image":{"@type":"ImageObject","inLanguage":"es","@id":"https:\/\/www.noticiasradioreflejos.com.ar\/2021\/#\/schema\/person\/image\/","url":"https:\/\/secure.gravatar.com\/avatar\/55cb5e37c1efa326397366e6974cb338056df65cb50e7d64d1cf314e87504837?s=96&d=mm&r=g","contentUrl":"https:\/\/secure.gravatar.com\/avatar\/55cb5e37c1efa326397366e6974cb338056df65cb50e7d64d1cf314e87504837?s=96&d=mm&r=g","caption":"Arnaldo Botto"},"url":"https:\/\/www.noticiasradioreflejos.com.ar\/2021\/author\/arnaldo\/"}]}},"_links":{"self":[{"href":"https:\/\/www.noticiasradioreflejos.com.ar\/2021\/wp-json\/wp\/v2\/posts\/740","targetHints":{"allow":["GET"]}}],"collection":[{"href":"https:\/\/www.noticiasradioreflejos.com.ar\/2021\/wp-json\/wp\/v2\/posts"}],"about":[{"href":"https:\/\/www.noticiasradioreflejos.com.ar\/2021\/wp-json\/wp\/v2\/types\/post"}],"author":[{"embeddable":true,"href":"https:\/\/www.noticiasradioreflejos.com.ar\/2021\/wp-json\/wp\/v2\/users\/3"}],"replies":[{"embeddable":true,"href":"https:\/\/www.noticiasradioreflejos.com.ar\/2021\/wp-json\/wp\/v2\/comments?post=740"}],"version-history":[{"count":0,"href":"https:\/\/www.noticiasradioreflejos.com.ar\/2021\/wp-json\/wp\/v2\/posts\/740\/revisions"}],"wp:attachment":[{"href":"https:\/\/www.noticiasradioreflejos.com.ar\/2021\/wp-json\/wp\/v2\/media?parent=740"}],"wp:term":[{"taxonomy":"category","embeddable":true,"href":"https:\/\/www.noticiasradioreflejos.com.ar\/2021\/wp-json\/wp\/v2\/categories?post=740"},{"taxonomy":"post_tag","embeddable":true,"href":"https:\/\/www.noticiasradioreflejos.com.ar\/2021\/wp-json\/wp\/v2\/tags?post=740"}],"curies":[{"name":"wp","href":"https:\/\/api.w.org\/{rel}","templated":true}]}}