{"id":73965,"date":"2022-06-21T01:40:33","date_gmt":"2022-06-21T01:40:33","guid":{"rendered":"http:\/\/www.noticiasradioreflejos.com.ar\/2021\/?p=73965"},"modified":"2022-06-21T02:38:19","modified_gmt":"2022-06-21T02:38:19","slug":"villa-ventana-en-el-mastil-mas-alto-de-la-provincia-flamea-la-bandera-que-manuel-belgrano-nos-lego","status":"publish","type":"post","link":"https:\/\/www.noticiasradioreflejos.com.ar\/2021\/villa-ventana-en-el-mastil-mas-alto-de-la-provincia-flamea-la-bandera-que-manuel-belgrano-nos-lego\/","title":{"rendered":"Villa Ventana: En el m\u00e1stil m\u00e1s alto de la provincia flamea la Bandera que Manuel Belgrano nos leg\u00f3."},"content":{"rendered":"<p>Una multitud de personas asistieron a la puesta en valor del m\u00e1stil del Ex Club Hotel y Casino de la Ventana, donde la Asociaci\u00f3n Amigos de la Trochita de Sierra de la Ventana junto a instituciones de Villa Ventana y el municipio, homenajearon al creador de la bandera nacional a 202 a\u00f1os de su fallecimiento.<!--more--><br \/>\n<a title=\"20 de junio Club Hotel (15)\" href=\"https:\/\/www.flickr.com\/photos\/182279889@N02\/52162099140\/in\/dateposted-public\/\" data-flickr-embed=\"true\"><img loading=\"lazy\" decoding=\"async\" src=\"https:\/\/live.staticflickr.com\/65535\/52162099140_1326e352a8_c.jpg\" alt=\"20 de junio Club Hotel (15)\" width=\"800\" height=\"463\" \/><\/a><script async src=\"\/\/embedr.flickr.com\/assets\/client-code.js\" charset=\"utf-8\"><\/script><\/p>\n<p>La tarde gris y fr\u00eda que este 20 de junio se present\u00f3 en la comarca serrana, no impidi\u00f3 que m\u00e1s de 600 personas llegaran hasta el predio del Ex Club Hotel de la Ventana, \u00edcono de la hoteler\u00eda, \u00abmaravilla del siglo\u00bb, iniciador de la fundaci\u00f3n de Sierra y Villa Ventana y hoy patrimonio hist\u00f3rico, cultural y tur\u00edstico de toda la regi\u00f3n y la provincia.<\/p>\n<p>La cita inicialmente estuvo prevista para las 13 horas en la Delegaci\u00f3n Municipal de Villa Ventana y desde ah\u00ed, desde la misma Plaza Salerno, una bandera argentina de grandes dimensiones fue llevada en un carruaje\u00a0 por la agrupaci\u00f3n gaucha y la escuela de equitaci\u00f3n, quienes escoltaron a la insignia patria. Detr\u00e1s, vecinos y turistas formando una larga fila de cientos de metros, los siguieron en veh\u00edculos y muchos a pie para llegar hasta las ruinas y el m\u00e1stil del Club Hotel que luc\u00eda restaurado y se ergu\u00eda hacia el cielo plomizo de este 20 de junio.<\/p>\n<p>El acto di\u00f3 comienzo pasadas las 14 horas, cuando integrantes de\u00a0 bomberos\u00a0 y ni\u00f1os de la escuela municipal de atletismo, trasladaron el pabell\u00f3n desde el carruaje hasta el pie del m\u00e1stil.\u00a0 All\u00ed se sumaron a sostener la bandera la delegada Municipal de Villa Ventana<strong> Florencia Testa<\/strong>, la presidenta del Concejo Deliberante<strong> Sandra Kife<\/strong>r y el Secretario de Seguridad y Gobierno\u00a0 Municipal,<strong> Ezequiel Gabella; <\/strong>ellos, junto al presidente de la Asociaci\u00f3n\u00a0 Trochita<strong> S.V C.H, Dardo Fern\u00e1ndez, tuvieron a su cargo el izamiento en el renovado m\u00e1stil.<\/strong><\/p>\n<p><a title=\"20 de junio Club Hotel (12)\" href=\"https:\/\/www.flickr.com\/photos\/182279889@N02\/52160589367\/in\/dateposted-public\/\" data-flickr-embed=\"true\"><img loading=\"lazy\" decoding=\"async\" src=\"https:\/\/live.staticflickr.com\/65535\/52160589367_cfdd16df08_c.jpg\" alt=\"20 de junio Club Hotel (12)\" width=\"800\" height=\"450\" \/><\/a><script async src=\"\/\/embedr.flickr.com\/assets\/client-code.js\" charset=\"utf-8\"><\/script><\/p>\n<p>En el momento previo al acto de izar nuestra ense\u00f1a patria,\u00a0 el Di\u00e1cono Fernando Alcaraz bendijo la bandera, destacando la figura de Belgrano y su objetivo de \u00abMarcar nuestra identidad como pueblo\u00bb.<\/p>\n<p>Posteriormente y tras entonar las estrofas del Himno Nacional Argentino, se di\u00f3 lugar a descubrir una piedra a modo de placa, que se ubic\u00f3 en el propio m\u00e1stil, la cual lleva la siguiente inscripci\u00f3n: <strong>\u00abRecuperaci\u00f3n M\u00e1stil 20-06-2022\u00a0 Trochita S.V. C.H. Ramal 111\u00bb. <\/strong>Inmediatamente hizo uso de la palabra<strong> Dardo Fern\u00e1ndez, <\/strong>quien en su mensaje hizo hincapi\u00e9 resaltando<strong> \u00abPara los que integramos la Asociaci\u00f3n de la Trochita de Sierra de la Ventana, este d\u00eda de la Bandera y este acto, en este lugar, en estas tierras del Club Hotel de la Ventana,\u00a0 son muy especiales, porque estamos poniendo en valor el m\u00e1stil emplazado en el lugar m\u00e1s alto de la provincia de Buenos Aires\u00bb; en un sitio hist\u00f3rico que nos pertenece, que es patrimonio del Distrito de Tornquist.\u00bb<\/strong> Dej\u00f3 adem\u00e1s, un fervoroso agradecimiento a todos los que colaboraron para llevar adelante este emprendimiento comunitario y expres\u00f3 su <strong>\u00abdeseo y el de la instituci\u00f3n que, en adelante se pueda realizar el acto del D\u00eda de la Bandera siempre en este lugar\u00bb.<\/strong><\/p>\n<p><a title=\"20 de junio Club Hotel (41)\" href=\"https:\/\/www.flickr.com\/photos\/182279889@N02\/52162098900\/in\/dateposted-public\/\" data-flickr-embed=\"true\"><img loading=\"lazy\" decoding=\"async\" src=\"https:\/\/live.staticflickr.com\/65535\/52162098900_ab705aeb2f_c.jpg\" alt=\"20 de junio Club Hotel (41)\" width=\"800\" height=\"450\" \/><\/a><\/p>\n<p>Mercedes Willich sigui\u00f3 como oradora del acto y en una entrega ferviente de palabras, datos hist\u00f3ricos, donde hubo rese\u00f1a de todo lo bueno y de la cascada de desatinos, indiferencia junto a intereses particulares, llevaron al Club Hotel de ser la Maravilla del Siglo a la decadencia que finaliz\u00f3 con unas ruinas y un litigio jur\u00eddico sin final. \u00abEste lugar es Patrimonio, lo hemos heredado de nuestros antepasados; es un patrimonio cultural rodeado de un patrimonio natural bell\u00edsimo\u00bb enfatizaba Mercedes, a la vez que destacaba \u00abTenemos que tomar conciencia de lo que nos rodea, los bienes culturales y naturales son nuestra tarjeta de presentaci\u00f3n, Tornquist tiene Patrimonio&#8230;!\u00bb y sigui\u00f3 enumerando\u00a0 todo lo que integra y significa Patrimonio.<\/p>\n<p>\u00abNadie le va a dar el valor de patrimonio, si no se lo da la comunidad\u00bb, asever\u00f3 sobre el final del mensaje y remat\u00f3 sus palabras pidiendo a Dios que la justicia act\u00fae con los tiempos de la gente y agradeciendo a Belgrano por nuestra Bandera.<\/p>\n<p>&nbsp;<\/p>\n<p><a title=\"20 de junio Club Hotel (89)\" href=\"https:\/\/www.flickr.com\/photos\/182279889@N02\/52162096480\/in\/dateposted-public\/\" data-flickr-embed=\"true\"><img loading=\"lazy\" decoding=\"async\" src=\"https:\/\/live.staticflickr.com\/65535\/52162096480_2ec45dbf1d_c.jpg\" alt=\"20 de junio Club Hotel (89)\" width=\"800\" height=\"450\" \/><\/a><\/p>\n<p>&nbsp;<\/p>\n<p>Seguidamente, Ezequiel Gabella destac\u00f3 a los \u00abLocos Lindos de la Trochita\u00bb y alabando su tarea manifest\u00f3: \u00bb Tuvieron esta sana locura de decir, si bien est\u00e1 todo abandonado, hay mucho para hacer, y en particular este m\u00e1stil es un s\u00edmbolo de lo que son capaces de hacer, y todav\u00eda falta mucho\u00bb. En cuanto a lo manifestado por Willich, por los vaivenes en que la justicia tiene el expediente de las 122 hect\u00e1reas del predio del Club Hotel, Gabella dijo: <strong>\u00abrecojo el guante Mercedes y para quien no lo sabe, hay un trabajo judicial muy largo para poder tener una tranquilidad y poder trabajar sobre este lugar con los papeles en regla, estamos muy cerca de lograrlo, de tener la sentencia al menos en primera instancia\u00bb. <\/strong>A su vez, relat\u00f3 una historia personal que lo vincula al Club Hotel y cerr\u00f3 con una menci\u00f3n al Quijote de la Mancha: \u00abCambiar el mundo no es una locura, es una obligaci\u00f3n\u00bb.<\/p>\n<p><a title=\"20 de junio Club Hotel (79)\" href=\"https:\/\/www.flickr.com\/photos\/182279889@N02\/52161847489\/in\/dateposted-public\/\" data-flickr-embed=\"true\"><img loading=\"lazy\" decoding=\"async\" src=\"https:\/\/live.staticflickr.com\/65535\/52161847489_891969e6dd_c.jpg\" alt=\"20 de junio Club Hotel (79)\" width=\"800\" height=\"450\" \/><\/a><script async src=\"\/\/embedr.flickr.com\/assets\/client-code.js\" charset=\"utf-8\"><\/script><\/p>\n<p>Finalizados los oradores, tuvo lugar una muestra de la Escuela Municipal de Atletismo y su profesor Nicol\u00e1s Cabral desde el micr\u00f3fono, cont\u00f3 parte del trabajo que vienen haciendo junto a su padre \u00abQuique\u00bb, con los comienzos en Villa Ventana y tan s\u00f3lo una decena de alumnos, hasta llegar al d\u00eda de hoy con m\u00e1s de 300 y varios atletas de trayectoria, destacados a nivel provincial y nacional.<\/p>\n<p>A continuaci\u00f3n el grupo folcl\u00f3rico \u00abSol y Sierra\u00bb del taller de la Biblioteca Macedonio Fernandez, dirigido por la Profesora Ana Mar\u00eda Sciacio deleit\u00f3 al p\u00fablico con danzas de nuestra tierra;\u00a0 Las voces del d\u00fao vocal integrado por Mar\u00eda Estela Misquinich y Alejandra Archanco siguieron con canciones populares.<\/p>\n<p>Finaliz\u00f3 con varias puestas en escena, el Taller de Folclore Municipal de la Asociaci\u00f3n de Fomento de Villa Ventana dirigido por Soledad Davis junto a integrantes de la Pe\u00f1a Huinca Malal de Saldungaray, donde se destacaron el Peric\u00f3n Nacional, un carnavalito interpretado por ni\u00f1as del taller y otras danzas.<\/p>\n<p>La satisfacci\u00f3n por todo lo vivido se vio reflejada en muchos rostros, de organizadores, de visitantes, en las autoridades y de los cientos de vecinos que acompa\u00f1aron pese al fr\u00edo y al d\u00eda gris que la naturaleza marc\u00f3;\u00a0 todos los que dijeron presente se apropiaron un poco m\u00e1s de este lugar hist\u00f3rico y m\u00e1gico a la vez, donde naci\u00f3 la historia del turismo de la regi\u00f3n y hoy sigue siendo un atractivo patrimonial de la comunidad.<\/p>\n<p><strong>Ver mas fotos Aqu\u00ed<\/strong><em><br \/>\n<iframe loading=\"lazy\" style=\"border: none; overflow: hidden;\" src=\"https:\/\/www.facebook.com\/plugins\/post.php?href=https%3A%2F%2Fwww.facebook.com%2FNoticiasRadioReflejos%2Fphotos%2Fa.514668482234398%2F1657358717965363%2F%3Ftype%3D3%26av%3D505541873147059%26eav%3DAfYNJil7GE9nJ7x6MF-P2TID6638fClSFMFH6pGTHIeIbtc4p-Jffa0JgvHQ0NLg0yE&amp;show_text=true&amp;width=500\" width=\"500\" height=\"281\" frameborder=\"0\" scrolling=\"no\" allowfullscreen=\"allowfullscreen\"><\/iframe><\/em><\/p>\n<p><a title=\"20 de junio Club Hotel (106)\" href=\"https:\/\/www.flickr.com\/photos\/182279889@N02\/52161845259\/in\/dateposted-public\/\" data-flickr-embed=\"true\"><img loading=\"lazy\" decoding=\"async\" src=\"https:\/\/live.staticflickr.com\/65535\/52161845259_19d6cac8aa_c.jpg\" alt=\"20 de junio Club Hotel (106)\" width=\"800\" height=\"450\" \/><\/a><script async src=\"\/\/embedr.flickr.com\/assets\/client-code.js\" charset=\"utf-8\"><\/script><\/p>\n<p><a title=\"20 de junio Club Hotel (122)\" href=\"https:\/\/www.flickr.com\/photos\/182279889@N02\/52160584187\/in\/dateposted-public\/\" data-flickr-embed=\"true\"><img loading=\"lazy\" decoding=\"async\" src=\"https:\/\/live.staticflickr.com\/65535\/52160584187_de1fdcf1b3_c.jpg\" alt=\"20 de junio Club Hotel (122)\" width=\"800\" height=\"450\" \/><\/a><\/p>\n<p><a title=\"20 de junio Club Hotel (138)\" href=\"https:\/\/www.flickr.com\/photos\/182279889@N02\/52161843839\/in\/dateposted-public\/\" data-flickr-embed=\"true\"><img loading=\"lazy\" decoding=\"async\" src=\"https:\/\/live.staticflickr.com\/65535\/52161843839_2d8fded41d_c.jpg\" alt=\"20 de junio Club Hotel (138)\" width=\"800\" height=\"450\" \/><\/a><\/p>\n<p><a title=\"20 de junio Club Hotel (152)\" href=\"https:\/\/www.flickr.com\/photos\/182279889@N02\/52161842594\/in\/dateposted-public\/\" data-flickr-embed=\"true\"><img loading=\"lazy\" decoding=\"async\" src=\"https:\/\/live.staticflickr.com\/65535\/52161842594_4aec5e7e7f_c.jpg\" alt=\"20 de junio Club Hotel (152)\" width=\"800\" height=\"450\" \/><\/a><\/p>\n<p><script async src=\"\/\/embedr.flickr.com\/assets\/client-code.js\" charset=\"utf-8\"><\/script><\/p>\n<p><a title=\"20 de junio Club Hotel (172)\" href=\"https:\/\/www.flickr.com\/photos\/182279889@N02\/52160714782\/in\/dateposted-public\/\" data-flickr-embed=\"true\"><img loading=\"lazy\" decoding=\"async\" src=\"https:\/\/live.staticflickr.com\/65535\/52160714782_fccd016f32_c.jpg\" alt=\"20 de junio Club Hotel (172)\" width=\"800\" height=\"450\" \/><\/a><\/p>\n<p><a title=\"20 de junio Club Hotel (11)\" href=\"https:\/\/www.flickr.com\/photos\/182279889@N02\/52162003574\/in\/dateposted-public\/\" data-flickr-embed=\"true\"><img loading=\"lazy\" decoding=\"async\" src=\"https:\/\/live.staticflickr.com\/65535\/52162003574_82569fe19d_c.jpg\" alt=\"20 de junio Club Hotel (11)\" width=\"800\" height=\"450\" \/><\/a><script async src=\"\/\/embedr.flickr.com\/assets\/client-code.js\" charset=\"utf-8\"><\/script><\/p>\n","protected":false},"excerpt":{"rendered":"<p>Una multitud de personas asistieron a la puesta en valor del m\u00e1stil del Ex Club Hotel y Casino de la Ventana, donde la Asociaci\u00f3n Amigos de la Trochita de Sierra de la Ventana junto a instituciones de Villa Ventana y el municipio, homenajearon al creador de la bandera nacional a 202 a\u00f1os de su fallecimiento.<\/p>\n","protected":false},"author":3,"featured_media":0,"comment_status":"closed","ping_status":"closed","sticky":false,"template":"","format":"standard","meta":{"footnotes":""},"categories":[35,26,33],"tags":[48],"class_list":["post-73965","post","type-post","status-publish","format-standard","hentry","category-cultura","category-sociedad","category-turismo","tag-destacada"],"yoast_head":"<!-- This site is optimized with the Yoast SEO plugin v25.9 - https:\/\/yoast.com\/wordpress\/plugins\/seo\/ -->\n<title>Villa Ventana: En el m\u00e1stil m\u00e1s alto de la provincia flamea la Bandera que Manuel Belgrano nos leg\u00f3. - Noticias Radio Reflejos<\/title>\n<meta name=\"robots\" content=\"index, follow, max-snippet:-1, max-image-preview:large, max-video-preview:-1\" \/>\n<link rel=\"canonical\" href=\"https:\/\/www.noticiasradioreflejos.com.ar\/2021\/villa-ventana-en-el-mastil-mas-alto-de-la-provincia-flamea-la-bandera-que-manuel-belgrano-nos-lego\/\" \/>\n<meta property=\"og:locale\" content=\"es_ES\" \/>\n<meta property=\"og:type\" content=\"article\" \/>\n<meta property=\"og:title\" content=\"Villa Ventana: En el m\u00e1stil m\u00e1s alto de la provincia flamea la Bandera que Manuel Belgrano nos leg\u00f3. - Noticias Radio Reflejos\" \/>\n<meta property=\"og:description\" content=\"Una multitud de personas asistieron a la puesta en valor del m\u00e1stil del Ex Club Hotel y Casino de la Ventana, donde la Asociaci\u00f3n Amigos de la Trochita de Sierra de la Ventana junto a instituciones de Villa Ventana y el municipio, homenajearon al creador de la bandera nacional a 202 a\u00f1os de su fallecimiento.\" \/>\n<meta property=\"og:url\" content=\"https:\/\/www.noticiasradioreflejos.com.ar\/2021\/villa-ventana-en-el-mastil-mas-alto-de-la-provincia-flamea-la-bandera-que-manuel-belgrano-nos-lego\/\" \/>\n<meta property=\"og:site_name\" content=\"Noticias Radio Reflejos\" \/>\n<meta property=\"article:published_time\" content=\"2022-06-21T01:40:33+00:00\" \/>\n<meta property=\"article:modified_time\" content=\"2022-06-21T02:38:19+00:00\" \/>\n<meta property=\"og:image\" content=\"https:\/\/live.staticflickr.com\/65535\/52162099140_1326e352a8_c.jpg\" \/>\n<meta name=\"author\" content=\"Arnaldo Botto\" \/>\n<meta name=\"twitter:card\" content=\"summary_large_image\" \/>\n<script type=\"application\/ld+json\" class=\"yoast-schema-graph\">{\"@context\":\"https:\/\/schema.org\",\"@graph\":[{\"@type\":\"WebPage\",\"@id\":\"https:\/\/www.noticiasradioreflejos.com.ar\/2021\/villa-ventana-en-el-mastil-mas-alto-de-la-provincia-flamea-la-bandera-que-manuel-belgrano-nos-lego\/\",\"url\":\"https:\/\/www.noticiasradioreflejos.com.ar\/2021\/villa-ventana-en-el-mastil-mas-alto-de-la-provincia-flamea-la-bandera-que-manuel-belgrano-nos-lego\/\",\"name\":\"Villa Ventana: En el m\u00e1stil m\u00e1s alto de la provincia flamea la Bandera que Manuel Belgrano nos leg\u00f3. - Noticias Radio Reflejos\",\"isPartOf\":{\"@id\":\"https:\/\/www.noticiasradioreflejos.com.ar\/2021\/#website\"},\"primaryImageOfPage\":{\"@id\":\"https:\/\/www.noticiasradioreflejos.com.ar\/2021\/villa-ventana-en-el-mastil-mas-alto-de-la-provincia-flamea-la-bandera-que-manuel-belgrano-nos-lego\/#primaryimage\"},\"image\":{\"@id\":\"https:\/\/www.noticiasradioreflejos.com.ar\/2021\/villa-ventana-en-el-mastil-mas-alto-de-la-provincia-flamea-la-bandera-que-manuel-belgrano-nos-lego\/#primaryimage\"},\"thumbnailUrl\":\"https:\/\/live.staticflickr.com\/65535\/52162099140_1326e352a8_c.jpg\",\"datePublished\":\"2022-06-21T01:40:33+00:00\",\"dateModified\":\"2022-06-21T02:38:19+00:00\",\"author\":{\"@id\":\"https:\/\/www.noticiasradioreflejos.com.ar\/2021\/#\/schema\/person\/ad82545263dcc5ec0996818884fd5fb1\"},\"breadcrumb\":{\"@id\":\"https:\/\/www.noticiasradioreflejos.com.ar\/2021\/villa-ventana-en-el-mastil-mas-alto-de-la-provincia-flamea-la-bandera-que-manuel-belgrano-nos-lego\/#breadcrumb\"},\"inLanguage\":\"es\",\"potentialAction\":[{\"@type\":\"ReadAction\",\"target\":[\"https:\/\/www.noticiasradioreflejos.com.ar\/2021\/villa-ventana-en-el-mastil-mas-alto-de-la-provincia-flamea-la-bandera-que-manuel-belgrano-nos-lego\/\"]}]},{\"@type\":\"ImageObject\",\"inLanguage\":\"es\",\"@id\":\"https:\/\/www.noticiasradioreflejos.com.ar\/2021\/villa-ventana-en-el-mastil-mas-alto-de-la-provincia-flamea-la-bandera-que-manuel-belgrano-nos-lego\/#primaryimage\",\"url\":\"https:\/\/live.staticflickr.com\/65535\/52162099140_1326e352a8_c.jpg\",\"contentUrl\":\"https:\/\/live.staticflickr.com\/65535\/52162099140_1326e352a8_c.jpg\"},{\"@type\":\"BreadcrumbList\",\"@id\":\"https:\/\/www.noticiasradioreflejos.com.ar\/2021\/villa-ventana-en-el-mastil-mas-alto-de-la-provincia-flamea-la-bandera-que-manuel-belgrano-nos-lego\/#breadcrumb\",\"itemListElement\":[{\"@type\":\"ListItem\",\"position\":1,\"name\":\"Portada\",\"item\":\"https:\/\/www.noticiasradioreflejos.com.ar\/2021\/\"},{\"@type\":\"ListItem\",\"position\":2,\"name\":\"Villa Ventana: En el m\u00e1stil m\u00e1s alto de la provincia flamea la Bandera que Manuel Belgrano nos leg\u00f3.\"}]},{\"@type\":\"WebSite\",\"@id\":\"https:\/\/www.noticiasradioreflejos.com.ar\/2021\/#website\",\"url\":\"https:\/\/www.noticiasradioreflejos.com.ar\/2021\/\",\"name\":\"Noticias Radio Reflejos\",\"description\":\"Las noticias de mi comarca\",\"potentialAction\":[{\"@type\":\"SearchAction\",\"target\":{\"@type\":\"EntryPoint\",\"urlTemplate\":\"https:\/\/www.noticiasradioreflejos.com.ar\/2021\/?s={search_term_string}\"},\"query-input\":{\"@type\":\"PropertyValueSpecification\",\"valueRequired\":true,\"valueName\":\"search_term_string\"}}],\"inLanguage\":\"es\"},{\"@type\":\"Person\",\"@id\":\"https:\/\/www.noticiasradioreflejos.com.ar\/2021\/#\/schema\/person\/ad82545263dcc5ec0996818884fd5fb1\",\"name\":\"Arnaldo Botto\",\"image\":{\"@type\":\"ImageObject\",\"inLanguage\":\"es\",\"@id\":\"https:\/\/www.noticiasradioreflejos.com.ar\/2021\/#\/schema\/person\/image\/\",\"url\":\"https:\/\/secure.gravatar.com\/avatar\/55cb5e37c1efa326397366e6974cb338056df65cb50e7d64d1cf314e87504837?s=96&d=mm&r=g\",\"contentUrl\":\"https:\/\/secure.gravatar.com\/avatar\/55cb5e37c1efa326397366e6974cb338056df65cb50e7d64d1cf314e87504837?s=96&d=mm&r=g\",\"caption\":\"Arnaldo Botto\"},\"url\":\"https:\/\/www.noticiasradioreflejos.com.ar\/2021\/author\/arnaldo\/\"}]}<\/script>\n<!-- \/ Yoast SEO plugin. -->","yoast_head_json":{"title":"Villa Ventana: En el m\u00e1stil m\u00e1s alto de la provincia flamea la Bandera que Manuel Belgrano nos leg\u00f3. - Noticias Radio Reflejos","robots":{"index":"index","follow":"follow","max-snippet":"max-snippet:-1","max-image-preview":"max-image-preview:large","max-video-preview":"max-video-preview:-1"},"canonical":"https:\/\/www.noticiasradioreflejos.com.ar\/2021\/villa-ventana-en-el-mastil-mas-alto-de-la-provincia-flamea-la-bandera-que-manuel-belgrano-nos-lego\/","og_locale":"es_ES","og_type":"article","og_title":"Villa Ventana: En el m\u00e1stil m\u00e1s alto de la provincia flamea la Bandera que Manuel Belgrano nos leg\u00f3. - Noticias Radio Reflejos","og_description":"Una multitud de personas asistieron a la puesta en valor del m\u00e1stil del Ex Club Hotel y Casino de la Ventana, donde la Asociaci\u00f3n Amigos de la Trochita de Sierra de la Ventana junto a instituciones de Villa Ventana y el municipio, homenajearon al creador de la bandera nacional a 202 a\u00f1os de su fallecimiento.","og_url":"https:\/\/www.noticiasradioreflejos.com.ar\/2021\/villa-ventana-en-el-mastil-mas-alto-de-la-provincia-flamea-la-bandera-que-manuel-belgrano-nos-lego\/","og_site_name":"Noticias Radio Reflejos","article_published_time":"2022-06-21T01:40:33+00:00","article_modified_time":"2022-06-21T02:38:19+00:00","og_image":[{"url":"https:\/\/live.staticflickr.com\/65535\/52162099140_1326e352a8_c.jpg","type":"","width":"","height":""}],"author":"Arnaldo Botto","twitter_card":"summary_large_image","schema":{"@context":"https:\/\/schema.org","@graph":[{"@type":"WebPage","@id":"https:\/\/www.noticiasradioreflejos.com.ar\/2021\/villa-ventana-en-el-mastil-mas-alto-de-la-provincia-flamea-la-bandera-que-manuel-belgrano-nos-lego\/","url":"https:\/\/www.noticiasradioreflejos.com.ar\/2021\/villa-ventana-en-el-mastil-mas-alto-de-la-provincia-flamea-la-bandera-que-manuel-belgrano-nos-lego\/","name":"Villa Ventana: En el m\u00e1stil m\u00e1s alto de la provincia flamea la Bandera que Manuel Belgrano nos leg\u00f3. - Noticias Radio Reflejos","isPartOf":{"@id":"https:\/\/www.noticiasradioreflejos.com.ar\/2021\/#website"},"primaryImageOfPage":{"@id":"https:\/\/www.noticiasradioreflejos.com.ar\/2021\/villa-ventana-en-el-mastil-mas-alto-de-la-provincia-flamea-la-bandera-que-manuel-belgrano-nos-lego\/#primaryimage"},"image":{"@id":"https:\/\/www.noticiasradioreflejos.com.ar\/2021\/villa-ventana-en-el-mastil-mas-alto-de-la-provincia-flamea-la-bandera-que-manuel-belgrano-nos-lego\/#primaryimage"},"thumbnailUrl":"https:\/\/live.staticflickr.com\/65535\/52162099140_1326e352a8_c.jpg","datePublished":"2022-06-21T01:40:33+00:00","dateModified":"2022-06-21T02:38:19+00:00","author":{"@id":"https:\/\/www.noticiasradioreflejos.com.ar\/2021\/#\/schema\/person\/ad82545263dcc5ec0996818884fd5fb1"},"breadcrumb":{"@id":"https:\/\/www.noticiasradioreflejos.com.ar\/2021\/villa-ventana-en-el-mastil-mas-alto-de-la-provincia-flamea-la-bandera-que-manuel-belgrano-nos-lego\/#breadcrumb"},"inLanguage":"es","potentialAction":[{"@type":"ReadAction","target":["https:\/\/www.noticiasradioreflejos.com.ar\/2021\/villa-ventana-en-el-mastil-mas-alto-de-la-provincia-flamea-la-bandera-que-manuel-belgrano-nos-lego\/"]}]},{"@type":"ImageObject","inLanguage":"es","@id":"https:\/\/www.noticiasradioreflejos.com.ar\/2021\/villa-ventana-en-el-mastil-mas-alto-de-la-provincia-flamea-la-bandera-que-manuel-belgrano-nos-lego\/#primaryimage","url":"https:\/\/live.staticflickr.com\/65535\/52162099140_1326e352a8_c.jpg","contentUrl":"https:\/\/live.staticflickr.com\/65535\/52162099140_1326e352a8_c.jpg"},{"@type":"BreadcrumbList","@id":"https:\/\/www.noticiasradioreflejos.com.ar\/2021\/villa-ventana-en-el-mastil-mas-alto-de-la-provincia-flamea-la-bandera-que-manuel-belgrano-nos-lego\/#breadcrumb","itemListElement":[{"@type":"ListItem","position":1,"name":"Portada","item":"https:\/\/www.noticiasradioreflejos.com.ar\/2021\/"},{"@type":"ListItem","position":2,"name":"Villa Ventana: En el m\u00e1stil m\u00e1s alto de la provincia flamea la Bandera que Manuel Belgrano nos leg\u00f3."}]},{"@type":"WebSite","@id":"https:\/\/www.noticiasradioreflejos.com.ar\/2021\/#website","url":"https:\/\/www.noticiasradioreflejos.com.ar\/2021\/","name":"Noticias Radio Reflejos","description":"Las noticias de mi comarca","potentialAction":[{"@type":"SearchAction","target":{"@type":"EntryPoint","urlTemplate":"https:\/\/www.noticiasradioreflejos.com.ar\/2021\/?s={search_term_string}"},"query-input":{"@type":"PropertyValueSpecification","valueRequired":true,"valueName":"search_term_string"}}],"inLanguage":"es"},{"@type":"Person","@id":"https:\/\/www.noticiasradioreflejos.com.ar\/2021\/#\/schema\/person\/ad82545263dcc5ec0996818884fd5fb1","name":"Arnaldo Botto","image":{"@type":"ImageObject","inLanguage":"es","@id":"https:\/\/www.noticiasradioreflejos.com.ar\/2021\/#\/schema\/person\/image\/","url":"https:\/\/secure.gravatar.com\/avatar\/55cb5e37c1efa326397366e6974cb338056df65cb50e7d64d1cf314e87504837?s=96&d=mm&r=g","contentUrl":"https:\/\/secure.gravatar.com\/avatar\/55cb5e37c1efa326397366e6974cb338056df65cb50e7d64d1cf314e87504837?s=96&d=mm&r=g","caption":"Arnaldo Botto"},"url":"https:\/\/www.noticiasradioreflejos.com.ar\/2021\/author\/arnaldo\/"}]}},"_links":{"self":[{"href":"https:\/\/www.noticiasradioreflejos.com.ar\/2021\/wp-json\/wp\/v2\/posts\/73965","targetHints":{"allow":["GET"]}}],"collection":[{"href":"https:\/\/www.noticiasradioreflejos.com.ar\/2021\/wp-json\/wp\/v2\/posts"}],"about":[{"href":"https:\/\/www.noticiasradioreflejos.com.ar\/2021\/wp-json\/wp\/v2\/types\/post"}],"author":[{"embeddable":true,"href":"https:\/\/www.noticiasradioreflejos.com.ar\/2021\/wp-json\/wp\/v2\/users\/3"}],"replies":[{"embeddable":true,"href":"https:\/\/www.noticiasradioreflejos.com.ar\/2021\/wp-json\/wp\/v2\/comments?post=73965"}],"version-history":[{"count":11,"href":"https:\/\/www.noticiasradioreflejos.com.ar\/2021\/wp-json\/wp\/v2\/posts\/73965\/revisions"}],"predecessor-version":[{"id":73975,"href":"https:\/\/www.noticiasradioreflejos.com.ar\/2021\/wp-json\/wp\/v2\/posts\/73965\/revisions\/73975"}],"wp:attachment":[{"href":"https:\/\/www.noticiasradioreflejos.com.ar\/2021\/wp-json\/wp\/v2\/media?parent=73965"}],"wp:term":[{"taxonomy":"category","embeddable":true,"href":"https:\/\/www.noticiasradioreflejos.com.ar\/2021\/wp-json\/wp\/v2\/categories?post=73965"},{"taxonomy":"post_tag","embeddable":true,"href":"https:\/\/www.noticiasradioreflejos.com.ar\/2021\/wp-json\/wp\/v2\/tags?post=73965"}],"curies":[{"name":"wp","href":"https:\/\/api.w.org\/{rel}","templated":true}]}}