{"id":73909,"date":"2022-06-17T15:06:03","date_gmt":"2022-06-17T15:06:03","guid":{"rendered":"http:\/\/www.noticiasradioreflejos.com.ar\/2021\/?p=73909"},"modified":"2022-06-17T15:06:03","modified_gmt":"2022-06-17T15:06:03","slug":"secuestraron-mas-de-175-kilos-de-cocaina-ocultos-en-una-camioneta","status":"publish","type":"post","link":"https:\/\/www.noticiasradioreflejos.com.ar\/2021\/secuestraron-mas-de-175-kilos-de-cocaina-ocultos-en-una-camioneta\/","title":{"rendered":"Secuestraron m\u00e1s de 175 kilos de coca\u00edna ocultos en una camioneta"},"content":{"rendered":"<p>Al cabo de dos allanamientos realizados por Gendarmer\u00eda Nacional en la ciudad de La Banda, los efectivos incautaron siete veh\u00edculos, cinco escopetas, dos rev\u00f3lveres, dinero en efectivo, una balanza de precisi\u00f3n, tel\u00e9fonos celulares, documentaci\u00f3n; y se detuvieron a cuatro personas.<!--more--><\/p>\n<figure class=\"mb-3\"><img decoding=\"async\" src=\"https:\/\/www.telam.com.ar\/thumbs\/bluesteel\/advf\/imagenes\/2022\/06\/62ab1eb294026_900.jpg\" alt=\"Un cargamento de ms de 175 kilos de cocana fue hallado oculto en el doble fondo de una camioneta\" width=\"100%\" height=\"100%\" \/><\/p>\n<div class=\"media-icons\"><\/div><figcaption>Un cargamento de m\u00e1s de 175 kilos de coca\u00edna fue hallado oculto en el doble fondo de una camioneta<\/figcaption><\/figure>\n<p>Un cargamento de m\u00e1s de 175 kilos de coca\u00edna fue hallado oculto en el doble fondo de una camioneta y siete acusados de integrar una banda dedicada al narcotr\u00e1fico que operaba en el norte del pa\u00eds quedaron detenidos, al cabo de dos allanamientos realizados por Gendarmer\u00eda Nacional en la ciudad de La Banda, Santiago del Estero, informaron este jueves fuentes de la fuerza.<\/p>\n<p>El decomiso y los arrestos se llevaron a cabo en el marco de\u00a0<strong>una investigaci\u00f3n iniciada hace dos a\u00f1os\u00a0<\/strong>que deriv\u00f3 en los procedimientos desplegados el mi\u00e9rcoles por personal de las Unidades de Reuni\u00f3n de Informaci\u00f3n \u201cCatamarca\u201d y \u00bb \u201cSantiago del Estero\u201d y del Escuadr\u00f3n 59,<\/p>\n<figure class=\"mb-3\"><img decoding=\"async\" src=\"https:\/\/www.telam.com.ar\/thumbs\/bluesteel\/advf\/imagenes\/2022\/06\/62ab1eb2b010a_900.jpg\" alt=\"Hay siete acusados de integrar una banda dedicada al narcotrfico que operaba en el norte del pas\" width=\"100%\" height=\"100%\" \/><\/p>\n<div class=\"media-icons\"><\/div><figcaption>Hay siete acusados de integrar una banda dedicada al narcotr\u00e1fico que operaba en el norte del pa\u00eds<\/figcaption><\/figure>\n<p>Los gendarmes registraron dos inmuebles ubicados en la localidad de La Banda, por orden del juez Federal de Catamarca Miguel \u00c1ngel Contreras, a cargo de la pesquisa llevada adelante sobre<strong>\u00a0una organizaci\u00f3n criminal dedicada al tr\u00e1fico, transporte y distribuci\u00f3n de estupefacientes que operaba en Salta, Jujuy, Tucum\u00e1n, Santiago del Estero, C\u00f3rdoba, Buenos Aires y Catamarca.<\/strong><\/p>\n<p>En la investigaci\u00f3n se estableci\u00f3 que parte de los involucrados viajaban desde Salta hacia Buenos Aires en tres veh\u00edculos, con indicios de transportar drogas.<\/p>\n<p>Pero uno de esos rodados sufri\u00f3 un desperfecto mec\u00e1nico, lo que los oblig\u00f3 a detenerse en de La Banda.<\/p>\n<figure class=\"mb-3\"><img decoding=\"async\" src=\"https:\/\/www.telam.com.ar\/thumbs\/bluesteel\/advf\/imagenes\/2022\/06\/62ab1eb2bc6f2_900.jpg\" alt=\"La organizacin criminal operaba en Salta Jujuy Tucumn Santiago del Estero Crdoba Buenos Aires y Catamarca\" width=\"100%\" height=\"100%\" \/><\/p>\n<div class=\"media-icons\"><\/div><figcaption>La organizaci\u00f3n criminal operaba en Salta, Jujuy, Tucum\u00e1n, Santiago del Estero, C\u00f3rdoba, Buenos Aires y Catamarca<\/figcaption><\/figure>\n<p>Los pesquisas establecieron el lugar donde esas personas se alojaron y un segundo domicilio en donde hab\u00edan dejado bajo guarda el rodado en el que posiblemente se transportaba la sustancia.<\/p>\n<p>Con orden del juez<strong>\u00a0se realizaron dos allanamientos, en uno de los cuales se hall\u00f3 una camioneta con un doble fondo en el que se ocultaban 181 paquetes un total de175,965 kilos de coca\u00edna.<\/strong><\/p>\n<figure class=\"mb-3\"><img decoding=\"async\" src=\"https:\/\/www.telam.com.ar\/thumbs\/bluesteel\/advf\/imagenes\/2022\/06\/62ab1eb2a30a1_900.jpg\" alt=\"Incautaron siete vehculos cinco escopetas dos revlveres dinero en efectivo una balanza de precisin telfonos celulares y documentacin\" width=\"100%\" height=\"100%\" \/><\/p>\n<div class=\"media-icons\"><\/div><figcaption>Incautaron siete veh\u00edculos, cinco escopetas, dos rev\u00f3lveres, dinero en efectivo, una balanza de precisi\u00f3n, tel\u00e9fonos celulares y documentaci\u00f3n<\/figcaption><\/figure>\n<p>Adem\u00e1s,<strong>\u00a0los efectivos incautaron siete veh\u00edculos, cinco escopetas, dos rev\u00f3lveres, dinero en efectivo, una balanza de precisi\u00f3n, tel\u00e9fonos celulares, documentaci\u00f3n; y se detuvieron a cuatro personas.<\/strong><\/p>\n<p>En el segundo domicilio, otros tres acusados quedaron detenidos en la misma causa.<\/p>\n","protected":false},"excerpt":{"rendered":"<p>Al cabo de dos allanamientos realizados por Gendarmer\u00eda Nacional en la ciudad de La Banda, los efectivos incautaron siete veh\u00edculos, cinco escopetas, dos rev\u00f3lveres, dinero en efectivo, una balanza de precisi\u00f3n, tel\u00e9fonos celulares, documentaci\u00f3n; y se detuvieron a cuatro personas.<\/p>\n","protected":false},"author":3,"featured_media":0,"comment_status":"closed","ping_status":"closed","sticky":false,"template":"","format":"standard","meta":{"footnotes":""},"categories":[24],"tags":[],"class_list":["post-73909","post","type-post","status-publish","format-standard","hentry","category-politica"],"yoast_head":"<!-- This site is optimized with the Yoast SEO plugin v25.9 - https:\/\/yoast.com\/wordpress\/plugins\/seo\/ -->\n<title>Secuestraron m\u00e1s de 175 kilos de coca\u00edna ocultos en una camioneta - Noticias Radio Reflejos<\/title>\n<meta name=\"robots\" content=\"index, follow, max-snippet:-1, max-image-preview:large, max-video-preview:-1\" \/>\n<link rel=\"canonical\" href=\"https:\/\/www.noticiasradioreflejos.com.ar\/2021\/secuestraron-mas-de-175-kilos-de-cocaina-ocultos-en-una-camioneta\/\" \/>\n<meta property=\"og:locale\" content=\"es_ES\" \/>\n<meta property=\"og:type\" content=\"article\" \/>\n<meta property=\"og:title\" content=\"Secuestraron m\u00e1s de 175 kilos de coca\u00edna ocultos en una camioneta - Noticias Radio Reflejos\" \/>\n<meta property=\"og:description\" content=\"Al cabo de dos allanamientos realizados por Gendarmer\u00eda Nacional en la ciudad de La Banda, los efectivos incautaron siete veh\u00edculos, cinco escopetas, dos rev\u00f3lveres, dinero en efectivo, una balanza de precisi\u00f3n, tel\u00e9fonos celulares, documentaci\u00f3n; y se detuvieron a cuatro personas.\" \/>\n<meta property=\"og:url\" content=\"https:\/\/www.noticiasradioreflejos.com.ar\/2021\/secuestraron-mas-de-175-kilos-de-cocaina-ocultos-en-una-camioneta\/\" \/>\n<meta property=\"og:site_name\" content=\"Noticias Radio Reflejos\" \/>\n<meta property=\"article:published_time\" content=\"2022-06-17T15:06:03+00:00\" \/>\n<meta property=\"og:image\" content=\"https:\/\/www.telam.com.ar\/thumbs\/bluesteel\/advf\/imagenes\/2022\/06\/62ab1eb294026_900.jpg\" \/>\n<meta name=\"author\" content=\"Arnaldo Botto\" \/>\n<meta name=\"twitter:card\" content=\"summary_large_image\" \/>\n<script type=\"application\/ld+json\" class=\"yoast-schema-graph\">{\"@context\":\"https:\/\/schema.org\",\"@graph\":[{\"@type\":\"WebPage\",\"@id\":\"https:\/\/www.noticiasradioreflejos.com.ar\/2021\/secuestraron-mas-de-175-kilos-de-cocaina-ocultos-en-una-camioneta\/\",\"url\":\"https:\/\/www.noticiasradioreflejos.com.ar\/2021\/secuestraron-mas-de-175-kilos-de-cocaina-ocultos-en-una-camioneta\/\",\"name\":\"Secuestraron m\u00e1s de 175 kilos de coca\u00edna ocultos en una camioneta - Noticias Radio Reflejos\",\"isPartOf\":{\"@id\":\"https:\/\/www.noticiasradioreflejos.com.ar\/2021\/#website\"},\"primaryImageOfPage\":{\"@id\":\"https:\/\/www.noticiasradioreflejos.com.ar\/2021\/secuestraron-mas-de-175-kilos-de-cocaina-ocultos-en-una-camioneta\/#primaryimage\"},\"image\":{\"@id\":\"https:\/\/www.noticiasradioreflejos.com.ar\/2021\/secuestraron-mas-de-175-kilos-de-cocaina-ocultos-en-una-camioneta\/#primaryimage\"},\"thumbnailUrl\":\"https:\/\/www.telam.com.ar\/thumbs\/bluesteel\/advf\/imagenes\/2022\/06\/62ab1eb294026_900.jpg\",\"datePublished\":\"2022-06-17T15:06:03+00:00\",\"author\":{\"@id\":\"https:\/\/www.noticiasradioreflejos.com.ar\/2021\/#\/schema\/person\/ad82545263dcc5ec0996818884fd5fb1\"},\"breadcrumb\":{\"@id\":\"https:\/\/www.noticiasradioreflejos.com.ar\/2021\/secuestraron-mas-de-175-kilos-de-cocaina-ocultos-en-una-camioneta\/#breadcrumb\"},\"inLanguage\":\"es\",\"potentialAction\":[{\"@type\":\"ReadAction\",\"target\":[\"https:\/\/www.noticiasradioreflejos.com.ar\/2021\/secuestraron-mas-de-175-kilos-de-cocaina-ocultos-en-una-camioneta\/\"]}]},{\"@type\":\"ImageObject\",\"inLanguage\":\"es\",\"@id\":\"https:\/\/www.noticiasradioreflejos.com.ar\/2021\/secuestraron-mas-de-175-kilos-de-cocaina-ocultos-en-una-camioneta\/#primaryimage\",\"url\":\"https:\/\/www.telam.com.ar\/thumbs\/bluesteel\/advf\/imagenes\/2022\/06\/62ab1eb294026_900.jpg\",\"contentUrl\":\"https:\/\/www.telam.com.ar\/thumbs\/bluesteel\/advf\/imagenes\/2022\/06\/62ab1eb294026_900.jpg\"},{\"@type\":\"BreadcrumbList\",\"@id\":\"https:\/\/www.noticiasradioreflejos.com.ar\/2021\/secuestraron-mas-de-175-kilos-de-cocaina-ocultos-en-una-camioneta\/#breadcrumb\",\"itemListElement\":[{\"@type\":\"ListItem\",\"position\":1,\"name\":\"Portada\",\"item\":\"https:\/\/www.noticiasradioreflejos.com.ar\/2021\/\"},{\"@type\":\"ListItem\",\"position\":2,\"name\":\"Secuestraron m\u00e1s de 175 kilos de coca\u00edna ocultos en una camioneta\"}]},{\"@type\":\"WebSite\",\"@id\":\"https:\/\/www.noticiasradioreflejos.com.ar\/2021\/#website\",\"url\":\"https:\/\/www.noticiasradioreflejos.com.ar\/2021\/\",\"name\":\"Noticias Radio Reflejos\",\"description\":\"Las noticias de mi comarca\",\"potentialAction\":[{\"@type\":\"SearchAction\",\"target\":{\"@type\":\"EntryPoint\",\"urlTemplate\":\"https:\/\/www.noticiasradioreflejos.com.ar\/2021\/?s={search_term_string}\"},\"query-input\":{\"@type\":\"PropertyValueSpecification\",\"valueRequired\":true,\"valueName\":\"search_term_string\"}}],\"inLanguage\":\"es\"},{\"@type\":\"Person\",\"@id\":\"https:\/\/www.noticiasradioreflejos.com.ar\/2021\/#\/schema\/person\/ad82545263dcc5ec0996818884fd5fb1\",\"name\":\"Arnaldo Botto\",\"image\":{\"@type\":\"ImageObject\",\"inLanguage\":\"es\",\"@id\":\"https:\/\/www.noticiasradioreflejos.com.ar\/2021\/#\/schema\/person\/image\/\",\"url\":\"https:\/\/secure.gravatar.com\/avatar\/55cb5e37c1efa326397366e6974cb338056df65cb50e7d64d1cf314e87504837?s=96&d=mm&r=g\",\"contentUrl\":\"https:\/\/secure.gravatar.com\/avatar\/55cb5e37c1efa326397366e6974cb338056df65cb50e7d64d1cf314e87504837?s=96&d=mm&r=g\",\"caption\":\"Arnaldo Botto\"},\"url\":\"https:\/\/www.noticiasradioreflejos.com.ar\/2021\/author\/arnaldo\/\"}]}<\/script>\n<!-- \/ Yoast SEO plugin. -->","yoast_head_json":{"title":"Secuestraron m\u00e1s de 175 kilos de coca\u00edna ocultos en una camioneta - Noticias Radio Reflejos","robots":{"index":"index","follow":"follow","max-snippet":"max-snippet:-1","max-image-preview":"max-image-preview:large","max-video-preview":"max-video-preview:-1"},"canonical":"https:\/\/www.noticiasradioreflejos.com.ar\/2021\/secuestraron-mas-de-175-kilos-de-cocaina-ocultos-en-una-camioneta\/","og_locale":"es_ES","og_type":"article","og_title":"Secuestraron m\u00e1s de 175 kilos de coca\u00edna ocultos en una camioneta - Noticias Radio Reflejos","og_description":"Al cabo de dos allanamientos realizados por Gendarmer\u00eda Nacional en la ciudad de La Banda, los efectivos incautaron siete veh\u00edculos, cinco escopetas, dos rev\u00f3lveres, dinero en efectivo, una balanza de precisi\u00f3n, tel\u00e9fonos celulares, documentaci\u00f3n; y se detuvieron a cuatro personas.","og_url":"https:\/\/www.noticiasradioreflejos.com.ar\/2021\/secuestraron-mas-de-175-kilos-de-cocaina-ocultos-en-una-camioneta\/","og_site_name":"Noticias Radio Reflejos","article_published_time":"2022-06-17T15:06:03+00:00","og_image":[{"url":"https:\/\/www.telam.com.ar\/thumbs\/bluesteel\/advf\/imagenes\/2022\/06\/62ab1eb294026_900.jpg","type":"","width":"","height":""}],"author":"Arnaldo Botto","twitter_card":"summary_large_image","schema":{"@context":"https:\/\/schema.org","@graph":[{"@type":"WebPage","@id":"https:\/\/www.noticiasradioreflejos.com.ar\/2021\/secuestraron-mas-de-175-kilos-de-cocaina-ocultos-en-una-camioneta\/","url":"https:\/\/www.noticiasradioreflejos.com.ar\/2021\/secuestraron-mas-de-175-kilos-de-cocaina-ocultos-en-una-camioneta\/","name":"Secuestraron m\u00e1s de 175 kilos de coca\u00edna ocultos en una camioneta - Noticias Radio Reflejos","isPartOf":{"@id":"https:\/\/www.noticiasradioreflejos.com.ar\/2021\/#website"},"primaryImageOfPage":{"@id":"https:\/\/www.noticiasradioreflejos.com.ar\/2021\/secuestraron-mas-de-175-kilos-de-cocaina-ocultos-en-una-camioneta\/#primaryimage"},"image":{"@id":"https:\/\/www.noticiasradioreflejos.com.ar\/2021\/secuestraron-mas-de-175-kilos-de-cocaina-ocultos-en-una-camioneta\/#primaryimage"},"thumbnailUrl":"https:\/\/www.telam.com.ar\/thumbs\/bluesteel\/advf\/imagenes\/2022\/06\/62ab1eb294026_900.jpg","datePublished":"2022-06-17T15:06:03+00:00","author":{"@id":"https:\/\/www.noticiasradioreflejos.com.ar\/2021\/#\/schema\/person\/ad82545263dcc5ec0996818884fd5fb1"},"breadcrumb":{"@id":"https:\/\/www.noticiasradioreflejos.com.ar\/2021\/secuestraron-mas-de-175-kilos-de-cocaina-ocultos-en-una-camioneta\/#breadcrumb"},"inLanguage":"es","potentialAction":[{"@type":"ReadAction","target":["https:\/\/www.noticiasradioreflejos.com.ar\/2021\/secuestraron-mas-de-175-kilos-de-cocaina-ocultos-en-una-camioneta\/"]}]},{"@type":"ImageObject","inLanguage":"es","@id":"https:\/\/www.noticiasradioreflejos.com.ar\/2021\/secuestraron-mas-de-175-kilos-de-cocaina-ocultos-en-una-camioneta\/#primaryimage","url":"https:\/\/www.telam.com.ar\/thumbs\/bluesteel\/advf\/imagenes\/2022\/06\/62ab1eb294026_900.jpg","contentUrl":"https:\/\/www.telam.com.ar\/thumbs\/bluesteel\/advf\/imagenes\/2022\/06\/62ab1eb294026_900.jpg"},{"@type":"BreadcrumbList","@id":"https:\/\/www.noticiasradioreflejos.com.ar\/2021\/secuestraron-mas-de-175-kilos-de-cocaina-ocultos-en-una-camioneta\/#breadcrumb","itemListElement":[{"@type":"ListItem","position":1,"name":"Portada","item":"https:\/\/www.noticiasradioreflejos.com.ar\/2021\/"},{"@type":"ListItem","position":2,"name":"Secuestraron m\u00e1s de 175 kilos de coca\u00edna ocultos en una camioneta"}]},{"@type":"WebSite","@id":"https:\/\/www.noticiasradioreflejos.com.ar\/2021\/#website","url":"https:\/\/www.noticiasradioreflejos.com.ar\/2021\/","name":"Noticias Radio Reflejos","description":"Las noticias de mi comarca","potentialAction":[{"@type":"SearchAction","target":{"@type":"EntryPoint","urlTemplate":"https:\/\/www.noticiasradioreflejos.com.ar\/2021\/?s={search_term_string}"},"query-input":{"@type":"PropertyValueSpecification","valueRequired":true,"valueName":"search_term_string"}}],"inLanguage":"es"},{"@type":"Person","@id":"https:\/\/www.noticiasradioreflejos.com.ar\/2021\/#\/schema\/person\/ad82545263dcc5ec0996818884fd5fb1","name":"Arnaldo Botto","image":{"@type":"ImageObject","inLanguage":"es","@id":"https:\/\/www.noticiasradioreflejos.com.ar\/2021\/#\/schema\/person\/image\/","url":"https:\/\/secure.gravatar.com\/avatar\/55cb5e37c1efa326397366e6974cb338056df65cb50e7d64d1cf314e87504837?s=96&d=mm&r=g","contentUrl":"https:\/\/secure.gravatar.com\/avatar\/55cb5e37c1efa326397366e6974cb338056df65cb50e7d64d1cf314e87504837?s=96&d=mm&r=g","caption":"Arnaldo Botto"},"url":"https:\/\/www.noticiasradioreflejos.com.ar\/2021\/author\/arnaldo\/"}]}},"_links":{"self":[{"href":"https:\/\/www.noticiasradioreflejos.com.ar\/2021\/wp-json\/wp\/v2\/posts\/73909","targetHints":{"allow":["GET"]}}],"collection":[{"href":"https:\/\/www.noticiasradioreflejos.com.ar\/2021\/wp-json\/wp\/v2\/posts"}],"about":[{"href":"https:\/\/www.noticiasradioreflejos.com.ar\/2021\/wp-json\/wp\/v2\/types\/post"}],"author":[{"embeddable":true,"href":"https:\/\/www.noticiasradioreflejos.com.ar\/2021\/wp-json\/wp\/v2\/users\/3"}],"replies":[{"embeddable":true,"href":"https:\/\/www.noticiasradioreflejos.com.ar\/2021\/wp-json\/wp\/v2\/comments?post=73909"}],"version-history":[{"count":1,"href":"https:\/\/www.noticiasradioreflejos.com.ar\/2021\/wp-json\/wp\/v2\/posts\/73909\/revisions"}],"predecessor-version":[{"id":73912,"href":"https:\/\/www.noticiasradioreflejos.com.ar\/2021\/wp-json\/wp\/v2\/posts\/73909\/revisions\/73912"}],"wp:attachment":[{"href":"https:\/\/www.noticiasradioreflejos.com.ar\/2021\/wp-json\/wp\/v2\/media?parent=73909"}],"wp:term":[{"taxonomy":"category","embeddable":true,"href":"https:\/\/www.noticiasradioreflejos.com.ar\/2021\/wp-json\/wp\/v2\/categories?post=73909"},{"taxonomy":"post_tag","embeddable":true,"href":"https:\/\/www.noticiasradioreflejos.com.ar\/2021\/wp-json\/wp\/v2\/tags?post=73909"}],"curies":[{"name":"wp","href":"https:\/\/api.w.org\/{rel}","templated":true}]}}