{"id":73904,"date":"2022-06-17T14:58:07","date_gmt":"2022-06-17T14:58:07","guid":{"rendered":"http:\/\/www.noticiasradioreflejos.com.ar\/2021\/?p=73904"},"modified":"2022-06-17T15:01:53","modified_gmt":"2022-06-17T15:01:53","slug":"la-agrupacion-ventania-compartio-sus-propuestas-con-representantes-de-turismo-y-comercio","status":"publish","type":"post","link":"https:\/\/www.noticiasradioreflejos.com.ar\/2021\/la-agrupacion-ventania-compartio-sus-propuestas-con-representantes-de-turismo-y-comercio\/","title":{"rendered":"La Agrupaci\u00f3n Ventania comparti\u00f3 sus propuestas con representantes de turismo y comercio."},"content":{"rendered":"<p>Integrantes de la Agrupaci\u00f3n, expusieron sus propuestas ante representantes de organizaciones sociales de la comunidad, con la tem\u00e1tica centrada en la emergencia habitacional, la falta de viviendas y la situaci\u00f3n de los inquilinos.<!--more--><\/p>\n<p>El encuentro se llev\u00f3 a cabo entre referentes de la Agrupaci\u00f3n, miembros de Camcotisas, prestadores tur\u00edsticos y representantes de la Sociedad de Fomento de Villa Ventana. Durante la reuni\u00f3n, se\u00a0 acord\u00f3 poder trabajar en conjunto para visibilizar esta problem\u00e1tica y aportar soluciones ya que la misma, afecta a centenares de familias de todas las localidades del distrito,\u00a0 principalmente en la localidad de Sierra de la Ventana donde se argumenta la falta de tierras para no proyectar viviendas, tanto sea del tipo social como as\u00ed tambi\u00e9n para la clase trabajadora.<\/p>\n<p>El encuentro traz\u00f3 lineamientos referidos a las herramientas que tiene el Estado en todos sus \u00f3rdenes para poder empezar a resolver esta situaci\u00f3n que de a poco nos est\u00e1 llevando a un colapso en los servicios que repercutir\u00e1n sin duda alguna en la principal actividad econ\u00f3mica del distrito:\u00a0 el turismo. Adem\u00e1s se plantearon temas relacionados al h\u00e1bitat, la planificaci\u00f3n urban\u00edstica, el desarrollo de las comunidades y sus servicios, los barrios privados, entre otros.<\/p>\n<p>Pr\u00f3ximamente la Agrupaci\u00f3n Ventania, en conjunto con las instituciones intermedias, convocar\u00e1 a otro encuentro para compartir el Proyecto que se est\u00e1 elaborando, para poder as\u00ed\u00a0 analizarlo, debatirlo y optimizarlo, siempre en un marco de di\u00e1logo, con el debido respeto y solidaridad para con el vecino que sufre esta situaci\u00f3n en primera persona.<\/p>\n<p>Participaron del encuentro Micaela Costas, Presidenta de Camcotisas e integrantes de la comisi\u00f3n directiva, Cristina Cal\u00f3nico titular de la Sociedad de Fomento de Villa Ventana, Sergio Marto titular del Portal Tur\u00edstico Sierra de la Ventana, entre otros referentes locales ,el secretario general\u00a0Germ\u00e1n Mend\u00eda y\u00a0 Carlos Dana, Walter Andrada, Adriana Ferrari, Mat\u00edas D\u00edaz, Mart\u00edn Chaija, por la Agrupaci\u00f3n Ventania.<\/p>\n<p>Agradecemos la buena predisposici\u00f3n del Sr. Alan Moreno que gentilmente nos cedi\u00f3 las instalaciones de C\u00f3digo Muzza.<\/p>\n<p>&nbsp;<\/p>\n<div id=\":n7\" class=\"hq gt a10\"><\/div>\n","protected":false},"excerpt":{"rendered":"<p>Integrantes de la Agrupaci\u00f3n, expusieron sus propuestas ante representantes de organizaciones sociales de la comunidad, con la tem\u00e1tica centrada en la emergencia habitacional, la falta de viviendas y la situaci\u00f3n de los inquilinos.<\/p>\n","protected":false},"author":3,"featured_media":0,"comment_status":"closed","ping_status":"closed","sticky":false,"template":"","format":"standard","meta":{"footnotes":""},"categories":[24],"tags":[],"class_list":["post-73904","post","type-post","status-publish","format-standard","hentry","category-politica"],"yoast_head":"<!-- This site is optimized with the Yoast SEO plugin v25.9 - https:\/\/yoast.com\/wordpress\/plugins\/seo\/ -->\n<title>La Agrupaci\u00f3n Ventania comparti\u00f3 sus propuestas con representantes de turismo y comercio. - Noticias Radio Reflejos<\/title>\n<meta name=\"robots\" content=\"index, follow, max-snippet:-1, max-image-preview:large, max-video-preview:-1\" \/>\n<link rel=\"canonical\" href=\"https:\/\/www.noticiasradioreflejos.com.ar\/2021\/la-agrupacion-ventania-compartio-sus-propuestas-con-representantes-de-turismo-y-comercio\/\" \/>\n<meta property=\"og:locale\" content=\"es_ES\" \/>\n<meta property=\"og:type\" content=\"article\" \/>\n<meta property=\"og:title\" content=\"La Agrupaci\u00f3n Ventania comparti\u00f3 sus propuestas con representantes de turismo y comercio. - Noticias Radio Reflejos\" \/>\n<meta property=\"og:description\" content=\"Integrantes de la Agrupaci\u00f3n, expusieron sus propuestas ante representantes de organizaciones sociales de la comunidad, con la tem\u00e1tica centrada en la emergencia habitacional, la falta de viviendas y la situaci\u00f3n de los inquilinos.\" \/>\n<meta property=\"og:url\" content=\"https:\/\/www.noticiasradioreflejos.com.ar\/2021\/la-agrupacion-ventania-compartio-sus-propuestas-con-representantes-de-turismo-y-comercio\/\" \/>\n<meta property=\"og:site_name\" content=\"Noticias Radio Reflejos\" \/>\n<meta property=\"article:published_time\" content=\"2022-06-17T14:58:07+00:00\" \/>\n<meta property=\"article:modified_time\" content=\"2022-06-17T15:01:53+00:00\" \/>\n<meta property=\"og:image\" content=\"https:\/\/www.noticiasradioreflejos.com.ar\/2021\/wp-content\/uploads\/2021\/07\/logosol300x200.png\" \/>\n\t<meta property=\"og:image:width\" content=\"300\" \/>\n\t<meta property=\"og:image:height\" content=\"200\" \/>\n\t<meta property=\"og:image:type\" content=\"image\/png\" \/>\n<meta name=\"author\" content=\"Arnaldo Botto\" \/>\n<meta name=\"twitter:card\" content=\"summary_large_image\" \/>\n<script type=\"application\/ld+json\" class=\"yoast-schema-graph\">{\"@context\":\"https:\/\/schema.org\",\"@graph\":[{\"@type\":\"WebPage\",\"@id\":\"https:\/\/www.noticiasradioreflejos.com.ar\/2021\/la-agrupacion-ventania-compartio-sus-propuestas-con-representantes-de-turismo-y-comercio\/\",\"url\":\"https:\/\/www.noticiasradioreflejos.com.ar\/2021\/la-agrupacion-ventania-compartio-sus-propuestas-con-representantes-de-turismo-y-comercio\/\",\"name\":\"La Agrupaci\u00f3n Ventania comparti\u00f3 sus propuestas con representantes de turismo y comercio. - Noticias Radio Reflejos\",\"isPartOf\":{\"@id\":\"https:\/\/www.noticiasradioreflejos.com.ar\/2021\/#website\"},\"datePublished\":\"2022-06-17T14:58:07+00:00\",\"dateModified\":\"2022-06-17T15:01:53+00:00\",\"author\":{\"@id\":\"https:\/\/www.noticiasradioreflejos.com.ar\/2021\/#\/schema\/person\/ad82545263dcc5ec0996818884fd5fb1\"},\"breadcrumb\":{\"@id\":\"https:\/\/www.noticiasradioreflejos.com.ar\/2021\/la-agrupacion-ventania-compartio-sus-propuestas-con-representantes-de-turismo-y-comercio\/#breadcrumb\"},\"inLanguage\":\"es\",\"potentialAction\":[{\"@type\":\"ReadAction\",\"target\":[\"https:\/\/www.noticiasradioreflejos.com.ar\/2021\/la-agrupacion-ventania-compartio-sus-propuestas-con-representantes-de-turismo-y-comercio\/\"]}]},{\"@type\":\"BreadcrumbList\",\"@id\":\"https:\/\/www.noticiasradioreflejos.com.ar\/2021\/la-agrupacion-ventania-compartio-sus-propuestas-con-representantes-de-turismo-y-comercio\/#breadcrumb\",\"itemListElement\":[{\"@type\":\"ListItem\",\"position\":1,\"name\":\"Portada\",\"item\":\"https:\/\/www.noticiasradioreflejos.com.ar\/2021\/\"},{\"@type\":\"ListItem\",\"position\":2,\"name\":\"La Agrupaci\u00f3n Ventania comparti\u00f3 sus propuestas con representantes de turismo y comercio.\"}]},{\"@type\":\"WebSite\",\"@id\":\"https:\/\/www.noticiasradioreflejos.com.ar\/2021\/#website\",\"url\":\"https:\/\/www.noticiasradioreflejos.com.ar\/2021\/\",\"name\":\"Noticias Radio Reflejos\",\"description\":\"Las noticias de mi comarca\",\"potentialAction\":[{\"@type\":\"SearchAction\",\"target\":{\"@type\":\"EntryPoint\",\"urlTemplate\":\"https:\/\/www.noticiasradioreflejos.com.ar\/2021\/?s={search_term_string}\"},\"query-input\":{\"@type\":\"PropertyValueSpecification\",\"valueRequired\":true,\"valueName\":\"search_term_string\"}}],\"inLanguage\":\"es\"},{\"@type\":\"Person\",\"@id\":\"https:\/\/www.noticiasradioreflejos.com.ar\/2021\/#\/schema\/person\/ad82545263dcc5ec0996818884fd5fb1\",\"name\":\"Arnaldo Botto\",\"image\":{\"@type\":\"ImageObject\",\"inLanguage\":\"es\",\"@id\":\"https:\/\/www.noticiasradioreflejos.com.ar\/2021\/#\/schema\/person\/image\/\",\"url\":\"https:\/\/secure.gravatar.com\/avatar\/55cb5e37c1efa326397366e6974cb338056df65cb50e7d64d1cf314e87504837?s=96&d=mm&r=g\",\"contentUrl\":\"https:\/\/secure.gravatar.com\/avatar\/55cb5e37c1efa326397366e6974cb338056df65cb50e7d64d1cf314e87504837?s=96&d=mm&r=g\",\"caption\":\"Arnaldo Botto\"},\"url\":\"https:\/\/www.noticiasradioreflejos.com.ar\/2021\/author\/arnaldo\/\"}]}<\/script>\n<!-- \/ Yoast SEO plugin. -->","yoast_head_json":{"title":"La Agrupaci\u00f3n Ventania comparti\u00f3 sus propuestas con representantes de turismo y comercio. - Noticias Radio Reflejos","robots":{"index":"index","follow":"follow","max-snippet":"max-snippet:-1","max-image-preview":"max-image-preview:large","max-video-preview":"max-video-preview:-1"},"canonical":"https:\/\/www.noticiasradioreflejos.com.ar\/2021\/la-agrupacion-ventania-compartio-sus-propuestas-con-representantes-de-turismo-y-comercio\/","og_locale":"es_ES","og_type":"article","og_title":"La Agrupaci\u00f3n Ventania comparti\u00f3 sus propuestas con representantes de turismo y comercio. - Noticias Radio Reflejos","og_description":"Integrantes de la Agrupaci\u00f3n, expusieron sus propuestas ante representantes de organizaciones sociales de la comunidad, con la tem\u00e1tica centrada en la emergencia habitacional, la falta de viviendas y la situaci\u00f3n de los inquilinos.","og_url":"https:\/\/www.noticiasradioreflejos.com.ar\/2021\/la-agrupacion-ventania-compartio-sus-propuestas-con-representantes-de-turismo-y-comercio\/","og_site_name":"Noticias Radio Reflejos","article_published_time":"2022-06-17T14:58:07+00:00","article_modified_time":"2022-06-17T15:01:53+00:00","og_image":[{"width":300,"height":200,"url":"https:\/\/www.noticiasradioreflejos.com.ar\/2021\/wp-content\/uploads\/2021\/07\/logosol300x200.png","type":"image\/png"}],"author":"Arnaldo Botto","twitter_card":"summary_large_image","schema":{"@context":"https:\/\/schema.org","@graph":[{"@type":"WebPage","@id":"https:\/\/www.noticiasradioreflejos.com.ar\/2021\/la-agrupacion-ventania-compartio-sus-propuestas-con-representantes-de-turismo-y-comercio\/","url":"https:\/\/www.noticiasradioreflejos.com.ar\/2021\/la-agrupacion-ventania-compartio-sus-propuestas-con-representantes-de-turismo-y-comercio\/","name":"La Agrupaci\u00f3n Ventania comparti\u00f3 sus propuestas con representantes de turismo y comercio. - Noticias Radio Reflejos","isPartOf":{"@id":"https:\/\/www.noticiasradioreflejos.com.ar\/2021\/#website"},"datePublished":"2022-06-17T14:58:07+00:00","dateModified":"2022-06-17T15:01:53+00:00","author":{"@id":"https:\/\/www.noticiasradioreflejos.com.ar\/2021\/#\/schema\/person\/ad82545263dcc5ec0996818884fd5fb1"},"breadcrumb":{"@id":"https:\/\/www.noticiasradioreflejos.com.ar\/2021\/la-agrupacion-ventania-compartio-sus-propuestas-con-representantes-de-turismo-y-comercio\/#breadcrumb"},"inLanguage":"es","potentialAction":[{"@type":"ReadAction","target":["https:\/\/www.noticiasradioreflejos.com.ar\/2021\/la-agrupacion-ventania-compartio-sus-propuestas-con-representantes-de-turismo-y-comercio\/"]}]},{"@type":"BreadcrumbList","@id":"https:\/\/www.noticiasradioreflejos.com.ar\/2021\/la-agrupacion-ventania-compartio-sus-propuestas-con-representantes-de-turismo-y-comercio\/#breadcrumb","itemListElement":[{"@type":"ListItem","position":1,"name":"Portada","item":"https:\/\/www.noticiasradioreflejos.com.ar\/2021\/"},{"@type":"ListItem","position":2,"name":"La Agrupaci\u00f3n Ventania comparti\u00f3 sus propuestas con representantes de turismo y comercio."}]},{"@type":"WebSite","@id":"https:\/\/www.noticiasradioreflejos.com.ar\/2021\/#website","url":"https:\/\/www.noticiasradioreflejos.com.ar\/2021\/","name":"Noticias Radio Reflejos","description":"Las noticias de mi comarca","potentialAction":[{"@type":"SearchAction","target":{"@type":"EntryPoint","urlTemplate":"https:\/\/www.noticiasradioreflejos.com.ar\/2021\/?s={search_term_string}"},"query-input":{"@type":"PropertyValueSpecification","valueRequired":true,"valueName":"search_term_string"}}],"inLanguage":"es"},{"@type":"Person","@id":"https:\/\/www.noticiasradioreflejos.com.ar\/2021\/#\/schema\/person\/ad82545263dcc5ec0996818884fd5fb1","name":"Arnaldo Botto","image":{"@type":"ImageObject","inLanguage":"es","@id":"https:\/\/www.noticiasradioreflejos.com.ar\/2021\/#\/schema\/person\/image\/","url":"https:\/\/secure.gravatar.com\/avatar\/55cb5e37c1efa326397366e6974cb338056df65cb50e7d64d1cf314e87504837?s=96&d=mm&r=g","contentUrl":"https:\/\/secure.gravatar.com\/avatar\/55cb5e37c1efa326397366e6974cb338056df65cb50e7d64d1cf314e87504837?s=96&d=mm&r=g","caption":"Arnaldo Botto"},"url":"https:\/\/www.noticiasradioreflejos.com.ar\/2021\/author\/arnaldo\/"}]}},"_links":{"self":[{"href":"https:\/\/www.noticiasradioreflejos.com.ar\/2021\/wp-json\/wp\/v2\/posts\/73904","targetHints":{"allow":["GET"]}}],"collection":[{"href":"https:\/\/www.noticiasradioreflejos.com.ar\/2021\/wp-json\/wp\/v2\/posts"}],"about":[{"href":"https:\/\/www.noticiasradioreflejos.com.ar\/2021\/wp-json\/wp\/v2\/types\/post"}],"author":[{"embeddable":true,"href":"https:\/\/www.noticiasradioreflejos.com.ar\/2021\/wp-json\/wp\/v2\/users\/3"}],"replies":[{"embeddable":true,"href":"https:\/\/www.noticiasradioreflejos.com.ar\/2021\/wp-json\/wp\/v2\/comments?post=73904"}],"version-history":[{"count":3,"href":"https:\/\/www.noticiasradioreflejos.com.ar\/2021\/wp-json\/wp\/v2\/posts\/73904\/revisions"}],"predecessor-version":[{"id":73908,"href":"https:\/\/www.noticiasradioreflejos.com.ar\/2021\/wp-json\/wp\/v2\/posts\/73904\/revisions\/73908"}],"wp:attachment":[{"href":"https:\/\/www.noticiasradioreflejos.com.ar\/2021\/wp-json\/wp\/v2\/media?parent=73904"}],"wp:term":[{"taxonomy":"category","embeddable":true,"href":"https:\/\/www.noticiasradioreflejos.com.ar\/2021\/wp-json\/wp\/v2\/categories?post=73904"},{"taxonomy":"post_tag","embeddable":true,"href":"https:\/\/www.noticiasradioreflejos.com.ar\/2021\/wp-json\/wp\/v2\/tags?post=73904"}],"curies":[{"name":"wp","href":"https:\/\/api.w.org\/{rel}","templated":true}]}}